{"id":10927,"date":"2016-11-17T11:17:12","date_gmt":"2016-11-17T10:17:12","guid":{"rendered":"http:\/\/versautrechose.fr\/blog2\/?p=10927"},"modified":"2016-11-17T11:17:12","modified_gmt":"2016-11-17T10:17:12","slug":"jean-paul-kauffmann-larche-des-kerguelen","status":"publish","type":"post","link":"https:\/\/versautrechose.fr\/blog2\/?p=10927","title":{"rendered":"Jean-Paul Kauffmann, L&rsquo;arche des Kerguelen"},"content":{"rendered":"<div id=\"attachment_11484\" style=\"width: 310px\" class=\"wp-caption alignleft\"><a href=\"http:\/\/versautrechose.fr\/blog2\/wp-content\/uploads\/2016\/11\/Lac_Issarles_Kauffmann_Kerguelen.jpg\"><img loading=\"lazy\" decoding=\"async\" aria-describedby=\"caption-attachment-11484\" class=\"wp-image-11484 size-medium\" src=\"http:\/\/versautrechose.fr\/blog2\/wp-content\/uploads\/2016\/11\/Lac_Issarles_Kauffmann_Kerguelen-300x199.jpg\" alt=\"Lac d'Issarl\u00e8s - L'arche des Kerguelen de Jean-Paul Kauffmann\" width=\"300\" height=\"199\" \/><\/a><p id=\"caption-attachment-11484\" class=\"wp-caption-text\">Ard\u00e8che, lac d&rsquo;Issarl\u00e8s<\/p><\/div>\n<blockquote><p>Dans cette vall\u00e9e que je croyais morte, m\u2019est r\u00e9v\u00e9l\u00e9 pourquoi le vent est \u00e0 l\u2019origine de la cr\u00e9ation du monde. (76)<\/p>\n<p>Le vent gouverne l\u2019archipel, bien qu\u2019officiellement l\u2019autorit\u00e9 fran\u00e7aise ait la ma\u00eetrise de ce district. Voil\u00e0 pourquoi la France a tant tard\u00e9 \u00e0 exercer sa souverainet\u00e9 aux Kerguelen. Face au vent, on ne domine rien. (&#8230;) Le vent proclame aux Kerguelen l\u2019absolue fluidit\u00e9 des choses. L\u2019instant n\u2019a pas d\u2019\u00e9paisseur, le futur n\u2019a pas d\u2019avenir. (90)<\/p><\/blockquote>\n<p>Par un tr\u00e8s grand hasard, au moment o\u00f9 j\u2019ai ouvert ce livre pour la premi\u00e8re fois, j\u2019\u00e9tais en train de broder un personnage symbolique de la mythologie navajo : Homme Vent Gris. Inspir\u00e9 des peintures de sables ex\u00e9cut\u00e9es au cours des voies chamaniques, il porte \u00e0 la fois le souffle du monde et celui du corps. Comme en \u00e9cho avec le vent libre et primitif des Kerguelen.<\/p>\n<blockquote><p>Ni humaines ni inhumaines : a-humaines. (169)<\/p>\n<p>Notre pr\u00e9sence n\u2019est pas d\u00e9plac\u00e9e, elle est inexistante. Nous sommes absents de ce monde apparemment sans limites. Les lignes et les volumes, la couleur de la roche sont l\u00e0 pour eux-m\u00eames. Les nuages, l\u2019eau, la lumi\u00e8re qui d\u2019ordinaire procurent un sentiment de s\u00e9curit\u00e9 ne sugg\u00e8rent rien. (71)<\/p><\/blockquote>\n<p>Jean-Paul Kaufmann nous raconte l\u2019espace non peupl\u00e9, non nomm\u00e9, non exploit\u00e9, o\u00f9 la soupe originelle sent la bi\u00e8re et o\u00f9 on peut attraper un arc-en-ciel \u00e0 main nue. Les \u00eatres passent et s\u2019effacent. Ses inspirations sont bibliquement tr\u00e8s marqu\u00e9es, mais il a une relation si intime avec ses sources qu\u2019il reste ouvert \u00e0 l\u2019inconnu. Aller vers autre chose ne le rebute pas. Il pioche des citations qui entrent en r\u00e9sonance avec l\u2019essentiel, avec ma proche recherche profonde. Des brumes se dissipent qui laissent la place \u00e0 d\u2019autres brumes. La justesse de ses r\u00e9flexions aspire au d\u00e9pouillement.<\/p>\n<blockquote><p>Quand on a tout perdu, on peut s\u2019inventer l\u2019abondance; poss\u00e9der n\u2019a toujours \u00e9t\u00e9 qu\u2019une histoire d\u2019imagination. (127)<\/p>\n<p>&nbsp;<\/p><\/blockquote>\n","protected":false},"excerpt":{"rendered":"<p>Dans cette vall\u00e9e que je croyais morte, m\u2019est r\u00e9v\u00e9l\u00e9 pourquoi le vent est \u00e0 l\u2019origine de la cr\u00e9ation du monde. (76) Le vent gouverne l\u2019archipel, bien qu\u2019officiellement l\u2019autorit\u00e9 fran\u00e7aise ait la ma\u00eetrise de ce district. Voil\u00e0 pourquoi la France a &hellip; <a href=\"https:\/\/versautrechose.fr\/blog2\/?p=10927\">Continuer la lecture <span class=\"meta-nav\">&rarr;<\/span><\/a><\/p>\n","protected":false},"author":1,"featured_media":0,"comment_status":"open","ping_status":"open","sticky":false,"template":"","format":"standard","meta":{"footnotes":""},"categories":[1],"tags":[],"class_list":["post-10927","post","type-post","status-publish","format-standard","hentry","category-non-classe"],"_links":{"self":[{"href":"https:\/\/versautrechose.fr\/blog2\/index.php?rest_route=\/wp\/v2\/posts\/10927","targetHints":{"allow":["GET"]}}],"collection":[{"href":"https:\/\/versautrechose.fr\/blog2\/index.php?rest_route=\/wp\/v2\/posts"}],"about":[{"href":"https:\/\/versautrechose.fr\/blog2\/index.php?rest_route=\/wp\/v2\/types\/post"}],"author":[{"embeddable":true,"href":"https:\/\/versautrechose.fr\/blog2\/index.php?rest_route=\/wp\/v2\/users\/1"}],"replies":[{"embeddable":true,"href":"https:\/\/versautrechose.fr\/blog2\/index.php?rest_route=%2Fwp%2Fv2%2Fcomments&post=10927"}],"version-history":[{"count":0,"href":"https:\/\/versautrechose.fr\/blog2\/index.php?rest_route=\/wp\/v2\/posts\/10927\/revisions"}],"wp:attachment":[{"href":"https:\/\/versautrechose.fr\/blog2\/index.php?rest_route=%2Fwp%2Fv2%2Fmedia&parent=10927"}],"wp:term":[{"taxonomy":"category","embeddable":true,"href":"https:\/\/versautrechose.fr\/blog2\/index.php?rest_route=%2Fwp%2Fv2%2Fcategories&post=10927"},{"taxonomy":"post_tag","embeddable":true,"href":"https:\/\/versautrechose.fr\/blog2\/index.php?rest_route=%2Fwp%2Fv2%2Ftags&post=10927"}],"curies":[{"name":"wp","href":"https:\/\/api.w.org\/{rel}","templated":true}]}}