{"id":1008,"date":"2015-12-30T12:15:43","date_gmt":"2015-12-30T11:15:43","guid":{"rendered":"http:\/\/versautrechose.fr\/portofolio\/?p=1008"},"modified":"2024-01-31T16:37:17","modified_gmt":"2024-01-31T15:37:17","slug":"culture-celtique","status":"publish","type":"post","link":"https:\/\/versautrechose.fr\/portofolio\/index.php\/2015\/12\/30\/culture-celtique\/","title":{"rendered":"Culture celtique"},"content":{"rendered":"<p>&nbsp;<\/p>\n<div id=\"kad-wp-gallery27\" class=\"kad-wp-gallery kad-light-wp-gallery clearfix kt-gallery-column-4 rowtight\"><div class=\"tcol-lg-3 tcol-md-3 tcol-sm-4 tcol-xs-6 tcol-ss-12 g_item\"><div class=\"grid_item kad_gallery_fade_in gallery_item\"><a href=\"https:\/\/versautrechose.fr\/portofolio\/wp-content\/uploads\/2015\/12\/Ecosse_2.jpg\" data-rel=\"lightbox\" class=\"lightboxhover\"><img loading=\"lazy\" decoding=\"async\" src=\"https:\/\/versautrechose.fr\/portofolio\/wp-content\/uploads\/2015\/12\/Ecosse_2-300x300.jpg\" width=\"300\" height=\"300\" alt=\"\u00c9cosse et tradition - Tayside Folk Dance &amp; Music de Dundee\" srcset=\"https:\/\/versautrechose.fr\/portofolio\/wp-content\/uploads\/2015\/12\/Ecosse_2-300x300.jpg 300w, https:\/\/versautrechose.fr\/portofolio\/wp-content\/uploads\/2015\/12\/Ecosse_2-150x150.jpg 150w\" sizes=\"auto, (max-width: 300px) 100vw, 300px\" class=\"light-dropshaddow\"\/><\/a><\/div><\/div><div class=\"tcol-lg-3 tcol-md-3 tcol-sm-4 tcol-xs-6 tcol-ss-12 g_item\"><div class=\"grid_item kad_gallery_fade_in gallery_item\"><a href=\"https:\/\/versautrechose.fr\/portofolio\/wp-content\/uploads\/2015\/12\/Ecosse_3.jpg\" data-rel=\"lightbox\" class=\"lightboxhover\"><img loading=\"lazy\" decoding=\"async\" src=\"https:\/\/versautrechose.fr\/portofolio\/wp-content\/uploads\/2015\/12\/Ecosse_3-300x300.jpg\" width=\"300\" height=\"300\" alt=\"Tayside Folk Dance &amp; Music de Dundee\" srcset=\"https:\/\/versautrechose.fr\/portofolio\/wp-content\/uploads\/2015\/12\/Ecosse_3-300x300.jpg 300w, https:\/\/versautrechose.fr\/portofolio\/wp-content\/uploads\/2015\/12\/Ecosse_3-150x150.jpg 150w\" sizes=\"auto, (max-width: 300px) 100vw, 300px\" class=\"light-dropshaddow\"\/><\/a><\/div><\/div><div class=\"tcol-lg-3 tcol-md-3 tcol-sm-4 tcol-xs-6 tcol-ss-12 g_item\"><div class=\"grid_item kad_gallery_fade_in gallery_item\"><a href=\"https:\/\/versautrechose.fr\/portofolio\/wp-content\/uploads\/2015\/12\/Ecosse.jpg\" data-rel=\"lightbox\" class=\"lightboxhover\"><img loading=\"lazy\" decoding=\"async\" src=\"https:\/\/versautrechose.fr\/portofolio\/wp-content\/uploads\/2015\/12\/Ecosse-300x300.jpg\" width=\"300\" height=\"300\" alt=\"Tayside Folk Dance &amp; Music - Troupe de Dundee (\u00c9cosse), \u00e0 Montignac (24), en \u00e9t\u00e9 2000, XXe Festival\" srcset=\"https:\/\/versautrechose.fr\/portofolio\/wp-content\/uploads\/2015\/12\/Ecosse-300x300.jpg 300w, https:\/\/versautrechose.fr\/portofolio\/wp-content\/uploads\/2015\/12\/Ecosse-150x150.jpg 150w\" sizes=\"auto, (max-width: 300px) 100vw, 300px\" class=\"light-dropshaddow\"\/><\/a><\/div><\/div><div class=\"tcol-lg-3 tcol-md-3 tcol-sm-4 tcol-xs-6 tcol-ss-12 g_item\"><div class=\"grid_item kad_gallery_fade_in gallery_item\"><a href=\"https:\/\/versautrechose.fr\/portofolio\/wp-content\/uploads\/2015\/12\/Ecosse_5.jpg\" data-rel=\"lightbox\" class=\"lightboxhover\"><img loading=\"lazy\" decoding=\"async\" src=\"https:\/\/versautrechose.fr\/portofolio\/wp-content\/uploads\/2015\/12\/Ecosse_5-300x300.jpg\" width=\"300\" height=\"300\" alt=\"Tayside Folk Dance &amp; Music\" srcset=\"https:\/\/versautrechose.fr\/portofolio\/wp-content\/uploads\/2015\/12\/Ecosse_5-300x300.jpg 300w, https:\/\/versautrechose.fr\/portofolio\/wp-content\/uploads\/2015\/12\/Ecosse_5-150x150.jpg 150w\" sizes=\"auto, (max-width: 300px) 100vw, 300px\" class=\"light-dropshaddow\"\/><\/a><\/div><\/div><div class=\"tcol-lg-3 tcol-md-3 tcol-sm-4 tcol-xs-6 tcol-ss-12 g_item\"><div class=\"grid_item kad_gallery_fade_in gallery_item\"><a href=\"https:\/\/versautrechose.fr\/portofolio\/wp-content\/uploads\/2015\/12\/Ecosse_6.jpg\" data-rel=\"lightbox\" class=\"lightboxhover\"><img loading=\"lazy\" decoding=\"async\" src=\"https:\/\/versautrechose.fr\/portofolio\/wp-content\/uploads\/2015\/12\/Ecosse_6-300x300.jpg\" width=\"300\" height=\"300\" alt=\"Tayside Folk Dance &amp; Music de Dundee\" srcset=\"https:\/\/versautrechose.fr\/portofolio\/wp-content\/uploads\/2015\/12\/Ecosse_6-300x300.jpg 300w, https:\/\/versautrechose.fr\/portofolio\/wp-content\/uploads\/2015\/12\/Ecosse_6-150x150.jpg 150w\" sizes=\"auto, (max-width: 300px) 100vw, 300px\" class=\"light-dropshaddow\"\/><\/a><\/div><\/div><div class=\"tcol-lg-3 tcol-md-3 tcol-sm-4 tcol-xs-6 tcol-ss-12 g_item\"><div class=\"grid_item kad_gallery_fade_in gallery_item\"><a href=\"https:\/\/versautrechose.fr\/portofolio\/wp-content\/uploads\/2015\/12\/Ecosse_4.jpg\" data-rel=\"lightbox\" class=\"lightboxhover\"><img loading=\"lazy\" decoding=\"async\" src=\"https:\/\/versautrechose.fr\/portofolio\/wp-content\/uploads\/2015\/12\/Ecosse_4-300x300.jpg\" width=\"300\" height=\"300\" alt=\"\u00c9nergie et gr\u00e2ce de l\u2019\u00c9cosse - Tayside Folk Dance &amp; Music de Dundee\" srcset=\"https:\/\/versautrechose.fr\/portofolio\/wp-content\/uploads\/2015\/12\/Ecosse_4-300x300.jpg 300w, https:\/\/versautrechose.fr\/portofolio\/wp-content\/uploads\/2015\/12\/Ecosse_4-150x150.jpg 150w\" sizes=\"auto, (max-width: 300px) 100vw, 300px\" class=\"light-dropshaddow\"\/><\/a><\/div><\/div><div class=\"tcol-lg-3 tcol-md-3 tcol-sm-4 tcol-xs-6 tcol-ss-12 g_item\"><div class=\"grid_item kad_gallery_fade_in gallery_item\"><a href=\"https:\/\/versautrechose.fr\/portofolio\/wp-content\/uploads\/2015\/12\/Ecosse_9.jpg\" data-rel=\"lightbox\" class=\"lightboxhover\"><img loading=\"lazy\" decoding=\"async\" src=\"https:\/\/versautrechose.fr\/portofolio\/wp-content\/uploads\/2015\/12\/Ecosse_9-300x300.jpg\" width=\"300\" height=\"300\" alt=\"Gr\u00e2ce de l\u2019\u00c9cosse - Tayside Folk Dance &amp; Music de Dundee\" srcset=\"https:\/\/versautrechose.fr\/portofolio\/wp-content\/uploads\/2015\/12\/Ecosse_9-300x300.jpg 300w, https:\/\/versautrechose.fr\/portofolio\/wp-content\/uploads\/2015\/12\/Ecosse_9-150x150.jpg 150w\" sizes=\"auto, (max-width: 300px) 100vw, 300px\" class=\"light-dropshaddow\"\/><\/a><\/div><\/div><div class=\"tcol-lg-3 tcol-md-3 tcol-sm-4 tcol-xs-6 tcol-ss-12 g_item\"><div class=\"grid_item kad_gallery_fade_in gallery_item\"><a href=\"https:\/\/versautrechose.fr\/portofolio\/wp-content\/uploads\/2015\/12\/Ecosse_8.jpg\" data-rel=\"lightbox\" class=\"lightboxhover\"><img loading=\"lazy\" decoding=\"async\" src=\"https:\/\/versautrechose.fr\/portofolio\/wp-content\/uploads\/2015\/12\/Ecosse_8-300x300.jpg\" width=\"300\" height=\"300\" alt=\"Tayside Folk Dance &amp; Music - Ensemble de Dundee, la danse des \u00e9p\u00e9es\" srcset=\"https:\/\/versautrechose.fr\/portofolio\/wp-content\/uploads\/2015\/12\/Ecosse_8-300x300.jpg 300w, https:\/\/versautrechose.fr\/portofolio\/wp-content\/uploads\/2015\/12\/Ecosse_8-150x150.jpg 150w\" sizes=\"auto, (max-width: 300px) 100vw, 300px\" class=\"light-dropshaddow\"\/><\/a><\/div><\/div><div class=\"tcol-lg-3 tcol-md-3 tcol-sm-4 tcol-xs-6 tcol-ss-12 g_item\"><div class=\"grid_item kad_gallery_fade_in gallery_item\"><a href=\"https:\/\/versautrechose.fr\/portofolio\/wp-content\/uploads\/2015\/12\/Ecosse_7.jpg\" data-rel=\"lightbox\" class=\"lightboxhover\"><img loading=\"lazy\" decoding=\"async\" src=\"https:\/\/versautrechose.fr\/portofolio\/wp-content\/uploads\/2015\/12\/Ecosse_7-300x300.jpg\" width=\"300\" height=\"300\" alt=\"Tayside Folk Dance &amp; Music - Ensemble de Dundee, figure de la danse des \u00e9p\u00e9es\" srcset=\"https:\/\/versautrechose.fr\/portofolio\/wp-content\/uploads\/2015\/12\/Ecosse_7-300x300.jpg 300w, https:\/\/versautrechose.fr\/portofolio\/wp-content\/uploads\/2015\/12\/Ecosse_7-150x150.jpg 150w\" sizes=\"auto, (max-width: 300px) 100vw, 300px\" class=\"light-dropshaddow\"\/><\/a><\/div><\/div><div class=\"tcol-lg-3 tcol-md-3 tcol-sm-4 tcol-xs-6 tcol-ss-12 g_item\"><div class=\"grid_item kad_gallery_fade_in gallery_item\"><a href=\"https:\/\/versautrechose.fr\/portofolio\/wp-content\/uploads\/2015\/12\/Ecosse_11.jpg\" data-rel=\"lightbox\" class=\"lightboxhover\"><img loading=\"lazy\" decoding=\"async\" src=\"https:\/\/versautrechose.fr\/portofolio\/wp-content\/uploads\/2015\/12\/Ecosse_11-300x300.jpg\" width=\"300\" height=\"300\" alt=\"Tayside Folk Dance &amp; Music de Dundee - Figure de la danse des \u00e9p\u00e9es\" srcset=\"https:\/\/versautrechose.fr\/portofolio\/wp-content\/uploads\/2015\/12\/Ecosse_11-300x300.jpg 300w, https:\/\/versautrechose.fr\/portofolio\/wp-content\/uploads\/2015\/12\/Ecosse_11-150x150.jpg 150w\" sizes=\"auto, (max-width: 300px) 100vw, 300px\" class=\"light-dropshaddow\"\/><\/a><\/div><\/div><div class=\"tcol-lg-3 tcol-md-3 tcol-sm-4 tcol-xs-6 tcol-ss-12 g_item\"><div class=\"grid_item kad_gallery_fade_in gallery_item\"><a href=\"https:\/\/versautrechose.fr\/portofolio\/wp-content\/uploads\/2015\/12\/menhir_v_Asclier.jpg\" data-rel=\"lightbox\" class=\"lightboxhover\"><img loading=\"lazy\" decoding=\"async\" src=\"https:\/\/versautrechose.fr\/portofolio\/wp-content\/uploads\/2015\/12\/menhir_v_Asclier-300x300.jpg\" width=\"300\" height=\"300\" alt=\"Menhir du col de Bes - Se trouve dans la montagne du Liron, C\u00e9vennes du mont Aigoual\" srcset=\"https:\/\/versautrechose.fr\/portofolio\/wp-content\/uploads\/2015\/12\/menhir_v_Asclier-300x300.jpg 300w, https:\/\/versautrechose.fr\/portofolio\/wp-content\/uploads\/2015\/12\/menhir_v_Asclier-150x150.jpg 150w\" sizes=\"auto, (max-width: 300px) 100vw, 300px\" class=\"light-dropshaddow\"\/><\/a><\/div><\/div><div class=\"tcol-lg-3 tcol-md-3 tcol-sm-4 tcol-xs-6 tcol-ss-12 g_item\"><div class=\"grid_item kad_gallery_fade_in gallery_item\"><a href=\"https:\/\/versautrechose.fr\/portofolio\/wp-content\/uploads\/2015\/12\/menhir-col-Sapet.jpg\" data-rel=\"lightbox\" class=\"lightboxhover\"><img loading=\"lazy\" decoding=\"async\" src=\"https:\/\/versautrechose.fr\/portofolio\/wp-content\/uploads\/2015\/12\/menhir-col-Sapet-300x300.jpg\" width=\"300\" height=\"300\" alt=\"Menhir au col du Sapet - Au mont du Boug\u00e8s, en C\u00e9vennes\" srcset=\"https:\/\/versautrechose.fr\/portofolio\/wp-content\/uploads\/2015\/12\/menhir-col-Sapet-300x300.jpg 300w, https:\/\/versautrechose.fr\/portofolio\/wp-content\/uploads\/2015\/12\/menhir-col-Sapet-150x150.jpg 150w\" sizes=\"auto, (max-width: 300px) 100vw, 300px\" class=\"light-dropshaddow\"\/><\/a><\/div><\/div><div class=\"tcol-lg-3 tcol-md-3 tcol-sm-4 tcol-xs-6 tcol-ss-12 g_item\"><div class=\"grid_item kad_gallery_fade_in gallery_item\"><a href=\"https:\/\/versautrechose.fr\/portofolio\/wp-content\/uploads\/2015\/12\/menhir_Bondons.jpg\" data-rel=\"lightbox\" class=\"lightboxhover\"><img loading=\"lazy\" decoding=\"async\" src=\"https:\/\/versautrechose.fr\/portofolio\/wp-content\/uploads\/2015\/12\/menhir_Bondons-300x300.jpg\" width=\"300\" height=\"300\" alt=\"Menhirs de la Cham des Bondons - Vers le lieu dit, Combelle, massif du Loz\u00e8re\" srcset=\"https:\/\/versautrechose.fr\/portofolio\/wp-content\/uploads\/2015\/12\/menhir_Bondons-300x300.jpg 300w, https:\/\/versautrechose.fr\/portofolio\/wp-content\/uploads\/2015\/12\/menhir_Bondons-150x150.jpg 150w\" sizes=\"auto, (max-width: 300px) 100vw, 300px\" class=\"light-dropshaddow\"\/><\/a><\/div><\/div><div class=\"tcol-lg-3 tcol-md-3 tcol-sm-4 tcol-xs-6 tcol-ss-12 g_item\"><div class=\"grid_item kad_gallery_fade_in gallery_item\"><a href=\"https:\/\/versautrechose.fr\/portofolio\/wp-content\/uploads\/2015\/12\/au-Bondons-2.jpg\" data-rel=\"lightbox\" class=\"lightboxhover\"><img loading=\"lazy\" decoding=\"async\" src=\"https:\/\/versautrechose.fr\/portofolio\/wp-content\/uploads\/2015\/12\/au-Bondons-2.jpg\" width=\"1000\" height=\"280\" alt=\"Menhir \u00e0 la Cham des Bondons - Mont Loz\u00e8re, \u00e0 l\u2019horizon le causse M\u00e9jan\" srcset=\"https:\/\/versautrechose.fr\/portofolio\/wp-content\/uploads\/2015\/12\/au-Bondons-2.jpg 1000w, https:\/\/versautrechose.fr\/portofolio\/wp-content\/uploads\/2015\/12\/au-Bondons-2-300x84.jpg 300w\" sizes=\"auto, (max-width: 1000px) 100vw, 1000px\" class=\"light-dropshaddow\"\/><\/a><\/div><\/div><div class=\"tcol-lg-3 tcol-md-3 tcol-sm-4 tcol-xs-6 tcol-ss-12 g_item\"><div class=\"grid_item kad_gallery_fade_in gallery_item\"><a href=\"https:\/\/versautrechose.fr\/portofolio\/wp-content\/uploads\/2015\/12\/menhirs-Bondons-P.jpg\" data-rel=\"lightbox\" class=\"lightboxhover\"><img loading=\"lazy\" decoding=\"async\" src=\"https:\/\/versautrechose.fr\/portofolio\/wp-content\/uploads\/2015\/12\/menhirs-Bondons-P-300x300.jpg\" width=\"300\" height=\"300\" alt=\"Menhirs de la Cham des Bondons - Situ\u00e9s vers les Laubies, au lieu dit La Terre basse, massif du Loz\u00e8re\" srcset=\"https:\/\/versautrechose.fr\/portofolio\/wp-content\/uploads\/2015\/12\/menhirs-Bondons-P-300x300.jpg 300w, https:\/\/versautrechose.fr\/portofolio\/wp-content\/uploads\/2015\/12\/menhirs-Bondons-P-150x150.jpg 150w\" sizes=\"auto, (max-width: 300px) 100vw, 300px\" class=\"light-dropshaddow\"\/><\/a><\/div><\/div><div class=\"tcol-lg-3 tcol-md-3 tcol-sm-4 tcol-xs-6 tcol-ss-12 g_item\"><div class=\"grid_item kad_gallery_fade_in gallery_item\"><a href=\"https:\/\/versautrechose.fr\/portofolio\/wp-content\/uploads\/2015\/12\/menhir_Bondons_2.jpg\" data-rel=\"lightbox\" class=\"lightboxhover\"><img loading=\"lazy\" decoding=\"async\" src=\"https:\/\/versautrechose.fr\/portofolio\/wp-content\/uploads\/2015\/12\/menhir_Bondons_2-300x300.jpg\" width=\"300\" height=\"300\" alt=\"Menhirs de la Cham des Bondons - Vers les Laubies, La terre basse, mont du Loz\u00e8re\" srcset=\"https:\/\/versautrechose.fr\/portofolio\/wp-content\/uploads\/2015\/12\/menhir_Bondons_2-300x300.jpg 300w, https:\/\/versautrechose.fr\/portofolio\/wp-content\/uploads\/2015\/12\/menhir_Bondons_2-150x150.jpg 150w\" sizes=\"auto, (max-width: 300px) 100vw, 300px\" class=\"light-dropshaddow\"\/><\/a><\/div><\/div><div class=\"tcol-lg-3 tcol-md-3 tcol-sm-4 tcol-xs-6 tcol-ss-12 g_item\"><div class=\"grid_item kad_gallery_fade_in gallery_item\"><a href=\"https:\/\/versautrechose.fr\/portofolio\/wp-content\/uploads\/2015\/12\/Les-Bondons-2.jpg\" data-rel=\"lightbox\" class=\"lightboxhover\"><img loading=\"lazy\" decoding=\"async\" src=\"https:\/\/versautrechose.fr\/portofolio\/wp-content\/uploads\/2015\/12\/Les-Bondons-2-300x300.jpg\" width=\"300\" height=\"300\" alt=\"Les Bondons\" srcset=\"https:\/\/versautrechose.fr\/portofolio\/wp-content\/uploads\/2015\/12\/Les-Bondons-2-300x300.jpg 300w, https:\/\/versautrechose.fr\/portofolio\/wp-content\/uploads\/2015\/12\/Les-Bondons-2-150x150.jpg 150w\" sizes=\"auto, (max-width: 300px) 100vw, 300px\" class=\"light-dropshaddow\"\/><\/a><\/div><\/div><div class=\"tcol-lg-3 tcol-md-3 tcol-sm-4 tcol-xs-6 tcol-ss-12 g_item\"><div class=\"grid_item kad_gallery_fade_in gallery_item\"><a href=\"https:\/\/versautrechose.fr\/portofolio\/wp-content\/uploads\/2015\/12\/menhir_Bondons_3.jpg\" data-rel=\"lightbox\" class=\"lightboxhover\"><img loading=\"lazy\" decoding=\"async\" src=\"https:\/\/versautrechose.fr\/portofolio\/wp-content\/uploads\/2015\/12\/menhir_Bondons_3-300x300.jpg\" width=\"300\" height=\"300\" alt=\"Menhir entre les Bondons - Lieu dit de La Terre basse\" srcset=\"https:\/\/versautrechose.fr\/portofolio\/wp-content\/uploads\/2015\/12\/menhir_Bondons_3-300x300.jpg 300w, https:\/\/versautrechose.fr\/portofolio\/wp-content\/uploads\/2015\/12\/menhir_Bondons_3-150x150.jpg 150w\" sizes=\"auto, (max-width: 300px) 100vw, 300px\" class=\"light-dropshaddow\"\/><\/a><\/div><\/div><div class=\"tcol-lg-3 tcol-md-3 tcol-sm-4 tcol-xs-6 tcol-ss-12 g_item\"><div class=\"grid_item kad_gallery_fade_in gallery_item\"><a href=\"https:\/\/versautrechose.fr\/portofolio\/wp-content\/uploads\/2015\/12\/Bondons-en-hiver-2.jpg\" data-rel=\"lightbox\" class=\"lightboxhover\"><img loading=\"lazy\" decoding=\"async\" src=\"https:\/\/versautrechose.fr\/portofolio\/wp-content\/uploads\/2015\/12\/Bondons-en-hiver-2-300x300.jpg\" width=\"300\" height=\"300\" alt=\"Les Bondons en hiver\" srcset=\"https:\/\/versautrechose.fr\/portofolio\/wp-content\/uploads\/2015\/12\/Bondons-en-hiver-2-300x300.jpg 300w, https:\/\/versautrechose.fr\/portofolio\/wp-content\/uploads\/2015\/12\/Bondons-en-hiver-2-150x150.jpg 150w\" sizes=\"auto, (max-width: 300px) 100vw, 300px\" class=\"light-dropshaddow\"\/><\/a><\/div><\/div><div class=\"tcol-lg-3 tcol-md-3 tcol-sm-4 tcol-xs-6 tcol-ss-12 g_item\"><div class=\"grid_item kad_gallery_fade_in gallery_item\"><a href=\"https:\/\/versautrechose.fr\/portofolio\/wp-content\/uploads\/2015\/12\/Bondon-Celt.jpg\" data-rel=\"lightbox\" class=\"lightboxhover\"><img loading=\"lazy\" decoding=\"async\" src=\"https:\/\/versautrechose.fr\/portofolio\/wp-content\/uploads\/2015\/12\/Bondon-Celt-300x300.jpg\" width=\"300\" height=\"300\" alt=\"Puech des Bondons\" srcset=\"https:\/\/versautrechose.fr\/portofolio\/wp-content\/uploads\/2015\/12\/Bondon-Celt-300x300.jpg 300w, https:\/\/versautrechose.fr\/portofolio\/wp-content\/uploads\/2015\/12\/Bondon-Celt-150x150.jpg 150w\" sizes=\"auto, (max-width: 300px) 100vw, 300px\" class=\"light-dropshaddow\"\/><\/a><\/div><\/div><div class=\"tcol-lg-3 tcol-md-3 tcol-sm-4 tcol-xs-6 tcol-ss-12 g_item\"><div class=\"grid_item kad_gallery_fade_in gallery_item\"><a href=\"https:\/\/versautrechose.fr\/portofolio\/wp-content\/uploads\/2015\/12\/Puech-des-Bondons.jpg\" data-rel=\"lightbox\" class=\"lightboxhover\"><img loading=\"lazy\" decoding=\"async\" src=\"https:\/\/versautrechose.fr\/portofolio\/wp-content\/uploads\/2015\/12\/Puech-des-Bondons-300x300.jpg\" width=\"300\" height=\"300\" alt=\"Puech des Bondons l\u2019hiver\" srcset=\"https:\/\/versautrechose.fr\/portofolio\/wp-content\/uploads\/2015\/12\/Puech-des-Bondons-300x300.jpg 300w, https:\/\/versautrechose.fr\/portofolio\/wp-content\/uploads\/2015\/12\/Puech-des-Bondons-150x150.jpg 150w\" sizes=\"auto, (max-width: 300px) 100vw, 300px\" class=\"light-dropshaddow\"\/><\/a><\/div><\/div><div class=\"tcol-lg-3 tcol-md-3 tcol-sm-4 tcol-xs-6 tcol-ss-12 g_item\"><div class=\"grid_item kad_gallery_fade_in gallery_item\"><a href=\"https:\/\/versautrechose.fr\/portofolio\/wp-content\/uploads\/2015\/12\/menhir_causse_Blandas.jpg\" data-rel=\"lightbox\" class=\"lightboxhover\"><img loading=\"lazy\" decoding=\"async\" src=\"https:\/\/versautrechose.fr\/portofolio\/wp-content\/uploads\/2015\/12\/menhir_causse_Blandas-300x300.jpg\" width=\"300\" height=\"300\" alt=\"Menhir de la Rigalderie - Causse de Blandas vers Le Vigan - Gard\" srcset=\"https:\/\/versautrechose.fr\/portofolio\/wp-content\/uploads\/2015\/12\/menhir_causse_Blandas-300x300.jpg 300w, https:\/\/versautrechose.fr\/portofolio\/wp-content\/uploads\/2015\/12\/menhir_causse_Blandas-150x150.jpg 150w\" sizes=\"auto, (max-width: 300px) 100vw, 300px\" class=\"light-dropshaddow\"\/><\/a><\/div><\/div><div class=\"tcol-lg-3 tcol-md-3 tcol-sm-4 tcol-xs-6 tcol-ss-12 g_item\"><div class=\"grid_item kad_gallery_fade_in gallery_item\"><a href=\"https:\/\/versautrechose.fr\/portofolio\/wp-content\/uploads\/2015\/12\/menhir_causse_Blandas_2.jpg\" data-rel=\"lightbox\" class=\"lightboxhover\"><img loading=\"lazy\" decoding=\"async\" src=\"https:\/\/versautrechose.fr\/portofolio\/wp-content\/uploads\/2015\/12\/menhir_causse_Blandas_2-300x300.jpg\" width=\"300\" height=\"300\" alt=\"Menhir de Landre - Causse de Blandas vers Le Vigan - 30\" srcset=\"https:\/\/versautrechose.fr\/portofolio\/wp-content\/uploads\/2015\/12\/menhir_causse_Blandas_2-300x300.jpg 300w, https:\/\/versautrechose.fr\/portofolio\/wp-content\/uploads\/2015\/12\/menhir_causse_Blandas_2-150x150.jpg 150w\" sizes=\"auto, (max-width: 300px) 100vw, 300px\" class=\"light-dropshaddow\"\/><\/a><\/div><\/div><div class=\"tcol-lg-3 tcol-md-3 tcol-sm-4 tcol-xs-6 tcol-ss-12 g_item\"><div class=\"grid_item kad_gallery_fade_in gallery_item\"><a href=\"https:\/\/versautrechose.fr\/portofolio\/wp-content\/uploads\/2015\/12\/menhir_Bondons__P_2.jpg\" data-rel=\"lightbox\" class=\"lightboxhover\"><img loading=\"lazy\" decoding=\"async\" src=\"https:\/\/versautrechose.fr\/portofolio\/wp-content\/uploads\/2015\/12\/menhir_Bondons__P_2-300x300.jpg\" width=\"300\" height=\"300\" alt=\"Coucher sur les menhirs - \u00c0 la Cham des Bondons, pr\u00e8s des Laubies, mont Loz\u00e8re \" srcset=\"https:\/\/versautrechose.fr\/portofolio\/wp-content\/uploads\/2015\/12\/menhir_Bondons__P_2-300x300.jpg 300w, https:\/\/versautrechose.fr\/portofolio\/wp-content\/uploads\/2015\/12\/menhir_Bondons__P_2-150x150.jpg 150w\" sizes=\"auto, (max-width: 300px) 100vw, 300px\" class=\"light-dropshaddow\"\/><\/a><\/div><\/div><div class=\"tcol-lg-3 tcol-md-3 tcol-sm-4 tcol-xs-6 tcol-ss-12 g_item\"><div class=\"grid_item kad_gallery_fade_in gallery_item\"><a href=\"https:\/\/versautrechose.fr\/portofolio\/wp-content\/uploads\/2015\/12\/Menhir-causse-Blandas.jpg\" data-rel=\"lightbox\" class=\"lightboxhover\"><img loading=\"lazy\" decoding=\"async\" src=\"https:\/\/versautrechose.fr\/portofolio\/wp-content\/uploads\/2015\/12\/Menhir-causse-Blandas-300x300.jpg\" width=\"300\" height=\"300\" alt=\"menhir - Causse de Blandas (Gard)\" srcset=\"https:\/\/versautrechose.fr\/portofolio\/wp-content\/uploads\/2015\/12\/Menhir-causse-Blandas-300x300.jpg 300w, https:\/\/versautrechose.fr\/portofolio\/wp-content\/uploads\/2015\/12\/Menhir-causse-Blandas-150x150.jpg 150w\" sizes=\"auto, (max-width: 300px) 100vw, 300px\" class=\"light-dropshaddow\"\/><\/a><\/div><\/div><div class=\"tcol-lg-3 tcol-md-3 tcol-sm-4 tcol-xs-6 tcol-ss-12 g_item\"><div class=\"grid_item kad_gallery_fade_in gallery_item\"><a href=\"https:\/\/versautrechose.fr\/portofolio\/wp-content\/uploads\/2015\/12\/menhir-Mejean.jpg\" data-rel=\"lightbox\" class=\"lightboxhover\"><img loading=\"lazy\" decoding=\"async\" src=\"https:\/\/versautrechose.fr\/portofolio\/wp-content\/uploads\/2015\/12\/menhir-Mejean-300x300.jpg\" width=\"300\" height=\"300\" alt=\"menhir - Causse M\u00e9jean (Loz\u00e8re)\" srcset=\"https:\/\/versautrechose.fr\/portofolio\/wp-content\/uploads\/2015\/12\/menhir-Mejean-300x300.jpg 300w, https:\/\/versautrechose.fr\/portofolio\/wp-content\/uploads\/2015\/12\/menhir-Mejean-150x150.jpg 150w\" sizes=\"auto, (max-width: 300px) 100vw, 300px\" class=\"light-dropshaddow\"\/><\/a><\/div><\/div><div class=\"tcol-lg-3 tcol-md-3 tcol-sm-4 tcol-xs-6 tcol-ss-12 g_item\"><div class=\"grid_item kad_gallery_fade_in gallery_item\"><a href=\"https:\/\/versautrechose.fr\/portofolio\/wp-content\/uploads\/2015\/12\/menhir-Mejean-.jpg\" data-rel=\"lightbox\" class=\"lightboxhover\"><img loading=\"lazy\" decoding=\"async\" src=\"https:\/\/versautrechose.fr\/portofolio\/wp-content\/uploads\/2015\/12\/menhir-Mejean--300x300.jpg\" width=\"300\" height=\"300\" alt=\"menhir - Causse M\u00e9jean (Loz\u00e8re)\" srcset=\"https:\/\/versautrechose.fr\/portofolio\/wp-content\/uploads\/2015\/12\/menhir-Mejean--300x300.jpg 300w, https:\/\/versautrechose.fr\/portofolio\/wp-content\/uploads\/2015\/12\/menhir-Mejean--150x150.jpg 150w\" sizes=\"auto, (max-width: 300px) 100vw, 300px\" class=\"light-dropshaddow\"\/><\/a><\/div><\/div><div class=\"tcol-lg-3 tcol-md-3 tcol-sm-4 tcol-xs-6 tcol-ss-12 g_item\"><div class=\"grid_item kad_gallery_fade_in gallery_item\"><a href=\"https:\/\/versautrechose.fr\/portofolio\/wp-content\/uploads\/2015\/12\/cromlech-Blandas.jpg\" data-rel=\"lightbox\" class=\"lightboxhover\"><img loading=\"lazy\" decoding=\"async\" src=\"https:\/\/versautrechose.fr\/portofolio\/wp-content\/uploads\/2015\/12\/cromlech-Blandas-300x300.jpg\" width=\"300\" height=\"300\" alt=\"cromlech - Causse de Blandas (Gard)\" srcset=\"https:\/\/versautrechose.fr\/portofolio\/wp-content\/uploads\/2015\/12\/cromlech-Blandas-300x300.jpg 300w, https:\/\/versautrechose.fr\/portofolio\/wp-content\/uploads\/2015\/12\/cromlech-Blandas-150x150.jpg 150w\" sizes=\"auto, (max-width: 300px) 100vw, 300px\" class=\"light-dropshaddow\"\/><\/a><\/div><\/div><div class=\"tcol-lg-3 tcol-md-3 tcol-sm-4 tcol-xs-6 tcol-ss-12 g_item\"><div class=\"grid_item kad_gallery_fade_in gallery_item\"><a href=\"https:\/\/versautrechose.fr\/portofolio\/wp-content\/uploads\/2015\/12\/cromlech-Blandas-.jpg\" data-rel=\"lightbox\" class=\"lightboxhover\"><img loading=\"lazy\" decoding=\"async\" src=\"https:\/\/versautrechose.fr\/portofolio\/wp-content\/uploads\/2015\/12\/cromlech-Blandas--300x300.jpg\" width=\"300\" height=\"300\" alt=\"cromlech - Causse de Blandas (Gard)\" srcset=\"https:\/\/versautrechose.fr\/portofolio\/wp-content\/uploads\/2015\/12\/cromlech-Blandas--300x300.jpg 300w, https:\/\/versautrechose.fr\/portofolio\/wp-content\/uploads\/2015\/12\/cromlech-Blandas--150x150.jpg 150w\" sizes=\"auto, (max-width: 300px) 100vw, 300px\" class=\"light-dropshaddow\"\/><\/a><\/div><\/div><div class=\"tcol-lg-3 tcol-md-3 tcol-sm-4 tcol-xs-6 tcol-ss-12 g_item\"><div class=\"grid_item kad_gallery_fade_in gallery_item\"><a href=\"https:\/\/versautrechose.fr\/portofolio\/wp-content\/uploads\/2015\/12\/dolmen-Pinar\u00e8de.jpg\" data-rel=\"lightbox\" class=\"lightboxhover\"><img loading=\"lazy\" decoding=\"async\" src=\"https:\/\/versautrechose.fr\/portofolio\/wp-content\/uploads\/2015\/12\/dolmen-Pinar\u00e8de-300x300.jpg\" width=\"300\" height=\"300\" alt=\"Dolmen de la Prunar\u00e8de en 1995 - Causse du Larzac (H\u00e9rault)\" srcset=\"https:\/\/versautrechose.fr\/portofolio\/wp-content\/uploads\/2015\/12\/dolmen-Pinar\u00e8de-300x300.jpg 300w, https:\/\/versautrechose.fr\/portofolio\/wp-content\/uploads\/2015\/12\/dolmen-Pinar\u00e8de-150x150.jpg 150w\" sizes=\"auto, (max-width: 300px) 100vw, 300px\" class=\"light-dropshaddow\"\/><\/a><\/div><\/div><div class=\"tcol-lg-3 tcol-md-3 tcol-sm-4 tcol-xs-6 tcol-ss-12 g_item\"><div class=\"grid_item kad_gallery_fade_in gallery_item\"><a href=\"https:\/\/versautrechose.fr\/portofolio\/wp-content\/uploads\/2015\/12\/dolmen-Pinar\u00e8de-.jpg\" data-rel=\"lightbox\" class=\"lightboxhover\"><img loading=\"lazy\" decoding=\"async\" src=\"https:\/\/versautrechose.fr\/portofolio\/wp-content\/uploads\/2015\/12\/dolmen-Pinar\u00e8de--300x300.jpg\" width=\"300\" height=\"300\" alt=\"Dolmen de la Prunar\u00e8de en 1995 - Causse du Larzac (H\u00e9rault)\" srcset=\"https:\/\/versautrechose.fr\/portofolio\/wp-content\/uploads\/2015\/12\/dolmen-Pinar\u00e8de--300x300.jpg 300w, https:\/\/versautrechose.fr\/portofolio\/wp-content\/uploads\/2015\/12\/dolmen-Pinar\u00e8de--150x150.jpg 150w\" sizes=\"auto, (max-width: 300px) 100vw, 300px\" class=\"light-dropshaddow\"\/><\/a><\/div><\/div><div class=\"tcol-lg-3 tcol-md-3 tcol-sm-4 tcol-xs-6 tcol-ss-12 g_item\"><div class=\"grid_item kad_gallery_fade_in gallery_item\"><a href=\"https:\/\/versautrechose.fr\/portofolio\/wp-content\/uploads\/2015\/12\/P1020918.jpg\" data-rel=\"lightbox\" class=\"lightboxhover\"><img loading=\"lazy\" decoding=\"async\" src=\"https:\/\/versautrechose.fr\/portofolio\/wp-content\/uploads\/2015\/12\/P1020918-300x300.jpg\" width=\"300\" height=\"300\" alt=\"Dolmen du Puech (Montjaux - 12)\" srcset=\"https:\/\/versautrechose.fr\/portofolio\/wp-content\/uploads\/2015\/12\/P1020918-300x300.jpg 300w, https:\/\/versautrechose.fr\/portofolio\/wp-content\/uploads\/2015\/12\/P1020918-150x150.jpg 150w\" sizes=\"auto, (max-width: 300px) 100vw, 300px\" class=\"light-dropshaddow\"\/><\/a><\/div><\/div><div class=\"tcol-lg-3 tcol-md-3 tcol-sm-4 tcol-xs-6 tcol-ss-12 g_item\"><div class=\"grid_item kad_gallery_fade_in gallery_item\"><a href=\"https:\/\/versautrechose.fr\/portofolio\/wp-content\/uploads\/2015\/12\/DSC_5136.jpg\" data-rel=\"lightbox\" class=\"lightboxhover\"><img loading=\"lazy\" decoding=\"async\" src=\"https:\/\/versautrechose.fr\/portofolio\/wp-content\/uploads\/2015\/12\/DSC_5136-300x300.jpg\" width=\"300\" height=\"300\" alt=\"coucher au Dolmen du Puech\" srcset=\"https:\/\/versautrechose.fr\/portofolio\/wp-content\/uploads\/2015\/12\/DSC_5136-300x300.jpg 300w, https:\/\/versautrechose.fr\/portofolio\/wp-content\/uploads\/2015\/12\/DSC_5136-150x150.jpg 150w\" sizes=\"auto, (max-width: 300px) 100vw, 300px\" class=\"light-dropshaddow\"\/><\/a><\/div><\/div><div class=\"tcol-lg-3 tcol-md-3 tcol-sm-4 tcol-xs-6 tcol-ss-12 g_item\"><div class=\"grid_item kad_gallery_fade_in gallery_item\"><a href=\"https:\/\/versautrechose.fr\/portofolio\/wp-content\/uploads\/2015\/12\/DSC_5142.jpg\" data-rel=\"lightbox\" class=\"lightboxhover\"><img loading=\"lazy\" decoding=\"async\" src=\"https:\/\/versautrechose.fr\/portofolio\/wp-content\/uploads\/2015\/12\/DSC_5142-300x300.jpg\" width=\"300\" height=\"300\" alt=\"cr\u00e9puscule au Dolmen du Puech\" srcset=\"https:\/\/versautrechose.fr\/portofolio\/wp-content\/uploads\/2015\/12\/DSC_5142-300x300.jpg 300w, https:\/\/versautrechose.fr\/portofolio\/wp-content\/uploads\/2015\/12\/DSC_5142-150x150.jpg 150w\" sizes=\"auto, (max-width: 300px) 100vw, 300px\" class=\"light-dropshaddow\"\/><\/a><\/div><\/div><div class=\"tcol-lg-3 tcol-md-3 tcol-sm-4 tcol-xs-6 tcol-ss-12 g_item\"><div class=\"grid_item kad_gallery_fade_in gallery_item\"><a href=\"https:\/\/versautrechose.fr\/portofolio\/wp-content\/uploads\/2015\/12\/DSC_9683.jpg\" data-rel=\"lightbox\" class=\"lightboxhover\"><img loading=\"lazy\" decoding=\"async\" src=\"https:\/\/versautrechose.fr\/portofolio\/wp-content\/uploads\/2015\/12\/DSC_9683-300x300.jpg\" width=\"300\" height=\"300\" alt=\"dolmen de la Pinar\u00e8de (au nord du Causse du Larzac)\" srcset=\"https:\/\/versautrechose.fr\/portofolio\/wp-content\/uploads\/2015\/12\/DSC_9683-300x300.jpg 300w, https:\/\/versautrechose.fr\/portofolio\/wp-content\/uploads\/2015\/12\/DSC_9683-150x150.jpg 150w\" sizes=\"auto, (max-width: 300px) 100vw, 300px\" class=\"light-dropshaddow\"\/><\/a><\/div><\/div><div class=\"tcol-lg-3 tcol-md-3 tcol-sm-4 tcol-xs-6 tcol-ss-12 g_item\"><div class=\"grid_item kad_gallery_fade_in gallery_item\"><a href=\"https:\/\/versautrechose.fr\/portofolio\/wp-content\/uploads\/2015\/12\/DSC_6177.jpg\" data-rel=\"lightbox\" class=\"lightboxhover\"><img loading=\"lazy\" decoding=\"async\" src=\"https:\/\/versautrechose.fr\/portofolio\/wp-content\/uploads\/2015\/12\/DSC_6177-300x300.jpg\" width=\"300\" height=\"300\" alt=\"menhir du &quot;Trou de l&#039;Aven&quot; (Tarn)\" srcset=\"https:\/\/versautrechose.fr\/portofolio\/wp-content\/uploads\/2015\/12\/DSC_6177-300x300.jpg 300w, https:\/\/versautrechose.fr\/portofolio\/wp-content\/uploads\/2015\/12\/DSC_6177-150x150.jpg 150w, https:\/\/versautrechose.fr\/portofolio\/wp-content\/uploads\/2015\/12\/DSC_6177-600x600.jpg 600w\" sizes=\"auto, (max-width: 300px) 100vw, 300px\" class=\"light-dropshaddow\"\/><\/a><\/div><\/div><div class=\"tcol-lg-3 tcol-md-3 tcol-sm-4 tcol-xs-6 tcol-ss-12 g_item\"><div class=\"grid_item kad_gallery_fade_in gallery_item\"><a href=\"https:\/\/versautrechose.fr\/portofolio\/wp-content\/uploads\/2015\/12\/DSC_7559.jpg\" data-rel=\"lightbox\" class=\"lightboxhover\"><img loading=\"lazy\" decoding=\"async\" src=\"https:\/\/versautrechose.fr\/portofolio\/wp-content\/uploads\/2015\/12\/DSC_7559-300x300.jpg\" width=\"300\" height=\"300\" alt=\"Gravure rupestre au &quot;Rec del Bosc&quot; (Col de la Frajure - Tarn)\" srcset=\"https:\/\/versautrechose.fr\/portofolio\/wp-content\/uploads\/2015\/12\/DSC_7559-300x300.jpg 300w, https:\/\/versautrechose.fr\/portofolio\/wp-content\/uploads\/2015\/12\/DSC_7559-150x150.jpg 150w\" sizes=\"auto, (max-width: 300px) 100vw, 300px\" class=\"light-dropshaddow\"\/><\/a><\/div><\/div><div class=\"tcol-lg-3 tcol-md-3 tcol-sm-4 tcol-xs-6 tcol-ss-12 g_item\"><div class=\"grid_item kad_gallery_fade_in gallery_item\"><a href=\"https:\/\/versautrechose.fr\/portofolio\/wp-content\/uploads\/2015\/12\/DSC_7563.jpg\" data-rel=\"lightbox\" class=\"lightboxhover\"><img loading=\"lazy\" decoding=\"async\" src=\"https:\/\/versautrechose.fr\/portofolio\/wp-content\/uploads\/2015\/12\/DSC_7563-300x300.jpg\" width=\"300\" height=\"300\" alt=\"Gravure rupestre au &quot;Rec del Bosc&quot; (Col de la Frajure - Tarn)\" srcset=\"https:\/\/versautrechose.fr\/portofolio\/wp-content\/uploads\/2015\/12\/DSC_7563-300x300.jpg 300w, https:\/\/versautrechose.fr\/portofolio\/wp-content\/uploads\/2015\/12\/DSC_7563-150x150.jpg 150w\" sizes=\"auto, (max-width: 300px) 100vw, 300px\" class=\"light-dropshaddow\"\/><\/a><\/div><\/div><div class=\"tcol-lg-3 tcol-md-3 tcol-sm-4 tcol-xs-6 tcol-ss-12 g_item\"><div class=\"grid_item kad_gallery_fade_in gallery_item\"><a href=\"https:\/\/versautrechose.fr\/portofolio\/wp-content\/uploads\/2015\/12\/DSC_7589.jpg\" data-rel=\"lightbox\" class=\"lightboxhover\"><img loading=\"lazy\" decoding=\"async\" src=\"https:\/\/versautrechose.fr\/portofolio\/wp-content\/uploads\/2015\/12\/DSC_7589-300x300.jpg\" width=\"300\" height=\"300\" alt=\"Gravures rupestres au &quot;Rec del Bosc&quot; (Col de la Frajure - Tarn)\" srcset=\"https:\/\/versautrechose.fr\/portofolio\/wp-content\/uploads\/2015\/12\/DSC_7589-300x300.jpg 300w, https:\/\/versautrechose.fr\/portofolio\/wp-content\/uploads\/2015\/12\/DSC_7589-150x150.jpg 150w\" sizes=\"auto, (max-width: 300px) 100vw, 300px\" class=\"light-dropshaddow\"\/><\/a><\/div><\/div><div class=\"tcol-lg-3 tcol-md-3 tcol-sm-4 tcol-xs-6 tcol-ss-12 g_item\"><div class=\"grid_item kad_gallery_fade_in gallery_item\"><a href=\"https:\/\/versautrechose.fr\/portofolio\/wp-content\/uploads\/2015\/12\/DSC_9277.jpg\" data-rel=\"lightbox\" class=\"lightboxhover\"><img loading=\"lazy\" decoding=\"async\" src=\"https:\/\/versautrechose.fr\/portofolio\/wp-content\/uploads\/2015\/12\/DSC_9277-300x300.jpg\" width=\"300\" height=\"300\" alt=\"au &quot;Rec del Bosc&quot; (Col de la Frajure - Tarn)\" srcset=\"https:\/\/versautrechose.fr\/portofolio\/wp-content\/uploads\/2015\/12\/DSC_9277-300x300.jpg 300w, https:\/\/versautrechose.fr\/portofolio\/wp-content\/uploads\/2015\/12\/DSC_9277-150x150.jpg 150w\" sizes=\"auto, (max-width: 300px) 100vw, 300px\" class=\"light-dropshaddow\"\/><\/a><\/div><\/div><div class=\"tcol-lg-3 tcol-md-3 tcol-sm-4 tcol-xs-6 tcol-ss-12 g_item\"><div class=\"grid_item kad_gallery_fade_in gallery_item\"><a href=\"https:\/\/versautrechose.fr\/portofolio\/wp-content\/uploads\/2015\/12\/DSC_9274.jpg\" data-rel=\"lightbox\" class=\"lightboxhover\"><img loading=\"lazy\" decoding=\"async\" src=\"https:\/\/versautrechose.fr\/portofolio\/wp-content\/uploads\/2015\/12\/DSC_9274-300x300.jpg\" width=\"300\" height=\"300\" alt=\"&quot;Rec del Bosc&quot;\" srcset=\"https:\/\/versautrechose.fr\/portofolio\/wp-content\/uploads\/2015\/12\/DSC_9274-300x300.jpg 300w, https:\/\/versautrechose.fr\/portofolio\/wp-content\/uploads\/2015\/12\/DSC_9274-150x150.jpg 150w\" sizes=\"auto, (max-width: 300px) 100vw, 300px\" class=\"light-dropshaddow\"\/><\/a><\/div><\/div><div class=\"tcol-lg-3 tcol-md-3 tcol-sm-4 tcol-xs-6 tcol-ss-12 g_item\"><div class=\"grid_item kad_gallery_fade_in gallery_item\"><a href=\"https:\/\/versautrechose.fr\/portofolio\/wp-content\/uploads\/2015\/12\/DSC_9271.jpg\" data-rel=\"lightbox\" class=\"lightboxhover\"><img loading=\"lazy\" decoding=\"async\" src=\"https:\/\/versautrechose.fr\/portofolio\/wp-content\/uploads\/2015\/12\/DSC_9271-300x300.jpg\" width=\"300\" height=\"300\" alt=\"Gravure rupestre au &quot;Rec del Bosc&quot;\" srcset=\"https:\/\/versautrechose.fr\/portofolio\/wp-content\/uploads\/2015\/12\/DSC_9271-300x300.jpg 300w, https:\/\/versautrechose.fr\/portofolio\/wp-content\/uploads\/2015\/12\/DSC_9271-150x150.jpg 150w\" sizes=\"auto, (max-width: 300px) 100vw, 300px\" class=\"light-dropshaddow\"\/><\/a><\/div><\/div><div class=\"tcol-lg-3 tcol-md-3 tcol-sm-4 tcol-xs-6 tcol-ss-12 g_item\"><div class=\"grid_item kad_gallery_fade_in gallery_item\"><a href=\"https:\/\/versautrechose.fr\/portofolio\/wp-content\/uploads\/2015\/12\/DSC_9268.jpg\" data-rel=\"lightbox\" class=\"lightboxhover\"><img loading=\"lazy\" decoding=\"async\" src=\"https:\/\/versautrechose.fr\/portofolio\/wp-content\/uploads\/2015\/12\/DSC_9268-300x300.jpg\" width=\"300\" height=\"300\" alt=\"Gravure rupestre au &quot;Rec del Bosc&quot;\" srcset=\"https:\/\/versautrechose.fr\/portofolio\/wp-content\/uploads\/2015\/12\/DSC_9268-300x300.jpg 300w, https:\/\/versautrechose.fr\/portofolio\/wp-content\/uploads\/2015\/12\/DSC_9268-150x150.jpg 150w\" sizes=\"auto, (max-width: 300px) 100vw, 300px\" class=\"light-dropshaddow\"\/><\/a><\/div><\/div><div class=\"tcol-lg-3 tcol-md-3 tcol-sm-4 tcol-xs-6 tcol-ss-12 g_item\"><div class=\"grid_item kad_gallery_fade_in gallery_item\"><a href=\"https:\/\/versautrechose.fr\/portofolio\/wp-content\/uploads\/2015\/12\/DSC_9263.jpg\" data-rel=\"lightbox\" class=\"lightboxhover\"><img loading=\"lazy\" decoding=\"async\" src=\"https:\/\/versautrechose.fr\/portofolio\/wp-content\/uploads\/2015\/12\/DSC_9263-300x300.jpg\" width=\"300\" height=\"300\" alt=\"le &quot;Rec del Bosc&quot;\" srcset=\"https:\/\/versautrechose.fr\/portofolio\/wp-content\/uploads\/2015\/12\/DSC_9263-300x300.jpg 300w, https:\/\/versautrechose.fr\/portofolio\/wp-content\/uploads\/2015\/12\/DSC_9263-150x150.jpg 150w\" sizes=\"auto, (max-width: 300px) 100vw, 300px\" class=\"light-dropshaddow\"\/><\/a><\/div><\/div><div class=\"tcol-lg-3 tcol-md-3 tcol-sm-4 tcol-xs-6 tcol-ss-12 g_item\"><div class=\"grid_item kad_gallery_fade_in gallery_item\"><a href=\"https:\/\/versautrechose.fr\/portofolio\/wp-content\/uploads\/2015\/12\/Causse-Blandas-Copie.jpg\" data-rel=\"lightbox\" class=\"lightboxhover\"><img loading=\"lazy\" decoding=\"async\" src=\"https:\/\/versautrechose.fr\/portofolio\/wp-content\/uploads\/2015\/12\/Causse-Blandas-Copie-300x300.jpg\" width=\"300\" height=\"300\" alt=\"Causse de Blandas,  dans le Gard\" srcset=\"https:\/\/versautrechose.fr\/portofolio\/wp-content\/uploads\/2015\/12\/Causse-Blandas-Copie-300x300.jpg 300w, https:\/\/versautrechose.fr\/portofolio\/wp-content\/uploads\/2015\/12\/Causse-Blandas-Copie-150x150.jpg 150w\" sizes=\"auto, (max-width: 300px) 100vw, 300px\" class=\"light-dropshaddow\"\/><\/a><\/div><\/div><div class=\"tcol-lg-3 tcol-md-3 tcol-sm-4 tcol-xs-6 tcol-ss-12 g_item\"><div class=\"grid_item kad_gallery_fade_in gallery_item\"><a href=\"https:\/\/versautrechose.fr\/portofolio\/wp-content\/uploads\/2015\/12\/Causse-de-Blandas-Le-Planas.jpg\" data-rel=\"lightbox\" class=\"lightboxhover\"><img loading=\"lazy\" decoding=\"async\" src=\"https:\/\/versautrechose.fr\/portofolio\/wp-content\/uploads\/2015\/12\/Causse-de-Blandas-Le-Planas-300x300.jpg\" width=\"300\" height=\"300\" alt=\"Causse de Blandas - Le Planas\" srcset=\"https:\/\/versautrechose.fr\/portofolio\/wp-content\/uploads\/2015\/12\/Causse-de-Blandas-Le-Planas-300x300.jpg 300w, https:\/\/versautrechose.fr\/portofolio\/wp-content\/uploads\/2015\/12\/Causse-de-Blandas-Le-Planas-150x150.jpg 150w\" sizes=\"auto, (max-width: 300px) 100vw, 300px\" class=\"light-dropshaddow\"\/><\/a><\/div><\/div><\/div>\n<p>&nbsp;<\/p>\n<div class=\"pullquote pullquote-center\">\n<p>Tirant son nom de l\u2019occitano-patois Cham (plateau ou causse) et de la proximit\u00e9 de la commune des Bondons en Loz\u00e8re, la Cham des Bondons est un plateau calcaire d\u2019une dizaine de kilom\u00e8tres carr\u00e9s s\u2019\u00e9tendant au pied du Mont Loz\u00e8re. Avec ses 154 menhirs de granit, le site constitue la deuxi\u00e8me concentration de monuments m\u00e9galithiques en Europe apr\u00e8s les alignements de Carnac en Bretagne. On estime que la mise en place de ces pierres doit se situer entre la fin du N\u00e9olithique et l\u2019\u00e2ge du Bronze. (<a class=\"spip_url spip_out auto\" href=\"http:\/\/fr.wikipedia.org\/wiki\/Cham_des_Bondons\" rel=\"nofollow external\">http:\/\/fr.wikipedia.org\/wiki\/Cham_des_Bondons<\/a>).<\/p>\n<p>Ce site rec\u00e8le une curiosit\u00e9 g\u00e9ologique\u00a0: deux mamelons calcaires ayant r\u00e9sist\u00e9 \u00e0 l\u2019\u00e9rosion et dominant la vall\u00e9e du Tarn. Ces puechs (du latin podium, terre \u00e9lev\u00e9e), comme on les appelle, seraient issus selon la l\u00e9gende de la boue tomb\u00e9e des sabots de Gargantua.<\/p>\n<\/div>\n<p>&nbsp;<\/p>\n<p>Vid\u00e9o \u00ab\u00a0La culture celtique\u00a0\u00bb<\/p>\n<p>Ils \u00e9taient tr\u00e8s loin d\u2019\u00eatre de pr\u00e9tendus barbares&#8230; les m\u0153urs de l\u2019\u00e9poque \u00e9taient rudes, mais leur culture \u00e9tait tr\u00e8s \u00e9labor\u00e9e et pleine de connaissances\u00a0! La musique d\u2019accompagnement est de Dufay Collective&#8230; de l\u2019album&#8230; \u00ab\u00a0A Lestampida\u00a0\u00bb&#8230;\u00a0: \u00ab\u00a0Danse Real\u00a0\u00bb<\/p>\n<p>&nbsp;<\/p>\n<div class=\"kad-youtube-shortcode videofit\" style=\"max-width:250px;\" ><iframe loading=\"lazy\" width=\"250\" height=\"280\" src=\"\/\/www.youtube.com\/embed\/9BJjMTwliuo?autoplay=0&amp;controls=1&amp;fs=1&amp;modestbranding=0&amp;theme=dark&amp;rel=0&amp;loop=0\" frameborder=\"0\" allowfullscreen=\"true\"><\/iframe><\/div>\n<p>&nbsp;<\/p>\n<p>&nbsp;<\/p>\n<p>&nbsp;<\/p>\n","protected":false},"excerpt":{"rendered":"<p>&nbsp; &nbsp; &nbsp; Vid\u00e9o \u00ab\u00a0La culture celtique\u00a0\u00bb Ils \u00e9taient tr\u00e8s loin d\u2019\u00eatre de pr\u00e9tendus barbares&#8230; les m\u0153urs de l\u2019\u00e9poque \u00e9taient rudes, mais leur culture \u00e9tait tr\u00e8s \u00e9labor\u00e9e et pleine de connaissances\u00a0! La musique d\u2019accompagnement est de Dufay Collective&#8230; de l\u2019album&#8230; &hellip; <a href=\"https:\/\/versautrechose.fr\/portofolio\/index.php\/2015\/12\/30\/culture-celtique\/\">Lire la suite\u00ad\u00ad<\/a><\/p>\n","protected":false},"author":1,"featured_media":0,"comment_status":"open","ping_status":"open","sticky":false,"template":"","format":"standard","meta":{"kt_blocks_editor_width":"","footnotes":""},"categories":[1],"tags":[],"class_list":["post-1008","post","type-post","status-publish","format-standard","hentry","category-non-classe"],"_links":{"self":[{"href":"https:\/\/versautrechose.fr\/portofolio\/index.php\/wp-json\/wp\/v2\/posts\/1008","targetHints":{"allow":["GET"]}}],"collection":[{"href":"https:\/\/versautrechose.fr\/portofolio\/index.php\/wp-json\/wp\/v2\/posts"}],"about":[{"href":"https:\/\/versautrechose.fr\/portofolio\/index.php\/wp-json\/wp\/v2\/types\/post"}],"author":[{"embeddable":true,"href":"https:\/\/versautrechose.fr\/portofolio\/index.php\/wp-json\/wp\/v2\/users\/1"}],"replies":[{"embeddable":true,"href":"https:\/\/versautrechose.fr\/portofolio\/index.php\/wp-json\/wp\/v2\/comments?post=1008"}],"version-history":[{"count":17,"href":"https:\/\/versautrechose.fr\/portofolio\/index.php\/wp-json\/wp\/v2\/posts\/1008\/revisions"}],"predecessor-version":[{"id":4332,"href":"https:\/\/versautrechose.fr\/portofolio\/index.php\/wp-json\/wp\/v2\/posts\/1008\/revisions\/4332"}],"wp:attachment":[{"href":"https:\/\/versautrechose.fr\/portofolio\/index.php\/wp-json\/wp\/v2\/media?parent=1008"}],"wp:term":[{"taxonomy":"category","embeddable":true,"href":"https:\/\/versautrechose.fr\/portofolio\/index.php\/wp-json\/wp\/v2\/categories?post=1008"},{"taxonomy":"post_tag","embeddable":true,"href":"https:\/\/versautrechose.fr\/portofolio\/index.php\/wp-json\/wp\/v2\/tags?post=1008"}],"curies":[{"name":"wp","href":"https:\/\/api.w.org\/{rel}","templated":true}]}}