{"id":1427,"date":"2016-01-02T15:45:46","date_gmt":"2016-01-02T14:45:46","guid":{"rendered":"http:\/\/versautrechose.fr\/portofolio\/?p=1427"},"modified":"2020-06-16T17:37:22","modified_gmt":"2020-06-16T16:37:22","slug":"a-propos-de-lauteur-de-ce-site","status":"publish","type":"post","link":"https:\/\/versautrechose.fr\/portofolio\/index.php\/2016\/01\/02\/a-propos-de-lauteur-de-ce-site\/","title":{"rendered":"\u00c0 propos de l\u2019auteur de ce site"},"content":{"rendered":"<div class=\"pullquote pullquote-center\">\n<h3 class=\"spip\"><span style=\"color: #000000\">Parcours<\/span><\/h3>\n<p><span style=\"color: #000000\">\u00ab\u00a0Photographe\u00a0\u00bb amateur (au sens \u00e9tymologique\u00a0: qui aime), et autodidacte, depuis maintenant une dizaine d\u2019ann\u00e9es, apr\u00e8s une vie (n\u00e9 en 1953) aux vicissitudes difficiles et vari\u00e9es, \u00ab\u00a0artiste dans l\u2019\u00eatre\u00a0\u00bb (deux ans aux Beaux-Arts il y a plus de trente ans\u00a0!), marcheur solitaire \u00ab\u00a0infatiguable\u00a0\u00bb arpentant en toutes saisons une r\u00e9gion (Languedoc-Roussillon\/C\u00e9vennes-Ard\u00e8che\/Camargue) aux paysages inspirants de beaut\u00e9s contrast\u00e9es, et fait de rudesse au \u00ab\u00a0go\u00fbt sauvage\u00a0\u00bb\u2026<\/span><\/p>\n<p><span style=\"color: #000000\">J\u2019y ai fait quelques expositions en agrandissements\u2026 (20&#215;30, 30&#215;45, 50&#215;75)\u00a0:<\/span><\/p>\n<p><span style=\"color: #000000\">1999\u00a0: Quissac, Gard<\/span><br class=\"autobr\" \/><span style=\"color: #000000\"> 2001\u00a0: B\u00e9darieux, H\u00e9rault<\/span><\/p>\n<p>2007 : un DVD<\/p>\n<p><a href=\"https:\/\/versautrechose.fr\/portofolio\/wp-content\/uploads\/2016\/01\/3-saisons-Ceve-Copie.jpg\"><img loading=\"lazy\" decoding=\"async\" class=\"aligncenter size-full wp-image-3887\" src=\"https:\/\/versautrechose.fr\/portofolio\/wp-content\/uploads\/2016\/01\/3-saisons-Ceve-Copie.jpg\" alt=\"\" width=\"1591\" height=\"689\" srcset=\"https:\/\/versautrechose.fr\/portofolio\/wp-content\/uploads\/2016\/01\/3-saisons-Ceve-Copie.jpg 1591w, https:\/\/versautrechose.fr\/portofolio\/wp-content\/uploads\/2016\/01\/3-saisons-Ceve-Copie-300x130.jpg 300w, https:\/\/versautrechose.fr\/portofolio\/wp-content\/uploads\/2016\/01\/3-saisons-Ceve-Copie-768x333.jpg 768w, https:\/\/versautrechose.fr\/portofolio\/wp-content\/uploads\/2016\/01\/3-saisons-Ceve-Copie-1024x443.jpg 1024w\" sizes=\"auto, (max-width: 1591px) 100vw, 1591px\" \/><\/a> <a href=\"https:\/\/versautrechose.fr\/portofolio\/wp-content\/uploads\/2016\/01\/3-saisons-Ceve-0-Copie.jpg\"><img loading=\"lazy\" decoding=\"async\" class=\"aligncenter size-full wp-image-3888\" src=\"https:\/\/versautrechose.fr\/portofolio\/wp-content\/uploads\/2016\/01\/3-saisons-Ceve-0-Copie.jpg\" alt=\"\" width=\"1604\" height=\"700\" srcset=\"https:\/\/versautrechose.fr\/portofolio\/wp-content\/uploads\/2016\/01\/3-saisons-Ceve-0-Copie.jpg 1604w, https:\/\/versautrechose.fr\/portofolio\/wp-content\/uploads\/2016\/01\/3-saisons-Ceve-0-Copie-300x131.jpg 300w, https:\/\/versautrechose.fr\/portofolio\/wp-content\/uploads\/2016\/01\/3-saisons-Ceve-0-Copie-768x335.jpg 768w, https:\/\/versautrechose.fr\/portofolio\/wp-content\/uploads\/2016\/01\/3-saisons-Ceve-0-Copie-1024x447.jpg 1024w\" sizes=\"auto, (max-width: 1604px) 100vw, 1604px\" \/><\/a><a href=\"https:\/\/versautrechose.fr\/portofolio\/wp-content\/uploads\/2016\/01\/3-saisons-Ceve-1-Copie-bis.jpg\"><img loading=\"lazy\" decoding=\"async\" class=\"aligncenter size-full wp-image-3890\" src=\"https:\/\/versautrechose.fr\/portofolio\/wp-content\/uploads\/2016\/01\/3-saisons-Ceve-1-Copie-bis.jpg\" alt=\"\" width=\"500\" height=\"513\" srcset=\"https:\/\/versautrechose.fr\/portofolio\/wp-content\/uploads\/2016\/01\/3-saisons-Ceve-1-Copie-bis.jpg 500w, https:\/\/versautrechose.fr\/portofolio\/wp-content\/uploads\/2016\/01\/3-saisons-Ceve-1-Copie-bis-292x300.jpg 292w\" sizes=\"auto, (max-width: 500px) 100vw, 500px\" \/><\/a><\/p>\n<\/div>\n<div class=\"pullquote pullquote-center\">\n<h3 class=\"spip\"><span style=\"color: #000000\">\u00ab\u00a0Vers tout \u00e0 fait une autre chose\u2026\u00a0\u00bb<span class=\"spip_document_1 spip_documents spip_documents_right\">\u00a0<\/span><\/span><\/h3>\n<p><span style=\"color: #000000\">La relation que j\u2019ai avec la photo, est de \u00ab\u00a0surprendre des instants d\u2019\u00e9ternit\u00e9s\u00a0\u00bb ouvrant des fen\u00eatres \u00ab\u00a0Vers tout \u00e0 <a href=\"https:\/\/versautrechose.fr\/portofolio\/wp-content\/uploads\/2016\/01\/GRANIT2-6d72a.gif\"><img loading=\"lazy\" decoding=\"async\" class=\"alignright size-full wp-image-1429\" src=\"https:\/\/versautrechose.fr\/portofolio\/wp-content\/uploads\/2016\/01\/GRANIT2-6d72a.gif\" alt=\"GRANIT2-6d72a\" width=\"200\" height=\"162\" \/><\/a>fait une autre chose\u2026\u00a0\u00bb. Empreint d\u2019un contact trouvant ses sources dans ce que les Am\u00e9rindiens du Sud appellent \u00ab\u00a0Pacha-Mama\u00a0\u00bb (Terre-Matricielle) et ceux du Nord, dans leur \u00ab\u00a0profession de foi\u00a0\u00bb Mitakuy\u00e9 Oyasin (Je fais partie de la grande famille du vivant), aux \u00ab\u00a0effluves\u00a0\u00bb chamaniques de nos Anc\u00eatres, une osmose puissante et pleine de gratitude et de respect, et ceux (les peuples) qui p\u00e9rennisent ces cultures, avec qui j\u2019ai des contacts profonds et tr\u00e8s \u00ab\u00a0pr\u00e9cieux\u00a0\u00bb\u2026<\/span><\/p>\n<\/div>\n<div class=\"pullquote pullquote-center\">\n<h3 class=\"spip\"><span style=\"color: #000000\"><a href=\"https:\/\/versautrechose.fr\/portofolio\/wp-content\/uploads\/2016\/01\/plum_peruch_Amazon_21-f6b42.gif\"><img loading=\"lazy\" decoding=\"async\" class=\"alignleft size-full wp-image-1431\" src=\"https:\/\/versautrechose.fr\/portofolio\/wp-content\/uploads\/2016\/01\/plum_peruch_Amazon_21-f6b42.gif\" alt=\"plum_peruch_Amazon_21-f6b42\" width=\"200\" height=\"170\" \/><\/a>Chamane<\/span><\/h3>\n<p><span style=\"color: #000000\">Du sens\u2026\u00a0: Ces photos sont devenues le support d\u2019une int\u00e9riorit\u00e9 \u00e0 partager et donner \u00e0 voir, \u00e0 celles et ceux qui y trouvent un \u00e9cho dans un rayonnement pour eux-m\u00eames, afin d\u2019aller plus loin dans une qu\u00eate d\u2019\u00ab\u00a0\u00catre Humain\u00a0\u00bb d\u2019une fraternit\u00e9 digne d\u2019elle-m\u00eame\u2026<\/span><\/p>\n<p><span style=\"color: #000000\">\u2026 persuad\u00e9 que l\u2019ensemble de la plupart des maux qui affligent l\u2019\u00eatre humain (et ses lieux de vie), sont de sa propre responsabilit\u00e9, incapable qu\u2019il est de s\u2019affranchir de son narcissisme largement exag\u00e9r\u00e9, \u00ab\u00a0\u00e9gocentrisme souffrant\u00a0\u00bb, ayant oubli\u00e9 que chaque \u00eatre \u00ab\u00a0est l\u2019humanit\u00e9 enti\u00e8re\u00a0\u00bb\u2026 Nous sommes toutes et tous responsables \u00e0 des degr\u00e9s divers de cet \u00e9tat de notre monde actuel \u2026<\/span><\/p>\n<\/div>\n<p><a href=\"https:\/\/versautrechose.fr\/portofolio\/wp-content\/uploads\/2016\/01\/photo_auteur2-930e4-3a803.jpg\"><img loading=\"lazy\" decoding=\"async\" class=\"aligncenter size-full wp-image-1432\" src=\"https:\/\/versautrechose.fr\/portofolio\/wp-content\/uploads\/2016\/01\/photo_auteur2-930e4-3a803.jpg\" alt=\"photo_auteur2-930e4-3a803\" width=\"500\" height=\"326\" srcset=\"https:\/\/versautrechose.fr\/portofolio\/wp-content\/uploads\/2016\/01\/photo_auteur2-930e4-3a803.jpg 500w, https:\/\/versautrechose.fr\/portofolio\/wp-content\/uploads\/2016\/01\/photo_auteur2-930e4-3a803-300x196.jpg 300w\" sizes=\"auto, (max-width: 500px) 100vw, 500px\" \/><\/a><\/p>\n<p>&nbsp;<\/p>\n<p>Ensemble Awati\u00f1as (\u00ab\u00a0Pour notre int\u00e9grit\u00e9 culturelle\u00a0\u00bb)<br class=\"autobr\" \/>\u00ab\u00a0Aymaras\u00a0\u00bb du plateau andin de Bolivie<br class=\"autobr\" \/>de gauche \u00e0 droite\u00a0: Juan Beltran, Roberto Yujra, Miguel Cond\u00e9, Gilles Maitrot \u00ab\u00a0votre serviteur\u00a0\u00bb, Mario Cond\u00e9, Vidal Beltran (manque sur cette photo en \u00e9t\u00e9 2004, Eddy Beltran).<\/p>\n<p>&nbsp;<\/p>\n<p><a href=\"https:\/\/www.facebook.com\/BoliviaEterna\/videos\/386234598758517\/UzpfSTEwMDAwMDQ5Njk5NTQ4MTozNTgzMzAwMTU4MzYzMTgy\/?__tn__=CH-R&amp;eid=ARA7zLeWR6QXALpawzcG00ePVhMaW6bshxz47YULxbijq7oAxFCZ0m8SAWCrgLvyC5RI3JFgQKfVDzcU&amp;hc_ref=ARQml6DcxlkYNush3udc3b7a1Lq6st8Ph3nlvF9UlQXNijRzP1U-OCXfhSubGXcnObU&amp;fref=nf&amp;__xts__[0]=68.ARBiIik4y_wK4PTg8NqqUGDY3EmKNNuPVHg5zPxDGNbRh2qU3aCzeG-Agx5zPhSsX0xKQdo5Tyv1hnkrXKymgBE781rvTNU0EtaPU_VBVVkxQVVrKTkGbNC3DAF3XYYcMVXmoOPY7K9S9AHVlSexaP95u7WFh7FtMJyh-h1bTJW3v5y8WJdtkW3vKyZG0wd_IlOyBqOCDZ7jvw6uhUyH3L64td3M6JFfByv4yGTNbb4E-a8kilMDXeFI9RzEEte1_Ex_iJSvjjNrDDvLPMhTQwSv_QvgXB0L7fwcSnjMEyAKomoZEMAcKzHoYtx4nguXssOMtf8MAxt_5M3jG2D69PWuPPdZUBruL4aTtwmM0-H2BVib\">https:\/\/www.facebook.com\/BoliviaEterna\/videos\/386234598758517\/UzpfSTEwMDAwMDQ5Njk5NTQ4MTozNTgzMzAwMTU4MzYzMTgy\/?__tn__=CH-R&amp;eid=ARA7zLeWR6QXALpawzcG00ePVhMaW6bshxz47YULxbijq7oAxFCZ0m8SAWCrgLvyC5RI3JFgQKfVDzcU&amp;hc_ref=ARQml6DcxlkYNush3udc3b7a1Lq6st8Ph3nlvF9UlQXNijRzP1U-OCXfhSubGXcnObU&amp;fref=nf&amp;__xts__[0]=68.ARBiIik4y_wK4PTg8NqqUGDY3EmKNNuPVHg5zPxDGNbRh2qU3aCzeG-Agx5zPhSsX0xKQdo5Tyv1hnkrXKymgBE781rvTNU0EtaPU_VBVVkxQVVrKTkGbNC3DAF3XYYcMVXmoOPY7K9S9AHVlSexaP95u7WFh7FtMJyh-h1bTJW3v5y8WJdtkW3vKyZG0wd_IlOyBqOCDZ7jvw6uhUyH3L64td3M6JFfByv4yGTNbb4E-a8kilMDXeFI9RzEEte1_Ex_iJSvjjNrDDvLPMhTQwSv_QvgXB0L7fwcSnjMEyAKomoZEMAcKzHoYtx4nguXssOMtf8MAxt_5M3jG2D69PWuPPdZUBruL4aTtwmM0-H2BVib<\/a><\/p>\n<p>&nbsp;<\/p>\n<p>&nbsp;<\/p>\n<p>&nbsp;<\/p>\n<p>&nbsp;<\/p>\n","protected":false},"excerpt":{"rendered":"<p>&nbsp; Ensemble Awati\u00f1as (\u00ab\u00a0Pour notre int\u00e9grit\u00e9 culturelle\u00a0\u00bb)\u00ab\u00a0Aymaras\u00a0\u00bb du plateau andin de Boliviede gauche \u00e0 droite\u00a0: Juan Beltran, Roberto Yujra, Miguel Cond\u00e9, Gilles Maitrot \u00ab\u00a0votre serviteur\u00a0\u00bb, Mario Cond\u00e9, Vidal Beltran (manque sur cette photo en \u00e9t\u00e9 2004, Eddy Beltran). &nbsp; https:\/\/www.facebook.com\/BoliviaEterna\/videos\/386234598758517\/UzpfSTEwMDAwMDQ5Njk5NTQ4MTozNTgzMzAwMTU4MzYzMTgy\/?__tn__=CH-R&amp;eid=ARA7zLeWR6QXALpawzcG00ePVhMaW6bshxz47YULxbijq7oAxFCZ0m8SAWCrgLvyC5RI3JFgQKfVDzcU&amp;hc_ref=ARQml6DcxlkYNush3udc3b7a1Lq6st8Ph3nlvF9UlQXNijRzP1U-OCXfhSubGXcnObU&amp;fref=nf&amp;__xts__[0]=68.ARBiIik4y_wK4PTg8NqqUGDY3EmKNNuPVHg5zPxDGNbRh2qU3aCzeG-Agx5zPhSsX0xKQdo5Tyv1hnkrXKymgBE781rvTNU0EtaPU_VBVVkxQVVrKTkGbNC3DAF3XYYcMVXmoOPY7K9S9AHVlSexaP95u7WFh7FtMJyh-h1bTJW3v5y8WJdtkW3vKyZG0wd_IlOyBqOCDZ7jvw6uhUyH3L64td3M6JFfByv4yGTNbb4E-a8kilMDXeFI9RzEEte1_Ex_iJSvjjNrDDvLPMhTQwSv_QvgXB0L7fwcSnjMEyAKomoZEMAcKzHoYtx4nguXssOMtf8MAxt_5M3jG2D69PWuPPdZUBruL4aTtwmM0-H2BVib &hellip; <a href=\"https:\/\/versautrechose.fr\/portofolio\/index.php\/2016\/01\/02\/a-propos-de-lauteur-de-ce-site\/\">Lire la suite\u00ad\u00ad<\/a><\/p>\n","protected":false},"author":1,"featured_media":0,"comment_status":"open","ping_status":"open","sticky":false,"template":"","format":"standard","meta":{"kt_blocks_editor_width":"","footnotes":""},"categories":[1],"tags":[],"class_list":["post-1427","post","type-post","status-publish","format-standard","hentry","category-non-classe"],"_links":{"self":[{"href":"https:\/\/versautrechose.fr\/portofolio\/index.php\/wp-json\/wp\/v2\/posts\/1427","targetHints":{"allow":["GET"]}}],"collection":[{"href":"https:\/\/versautrechose.fr\/portofolio\/index.php\/wp-json\/wp\/v2\/posts"}],"about":[{"href":"https:\/\/versautrechose.fr\/portofolio\/index.php\/wp-json\/wp\/v2\/types\/post"}],"author":[{"embeddable":true,"href":"https:\/\/versautrechose.fr\/portofolio\/index.php\/wp-json\/wp\/v2\/users\/1"}],"replies":[{"embeddable":true,"href":"https:\/\/versautrechose.fr\/portofolio\/index.php\/wp-json\/wp\/v2\/comments?post=1427"}],"version-history":[{"count":9,"href":"https:\/\/versautrechose.fr\/portofolio\/index.php\/wp-json\/wp\/v2\/posts\/1427\/revisions"}],"predecessor-version":[{"id":3891,"href":"https:\/\/versautrechose.fr\/portofolio\/index.php\/wp-json\/wp\/v2\/posts\/1427\/revisions\/3891"}],"wp:attachment":[{"href":"https:\/\/versautrechose.fr\/portofolio\/index.php\/wp-json\/wp\/v2\/media?parent=1427"}],"wp:term":[{"taxonomy":"category","embeddable":true,"href":"https:\/\/versautrechose.fr\/portofolio\/index.php\/wp-json\/wp\/v2\/categories?post=1427"},{"taxonomy":"post_tag","embeddable":true,"href":"https:\/\/versautrechose.fr\/portofolio\/index.php\/wp-json\/wp\/v2\/tags?post=1427"}],"curies":[{"name":"wp","href":"https:\/\/api.w.org\/{rel}","templated":true}]}}