{"id":4349,"date":"2024-02-23T19:25:35","date_gmt":"2024-02-23T18:25:35","guid":{"rendered":"https:\/\/versautrechose.fr\/portofolio\/?p=4349"},"modified":"2025-12-28T19:29:43","modified_gmt":"2025-12-28T18:29:43","slug":"photos-diapos-vintage-de-mes-parents-annees-soixante-1957-1966","status":"publish","type":"post","link":"https:\/\/versautrechose.fr\/portofolio\/index.php\/2024\/02\/23\/photos-diapos-vintage-de-mes-parents-annees-soixante-1957-1966\/","title":{"rendered":"\u00ab photos-diapos vintage \u00bb de mes parents, ann\u00e9es soixante &#8230; (1957-1966)"},"content":{"rendered":"<p>&nbsp;<\/p>\n<div id=\"kad-wp-gallery16\" class=\"kad-wp-gallery kad-light-wp-gallery clearfix kt-gallery-column-3 rowtight\"><div class=\"tcol-lg-4 tcol-md-4 tcol-sm-4 tcol-xs-6 tcol-ss-12 g_item\"><div class=\"grid_item kad_gallery_fade_in gallery_item\"><a href=\"https:\/\/versautrechose.fr\/portofolio\/wp-content\/uploads\/2024\/02\/1957-Dolmen-de-la-Prunarede-Copie.jpg\" data-rel=\"lightbox\" class=\"lightboxhover\"><img loading=\"lazy\" decoding=\"async\" src=\"https:\/\/versautrechose.fr\/portofolio\/wp-content\/uploads\/2024\/02\/1957-Dolmen-de-la-Prunarede-Copie-400x400.jpg\" width=\"400\" height=\"400\" alt=\"1957 j&#039;avais 4 ans, au Dolmen de la Prunar\u00e8de, Larzac (34) avec mes deux s\u0153urs a\u00een\u00e9es et un fr\u00e8re ... \" srcset=\"https:\/\/versautrechose.fr\/portofolio\/wp-content\/uploads\/2024\/02\/1957-Dolmen-de-la-Prunarede-Copie-400x400.jpg 400w, https:\/\/versautrechose.fr\/portofolio\/wp-content\/uploads\/2024\/02\/1957-Dolmen-de-la-Prunarede-Copie-150x150.jpg 150w\" sizes=\"auto, (max-width: 400px) 100vw, 400px\" class=\"light-dropshaddow\"\/><\/a><\/div><\/div><div class=\"tcol-lg-4 tcol-md-4 tcol-sm-4 tcol-xs-6 tcol-ss-12 g_item\"><div class=\"grid_item kad_gallery_fade_in gallery_item\"><a href=\"https:\/\/versautrechose.fr\/portofolio\/wp-content\/uploads\/2024\/02\/1957-Etg-Commase-Font-Romeu-Copie.jpg\" data-rel=\"lightbox\" class=\"lightboxhover\"><img loading=\"lazy\" decoding=\"async\" src=\"https:\/\/versautrechose.fr\/portofolio\/wp-content\/uploads\/2024\/02\/1957-Etg-Commase-Font-Romeu-Copie-400x400.jpg\" width=\"400\" height=\"400\" alt=\"1957 -  Estany de la Comassa, Pyr\u00e9n\u00e9es-Orientales\" srcset=\"https:\/\/versautrechose.fr\/portofolio\/wp-content\/uploads\/2024\/02\/1957-Etg-Commase-Font-Romeu-Copie-400x400.jpg 400w, https:\/\/versautrechose.fr\/portofolio\/wp-content\/uploads\/2024\/02\/1957-Etg-Commase-Font-Romeu-Copie-150x150.jpg 150w\" sizes=\"auto, (max-width: 400px) 100vw, 400px\" class=\"light-dropshaddow\"\/><\/a><\/div><\/div><div class=\"tcol-lg-4 tcol-md-4 tcol-sm-4 tcol-xs-6 tcol-ss-12 g_item\"><div class=\"grid_item kad_gallery_fade_in gallery_item\"><a href=\"https:\/\/versautrechose.fr\/portofolio\/wp-content\/uploads\/2024\/02\/1957-Font-Romeu-ete-Copie.jpg\" data-rel=\"lightbox\" class=\"lightboxhover\"><img loading=\"lazy\" decoding=\"async\" src=\"https:\/\/versautrechose.fr\/portofolio\/wp-content\/uploads\/2024\/02\/1957-Font-Romeu-ete-Copie-400x400.jpg\" width=\"400\" height=\"400\" alt=\"... en 1957 pr\u00e8s d&#039;un village vers Font-Romeu dans les Pyr\u00e9n\u00e9es-Orientales ; tenant la main d&#039;un &quot;pap\u00e9&quot; j&#039;\u00e9tais visiblement intrigu\u00e9 par &quot;les grosses b\u00eates&quot; !\" srcset=\"https:\/\/versautrechose.fr\/portofolio\/wp-content\/uploads\/2024\/02\/1957-Font-Romeu-ete-Copie-400x400.jpg 400w, https:\/\/versautrechose.fr\/portofolio\/wp-content\/uploads\/2024\/02\/1957-Font-Romeu-ete-Copie-150x150.jpg 150w\" sizes=\"auto, (max-width: 400px) 100vw, 400px\" class=\"light-dropshaddow\"\/><\/a><\/div><\/div><div class=\"tcol-lg-4 tcol-md-4 tcol-sm-4 tcol-xs-6 tcol-ss-12 g_item\"><div class=\"grid_item kad_gallery_fade_in gallery_item\"><a href=\"https:\/\/versautrechose.fr\/portofolio\/wp-content\/uploads\/2024\/02\/1957-juillet-Font-Romeu-Mt-Louis-Copie.jpg\" data-rel=\"lightbox\" class=\"lightboxhover\"><img loading=\"lazy\" decoding=\"async\" src=\"https:\/\/versautrechose.fr\/portofolio\/wp-content\/uploads\/2024\/02\/1957-juillet-Font-Romeu-Mt-Louis-Copie-400x400.jpg\" width=\"400\" height=\"400\" alt=\"juillet 1957 \u00e0 la Citadelle de Mont-Louis pr\u00e8s de Font-Romeu, avec &quot;Mum&quot; ...\" srcset=\"https:\/\/versautrechose.fr\/portofolio\/wp-content\/uploads\/2024\/02\/1957-juillet-Font-Romeu-Mt-Louis-Copie-400x400.jpg 400w, https:\/\/versautrechose.fr\/portofolio\/wp-content\/uploads\/2024\/02\/1957-juillet-Font-Romeu-Mt-Louis-Copie-150x150.jpg 150w\" sizes=\"auto, (max-width: 400px) 100vw, 400px\" class=\"light-dropshaddow\"\/><\/a><\/div><\/div><div class=\"tcol-lg-4 tcol-md-4 tcol-sm-4 tcol-xs-6 tcol-ss-12 g_item\"><div class=\"grid_item kad_gallery_fade_in gallery_item\"><a href=\"https:\/\/versautrechose.fr\/portofolio\/wp-content\/uploads\/2024\/02\/1957-temple-de-Ceres-Athena-Capaccio-Paestum-Salerne-Copie.jpg\" data-rel=\"lightbox\" class=\"lightboxhover\"><img loading=\"lazy\" decoding=\"async\" src=\"https:\/\/versautrechose.fr\/portofolio\/wp-content\/uploads\/2024\/02\/1957-temple-de-Ceres-Athena-Capaccio-Paestum-Salerne-Copie-400x400.jpg\" width=\"400\" height=\"400\" alt=\" 1957... avec &quot;Mum&quot;, mais en Italie, au temple de C\u00e9r\u00e8s-Ath\u00e9na - Capaccio Paestum, Salerne\" srcset=\"https:\/\/versautrechose.fr\/portofolio\/wp-content\/uploads\/2024\/02\/1957-temple-de-Ceres-Athena-Capaccio-Paestum-Salerne-Copie-400x400.jpg 400w, https:\/\/versautrechose.fr\/portofolio\/wp-content\/uploads\/2024\/02\/1957-temple-de-Ceres-Athena-Capaccio-Paestum-Salerne-Copie-150x150.jpg 150w, https:\/\/versautrechose.fr\/portofolio\/wp-content\/uploads\/2024\/02\/1957-temple-de-Ceres-Athena-Capaccio-Paestum-Salerne-Copie-800x800.jpg 800w\" sizes=\"auto, (max-width: 400px) 100vw, 400px\" class=\"light-dropshaddow\"\/><\/a><\/div><\/div><div class=\"tcol-lg-4 tcol-md-4 tcol-sm-4 tcol-xs-6 tcol-ss-12 g_item\"><div class=\"grid_item kad_gallery_fade_in gallery_item\"><a href=\"https:\/\/versautrechose.fr\/portofolio\/wp-content\/uploads\/2024\/02\/1957-Vesuve-cratere-Copie-1.jpg\" data-rel=\"lightbox\" class=\"lightboxhover\"><img loading=\"lazy\" decoding=\"async\" src=\"https:\/\/versautrechose.fr\/portofolio\/wp-content\/uploads\/2024\/02\/1957-Vesuve-cratere-Copie-1-400x400.jpg\" width=\"400\" height=\"400\" alt=\"1957 - Le crat\u00e8re du V\u00e9suve ...\" srcset=\"https:\/\/versautrechose.fr\/portofolio\/wp-content\/uploads\/2024\/02\/1957-Vesuve-cratere-Copie-1-400x400.jpg 400w, https:\/\/versautrechose.fr\/portofolio\/wp-content\/uploads\/2024\/02\/1957-Vesuve-cratere-Copie-1-150x150.jpg 150w\" sizes=\"auto, (max-width: 400px) 100vw, 400px\" class=\"light-dropshaddow\"\/><\/a><\/div><\/div><div class=\"tcol-lg-4 tcol-md-4 tcol-sm-4 tcol-xs-6 tcol-ss-12 g_item\"><div class=\"grid_item kad_gallery_fade_in gallery_item\"><a href=\"https:\/\/versautrechose.fr\/portofolio\/wp-content\/uploads\/2024\/02\/1957-Vesuve-cratere-Copie.jpg\" data-rel=\"lightbox\" class=\"lightboxhover\"><img loading=\"lazy\" decoding=\"async\" src=\"https:\/\/versautrechose.fr\/portofolio\/wp-content\/uploads\/2024\/02\/1957-Vesuve-cratere-Copie-400x400.jpg\" width=\"400\" height=\"400\" alt=\"1957 - crat\u00e8re du V\u00e9suve\" srcset=\"https:\/\/versautrechose.fr\/portofolio\/wp-content\/uploads\/2024\/02\/1957-Vesuve-cratere-Copie-400x400.jpg 400w, https:\/\/versautrechose.fr\/portofolio\/wp-content\/uploads\/2024\/02\/1957-Vesuve-cratere-Copie-150x150.jpg 150w\" sizes=\"auto, (max-width: 400px) 100vw, 400px\" class=\"light-dropshaddow\"\/><\/a><\/div><\/div><div class=\"tcol-lg-4 tcol-md-4 tcol-sm-4 tcol-xs-6 tcol-ss-12 g_item\"><div class=\"grid_item kad_gallery_fade_in gallery_item\"><a href=\"https:\/\/versautrechose.fr\/portofolio\/wp-content\/uploads\/2024\/02\/1957-Tivoli-cascade-de-lAnio-Copie.jpg\" data-rel=\"lightbox\" class=\"lightboxhover\"><img loading=\"lazy\" decoding=\"async\" src=\"https:\/\/versautrechose.fr\/portofolio\/wp-content\/uploads\/2024\/02\/1957-Tivoli-cascade-de-lAnio-Copie-400x400.jpg\" width=\"400\" height=\"400\" alt=\"1957 Tivoli (pr\u00e8s de Rome) - Gd Cascade de l&#039;Anio \" srcset=\"https:\/\/versautrechose.fr\/portofolio\/wp-content\/uploads\/2024\/02\/1957-Tivoli-cascade-de-lAnio-Copie-400x400.jpg 400w, https:\/\/versautrechose.fr\/portofolio\/wp-content\/uploads\/2024\/02\/1957-Tivoli-cascade-de-lAnio-Copie-150x150.jpg 150w\" sizes=\"auto, (max-width: 400px) 100vw, 400px\" class=\"light-dropshaddow\"\/><\/a><\/div><\/div><div class=\"tcol-lg-4 tcol-md-4 tcol-sm-4 tcol-xs-6 tcol-ss-12 g_item\"><div class=\"grid_item kad_gallery_fade_in gallery_item\"><a href=\"https:\/\/versautrechose.fr\/portofolio\/wp-content\/uploads\/2024\/02\/1957-Villa-Adriana-Italie-Copie.jpg\" data-rel=\"lightbox\" class=\"lightboxhover\"><img loading=\"lazy\" decoding=\"async\" src=\"https:\/\/versautrechose.fr\/portofolio\/wp-content\/uploads\/2024\/02\/1957-Villa-Adriana-Italie-Copie-400x400.jpg\" width=\"400\" height=\"400\" alt=\"1957 Villa Adriana pr\u00e8s de Rome avec &quot;mutti&quot;... \" srcset=\"https:\/\/versautrechose.fr\/portofolio\/wp-content\/uploads\/2024\/02\/1957-Villa-Adriana-Italie-Copie-400x400.jpg 400w, https:\/\/versautrechose.fr\/portofolio\/wp-content\/uploads\/2024\/02\/1957-Villa-Adriana-Italie-Copie-150x150.jpg 150w\" sizes=\"auto, (max-width: 400px) 100vw, 400px\" class=\"light-dropshaddow\"\/><\/a><\/div><\/div><div class=\"tcol-lg-4 tcol-md-4 tcol-sm-4 tcol-xs-6 tcol-ss-12 g_item\"><div class=\"grid_item kad_gallery_fade_in gallery_item\"><a href=\"https:\/\/versautrechose.fr\/portofolio\/wp-content\/uploads\/2024\/02\/1957-Villa-Adriana-Italie-Copie-1.jpg\" data-rel=\"lightbox\" class=\"lightboxhover\"><img loading=\"lazy\" decoding=\"async\" src=\"https:\/\/versautrechose.fr\/portofolio\/wp-content\/uploads\/2024\/02\/1957-Villa-Adriana-Italie-Copie-1-400x400.jpg\" width=\"400\" height=\"400\" alt=\"1957 Villa Adriana, Italie  avec &quot;mutti&quot; ... \" srcset=\"https:\/\/versautrechose.fr\/portofolio\/wp-content\/uploads\/2024\/02\/1957-Villa-Adriana-Italie-Copie-1-400x400.jpg 400w, https:\/\/versautrechose.fr\/portofolio\/wp-content\/uploads\/2024\/02\/1957-Villa-Adriana-Italie-Copie-1-150x150.jpg 150w\" sizes=\"auto, (max-width: 400px) 100vw, 400px\" class=\"light-dropshaddow\"\/><\/a><\/div><\/div><div class=\"tcol-lg-4 tcol-md-4 tcol-sm-4 tcol-xs-6 tcol-ss-12 g_item\"><div class=\"grid_item kad_gallery_fade_in gallery_item\"><a href=\"https:\/\/versautrechose.fr\/portofolio\/wp-content\/uploads\/2024\/02\/1957-Villa-Adriana-Italie-Copie-2.jpg\" data-rel=\"lightbox\" class=\"lightboxhover\"><img loading=\"lazy\" decoding=\"async\" src=\"https:\/\/versautrechose.fr\/portofolio\/wp-content\/uploads\/2024\/02\/1957-Villa-Adriana-Italie-Copie-2-400x400.jpg\" width=\"400\" height=\"400\" alt=\"1957 Villa Adriana, &quot;mutti&quot; ...\" srcset=\"https:\/\/versautrechose.fr\/portofolio\/wp-content\/uploads\/2024\/02\/1957-Villa-Adriana-Italie-Copie-2-400x400.jpg 400w, https:\/\/versautrechose.fr\/portofolio\/wp-content\/uploads\/2024\/02\/1957-Villa-Adriana-Italie-Copie-2-150x150.jpg 150w\" sizes=\"auto, (max-width: 400px) 100vw, 400px\" class=\"light-dropshaddow\"\/><\/a><\/div><\/div><div class=\"tcol-lg-4 tcol-md-4 tcol-sm-4 tcol-xs-6 tcol-ss-12 g_item\"><div class=\"grid_item kad_gallery_fade_in gallery_item\"><a href=\"https:\/\/versautrechose.fr\/portofolio\/wp-content\/uploads\/2024\/02\/1957-Tour-de-Pise-Copie.jpg\" data-rel=\"lightbox\" class=\"lightboxhover\"><img loading=\"lazy\" decoding=\"async\" src=\"https:\/\/versautrechose.fr\/portofolio\/wp-content\/uploads\/2024\/02\/1957-Tour-de-Pise-Copie-400x400.jpg\" width=\"400\" height=\"400\" alt=\"1957 Tour de Pise \" srcset=\"https:\/\/versautrechose.fr\/portofolio\/wp-content\/uploads\/2024\/02\/1957-Tour-de-Pise-Copie-400x400.jpg 400w, https:\/\/versautrechose.fr\/portofolio\/wp-content\/uploads\/2024\/02\/1957-Tour-de-Pise-Copie-150x150.jpg 150w, https:\/\/versautrechose.fr\/portofolio\/wp-content\/uploads\/2024\/02\/1957-Tour-de-Pise-Copie-800x800.jpg 800w\" sizes=\"auto, (max-width: 400px) 100vw, 400px\" class=\"light-dropshaddow\"\/><\/a><\/div><\/div><div class=\"tcol-lg-4 tcol-md-4 tcol-sm-4 tcol-xs-6 tcol-ss-12 g_item\"><div class=\"grid_item kad_gallery_fade_in gallery_item\"><a href=\"https:\/\/versautrechose.fr\/portofolio\/wp-content\/uploads\/2024\/02\/1958-Col-du-Lautaret-Copie.jpg\" data-rel=\"lightbox\" class=\"lightboxhover\"><img loading=\"lazy\" decoding=\"async\" src=\"https:\/\/versautrechose.fr\/portofolio\/wp-content\/uploads\/2024\/02\/1958-Col-du-Lautaret-Copie-400x400.jpg\" width=\"400\" height=\"400\" alt=\"  1958, &quot;Mum&quot; au  Col du Lautaret\" srcset=\"https:\/\/versautrechose.fr\/portofolio\/wp-content\/uploads\/2024\/02\/1958-Col-du-Lautaret-Copie-400x400.jpg 400w, https:\/\/versautrechose.fr\/portofolio\/wp-content\/uploads\/2024\/02\/1958-Col-du-Lautaret-Copie-150x150.jpg 150w\" sizes=\"auto, (max-width: 400px) 100vw, 400px\" class=\"light-dropshaddow\"\/><\/a><\/div><\/div><div class=\"tcol-lg-4 tcol-md-4 tcol-sm-4 tcol-xs-6 tcol-ss-12 g_item\"><div class=\"grid_item kad_gallery_fade_in gallery_item\"><a href=\"https:\/\/versautrechose.fr\/portofolio\/wp-content\/uploads\/2024\/02\/1958-riviere-du-Lys-Vallee-dAoste-Italie-Copie.jpg\" data-rel=\"lightbox\" class=\"lightboxhover\"><img loading=\"lazy\" decoding=\"async\" src=\"https:\/\/versautrechose.fr\/portofolio\/wp-content\/uploads\/2024\/02\/1958-riviere-du-Lys-Vallee-dAoste-Italie-Copie-400x400.jpg\" width=\"400\" height=\"400\" alt=\"... sur un pont de la rivi\u00e8re du Lys, Vall\u00e9e d&#039;Aoste en Italie\" srcset=\"https:\/\/versautrechose.fr\/portofolio\/wp-content\/uploads\/2024\/02\/1958-riviere-du-Lys-Vallee-dAoste-Italie-Copie-400x400.jpg 400w, https:\/\/versautrechose.fr\/portofolio\/wp-content\/uploads\/2024\/02\/1958-riviere-du-Lys-Vallee-dAoste-Italie-Copie-150x150.jpg 150w\" sizes=\"auto, (max-width: 400px) 100vw, 400px\" class=\"light-dropshaddow\"\/><\/a><\/div><\/div><div class=\"tcol-lg-4 tcol-md-4 tcol-sm-4 tcol-xs-6 tcol-ss-12 g_item\"><div class=\"grid_item kad_gallery_fade_in gallery_item\"><a href=\"https:\/\/versautrechose.fr\/portofolio\/wp-content\/uploads\/2024\/02\/1958-Mont-Cervin-entre-Suisse-et-Italie-Lac-Bleu-regions-de-Breuil-Cervinia-Copie.jpg\" data-rel=\"lightbox\" class=\"lightboxhover\"><img loading=\"lazy\" decoding=\"async\" src=\"https:\/\/versautrechose.fr\/portofolio\/wp-content\/uploads\/2024\/02\/1958-Mont-Cervin-entre-Suisse-et-Italie-Lac-Bleu-regions-de-Breuil-Cervinia-Copie-400x400.jpg\" width=\"400\" height=\"400\" alt=\" Mont Cervin entre Suisse et Italie, Lac Bleu r\u00e9gions de Breuil-Cervinia - 1958\" srcset=\"https:\/\/versautrechose.fr\/portofolio\/wp-content\/uploads\/2024\/02\/1958-Mont-Cervin-entre-Suisse-et-Italie-Lac-Bleu-regions-de-Breuil-Cervinia-Copie-400x400.jpg 400w, https:\/\/versautrechose.fr\/portofolio\/wp-content\/uploads\/2024\/02\/1958-Mont-Cervin-entre-Suisse-et-Italie-Lac-Bleu-regions-de-Breuil-Cervinia-Copie-150x150.jpg 150w\" sizes=\"auto, (max-width: 400px) 100vw, 400px\" class=\"light-dropshaddow\"\/><\/a><\/div><\/div><div class=\"tcol-lg-4 tcol-md-4 tcol-sm-4 tcol-xs-6 tcol-ss-12 g_item\"><div class=\"grid_item kad_gallery_fade_in gallery_item\"><a href=\"https:\/\/versautrechose.fr\/portofolio\/wp-content\/uploads\/2024\/02\/1958-Gressoney-Col-dOlen-Copie.jpg\" data-rel=\"lightbox\" class=\"lightboxhover\"><img loading=\"lazy\" decoding=\"async\" src=\"https:\/\/versautrechose.fr\/portofolio\/wp-content\/uploads\/2024\/02\/1958-Gressoney-Col-dOlen-Copie-400x400.jpg\" width=\"400\" height=\"400\" alt=\" &quot;Mum&quot;,  Col d&#039;Olen Gressoney, Italie 1958\" srcset=\"https:\/\/versautrechose.fr\/portofolio\/wp-content\/uploads\/2024\/02\/1958-Gressoney-Col-dOlen-Copie-400x400.jpg 400w, https:\/\/versautrechose.fr\/portofolio\/wp-content\/uploads\/2024\/02\/1958-Gressoney-Col-dOlen-Copie-150x150.jpg 150w\" sizes=\"auto, (max-width: 400px) 100vw, 400px\" class=\"light-dropshaddow\"\/><\/a><\/div><\/div><div class=\"tcol-lg-4 tcol-md-4 tcol-sm-4 tcol-xs-6 tcol-ss-12 g_item\"><div class=\"grid_item kad_gallery_fade_in gallery_item\"><a href=\"https:\/\/versautrechose.fr\/portofolio\/wp-content\/uploads\/2024\/02\/1958-Gressoney-Col-dOlen-et-Pyramide-Vincent-Copie.jpg\" data-rel=\"lightbox\" class=\"lightboxhover\"><img loading=\"lazy\" decoding=\"async\" src=\"https:\/\/versautrechose.fr\/portofolio\/wp-content\/uploads\/2024\/02\/1958-Gressoney-Col-dOlen-et-Pyramide-Vincent-Copie-400x400.jpg\" width=\"400\" height=\"400\" alt=\"1958 Gressoney Col d&#039;Olen et Pyramide Vincent \" srcset=\"https:\/\/versautrechose.fr\/portofolio\/wp-content\/uploads\/2024\/02\/1958-Gressoney-Col-dOlen-et-Pyramide-Vincent-Copie-400x400.jpg 400w, https:\/\/versautrechose.fr\/portofolio\/wp-content\/uploads\/2024\/02\/1958-Gressoney-Col-dOlen-et-Pyramide-Vincent-Copie-150x150.jpg 150w\" sizes=\"auto, (max-width: 400px) 100vw, 400px\" class=\"light-dropshaddow\"\/><\/a><\/div><\/div><div class=\"tcol-lg-4 tcol-md-4 tcol-sm-4 tcol-xs-6 tcol-ss-12 g_item\"><div class=\"grid_item kad_gallery_fade_in gallery_item\"><a href=\"https:\/\/versautrechose.fr\/portofolio\/wp-content\/uploads\/2024\/02\/1958-Col-dOlen-La-Pyramide-Vincent-Vallee-du-Lys-Italie-Copie.jpg\" data-rel=\"lightbox\" class=\"lightboxhover\"><img loading=\"lazy\" decoding=\"async\" src=\"https:\/\/versautrechose.fr\/portofolio\/wp-content\/uploads\/2024\/02\/1958-Col-dOlen-La-Pyramide-Vincent-Vallee-du-Lys-Italie-Copie-400x400.jpg\" width=\"400\" height=\"400\" alt=\" Col d&#039;Olen - La Pyramide Vincent, Vall\u00e9e du Lys - Italie 1958\" srcset=\"https:\/\/versautrechose.fr\/portofolio\/wp-content\/uploads\/2024\/02\/1958-Col-dOlen-La-Pyramide-Vincent-Vallee-du-Lys-Italie-Copie-400x400.jpg 400w, https:\/\/versautrechose.fr\/portofolio\/wp-content\/uploads\/2024\/02\/1958-Col-dOlen-La-Pyramide-Vincent-Vallee-du-Lys-Italie-Copie-150x150.jpg 150w\" sizes=\"auto, (max-width: 400px) 100vw, 400px\" class=\"light-dropshaddow\"\/><\/a><\/div><\/div><div class=\"tcol-lg-4 tcol-md-4 tcol-sm-4 tcol-xs-6 tcol-ss-12 g_item\"><div class=\"grid_item kad_gallery_fade_in gallery_item\"><a href=\"https:\/\/versautrechose.fr\/portofolio\/wp-content\/uploads\/2024\/02\/1958-Gressoney-Vallee-dAoste-Italie-Chaine-du-Mt-Rose-Copie.jpg\" data-rel=\"lightbox\" class=\"lightboxhover\"><img loading=\"lazy\" decoding=\"async\" src=\"https:\/\/versautrechose.fr\/portofolio\/wp-content\/uploads\/2024\/02\/1958-Gressoney-Vallee-dAoste-Italie-Chaine-du-Mt-Rose-Copie-400x400.jpg\" width=\"400\" height=\"400\" alt=\"1958 Gressoney, Vall\u00e9e d&#039;Aoste - Italie, Cha\u00eene du Mt Rose\" srcset=\"https:\/\/versautrechose.fr\/portofolio\/wp-content\/uploads\/2024\/02\/1958-Gressoney-Vallee-dAoste-Italie-Chaine-du-Mt-Rose-Copie-400x400.jpg 400w, https:\/\/versautrechose.fr\/portofolio\/wp-content\/uploads\/2024\/02\/1958-Gressoney-Vallee-dAoste-Italie-Chaine-du-Mt-Rose-Copie-150x150.jpg 150w\" sizes=\"auto, (max-width: 400px) 100vw, 400px\" class=\"light-dropshaddow\"\/><\/a><\/div><\/div><div class=\"tcol-lg-4 tcol-md-4 tcol-sm-4 tcol-xs-6 tcol-ss-12 g_item\"><div class=\"grid_item kad_gallery_fade_in gallery_item\"><a href=\"https:\/\/versautrechose.fr\/portofolio\/wp-content\/uploads\/2024\/02\/1958-Gressoney-Nord-de-lItalie-pied-du-Mt-Rose-Copie.jpg\" data-rel=\"lightbox\" class=\"lightboxhover\"><img loading=\"lazy\" decoding=\"async\" src=\"https:\/\/versautrechose.fr\/portofolio\/wp-content\/uploads\/2024\/02\/1958-Gressoney-Nord-de-lItalie-pied-du-Mt-Rose-Copie-400x400.jpg\" width=\"400\" height=\"400\" alt=\"1958 Gressoney Nord de l&#039;Italie au pied du Mt Rose\" srcset=\"https:\/\/versautrechose.fr\/portofolio\/wp-content\/uploads\/2024\/02\/1958-Gressoney-Nord-de-lItalie-pied-du-Mt-Rose-Copie-400x400.jpg 400w, https:\/\/versautrechose.fr\/portofolio\/wp-content\/uploads\/2024\/02\/1958-Gressoney-Nord-de-lItalie-pied-du-Mt-Rose-Copie-150x150.jpg 150w\" sizes=\"auto, (max-width: 400px) 100vw, 400px\" class=\"light-dropshaddow\"\/><\/a><\/div><\/div><div class=\"tcol-lg-4 tcol-md-4 tcol-sm-4 tcol-xs-6 tcol-ss-12 g_item\"><div class=\"grid_item kad_gallery_fade_in gallery_item\"><a href=\"https:\/\/versautrechose.fr\/portofolio\/wp-content\/uploads\/2024\/02\/1958-Lac-Gabiet-Gressoney-pater-familias-Copie.jpg\" data-rel=\"lightbox\" class=\"lightboxhover\"><img loading=\"lazy\" decoding=\"async\" src=\"https:\/\/versautrechose.fr\/portofolio\/wp-content\/uploads\/2024\/02\/1958-Lac-Gabiet-Gressoney-pater-familias-Copie-400x400.jpg\" width=\"400\" height=\"400\" alt=\"en 1958, au Lac Gabiet, Gressoney, \u00ab\u00a0pater familias...\u00a0\u00bb\" srcset=\"https:\/\/versautrechose.fr\/portofolio\/wp-content\/uploads\/2024\/02\/1958-Lac-Gabiet-Gressoney-pater-familias-Copie-400x400.jpg 400w, https:\/\/versautrechose.fr\/portofolio\/wp-content\/uploads\/2024\/02\/1958-Lac-Gabiet-Gressoney-pater-familias-Copie-150x150.jpg 150w\" sizes=\"auto, (max-width: 400px) 100vw, 400px\" class=\"light-dropshaddow\"\/><\/a><\/div><\/div><div class=\"tcol-lg-4 tcol-md-4 tcol-sm-4 tcol-xs-6 tcol-ss-12 g_item\"><div class=\"grid_item kad_gallery_fade_in gallery_item\"><a href=\"https:\/\/versautrechose.fr\/portofolio\/wp-content\/uploads\/2024\/02\/1958-Cervinia-Suisse-Copie.jpg\" data-rel=\"lightbox\" class=\"lightboxhover\"><img loading=\"lazy\" decoding=\"async\" src=\"https:\/\/versautrechose.fr\/portofolio\/wp-content\/uploads\/2024\/02\/1958-Cervinia-Suisse-Copie-400x400.jpg\" width=\"400\" height=\"400\" alt=\"1958 Cervinia - Suisse\" srcset=\"https:\/\/versautrechose.fr\/portofolio\/wp-content\/uploads\/2024\/02\/1958-Cervinia-Suisse-Copie-400x400.jpg 400w, https:\/\/versautrechose.fr\/portofolio\/wp-content\/uploads\/2024\/02\/1958-Cervinia-Suisse-Copie-150x150.jpg 150w\" sizes=\"auto, (max-width: 400px) 100vw, 400px\" class=\"light-dropshaddow\"\/><\/a><\/div><\/div><div class=\"tcol-lg-4 tcol-md-4 tcol-sm-4 tcol-xs-6 tcol-ss-12 g_item\"><div class=\"grid_item kad_gallery_fade_in gallery_item\"><a href=\"https:\/\/versautrechose.fr\/portofolio\/wp-content\/uploads\/2024\/02\/1958-Cervinia-Plateau-Rosa-canton-du-Valais-en-Suisse-Copie.jpg\" data-rel=\"lightbox\" class=\"lightboxhover\"><img loading=\"lazy\" decoding=\"async\" src=\"https:\/\/versautrechose.fr\/portofolio\/wp-content\/uploads\/2024\/02\/1958-Cervinia-Plateau-Rosa-canton-du-Valais-en-Suisse-Copie-400x400.jpg\" width=\"400\" height=\"400\" alt=\"1958 Cervinia Plateau Ros\u00e0, \u201cMutti\u201d \u00e9l\u00e9gante et belle...  canton du Valais en Suisse\" srcset=\"https:\/\/versautrechose.fr\/portofolio\/wp-content\/uploads\/2024\/02\/1958-Cervinia-Plateau-Rosa-canton-du-Valais-en-Suisse-Copie-400x400.jpg 400w, https:\/\/versautrechose.fr\/portofolio\/wp-content\/uploads\/2024\/02\/1958-Cervinia-Plateau-Rosa-canton-du-Valais-en-Suisse-Copie-150x150.jpg 150w\" sizes=\"auto, (max-width: 400px) 100vw, 400px\" class=\"light-dropshaddow\"\/><\/a><\/div><\/div><div class=\"tcol-lg-4 tcol-md-4 tcol-sm-4 tcol-xs-6 tcol-ss-12 g_item\"><div class=\"grid_item kad_gallery_fade_in gallery_item\"><a href=\"https:\/\/versautrechose.fr\/portofolio\/wp-content\/uploads\/2024\/02\/1958-Plateau-ROSA-Breuil-Cervinia-Vallee-dAoste-Copie-Copie.jpg\" data-rel=\"lightbox\" class=\"lightboxhover\"><img loading=\"lazy\" decoding=\"async\" src=\"https:\/\/versautrechose.fr\/portofolio\/wp-content\/uploads\/2024\/02\/1958-Plateau-ROSA-Breuil-Cervinia-Vallee-dAoste-Copie-Copie-400x400.jpg\" width=\"400\" height=\"400\" alt=\" Plateau ROS\u00c0, en 1958 - \u2026 en marge de la diapo (sur l\u2019espace cartonn\u00e9), il a \u00e9crit \u201cTartarin\u201d\u00a0;  le burlesque du personnage litt\u00e9raire a-t-il \u00e9t\u00e9 une \u201cr\u00e9v\u00e9lation\u201d\u00a0? ... lui qui par ailleurs n&#039;\u00e9tait pas du tout agr\u00e9able \u00e0 vivre au quotidien\u2026 encombr\u00e9 de lui-m\u00eame et aust\u00e8re.\" srcset=\"https:\/\/versautrechose.fr\/portofolio\/wp-content\/uploads\/2024\/02\/1958-Plateau-ROSA-Breuil-Cervinia-Vallee-dAoste-Copie-Copie-400x400.jpg 400w, https:\/\/versautrechose.fr\/portofolio\/wp-content\/uploads\/2024\/02\/1958-Plateau-ROSA-Breuil-Cervinia-Vallee-dAoste-Copie-Copie-150x150.jpg 150w\" sizes=\"auto, (max-width: 400px) 100vw, 400px\" class=\"light-dropshaddow\"\/><\/a><\/div><\/div><div class=\"tcol-lg-4 tcol-md-4 tcol-sm-4 tcol-xs-6 tcol-ss-12 g_item\"><div class=\"grid_item kad_gallery_fade_in gallery_item\"><a href=\"https:\/\/versautrechose.fr\/portofolio\/wp-content\/uploads\/2024\/02\/1958-Courmayeur-Val-Ferret-Italie-Copie.jpg\" data-rel=\"lightbox\" class=\"lightboxhover\"><img loading=\"lazy\" decoding=\"async\" src=\"https:\/\/versautrechose.fr\/portofolio\/wp-content\/uploads\/2024\/02\/1958-Courmayeur-Val-Ferret-Italie-Copie-400x400.jpg\" width=\"400\" height=\"400\" alt=\"Courmayeur, Val Ferret, &quot;Mum&quot; semble un peu fatigu\u00e9e !  - Italie 1958 \" srcset=\"https:\/\/versautrechose.fr\/portofolio\/wp-content\/uploads\/2024\/02\/1958-Courmayeur-Val-Ferret-Italie-Copie-400x400.jpg 400w, https:\/\/versautrechose.fr\/portofolio\/wp-content\/uploads\/2024\/02\/1958-Courmayeur-Val-Ferret-Italie-Copie-150x150.jpg 150w\" sizes=\"auto, (max-width: 400px) 100vw, 400px\" class=\"light-dropshaddow\"\/><\/a><\/div><\/div><div class=\"tcol-lg-4 tcol-md-4 tcol-sm-4 tcol-xs-6 tcol-ss-12 g_item\"><div class=\"grid_item kad_gallery_fade_in gallery_item\"><a href=\"https:\/\/versautrechose.fr\/portofolio\/wp-content\/uploads\/2024\/02\/1958-casc.-Bruetta-Courmayeur-Copie.jpg\" data-rel=\"lightbox\" class=\"lightboxhover\"><img loading=\"lazy\" decoding=\"async\" src=\"https:\/\/versautrechose.fr\/portofolio\/wp-content\/uploads\/2024\/02\/1958-casc.-Bruetta-Courmayeur-Copie-400x400.jpg\" width=\"400\" height=\"400\" alt=\" Cascade Bruetta - Courmayeur 1958\" srcset=\"https:\/\/versautrechose.fr\/portofolio\/wp-content\/uploads\/2024\/02\/1958-casc.-Bruetta-Courmayeur-Copie-400x400.jpg 400w, https:\/\/versautrechose.fr\/portofolio\/wp-content\/uploads\/2024\/02\/1958-casc.-Bruetta-Courmayeur-Copie-150x150.jpg 150w\" sizes=\"auto, (max-width: 400px) 100vw, 400px\" class=\"light-dropshaddow\"\/><\/a><\/div><\/div><div class=\"tcol-lg-4 tcol-md-4 tcol-sm-4 tcol-xs-6 tcol-ss-12 g_item\"><div class=\"grid_item kad_gallery_fade_in gallery_item\"><a href=\"https:\/\/versautrechose.fr\/portofolio\/wp-content\/uploads\/2024\/02\/1958-Courmayeur-Glacier-Pre-de-Bar-Copie.jpg\" data-rel=\"lightbox\" class=\"lightboxhover\"><img loading=\"lazy\" decoding=\"async\" src=\"https:\/\/versautrechose.fr\/portofolio\/wp-content\/uploads\/2024\/02\/1958-Courmayeur-Glacier-Pre-de-Bar-Copie-400x400.jpg\" width=\"400\" height=\"400\" alt=\"1958 Courmayeur - Glacier Pr\u00e9 de Bar\" srcset=\"https:\/\/versautrechose.fr\/portofolio\/wp-content\/uploads\/2024\/02\/1958-Courmayeur-Glacier-Pre-de-Bar-Copie-400x400.jpg 400w, https:\/\/versautrechose.fr\/portofolio\/wp-content\/uploads\/2024\/02\/1958-Courmayeur-Glacier-Pre-de-Bar-Copie-150x150.jpg 150w\" sizes=\"auto, (max-width: 400px) 100vw, 400px\" class=\"light-dropshaddow\"\/><\/a><\/div><\/div><div class=\"tcol-lg-4 tcol-md-4 tcol-sm-4 tcol-xs-6 tcol-ss-12 g_item\"><div class=\"grid_item kad_gallery_fade_in gallery_item\"><a href=\"https:\/\/versautrechose.fr\/portofolio\/wp-content\/uploads\/2024\/02\/1958-Gd-Jorasses-de-Courmayeur-Italie-Copie.jpg\" data-rel=\"lightbox\" class=\"lightboxhover\"><img loading=\"lazy\" decoding=\"async\" src=\"https:\/\/versautrechose.fr\/portofolio\/wp-content\/uploads\/2024\/02\/1958-Gd-Jorasses-de-Courmayeur-Italie-Copie-400x400.jpg\" width=\"400\" height=\"400\" alt=\" Grandes-Jorasses vu de Courmayeur - Italie 1958\" srcset=\"https:\/\/versautrechose.fr\/portofolio\/wp-content\/uploads\/2024\/02\/1958-Gd-Jorasses-de-Courmayeur-Italie-Copie-400x400.jpg 400w, https:\/\/versautrechose.fr\/portofolio\/wp-content\/uploads\/2024\/02\/1958-Gd-Jorasses-de-Courmayeur-Italie-Copie-150x150.jpg 150w\" sizes=\"auto, (max-width: 400px) 100vw, 400px\" class=\"light-dropshaddow\"\/><\/a><\/div><\/div><div class=\"tcol-lg-4 tcol-md-4 tcol-sm-4 tcol-xs-6 tcol-ss-12 g_item\"><div class=\"grid_item kad_gallery_fade_in gallery_item\"><a href=\"https:\/\/versautrechose.fr\/portofolio\/wp-content\/uploads\/2024\/02\/1958-Glacier-de-Talefre-massif-du-Mont-Blanc-Copie.jpg\" data-rel=\"lightbox\" class=\"lightboxhover\"><img loading=\"lazy\" decoding=\"async\" src=\"https:\/\/versautrechose.fr\/portofolio\/wp-content\/uploads\/2024\/02\/1958-Glacier-de-Talefre-massif-du-Mont-Blanc-Copie-400x400.jpg\" width=\"400\" height=\"400\" alt=\"1958 Glacier de Tal\u00e8fre  massif du Mont-Blanc\" srcset=\"https:\/\/versautrechose.fr\/portofolio\/wp-content\/uploads\/2024\/02\/1958-Glacier-de-Talefre-massif-du-Mont-Blanc-Copie-400x400.jpg 400w, https:\/\/versautrechose.fr\/portofolio\/wp-content\/uploads\/2024\/02\/1958-Glacier-de-Talefre-massif-du-Mont-Blanc-Copie-150x150.jpg 150w\" sizes=\"auto, (max-width: 400px) 100vw, 400px\" class=\"light-dropshaddow\"\/><\/a><\/div><\/div><div class=\"tcol-lg-4 tcol-md-4 tcol-sm-4 tcol-xs-6 tcol-ss-12 g_item\"><div class=\"grid_item kad_gallery_fade_in gallery_item\"><a href=\"https:\/\/versautrechose.fr\/portofolio\/wp-content\/uploads\/2024\/02\/1958-Les-Praz-Aiguille-Verte-et-Chardonnet-Copie.jpg\" data-rel=\"lightbox\" class=\"lightboxhover\"><img loading=\"lazy\" decoding=\"async\" src=\"https:\/\/versautrechose.fr\/portofolio\/wp-content\/uploads\/2024\/02\/1958-Les-Praz-Aiguille-Verte-et-Chardonnet-Copie-400x400.jpg\" width=\"400\" height=\"400\" alt=\"1958 - \u00ab\u00a0Les Praz\u00a0\u00bb, Aiguille Verte et Chardonnet\" srcset=\"https:\/\/versautrechose.fr\/portofolio\/wp-content\/uploads\/2024\/02\/1958-Les-Praz-Aiguille-Verte-et-Chardonnet-Copie-400x400.jpg 400w, https:\/\/versautrechose.fr\/portofolio\/wp-content\/uploads\/2024\/02\/1958-Les-Praz-Aiguille-Verte-et-Chardonnet-Copie-150x150.jpg 150w\" sizes=\"auto, (max-width: 400px) 100vw, 400px\" class=\"light-dropshaddow\"\/><\/a><\/div><\/div><div class=\"tcol-lg-4 tcol-md-4 tcol-sm-4 tcol-xs-6 tcol-ss-12 g_item\"><div class=\"grid_item kad_gallery_fade_in gallery_item\"><a href=\"https:\/\/versautrechose.fr\/portofolio\/wp-content\/uploads\/2024\/02\/1958-Les-Houches-vallee-de-Chamonix-Copie.jpg\" data-rel=\"lightbox\" class=\"lightboxhover\"><img loading=\"lazy\" decoding=\"async\" src=\"https:\/\/versautrechose.fr\/portofolio\/wp-content\/uploads\/2024\/02\/1958-Les-Houches-vallee-de-Chamonix-Copie-400x400.jpg\" width=\"400\" height=\"400\" alt=\"1958 Les Houches - vall\u00e9e de Chamonix\" srcset=\"https:\/\/versautrechose.fr\/portofolio\/wp-content\/uploads\/2024\/02\/1958-Les-Houches-vallee-de-Chamonix-Copie-400x400.jpg 400w, https:\/\/versautrechose.fr\/portofolio\/wp-content\/uploads\/2024\/02\/1958-Les-Houches-vallee-de-Chamonix-Copie-150x150.jpg 150w\" sizes=\"auto, (max-width: 400px) 100vw, 400px\" class=\"light-dropshaddow\"\/><\/a><\/div><\/div><div class=\"tcol-lg-4 tcol-md-4 tcol-sm-4 tcol-xs-6 tcol-ss-12 g_item\"><div class=\"grid_item kad_gallery_fade_in gallery_item\"><a href=\"https:\/\/versautrechose.fr\/portofolio\/wp-content\/uploads\/2024\/02\/1958-Gilles-St-Honorat-et-Sainte-Marguerite-iles-de-Lerins-situees-dans-la-baie-de-Cannes-Copie-1.jpg\" data-rel=\"lightbox\" class=\"lightboxhover\"><img loading=\"lazy\" decoding=\"async\" src=\"https:\/\/versautrechose.fr\/portofolio\/wp-content\/uploads\/2024\/02\/1958-Gilles-St-Honorat-et-Sainte-Marguerite-iles-de-Lerins-situees-dans-la-baie-de-Cannes-Copie-1-400x400.jpg\" width=\"400\" height=\"400\" alt=\"1958 ...\u00e0 St-Honorat et Sainte-Marguerite, \u00eeles de L\u00e9rins situ\u00e9es dans la baie de Cannes\" srcset=\"https:\/\/versautrechose.fr\/portofolio\/wp-content\/uploads\/2024\/02\/1958-Gilles-St-Honorat-et-Sainte-Marguerite-iles-de-Lerins-situees-dans-la-baie-de-Cannes-Copie-1-400x400.jpg 400w, https:\/\/versautrechose.fr\/portofolio\/wp-content\/uploads\/2024\/02\/1958-Gilles-St-Honorat-et-Sainte-Marguerite-iles-de-Lerins-situees-dans-la-baie-de-Cannes-Copie-1-150x150.jpg 150w\" sizes=\"auto, (max-width: 400px) 100vw, 400px\" class=\"light-dropshaddow\"\/><\/a><\/div><\/div><div class=\"tcol-lg-4 tcol-md-4 tcol-sm-4 tcol-xs-6 tcol-ss-12 g_item\"><div class=\"grid_item kad_gallery_fade_in gallery_item\"><a href=\"https:\/\/versautrechose.fr\/portofolio\/wp-content\/uploads\/2024\/02\/1958-Gilles-Antheor-Saint-Raphael-Frejus-Copie-1.jpg\" data-rel=\"lightbox\" class=\"lightboxhover\"><img loading=\"lazy\" decoding=\"async\" src=\"https:\/\/versautrechose.fr\/portofolio\/wp-content\/uploads\/2024\/02\/1958-Gilles-Antheor-Saint-Raphael-Frejus-Copie-1-400x400.jpg\" width=\"400\" height=\"400\" alt=\"1958 ...\u00e0 Antheor (Saint-Rapha\u00ebl - Fr\u00e9jus)\" srcset=\"https:\/\/versautrechose.fr\/portofolio\/wp-content\/uploads\/2024\/02\/1958-Gilles-Antheor-Saint-Raphael-Frejus-Copie-1-400x400.jpg 400w, https:\/\/versautrechose.fr\/portofolio\/wp-content\/uploads\/2024\/02\/1958-Gilles-Antheor-Saint-Raphael-Frejus-Copie-1-150x150.jpg 150w\" sizes=\"auto, (max-width: 400px) 100vw, 400px\" class=\"light-dropshaddow\"\/><\/a><\/div><\/div><div class=\"tcol-lg-4 tcol-md-4 tcol-sm-4 tcol-xs-6 tcol-ss-12 g_item\"><div class=\"grid_item kad_gallery_fade_in gallery_item\"><a href=\"https:\/\/versautrechose.fr\/portofolio\/wp-content\/uploads\/2024\/02\/1958-La-Vis-vers-Gornies-Copie.jpg\" data-rel=\"lightbox\" class=\"lightboxhover\"><img loading=\"lazy\" decoding=\"async\" src=\"https:\/\/versautrechose.fr\/portofolio\/wp-content\/uploads\/2024\/02\/1958-La-Vis-vers-Gornies-Copie-400x400.jpg\" width=\"400\" height=\"400\" alt=\"1958 La Vis vers Gorni\u00e8s\" srcset=\"https:\/\/versautrechose.fr\/portofolio\/wp-content\/uploads\/2024\/02\/1958-La-Vis-vers-Gornies-Copie-400x400.jpg 400w, https:\/\/versautrechose.fr\/portofolio\/wp-content\/uploads\/2024\/02\/1958-La-Vis-vers-Gornies-Copie-150x150.jpg 150w\" sizes=\"auto, (max-width: 400px) 100vw, 400px\" class=\"light-dropshaddow\"\/><\/a><\/div><\/div><div class=\"tcol-lg-4 tcol-md-4 tcol-sm-4 tcol-xs-6 tcol-ss-12 g_item\"><div class=\"grid_item kad_gallery_fade_in gallery_item\"><a href=\"https:\/\/versautrechose.fr\/portofolio\/wp-content\/uploads\/2024\/02\/1958-.-sur-les-bords-de-La-Vis-lhistoire-dune-relation-qui-perdure-65-ans-plus-tard-Copie.jpg\" data-rel=\"lightbox\" class=\"lightboxhover\"><img loading=\"lazy\" decoding=\"async\" src=\"https:\/\/versautrechose.fr\/portofolio\/wp-content\/uploads\/2024\/02\/1958-.-sur-les-bords-de-La-Vis-lhistoire-dune-relation-qui-perdure-65-ans-plus-tard-Copie-400x400.jpg\" width=\"400\" height=\"400\" alt=\"En 1958 sur les bords de La Vis, l&#039;histoire d&#039;une relation bien particuli\u00e8re qui perdure 65 ans plus tard  ! \" srcset=\"https:\/\/versautrechose.fr\/portofolio\/wp-content\/uploads\/2024\/02\/1958-.-sur-les-bords-de-La-Vis-lhistoire-dune-relation-qui-perdure-65-ans-plus-tard-Copie-400x400.jpg 400w, https:\/\/versautrechose.fr\/portofolio\/wp-content\/uploads\/2024\/02\/1958-.-sur-les-bords-de-La-Vis-lhistoire-dune-relation-qui-perdure-65-ans-plus-tard-Copie-150x150.jpg 150w\" sizes=\"auto, (max-width: 400px) 100vw, 400px\" class=\"light-dropshaddow\"\/><\/a><\/div><\/div><div class=\"tcol-lg-4 tcol-md-4 tcol-sm-4 tcol-xs-6 tcol-ss-12 g_item\"><div class=\"grid_item kad_gallery_fade_in gallery_item\"><a href=\"https:\/\/versautrechose.fr\/portofolio\/wp-content\/uploads\/2024\/02\/1958-Gorges-du-Tarn-Le-Champignon-Copie.jpg\" data-rel=\"lightbox\" class=\"lightboxhover\"><img loading=\"lazy\" decoding=\"async\" src=\"https:\/\/versautrechose.fr\/portofolio\/wp-content\/uploads\/2024\/02\/1958-Gorges-du-Tarn-Le-Champignon-Copie-400x400.jpg\" width=\"400\" height=\"400\" alt=\"1958 - Gorges du Tarn, \u201cLe Champignon\u201d\" srcset=\"https:\/\/versautrechose.fr\/portofolio\/wp-content\/uploads\/2024\/02\/1958-Gorges-du-Tarn-Le-Champignon-Copie-400x400.jpg 400w, https:\/\/versautrechose.fr\/portofolio\/wp-content\/uploads\/2024\/02\/1958-Gorges-du-Tarn-Le-Champignon-Copie-150x150.jpg 150w\" sizes=\"auto, (max-width: 400px) 100vw, 400px\" class=\"light-dropshaddow\"\/><\/a><\/div><\/div><div class=\"tcol-lg-4 tcol-md-4 tcol-sm-4 tcol-xs-6 tcol-ss-12 g_item\"><div class=\"grid_item kad_gallery_fade_in gallery_item\"><a href=\"https:\/\/versautrechose.fr\/portofolio\/wp-content\/uploads\/2024\/02\/1958-Le-Vigan-Vieux-pont-le-matin-.-Copie.jpg\" data-rel=\"lightbox\" class=\"lightboxhover\"><img loading=\"lazy\" decoding=\"async\" src=\"https:\/\/versautrechose.fr\/portofolio\/wp-content\/uploads\/2024\/02\/1958-Le-Vigan-Vieux-pont-le-matin-.-Copie-400x400.jpg\" width=\"400\" height=\"400\" alt=\" Le Vigan, le Vieux Pont un matin de 1958\" srcset=\"https:\/\/versautrechose.fr\/portofolio\/wp-content\/uploads\/2024\/02\/1958-Le-Vigan-Vieux-pont-le-matin-.-Copie-400x400.jpg 400w, https:\/\/versautrechose.fr\/portofolio\/wp-content\/uploads\/2024\/02\/1958-Le-Vigan-Vieux-pont-le-matin-.-Copie-150x150.jpg 150w\" sizes=\"auto, (max-width: 400px) 100vw, 400px\" class=\"light-dropshaddow\"\/><\/a><\/div><\/div><div class=\"tcol-lg-4 tcol-md-4 tcol-sm-4 tcol-xs-6 tcol-ss-12 g_item\"><div class=\"grid_item kad_gallery_fade_in gallery_item\"><a href=\"https:\/\/versautrechose.fr\/portofolio\/wp-content\/uploads\/2024\/02\/1958-Anduze-La-Fontaine-Pagode-Copie.jpg\" data-rel=\"lightbox\" class=\"lightboxhover\"><img loading=\"lazy\" decoding=\"async\" src=\"https:\/\/versautrechose.fr\/portofolio\/wp-content\/uploads\/2024\/02\/1958-Anduze-La-Fontaine-Pagode-Copie-400x400.jpg\" width=\"400\" height=\"400\" alt=\"... en 1958 \u00e0 Anduze, entre mes deux fr\u00e8res a\u00een\u00e9s, La Fontaine Pagode\" srcset=\"https:\/\/versautrechose.fr\/portofolio\/wp-content\/uploads\/2024\/02\/1958-Anduze-La-Fontaine-Pagode-Copie-400x400.jpg 400w, https:\/\/versautrechose.fr\/portofolio\/wp-content\/uploads\/2024\/02\/1958-Anduze-La-Fontaine-Pagode-Copie-150x150.jpg 150w\" sizes=\"auto, (max-width: 400px) 100vw, 400px\" class=\"light-dropshaddow\"\/><\/a><\/div><\/div><div class=\"tcol-lg-4 tcol-md-4 tcol-sm-4 tcol-xs-6 tcol-ss-12 g_item\"><div class=\"grid_item kad_gallery_fade_in gallery_item\"><a href=\"https:\/\/versautrechose.fr\/portofolio\/wp-content\/uploads\/2024\/02\/Folette-Gilles-58-Copie.jpg\" data-rel=\"lightbox\" class=\"lightboxhover\"><img loading=\"lazy\" decoding=\"async\" src=\"https:\/\/versautrechose.fr\/portofolio\/wp-content\/uploads\/2024\/02\/Folette-Gilles-58-Copie-400x400.jpg\" width=\"400\" height=\"400\" alt=\"... d\u00e9j\u00e0 de bonnes relations avec les \u201cfr\u00e8res animaux\u201d ...  , c&#039;\u00e9tait en 1958 \u00e0 G\u00e9n\u00e9rargues dans le Gard, elle s&#039;appelait \u201cFolette\u201d et on s&#039;entendait bien, le temps d&#039;un \u00e9t\u00e9 ...\" srcset=\"https:\/\/versautrechose.fr\/portofolio\/wp-content\/uploads\/2024\/02\/Folette-Gilles-58-Copie-400x400.jpg 400w, https:\/\/versautrechose.fr\/portofolio\/wp-content\/uploads\/2024\/02\/Folette-Gilles-58-Copie-150x150.jpg 150w\" sizes=\"auto, (max-width: 400px) 100vw, 400px\" class=\"light-dropshaddow\"\/><\/a><\/div><\/div><div class=\"tcol-lg-4 tcol-md-4 tcol-sm-4 tcol-xs-6 tcol-ss-12 g_item\"><div class=\"grid_item kad_gallery_fade_in gallery_item\"><a href=\"https:\/\/versautrechose.fr\/portofolio\/wp-content\/uploads\/2024\/02\/1958-Generargues-le-Gardon-dAnduze-au-mescladou-Copie.jpg\" data-rel=\"lightbox\" class=\"lightboxhover\"><img loading=\"lazy\" decoding=\"async\" src=\"https:\/\/versautrechose.fr\/portofolio\/wp-content\/uploads\/2024\/02\/1958-Generargues-le-Gardon-dAnduze-au-mescladou-Copie-400x400.jpg\" width=\"400\" height=\"400\" alt=\"Le Gardon d&#039;Anduze au \u00ab\u00a0mescladou\u00a0\u00bb - 1958\" srcset=\"https:\/\/versautrechose.fr\/portofolio\/wp-content\/uploads\/2024\/02\/1958-Generargues-le-Gardon-dAnduze-au-mescladou-Copie-400x400.jpg 400w, https:\/\/versautrechose.fr\/portofolio\/wp-content\/uploads\/2024\/02\/1958-Generargues-le-Gardon-dAnduze-au-mescladou-Copie-150x150.jpg 150w\" sizes=\"auto, (max-width: 400px) 100vw, 400px\" class=\"light-dropshaddow\"\/><\/a><\/div><\/div><div class=\"tcol-lg-4 tcol-md-4 tcol-sm-4 tcol-xs-6 tcol-ss-12 g_item\"><div class=\"grid_item kad_gallery_fade_in gallery_item\"><a href=\"https:\/\/versautrechose.fr\/portofolio\/wp-content\/uploads\/2024\/02\/1958-Valon-Pont-dArc-en-Ardeche-Copie.jpg\" data-rel=\"lightbox\" class=\"lightboxhover\"><img loading=\"lazy\" decoding=\"async\" src=\"https:\/\/versautrechose.fr\/portofolio\/wp-content\/uploads\/2024\/02\/1958-Valon-Pont-dArc-en-Ardeche-Copie-400x400.jpg\" width=\"400\" height=\"400\" alt=\"1958 - Valon-Pont-d&#039;Arc en Ard\u00e8che\" srcset=\"https:\/\/versautrechose.fr\/portofolio\/wp-content\/uploads\/2024\/02\/1958-Valon-Pont-dArc-en-Ardeche-Copie-400x400.jpg 400w, https:\/\/versautrechose.fr\/portofolio\/wp-content\/uploads\/2024\/02\/1958-Valon-Pont-dArc-en-Ardeche-Copie-150x150.jpg 150w\" sizes=\"auto, (max-width: 400px) 100vw, 400px\" class=\"light-dropshaddow\"\/><\/a><\/div><\/div><div class=\"tcol-lg-4 tcol-md-4 tcol-sm-4 tcol-xs-6 tcol-ss-12 g_item\"><div class=\"grid_item kad_gallery_fade_in gallery_item\"><a href=\"https:\/\/versautrechose.fr\/portofolio\/wp-content\/uploads\/2024\/02\/1958-Valon-Pont-dArc-Ardeche-Copie.jpg\" data-rel=\"lightbox\" class=\"lightboxhover\"><img loading=\"lazy\" decoding=\"async\" src=\"https:\/\/versautrechose.fr\/portofolio\/wp-content\/uploads\/2024\/02\/1958-Valon-Pont-dArc-Ardeche-Copie-400x400.jpg\" width=\"400\" height=\"400\" alt=\" Valon-Pont-d&#039;Arc - 1958\" srcset=\"https:\/\/versautrechose.fr\/portofolio\/wp-content\/uploads\/2024\/02\/1958-Valon-Pont-dArc-Ardeche-Copie-400x400.jpg 400w, https:\/\/versautrechose.fr\/portofolio\/wp-content\/uploads\/2024\/02\/1958-Valon-Pont-dArc-Ardeche-Copie-150x150.jpg 150w\" sizes=\"auto, (max-width: 400px) 100vw, 400px\" class=\"light-dropshaddow\"\/><\/a><\/div><\/div><div class=\"tcol-lg-4 tcol-md-4 tcol-sm-4 tcol-xs-6 tcol-ss-12 g_item\"><div class=\"grid_item kad_gallery_fade_in gallery_item\"><a href=\"https:\/\/versautrechose.fr\/portofolio\/wp-content\/uploads\/2024\/02\/1958-Le-Chassezac-vers-Casteljau-Ardeche-Copie.jpg\" data-rel=\"lightbox\" class=\"lightboxhover\"><img loading=\"lazy\" decoding=\"async\" src=\"https:\/\/versautrechose.fr\/portofolio\/wp-content\/uploads\/2024\/02\/1958-Le-Chassezac-vers-Casteljau-Ardeche-Copie-400x400.jpg\" width=\"400\" height=\"400\" alt=\"1958 Le Chassezac vers Casteljau en Ard\u00e8che\" srcset=\"https:\/\/versautrechose.fr\/portofolio\/wp-content\/uploads\/2024\/02\/1958-Le-Chassezac-vers-Casteljau-Ardeche-Copie-400x400.jpg 400w, https:\/\/versautrechose.fr\/portofolio\/wp-content\/uploads\/2024\/02\/1958-Le-Chassezac-vers-Casteljau-Ardeche-Copie-150x150.jpg 150w\" sizes=\"auto, (max-width: 400px) 100vw, 400px\" class=\"light-dropshaddow\"\/><\/a><\/div><\/div><div class=\"tcol-lg-4 tcol-md-4 tcol-sm-4 tcol-xs-6 tcol-ss-12 g_item\"><div class=\"grid_item kad_gallery_fade_in gallery_item\"><a href=\"https:\/\/versautrechose.fr\/portofolio\/wp-content\/uploads\/2024\/02\/1958-Le-Chassezac-vers-Casteljau-Copie.jpg\" data-rel=\"lightbox\" class=\"lightboxhover\"><img loading=\"lazy\" decoding=\"async\" src=\"https:\/\/versautrechose.fr\/portofolio\/wp-content\/uploads\/2024\/02\/1958-Le-Chassezac-vers-Casteljau-Copie-400x400.jpg\" width=\"400\" height=\"400\" alt=\" Le Chassezac vers Casteljau - 1958\" srcset=\"https:\/\/versautrechose.fr\/portofolio\/wp-content\/uploads\/2024\/02\/1958-Le-Chassezac-vers-Casteljau-Copie-400x400.jpg 400w, https:\/\/versautrechose.fr\/portofolio\/wp-content\/uploads\/2024\/02\/1958-Le-Chassezac-vers-Casteljau-Copie-150x150.jpg 150w\" sizes=\"auto, (max-width: 400px) 100vw, 400px\" class=\"light-dropshaddow\"\/><\/a><\/div><\/div><div class=\"tcol-lg-4 tcol-md-4 tcol-sm-4 tcol-xs-6 tcol-ss-12 g_item\"><div class=\"grid_item kad_gallery_fade_in gallery_item\"><a href=\"https:\/\/versautrechose.fr\/portofolio\/wp-content\/uploads\/2024\/02\/1958-a-Montagnac-dans-lHerault-Copie.jpg\" data-rel=\"lightbox\" class=\"lightboxhover\"><img loading=\"lazy\" decoding=\"async\" src=\"https:\/\/versautrechose.fr\/portofolio\/wp-content\/uploads\/2024\/02\/1958-a-Montagnac-dans-lHerault-Copie-400x400.jpg\" width=\"400\" height=\"400\" alt=\"1958 ...\u00e0 Montagnac dans l&#039;H\u00e9rault\" srcset=\"https:\/\/versautrechose.fr\/portofolio\/wp-content\/uploads\/2024\/02\/1958-a-Montagnac-dans-lHerault-Copie-400x400.jpg 400w, https:\/\/versautrechose.fr\/portofolio\/wp-content\/uploads\/2024\/02\/1958-a-Montagnac-dans-lHerault-Copie-150x150.jpg 150w\" sizes=\"auto, (max-width: 400px) 100vw, 400px\" class=\"light-dropshaddow\"\/><\/a><\/div><\/div><div class=\"tcol-lg-4 tcol-md-4 tcol-sm-4 tcol-xs-6 tcol-ss-12 g_item\"><div class=\"grid_item kad_gallery_fade_in gallery_item\"><a href=\"https:\/\/versautrechose.fr\/portofolio\/wp-content\/uploads\/2024\/02\/1958-.-a-Vezenobres-en-hiver-avec-Mum-Copie.jpg\" data-rel=\"lightbox\" class=\"lightboxhover\"><img loading=\"lazy\" decoding=\"async\" src=\"https:\/\/versautrechose.fr\/portofolio\/wp-content\/uploads\/2024\/02\/1958-.-a-Vezenobres-en-hiver-avec-Mum-Copie-400x400.jpg\" width=\"400\" height=\"400\" alt=\"1958 ... \u00e0 V\u00e9z\u00e9nobres en hiver avec  &quot;Mum&quot; toujours aussi \u00e9l\u00e9gante ...\" srcset=\"https:\/\/versautrechose.fr\/portofolio\/wp-content\/uploads\/2024\/02\/1958-.-a-Vezenobres-en-hiver-avec-Mum-Copie-400x400.jpg 400w, https:\/\/versautrechose.fr\/portofolio\/wp-content\/uploads\/2024\/02\/1958-.-a-Vezenobres-en-hiver-avec-Mum-Copie-150x150.jpg 150w\" sizes=\"auto, (max-width: 400px) 100vw, 400px\" class=\"light-dropshaddow\"\/><\/a><\/div><\/div><div class=\"tcol-lg-4 tcol-md-4 tcol-sm-4 tcol-xs-6 tcol-ss-12 g_item\"><div class=\"grid_item kad_gallery_fade_in gallery_item\"><a href=\"https:\/\/versautrechose.fr\/portofolio\/wp-content\/uploads\/2024\/02\/1959-Gilles-Aigues-Mortes-Copie.jpg\" data-rel=\"lightbox\" class=\"lightboxhover\"><img loading=\"lazy\" decoding=\"async\" src=\"https:\/\/versautrechose.fr\/portofolio\/wp-content\/uploads\/2024\/02\/1959-Gilles-Aigues-Mortes-Copie-400x400.jpg\" width=\"400\" height=\"400\" alt=\"1959 - ...devant les remparts d&#039;Aigues-Mortes dans le Gard\" srcset=\"https:\/\/versautrechose.fr\/portofolio\/wp-content\/uploads\/2024\/02\/1959-Gilles-Aigues-Mortes-Copie-400x400.jpg 400w, https:\/\/versautrechose.fr\/portofolio\/wp-content\/uploads\/2024\/02\/1959-Gilles-Aigues-Mortes-Copie-150x150.jpg 150w\" sizes=\"auto, (max-width: 400px) 100vw, 400px\" class=\"light-dropshaddow\"\/><\/a><\/div><\/div><div class=\"tcol-lg-4 tcol-md-4 tcol-sm-4 tcol-xs-6 tcol-ss-12 g_item\"><div class=\"grid_item kad_gallery_fade_in gallery_item\"><a href=\"https:\/\/versautrechose.fr\/portofolio\/wp-content\/uploads\/2024\/02\/1959-La-Roque-S.-Ceze-Copie.jpg\" data-rel=\"lightbox\" class=\"lightboxhover\"><img loading=\"lazy\" decoding=\"async\" src=\"https:\/\/versautrechose.fr\/portofolio\/wp-content\/uploads\/2024\/02\/1959-La-Roque-S.-Ceze-Copie-400x400.jpg\" width=\"400\" height=\"400\" alt=\"1959 La Roque sur C\u00e8ze dans le Gard\" srcset=\"https:\/\/versautrechose.fr\/portofolio\/wp-content\/uploads\/2024\/02\/1959-La-Roque-S.-Ceze-Copie-400x400.jpg 400w, https:\/\/versautrechose.fr\/portofolio\/wp-content\/uploads\/2024\/02\/1959-La-Roque-S.-Ceze-Copie-150x150.jpg 150w\" sizes=\"auto, (max-width: 400px) 100vw, 400px\" class=\"light-dropshaddow\"\/><\/a><\/div><\/div><div class=\"tcol-lg-4 tcol-md-4 tcol-sm-4 tcol-xs-6 tcol-ss-12 g_item\"><div class=\"grid_item kad_gallery_fade_in gallery_item\"><a href=\"https:\/\/versautrechose.fr\/portofolio\/wp-content\/uploads\/2024\/02\/1959-Roque-sur-Ceze-Copie.jpg\" data-rel=\"lightbox\" class=\"lightboxhover\"><img loading=\"lazy\" decoding=\"async\" src=\"https:\/\/versautrechose.fr\/portofolio\/wp-content\/uploads\/2024\/02\/1959-Roque-sur-Ceze-Copie-400x400.jpg\" width=\"400\" height=\"400\" alt=\"1959 La Roque sur C\u00e8ze\" srcset=\"https:\/\/versautrechose.fr\/portofolio\/wp-content\/uploads\/2024\/02\/1959-Roque-sur-Ceze-Copie-400x400.jpg 400w, https:\/\/versautrechose.fr\/portofolio\/wp-content\/uploads\/2024\/02\/1959-Roque-sur-Ceze-Copie-150x150.jpg 150w\" sizes=\"auto, (max-width: 400px) 100vw, 400px\" class=\"light-dropshaddow\"\/><\/a><\/div><\/div><div class=\"tcol-lg-4 tcol-md-4 tcol-sm-4 tcol-xs-6 tcol-ss-12 g_item\"><div class=\"grid_item kad_gallery_fade_in gallery_item\"><a href=\"https:\/\/versautrechose.fr\/portofolio\/wp-content\/uploads\/2024\/02\/1959-Thoiras-la-Salindrinque-copie.jpg\" data-rel=\"lightbox\" class=\"lightboxhover\"><img loading=\"lazy\" decoding=\"async\" src=\"https:\/\/versautrechose.fr\/portofolio\/wp-content\/uploads\/2024\/02\/1959-Thoiras-la-Salindrinque-copie-400x400.jpg\" width=\"400\" height=\"400\" alt=\"1959  La Salindrinque vers Thoiras (Gard)\" srcset=\"https:\/\/versautrechose.fr\/portofolio\/wp-content\/uploads\/2024\/02\/1959-Thoiras-la-Salindrinque-copie-400x400.jpg 400w, https:\/\/versautrechose.fr\/portofolio\/wp-content\/uploads\/2024\/02\/1959-Thoiras-la-Salindrinque-copie-150x150.jpg 150w\" sizes=\"auto, (max-width: 400px) 100vw, 400px\" class=\"light-dropshaddow\"\/><\/a><\/div><\/div><div class=\"tcol-lg-4 tcol-md-4 tcol-sm-4 tcol-xs-6 tcol-ss-12 g_item\"><div class=\"grid_item kad_gallery_fade_in gallery_item\"><a href=\"https:\/\/versautrechose.fr\/portofolio\/wp-content\/uploads\/2024\/02\/1960-Bouges-fevr.-Copie.jpg\" data-rel=\"lightbox\" class=\"lightboxhover\"><img loading=\"lazy\" decoding=\"async\" src=\"https:\/\/versautrechose.fr\/portofolio\/wp-content\/uploads\/2024\/02\/1960-Bouges-fevr.-Copie-400x400.jpg\" width=\"400\" height=\"400\" alt=\"1960 - ... avec &quot;Mum&quot; en fevrier sur le Mont du Boug\u00e8s, devant les Rochers des Trenzes en Loz\u00e8re. \" srcset=\"https:\/\/versautrechose.fr\/portofolio\/wp-content\/uploads\/2024\/02\/1960-Bouges-fevr.-Copie-400x400.jpg 400w, https:\/\/versautrechose.fr\/portofolio\/wp-content\/uploads\/2024\/02\/1960-Bouges-fevr.-Copie-150x150.jpg 150w\" sizes=\"auto, (max-width: 400px) 100vw, 400px\" class=\"light-dropshaddow\"\/><\/a><\/div><\/div><div class=\"tcol-lg-4 tcol-md-4 tcol-sm-4 tcol-xs-6 tcol-ss-12 g_item\"><div class=\"grid_item kad_gallery_fade_in gallery_item\"><a href=\"https:\/\/versautrechose.fr\/portofolio\/wp-content\/uploads\/2024\/02\/1960-Coutach-Corconne-2-Copie.jpg\" data-rel=\"lightbox\" class=\"lightboxhover\"><img loading=\"lazy\" decoding=\"async\" src=\"https:\/\/versautrechose.fr\/portofolio\/wp-content\/uploads\/2024\/02\/1960-Coutach-Corconne-2-Copie-400x400.jpg\" width=\"400\" height=\"400\" alt=\"1960 La for\u00eat du Coutach au-dessus de Corconne dans le Gard \" srcset=\"https:\/\/versautrechose.fr\/portofolio\/wp-content\/uploads\/2024\/02\/1960-Coutach-Corconne-2-Copie-400x400.jpg 400w, https:\/\/versautrechose.fr\/portofolio\/wp-content\/uploads\/2024\/02\/1960-Coutach-Corconne-2-Copie-150x150.jpg 150w\" sizes=\"auto, (max-width: 400px) 100vw, 400px\" class=\"light-dropshaddow\"\/><\/a><\/div><\/div><div class=\"tcol-lg-4 tcol-md-4 tcol-sm-4 tcol-xs-6 tcol-ss-12 g_item\"><div class=\"grid_item kad_gallery_fade_in gallery_item\"><a href=\"https:\/\/versautrechose.fr\/portofolio\/wp-content\/uploads\/2024\/02\/1960-Coutach-Corconne-Copie.jpg\" data-rel=\"lightbox\" class=\"lightboxhover\"><img loading=\"lazy\" decoding=\"async\" src=\"https:\/\/versautrechose.fr\/portofolio\/wp-content\/uploads\/2024\/02\/1960-Coutach-Corconne-Copie-400x400.jpg\" width=\"400\" height=\"400\" alt=\"1960 La vue du Coutach au-dessus de Corconne \" srcset=\"https:\/\/versautrechose.fr\/portofolio\/wp-content\/uploads\/2024\/02\/1960-Coutach-Corconne-Copie-400x400.jpg 400w, https:\/\/versautrechose.fr\/portofolio\/wp-content\/uploads\/2024\/02\/1960-Coutach-Corconne-Copie-150x150.jpg 150w\" sizes=\"auto, (max-width: 400px) 100vw, 400px\" class=\"light-dropshaddow\"\/><\/a><\/div><\/div><div class=\"tcol-lg-4 tcol-md-4 tcol-sm-4 tcol-xs-6 tcol-ss-12 g_item\"><div class=\"grid_item kad_gallery_fade_in gallery_item\"><a href=\"https:\/\/versautrechose.fr\/portofolio\/wp-content\/uploads\/2024\/02\/1960-Mt-Aigoual-vers-Bonheur-Copie.jpg\" data-rel=\"lightbox\" class=\"lightboxhover\"><img loading=\"lazy\" decoding=\"async\" src=\"https:\/\/versautrechose.fr\/portofolio\/wp-content\/uploads\/2024\/02\/1960-Mt-Aigoual-vers-Bonheur-Copie-400x400.jpg\" width=\"400\" height=\"400\" alt=\"1960 ...tout nu dans \u00ab\u00a0Bonheur\u00a0\u00bb rivi\u00e8re qui prend sa source au Mont Aigoual, avec une s\u0153ur a\u00een\u00e9e dans les C\u00e9vennes - Gard\" srcset=\"https:\/\/versautrechose.fr\/portofolio\/wp-content\/uploads\/2024\/02\/1960-Mt-Aigoual-vers-Bonheur-Copie-400x400.jpg 400w, https:\/\/versautrechose.fr\/portofolio\/wp-content\/uploads\/2024\/02\/1960-Mt-Aigoual-vers-Bonheur-Copie-150x150.jpg 150w\" sizes=\"auto, (max-width: 400px) 100vw, 400px\" class=\"light-dropshaddow\"\/><\/a><\/div><\/div><div class=\"tcol-lg-4 tcol-md-4 tcol-sm-4 tcol-xs-6 tcol-ss-12 g_item\"><div class=\"grid_item kad_gallery_fade_in gallery_item\"><a href=\"https:\/\/versautrechose.fr\/portofolio\/wp-content\/uploads\/2024\/02\/DSC_6085.jpg\" data-rel=\"lightbox\" class=\"lightboxhover\"><img loading=\"lazy\" decoding=\"async\" src=\"https:\/\/versautrechose.fr\/portofolio\/wp-content\/uploads\/2024\/02\/DSC_6085-400x400.jpg\" width=\"400\" height=\"400\" alt=\" \u2026idem 60 ans plus tard... dans \u00ab\u00a0la Vis\u00a0\u00bb [Gard\/H\u00e9rault], toujours le m\u00eame \u201camour\u201d des eaux limpides et fra\u00eeches...\" srcset=\"https:\/\/versautrechose.fr\/portofolio\/wp-content\/uploads\/2024\/02\/DSC_6085-400x400.jpg 400w, https:\/\/versautrechose.fr\/portofolio\/wp-content\/uploads\/2024\/02\/DSC_6085-150x150.jpg 150w\" sizes=\"auto, (max-width: 400px) 100vw, 400px\" class=\"light-dropshaddow\"\/><\/a><\/div><\/div><div class=\"tcol-lg-4 tcol-md-4 tcol-sm-4 tcol-xs-6 tcol-ss-12 g_item\"><div class=\"grid_item kad_gallery_fade_in gallery_item\"><a href=\"https:\/\/versautrechose.fr\/portofolio\/wp-content\/uploads\/2024\/02\/1961-Col-de-lEspinas-Copie-.jpg\" data-rel=\"lightbox\" class=\"lightboxhover\"><img loading=\"lazy\" decoding=\"async\" src=\"https:\/\/versautrechose.fr\/portofolio\/wp-content\/uploads\/2024\/02\/1961-Col-de-lEspinas-Copie--400x400.jpg\" width=\"400\" height=\"400\" alt=\"1960 Col de l&#039;Espinas en C\u00e9vennes \" srcset=\"https:\/\/versautrechose.fr\/portofolio\/wp-content\/uploads\/2024\/02\/1961-Col-de-lEspinas-Copie--400x400.jpg 400w, https:\/\/versautrechose.fr\/portofolio\/wp-content\/uploads\/2024\/02\/1961-Col-de-lEspinas-Copie--150x150.jpg 150w\" sizes=\"auto, (max-width: 400px) 100vw, 400px\" class=\"light-dropshaddow\"\/><\/a><\/div><\/div><div class=\"tcol-lg-4 tcol-md-4 tcol-sm-4 tcol-xs-6 tcol-ss-12 g_item\"><div class=\"grid_item kad_gallery_fade_in gallery_item\"><a href=\"https:\/\/versautrechose.fr\/portofolio\/wp-content\/uploads\/2024\/02\/1960-Ronde-Cevenole-0-Copie.jpg\" data-rel=\"lightbox\" class=\"lightboxhover\"><img loading=\"lazy\" decoding=\"async\" src=\"https:\/\/versautrechose.fr\/portofolio\/wp-content\/uploads\/2024\/02\/1960-Ronde-Cevenole-0-Copie-400x400.jpg\" width=\"400\" height=\"400\" alt=\"1960 \u00ab La Ronde C\u00e9venole\u00a0\u00bb\" srcset=\"https:\/\/versautrechose.fr\/portofolio\/wp-content\/uploads\/2024\/02\/1960-Ronde-Cevenole-0-Copie-400x400.jpg 400w, https:\/\/versautrechose.fr\/portofolio\/wp-content\/uploads\/2024\/02\/1960-Ronde-Cevenole-0-Copie-150x150.jpg 150w\" sizes=\"auto, (max-width: 400px) 100vw, 400px\" class=\"light-dropshaddow\"\/><\/a><\/div><\/div><div class=\"tcol-lg-4 tcol-md-4 tcol-sm-4 tcol-xs-6 tcol-ss-12 g_item\"><div class=\"grid_item kad_gallery_fade_in gallery_item\"><a href=\"https:\/\/versautrechose.fr\/portofolio\/wp-content\/uploads\/2024\/02\/1960-Ronde-Cevenole-Copie.jpg\" data-rel=\"lightbox\" class=\"lightboxhover\"><img loading=\"lazy\" decoding=\"async\" src=\"https:\/\/versautrechose.fr\/portofolio\/wp-content\/uploads\/2024\/02\/1960-Ronde-Cevenole-Copie-400x400.jpg\" width=\"400\" height=\"400\" alt=\"en 1960 sur le parcours de  \u00ab La Ronde C\u00e9venole\u00a0\u00bb\" srcset=\"https:\/\/versautrechose.fr\/portofolio\/wp-content\/uploads\/2024\/02\/1960-Ronde-Cevenole-Copie-400x400.jpg 400w, https:\/\/versautrechose.fr\/portofolio\/wp-content\/uploads\/2024\/02\/1960-Ronde-Cevenole-Copie-150x150.jpg 150w\" sizes=\"auto, (max-width: 400px) 100vw, 400px\" class=\"light-dropshaddow\"\/><\/a><\/div><\/div><div class=\"tcol-lg-4 tcol-md-4 tcol-sm-4 tcol-xs-6 tcol-ss-12 g_item\"><div class=\"grid_item kad_gallery_fade_in gallery_item\"><a href=\"https:\/\/versautrechose.fr\/portofolio\/wp-content\/uploads\/2024\/02\/1960-Ronde-Cevenole-Copie-1.jpg\" data-rel=\"lightbox\" class=\"lightboxhover\"><img loading=\"lazy\" decoding=\"async\" src=\"https:\/\/versautrechose.fr\/portofolio\/wp-content\/uploads\/2024\/02\/1960-Ronde-Cevenole-Copie-1-400x400.jpg\" width=\"400\" height=\"400\" alt=\"1960 \u00ab La Ronde C\u00e9venole\u00a0\u00bb\" srcset=\"https:\/\/versautrechose.fr\/portofolio\/wp-content\/uploads\/2024\/02\/1960-Ronde-Cevenole-Copie-1-400x400.jpg 400w, https:\/\/versautrechose.fr\/portofolio\/wp-content\/uploads\/2024\/02\/1960-Ronde-Cevenole-Copie-1-150x150.jpg 150w\" sizes=\"auto, (max-width: 400px) 100vw, 400px\" class=\"light-dropshaddow\"\/><\/a><\/div><\/div><div class=\"tcol-lg-4 tcol-md-4 tcol-sm-4 tcol-xs-6 tcol-ss-12 g_item\"><div class=\"grid_item kad_gallery_fade_in gallery_item\"><a href=\"https:\/\/versautrechose.fr\/portofolio\/wp-content\/uploads\/2024\/02\/1960-cote-Basque-lAdour-Copie.jpg\" data-rel=\"lightbox\" class=\"lightboxhover\"><img loading=\"lazy\" decoding=\"async\" src=\"https:\/\/versautrechose.fr\/portofolio\/wp-content\/uploads\/2024\/02\/1960-cote-Basque-lAdour-Copie-400x400.jpg\" width=\"400\" height=\"400\" alt=\"1960 ... sur la C\u00f4te Basque, &quot;Mum&quot; et l&#039;Adour \u00e0 Anglet\" srcset=\"https:\/\/versautrechose.fr\/portofolio\/wp-content\/uploads\/2024\/02\/1960-cote-Basque-lAdour-Copie-400x400.jpg 400w, https:\/\/versautrechose.fr\/portofolio\/wp-content\/uploads\/2024\/02\/1960-cote-Basque-lAdour-Copie-150x150.jpg 150w\" sizes=\"auto, (max-width: 400px) 100vw, 400px\" class=\"light-dropshaddow\"\/><\/a><\/div><\/div><div class=\"tcol-lg-4 tcol-md-4 tcol-sm-4 tcol-xs-6 tcol-ss-12 g_item\"><div class=\"grid_item kad_gallery_fade_in gallery_item\"><a href=\"https:\/\/versautrechose.fr\/portofolio\/wp-content\/uploads\/2024\/02\/1960-Albi-Copie.jpg\" data-rel=\"lightbox\" class=\"lightboxhover\"><img loading=\"lazy\" decoding=\"async\" src=\"https:\/\/versautrechose.fr\/portofolio\/wp-content\/uploads\/2024\/02\/1960-Albi-Copie-400x400.jpg\" width=\"400\" height=\"400\" alt=\"1960 Cath\u00e9drale d&#039;Albi ; et mes deux s\u0153urs a\u00een\u00e9es...\" srcset=\"https:\/\/versautrechose.fr\/portofolio\/wp-content\/uploads\/2024\/02\/1960-Albi-Copie-400x400.jpg 400w, https:\/\/versautrechose.fr\/portofolio\/wp-content\/uploads\/2024\/02\/1960-Albi-Copie-150x150.jpg 150w\" sizes=\"auto, (max-width: 400px) 100vw, 400px\" class=\"light-dropshaddow\"\/><\/a><\/div><\/div><div class=\"tcol-lg-4 tcol-md-4 tcol-sm-4 tcol-xs-6 tcol-ss-12 g_item\"><div class=\"grid_item kad_gallery_fade_in gallery_item\"><a href=\"https:\/\/versautrechose.fr\/portofolio\/wp-content\/uploads\/2024\/02\/1960-Carcassonne2-Copie.jpg\" data-rel=\"lightbox\" class=\"lightboxhover\"><img loading=\"lazy\" decoding=\"async\" src=\"https:\/\/versautrechose.fr\/portofolio\/wp-content\/uploads\/2024\/02\/1960-Carcassonne2-Copie-400x400.jpg\" width=\"400\" height=\"400\" alt=\"1960 Carcassone dans l&#039;Aude, ch\u00e2teau-remparts\" srcset=\"https:\/\/versautrechose.fr\/portofolio\/wp-content\/uploads\/2024\/02\/1960-Carcassonne2-Copie-400x400.jpg 400w, https:\/\/versautrechose.fr\/portofolio\/wp-content\/uploads\/2024\/02\/1960-Carcassonne2-Copie-150x150.jpg 150w\" sizes=\"auto, (max-width: 400px) 100vw, 400px\" class=\"light-dropshaddow\"\/><\/a><\/div><\/div><div class=\"tcol-lg-4 tcol-md-4 tcol-sm-4 tcol-xs-6 tcol-ss-12 g_item\"><div class=\"grid_item kad_gallery_fade_in gallery_item\"><a href=\"https:\/\/versautrechose.fr\/portofolio\/wp-content\/uploads\/2024\/02\/1960-Carcassonne1-Copie.jpg\" data-rel=\"lightbox\" class=\"lightboxhover\"><img loading=\"lazy\" decoding=\"async\" src=\"https:\/\/versautrechose.fr\/portofolio\/wp-content\/uploads\/2024\/02\/1960-Carcassonne1-Copie-400x400.jpg\" width=\"400\" height=\"400\" alt=\"1960 les remparts de Carcassone\" srcset=\"https:\/\/versautrechose.fr\/portofolio\/wp-content\/uploads\/2024\/02\/1960-Carcassonne1-Copie-400x400.jpg 400w, https:\/\/versautrechose.fr\/portofolio\/wp-content\/uploads\/2024\/02\/1960-Carcassonne1-Copie-150x150.jpg 150w\" sizes=\"auto, (max-width: 400px) 100vw, 400px\" class=\"light-dropshaddow\"\/><\/a><\/div><\/div><div class=\"tcol-lg-4 tcol-md-4 tcol-sm-4 tcol-xs-6 tcol-ss-12 g_item\"><div class=\"grid_item kad_gallery_fade_in gallery_item\"><a href=\"https:\/\/versautrechose.fr\/portofolio\/wp-content\/uploads\/2024\/02\/1960-Carcassonne-Copie.jpg\" data-rel=\"lightbox\" class=\"lightboxhover\"><img loading=\"lazy\" decoding=\"async\" src=\"https:\/\/versautrechose.fr\/portofolio\/wp-content\/uploads\/2024\/02\/1960-Carcassonne-Copie-400x400.jpg\" width=\"400\" height=\"400\" alt=\"1960 Carcassone, remparts et ch\u00e2teau \" srcset=\"https:\/\/versautrechose.fr\/portofolio\/wp-content\/uploads\/2024\/02\/1960-Carcassonne-Copie-400x400.jpg 400w, https:\/\/versautrechose.fr\/portofolio\/wp-content\/uploads\/2024\/02\/1960-Carcassonne-Copie-150x150.jpg 150w\" sizes=\"auto, (max-width: 400px) 100vw, 400px\" class=\"light-dropshaddow\"\/><\/a><\/div><\/div><div class=\"tcol-lg-4 tcol-md-4 tcol-sm-4 tcol-xs-6 tcol-ss-12 g_item\"><div class=\"grid_item kad_gallery_fade_in gallery_item\"><a href=\"https:\/\/versautrechose.fr\/portofolio\/wp-content\/uploads\/2024\/02\/1960-Carcassonne3-Copie.jpg\" data-rel=\"lightbox\" class=\"lightboxhover\"><img loading=\"lazy\" decoding=\"async\" src=\"https:\/\/versautrechose.fr\/portofolio\/wp-content\/uploads\/2024\/02\/1960-Carcassonne3-Copie-400x400.jpg\" width=\"400\" height=\"400\" alt=\"1960 Carcassone, ch\u00e2teau\" srcset=\"https:\/\/versautrechose.fr\/portofolio\/wp-content\/uploads\/2024\/02\/1960-Carcassonne3-Copie-400x400.jpg 400w, https:\/\/versautrechose.fr\/portofolio\/wp-content\/uploads\/2024\/02\/1960-Carcassonne3-Copie-150x150.jpg 150w\" sizes=\"auto, (max-width: 400px) 100vw, 400px\" class=\"light-dropshaddow\"\/><\/a><\/div><\/div><div class=\"tcol-lg-4 tcol-md-4 tcol-sm-4 tcol-xs-6 tcol-ss-12 g_item\"><div class=\"grid_item kad_gallery_fade_in gallery_item\"><a href=\"https:\/\/versautrechose.fr\/portofolio\/wp-content\/uploads\/2024\/02\/1960-Benasque-Copie.jpg\" data-rel=\"lightbox\" class=\"lightboxhover\"><img loading=\"lazy\" decoding=\"async\" src=\"https:\/\/versautrechose.fr\/portofolio\/wp-content\/uploads\/2024\/02\/1960-Benasque-Copie-400x400.jpg\" width=\"400\" height=\"400\" alt=\"1960 ... &quot;Mutti&quot; \u00e0 la peine  en Aragon, Espagne\" srcset=\"https:\/\/versautrechose.fr\/portofolio\/wp-content\/uploads\/2024\/02\/1960-Benasque-Copie-400x400.jpg 400w, https:\/\/versautrechose.fr\/portofolio\/wp-content\/uploads\/2024\/02\/1960-Benasque-Copie-150x150.jpg 150w\" sizes=\"auto, (max-width: 400px) 100vw, 400px\" class=\"light-dropshaddow\"\/><\/a><\/div><\/div><div class=\"tcol-lg-4 tcol-md-4 tcol-sm-4 tcol-xs-6 tcol-ss-12 g_item\"><div class=\"grid_item kad_gallery_fade_in gallery_item\"><a href=\"https:\/\/versautrechose.fr\/portofolio\/wp-content\/uploads\/2024\/02\/1960-Benasque-Copie-1.jpg\" data-rel=\"lightbox\" class=\"lightboxhover\"><img loading=\"lazy\" decoding=\"async\" src=\"https:\/\/versautrechose.fr\/portofolio\/wp-content\/uploads\/2024\/02\/1960-Benasque-Copie-1-400x400.jpg\" width=\"400\" height=\"400\" alt=\"1960 &quot;Mum&quot; \u00e0 Benasque en Aragon\" srcset=\"https:\/\/versautrechose.fr\/portofolio\/wp-content\/uploads\/2024\/02\/1960-Benasque-Copie-1-400x400.jpg 400w, https:\/\/versautrechose.fr\/portofolio\/wp-content\/uploads\/2024\/02\/1960-Benasque-Copie-1-150x150.jpg 150w\" sizes=\"auto, (max-width: 400px) 100vw, 400px\" class=\"light-dropshaddow\"\/><\/a><\/div><\/div><div class=\"tcol-lg-4 tcol-md-4 tcol-sm-4 tcol-xs-6 tcol-ss-12 g_item\"><div class=\"grid_item kad_gallery_fade_in gallery_item\"><a href=\"https:\/\/versautrechose.fr\/portofolio\/wp-content\/uploads\/2024\/02\/1960-fev.Esp_.-Montserrat-Copie.jpg\" data-rel=\"lightbox\" class=\"lightboxhover\"><img loading=\"lazy\" decoding=\"async\" src=\"https:\/\/versautrechose.fr\/portofolio\/wp-content\/uploads\/2024\/02\/1960-fev.Esp_.-Montserrat-Copie-400x400.jpg\" width=\"400\" height=\"400\" alt=\"1960 Montserrat - Espagne, au printemps\" srcset=\"https:\/\/versautrechose.fr\/portofolio\/wp-content\/uploads\/2024\/02\/1960-fev.Esp_.-Montserrat-Copie-400x400.jpg 400w, https:\/\/versautrechose.fr\/portofolio\/wp-content\/uploads\/2024\/02\/1960-fev.Esp_.-Montserrat-Copie-150x150.jpg 150w\" sizes=\"auto, (max-width: 400px) 100vw, 400px\" class=\"light-dropshaddow\"\/><\/a><\/div><\/div><div class=\"tcol-lg-4 tcol-md-4 tcol-sm-4 tcol-xs-6 tcol-ss-12 g_item\"><div class=\"grid_item kad_gallery_fade_in gallery_item\"><a href=\"https:\/\/versautrechose.fr\/portofolio\/wp-content\/uploads\/2024\/02\/1960-Montserrat-Cone-sommet-Esp.-Copie.jpg\" data-rel=\"lightbox\" class=\"lightboxhover\"><img loading=\"lazy\" decoding=\"async\" src=\"https:\/\/versautrechose.fr\/portofolio\/wp-content\/uploads\/2024\/02\/1960-Montserrat-Cone-sommet-Esp.-Copie-400x400.jpg\" width=\"400\" height=\"400\" alt=\"1960 Montserrat, le C\u00f4ne ...\" srcset=\"https:\/\/versautrechose.fr\/portofolio\/wp-content\/uploads\/2024\/02\/1960-Montserrat-Cone-sommet-Esp.-Copie-400x400.jpg 400w, https:\/\/versautrechose.fr\/portofolio\/wp-content\/uploads\/2024\/02\/1960-Montserrat-Cone-sommet-Esp.-Copie-150x150.jpg 150w\" sizes=\"auto, (max-width: 400px) 100vw, 400px\" class=\"light-dropshaddow\"\/><\/a><\/div><\/div><div class=\"tcol-lg-4 tcol-md-4 tcol-sm-4 tcol-xs-6 tcol-ss-12 g_item\"><div class=\"grid_item kad_gallery_fade_in gallery_item\"><a href=\"https:\/\/versautrechose.fr\/portofolio\/wp-content\/uploads\/2024\/02\/1960-Sagrada-Familia-Copie.jpg\" data-rel=\"lightbox\" class=\"lightboxhover\"><img loading=\"lazy\" decoding=\"async\" src=\"https:\/\/versautrechose.fr\/portofolio\/wp-content\/uploads\/2024\/02\/1960-Sagrada-Familia-Copie-400x400.jpg\" width=\"400\" height=\"400\" alt=\"1960 Sagrada Familia\" srcset=\"https:\/\/versautrechose.fr\/portofolio\/wp-content\/uploads\/2024\/02\/1960-Sagrada-Familia-Copie-400x400.jpg 400w, https:\/\/versautrechose.fr\/portofolio\/wp-content\/uploads\/2024\/02\/1960-Sagrada-Familia-Copie-150x150.jpg 150w\" sizes=\"auto, (max-width: 400px) 100vw, 400px\" class=\"light-dropshaddow\"\/><\/a><\/div><\/div><div class=\"tcol-lg-4 tcol-md-4 tcol-sm-4 tcol-xs-6 tcol-ss-12 g_item\"><div class=\"grid_item kad_gallery_fade_in gallery_item\"><a href=\"https:\/\/versautrechose.fr\/portofolio\/wp-content\/uploads\/2024\/02\/1960-Barcelone-Copie.jpg\" data-rel=\"lightbox\" class=\"lightboxhover\"><img loading=\"lazy\" decoding=\"async\" src=\"https:\/\/versautrechose.fr\/portofolio\/wp-content\/uploads\/2024\/02\/1960-Barcelone-Copie-400x400.jpg\" width=\"400\" height=\"400\" alt=\"1960 Barcelone, Espagne\" srcset=\"https:\/\/versautrechose.fr\/portofolio\/wp-content\/uploads\/2024\/02\/1960-Barcelone-Copie-400x400.jpg 400w, https:\/\/versautrechose.fr\/portofolio\/wp-content\/uploads\/2024\/02\/1960-Barcelone-Copie-150x150.jpg 150w\" sizes=\"auto, (max-width: 400px) 100vw, 400px\" class=\"light-dropshaddow\"\/><\/a><\/div><\/div><div class=\"tcol-lg-4 tcol-md-4 tcol-sm-4 tcol-xs-6 tcol-ss-12 g_item\"><div class=\"grid_item kad_gallery_fade_in gallery_item\"><a href=\"https:\/\/versautrechose.fr\/portofolio\/wp-content\/uploads\/2024\/02\/1960-Barcelone-2-Copie.jpg\" data-rel=\"lightbox\" class=\"lightboxhover\"><img loading=\"lazy\" decoding=\"async\" src=\"https:\/\/versautrechose.fr\/portofolio\/wp-content\/uploads\/2024\/02\/1960-Barcelone-2-Copie-400x400.jpg\" width=\"400\" height=\"400\" alt=\"1960 Barcelone, un regard de &quot;Mum&quot; vers son dernier enfant ...\" srcset=\"https:\/\/versautrechose.fr\/portofolio\/wp-content\/uploads\/2024\/02\/1960-Barcelone-2-Copie-400x400.jpg 400w, https:\/\/versautrechose.fr\/portofolio\/wp-content\/uploads\/2024\/02\/1960-Barcelone-2-Copie-150x150.jpg 150w\" sizes=\"auto, (max-width: 400px) 100vw, 400px\" class=\"light-dropshaddow\"\/><\/a><\/div><\/div><div class=\"tcol-lg-4 tcol-md-4 tcol-sm-4 tcol-xs-6 tcol-ss-12 g_item\"><div class=\"grid_item kad_gallery_fade_in gallery_item\"><a href=\"https:\/\/versautrechose.fr\/portofolio\/wp-content\/uploads\/2024\/02\/1960-Barcelone-Copie-1.jpg\" data-rel=\"lightbox\" class=\"lightboxhover\"><img loading=\"lazy\" decoding=\"async\" src=\"https:\/\/versautrechose.fr\/portofolio\/wp-content\/uploads\/2024\/02\/1960-Barcelone-Copie-1-400x400.jpg\" width=\"400\" height=\"400\" alt=\"1960 \u00e0 Barcelone, il avait sept ans ...\" srcset=\"https:\/\/versautrechose.fr\/portofolio\/wp-content\/uploads\/2024\/02\/1960-Barcelone-Copie-1-400x400.jpg 400w, https:\/\/versautrechose.fr\/portofolio\/wp-content\/uploads\/2024\/02\/1960-Barcelone-Copie-1-150x150.jpg 150w\" sizes=\"auto, (max-width: 400px) 100vw, 400px\" class=\"light-dropshaddow\"\/><\/a><\/div><\/div><div class=\"tcol-lg-4 tcol-md-4 tcol-sm-4 tcol-xs-6 tcol-ss-12 g_item\"><div class=\"grid_item kad_gallery_fade_in gallery_item\"><a href=\"https:\/\/versautrechose.fr\/portofolio\/wp-content\/uploads\/2024\/02\/1960-Calella-Espagne-Copie.jpg\" data-rel=\"lightbox\" class=\"lightboxhover\"><img loading=\"lazy\" decoding=\"async\" src=\"https:\/\/versautrechose.fr\/portofolio\/wp-content\/uploads\/2024\/02\/1960-Calella-Espagne-Copie-400x400.jpg\" width=\"400\" height=\"400\" alt=\"1960 Calella, Espagne\" srcset=\"https:\/\/versautrechose.fr\/portofolio\/wp-content\/uploads\/2024\/02\/1960-Calella-Espagne-Copie-400x400.jpg 400w, https:\/\/versautrechose.fr\/portofolio\/wp-content\/uploads\/2024\/02\/1960-Calella-Espagne-Copie-150x150.jpg 150w\" sizes=\"auto, (max-width: 400px) 100vw, 400px\" class=\"light-dropshaddow\"\/><\/a><\/div><\/div><div class=\"tcol-lg-4 tcol-md-4 tcol-sm-4 tcol-xs-6 tcol-ss-12 g_item\"><div class=\"grid_item kad_gallery_fade_in gallery_item\"><a href=\"https:\/\/versautrechose.fr\/portofolio\/wp-content\/uploads\/2024\/02\/1960-Formentor-Plage-Copie.jpg\" data-rel=\"lightbox\" class=\"lightboxhover\"><img loading=\"lazy\" decoding=\"async\" src=\"https:\/\/versautrechose.fr\/portofolio\/wp-content\/uploads\/2024\/02\/1960-Formentor-Plage-Copie-400x400.jpg\" width=\"400\" height=\"400\" alt=\"1960 Les Bal\u00e9ares, \u00e0 Formentor la Plage\" srcset=\"https:\/\/versautrechose.fr\/portofolio\/wp-content\/uploads\/2024\/02\/1960-Formentor-Plage-Copie-400x400.jpg 400w, https:\/\/versautrechose.fr\/portofolio\/wp-content\/uploads\/2024\/02\/1960-Formentor-Plage-Copie-150x150.jpg 150w\" sizes=\"auto, (max-width: 400px) 100vw, 400px\" class=\"light-dropshaddow\"\/><\/a><\/div><\/div><div class=\"tcol-lg-4 tcol-md-4 tcol-sm-4 tcol-xs-6 tcol-ss-12 g_item\"><div class=\"grid_item kad_gallery_fade_in gallery_item\"><a href=\"https:\/\/versautrechose.fr\/portofolio\/wp-content\/uploads\/2024\/02\/1960-Formentor-Baleares-jard.hotel-Copie.jpg\" data-rel=\"lightbox\" class=\"lightboxhover\"><img loading=\"lazy\" decoding=\"async\" src=\"https:\/\/versautrechose.fr\/portofolio\/wp-content\/uploads\/2024\/02\/1960-Formentor-Baleares-jard.hotel-Copie-400x400.jpg\" width=\"400\" height=\"400\" alt=\"1960 L&#039;h\u00f4tel \u00e0 Formentor\" srcset=\"https:\/\/versautrechose.fr\/portofolio\/wp-content\/uploads\/2024\/02\/1960-Formentor-Baleares-jard.hotel-Copie-400x400.jpg 400w, https:\/\/versautrechose.fr\/portofolio\/wp-content\/uploads\/2024\/02\/1960-Formentor-Baleares-jard.hotel-Copie-150x150.jpg 150w\" sizes=\"auto, (max-width: 400px) 100vw, 400px\" class=\"light-dropshaddow\"\/><\/a><\/div><\/div><div class=\"tcol-lg-4 tcol-md-4 tcol-sm-4 tcol-xs-6 tcol-ss-12 g_item\"><div class=\"grid_item kad_gallery_fade_in gallery_item\"><a href=\"https:\/\/versautrechose.fr\/portofolio\/wp-content\/uploads\/2024\/02\/1960-Formentor-balade-Copie.jpg\" data-rel=\"lightbox\" class=\"lightboxhover\"><img loading=\"lazy\" decoding=\"async\" src=\"https:\/\/versautrechose.fr\/portofolio\/wp-content\/uploads\/2024\/02\/1960-Formentor-balade-Copie-400x400.jpg\" width=\"400\" height=\"400\" alt=\"1960 ... dans les jardins de l&#039;h\u00f4tel\" srcset=\"https:\/\/versautrechose.fr\/portofolio\/wp-content\/uploads\/2024\/02\/1960-Formentor-balade-Copie-400x400.jpg 400w, https:\/\/versautrechose.fr\/portofolio\/wp-content\/uploads\/2024\/02\/1960-Formentor-balade-Copie-150x150.jpg 150w\" sizes=\"auto, (max-width: 400px) 100vw, 400px\" class=\"light-dropshaddow\"\/><\/a><\/div><\/div><div class=\"tcol-lg-4 tcol-md-4 tcol-sm-4 tcol-xs-6 tcol-ss-12 g_item\"><div class=\"grid_item kad_gallery_fade_in gallery_item\"><a href=\"https:\/\/versautrechose.fr\/portofolio\/wp-content\/uploads\/2024\/02\/1960-Formentor-Baleares-Copie.jpg\" data-rel=\"lightbox\" class=\"lightboxhover\"><img loading=\"lazy\" decoding=\"async\" src=\"https:\/\/versautrechose.fr\/portofolio\/wp-content\/uploads\/2024\/02\/1960-Formentor-Baleares-Copie-400x400.jpg\" width=\"400\" height=\"400\" alt=\"1960 Formentor, les Bal\u00e9ares ; m\u00e8re et fils, nous \u00e9tions bien ensemble tout les deux ...\" srcset=\"https:\/\/versautrechose.fr\/portofolio\/wp-content\/uploads\/2024\/02\/1960-Formentor-Baleares-Copie-400x400.jpg 400w, https:\/\/versautrechose.fr\/portofolio\/wp-content\/uploads\/2024\/02\/1960-Formentor-Baleares-Copie-150x150.jpg 150w\" sizes=\"auto, (max-width: 400px) 100vw, 400px\" class=\"light-dropshaddow\"\/><\/a><\/div><\/div><div class=\"tcol-lg-4 tcol-md-4 tcol-sm-4 tcol-xs-6 tcol-ss-12 g_item\"><div class=\"grid_item kad_gallery_fade_in gallery_item\"><a href=\"https:\/\/versautrechose.fr\/portofolio\/wp-content\/uploads\/2024\/02\/1960-Formentor-le-Cap-Copie.jpg\" data-rel=\"lightbox\" class=\"lightboxhover\"><img loading=\"lazy\" decoding=\"async\" src=\"https:\/\/versautrechose.fr\/portofolio\/wp-content\/uploads\/2024\/02\/1960-Formentor-le-Cap-Copie-400x400.jpg\" width=\"400\" height=\"400\" alt=\"1960 Le Cap Formentor \" srcset=\"https:\/\/versautrechose.fr\/portofolio\/wp-content\/uploads\/2024\/02\/1960-Formentor-le-Cap-Copie-400x400.jpg 400w, https:\/\/versautrechose.fr\/portofolio\/wp-content\/uploads\/2024\/02\/1960-Formentor-le-Cap-Copie-150x150.jpg 150w\" sizes=\"auto, (max-width: 400px) 100vw, 400px\" class=\"light-dropshaddow\"\/><\/a><\/div><\/div><div class=\"tcol-lg-4 tcol-md-4 tcol-sm-4 tcol-xs-6 tcol-ss-12 g_item\"><div class=\"grid_item kad_gallery_fade_in gallery_item\"><a href=\"https:\/\/versautrechose.fr\/portofolio\/wp-content\/uploads\/2024\/02\/1960-Palma-Baleares-Copie.jpg\" data-rel=\"lightbox\" class=\"lightboxhover\"><img loading=\"lazy\" decoding=\"async\" src=\"https:\/\/versautrechose.fr\/portofolio\/wp-content\/uploads\/2024\/02\/1960-Palma-Baleares-Copie-400x400.jpg\" width=\"400\" height=\"400\" alt=\"1960 Palma de Majorque -  Bal\u00e9ares\" srcset=\"https:\/\/versautrechose.fr\/portofolio\/wp-content\/uploads\/2024\/02\/1960-Palma-Baleares-Copie-400x400.jpg 400w, https:\/\/versautrechose.fr\/portofolio\/wp-content\/uploads\/2024\/02\/1960-Palma-Baleares-Copie-150x150.jpg 150w\" sizes=\"auto, (max-width: 400px) 100vw, 400px\" class=\"light-dropshaddow\"\/><\/a><\/div><\/div><div class=\"tcol-lg-4 tcol-md-4 tcol-sm-4 tcol-xs-6 tcol-ss-12 g_item\"><div class=\"grid_item kad_gallery_fade_in gallery_item\"><a href=\"https:\/\/versautrechose.fr\/portofolio\/wp-content\/uploads\/2024\/02\/1960-Palma-de-Majorque-Baleares-Copie.jpg\" data-rel=\"lightbox\" class=\"lightboxhover\"><img loading=\"lazy\" decoding=\"async\" src=\"https:\/\/versautrechose.fr\/portofolio\/wp-content\/uploads\/2024\/02\/1960-Palma-de-Majorque-Baleares-Copie-400x400.jpg\" width=\"400\" height=\"400\" alt=\"1960 ... le soleil dans les yeux, un bien gros canon et un petit gar\u00e7on ..., Palma de Majorque - Bal\u00e9ares\" srcset=\"https:\/\/versautrechose.fr\/portofolio\/wp-content\/uploads\/2024\/02\/1960-Palma-de-Majorque-Baleares-Copie-400x400.jpg 400w, https:\/\/versautrechose.fr\/portofolio\/wp-content\/uploads\/2024\/02\/1960-Palma-de-Majorque-Baleares-Copie-150x150.jpg 150w\" sizes=\"auto, (max-width: 400px) 100vw, 400px\" class=\"light-dropshaddow\"\/><\/a><\/div><\/div><div class=\"tcol-lg-4 tcol-md-4 tcol-sm-4 tcol-xs-6 tcol-ss-12 g_item\"><div class=\"grid_item kad_gallery_fade_in gallery_item\"><a href=\"https:\/\/versautrechose.fr\/portofolio\/wp-content\/uploads\/2024\/02\/1960-Tossa-de-Mar-Copie.jpg\" data-rel=\"lightbox\" class=\"lightboxhover\"><img loading=\"lazy\" decoding=\"async\" src=\"https:\/\/versautrechose.fr\/portofolio\/wp-content\/uploads\/2024\/02\/1960-Tossa-de-Mar-Copie-400x400.jpg\" width=\"400\" height=\"400\" alt=\"1960 Tossa de Mar, &quot;Mum&quot; qui tient la main de son petit gar\u00e7on ...\" srcset=\"https:\/\/versautrechose.fr\/portofolio\/wp-content\/uploads\/2024\/02\/1960-Tossa-de-Mar-Copie-400x400.jpg 400w, https:\/\/versautrechose.fr\/portofolio\/wp-content\/uploads\/2024\/02\/1960-Tossa-de-Mar-Copie-150x150.jpg 150w\" sizes=\"auto, (max-width: 400px) 100vw, 400px\" class=\"light-dropshaddow\"\/><\/a><\/div><\/div><div class=\"tcol-lg-4 tcol-md-4 tcol-sm-4 tcol-xs-6 tcol-ss-12 g_item\"><div class=\"grid_item kad_gallery_fade_in gallery_item\"><a href=\"https:\/\/versautrechose.fr\/portofolio\/wp-content\/uploads\/2024\/02\/1960-Tossa-de-Mar-2-Copie.jpg\" data-rel=\"lightbox\" class=\"lightboxhover\"><img loading=\"lazy\" decoding=\"async\" src=\"https:\/\/versautrechose.fr\/portofolio\/wp-content\/uploads\/2024\/02\/1960-Tossa-de-Mar-2-Copie-400x400.jpg\" width=\"400\" height=\"400\" alt=\"1960 la plage de Tossa de Mar, un regard de &quot;Mum&quot; vers les activit\u00e9s du fiston ...\" srcset=\"https:\/\/versautrechose.fr\/portofolio\/wp-content\/uploads\/2024\/02\/1960-Tossa-de-Mar-2-Copie-400x400.jpg 400w, https:\/\/versautrechose.fr\/portofolio\/wp-content\/uploads\/2024\/02\/1960-Tossa-de-Mar-2-Copie-150x150.jpg 150w\" sizes=\"auto, (max-width: 400px) 100vw, 400px\" class=\"light-dropshaddow\"\/><\/a><\/div><\/div><div class=\"tcol-lg-4 tcol-md-4 tcol-sm-4 tcol-xs-6 tcol-ss-12 g_item\"><div class=\"grid_item kad_gallery_fade_in gallery_item\"><a href=\"https:\/\/versautrechose.fr\/portofolio\/wp-content\/uploads\/2024\/02\/1960-Valdepenas-Copie.jpg\" data-rel=\"lightbox\" class=\"lightboxhover\"><img loading=\"lazy\" decoding=\"async\" src=\"https:\/\/versautrechose.fr\/portofolio\/wp-content\/uploads\/2024\/02\/1960-Valdepenas-Copie-400x400.jpg\" width=\"400\" height=\"400\" alt=\"1960 Valdepe\u00f1as, Castille-La Manche, contr\u00e9e de Don Quichotte personnage de Cervant\u00e8s en  Espagne\" srcset=\"https:\/\/versautrechose.fr\/portofolio\/wp-content\/uploads\/2024\/02\/1960-Valdepenas-Copie-400x400.jpg 400w, https:\/\/versautrechose.fr\/portofolio\/wp-content\/uploads\/2024\/02\/1960-Valdepenas-Copie-150x150.jpg 150w\" sizes=\"auto, (max-width: 400px) 100vw, 400px\" class=\"light-dropshaddow\"\/><\/a><\/div><\/div><div class=\"tcol-lg-4 tcol-md-4 tcol-sm-4 tcol-xs-6 tcol-ss-12 g_item\"><div class=\"grid_item kad_gallery_fade_in gallery_item\"><a href=\"https:\/\/versautrechose.fr\/portofolio\/wp-content\/uploads\/2024\/02\/1960-Hossegor-Copie.jpg\" data-rel=\"lightbox\" class=\"lightboxhover\"><img loading=\"lazy\" decoding=\"async\" src=\"https:\/\/versautrechose.fr\/portofolio\/wp-content\/uploads\/2024\/02\/1960-Hossegor-Copie-400x400.jpg\" width=\"400\" height=\"400\" alt=\"1960 Hossegor, &quot;Mutti&quot; et sa fille a\u00een\u00e9e ...\" srcset=\"https:\/\/versautrechose.fr\/portofolio\/wp-content\/uploads\/2024\/02\/1960-Hossegor-Copie-400x400.jpg 400w, https:\/\/versautrechose.fr\/portofolio\/wp-content\/uploads\/2024\/02\/1960-Hossegor-Copie-150x150.jpg 150w\" sizes=\"auto, (max-width: 400px) 100vw, 400px\" class=\"light-dropshaddow\"\/><\/a><\/div><\/div><div class=\"tcol-lg-4 tcol-md-4 tcol-sm-4 tcol-xs-6 tcol-ss-12 g_item\"><div class=\"grid_item kad_gallery_fade_in gallery_item\"><a href=\"https:\/\/versautrechose.fr\/portofolio\/wp-content\/uploads\/2024\/02\/1960-Le-port-du-Grau-du-Roi-Copie.jpg\" data-rel=\"lightbox\" class=\"lightboxhover\"><img loading=\"lazy\" decoding=\"async\" src=\"https:\/\/versautrechose.fr\/portofolio\/wp-content\/uploads\/2024\/02\/1960-Le-port-du-Grau-du-Roi-Copie-400x400.jpg\" width=\"400\" height=\"400\" alt=\"1960 Le port du Grau-du-Roi\" srcset=\"https:\/\/versautrechose.fr\/portofolio\/wp-content\/uploads\/2024\/02\/1960-Le-port-du-Grau-du-Roi-Copie-400x400.jpg 400w, https:\/\/versautrechose.fr\/portofolio\/wp-content\/uploads\/2024\/02\/1960-Le-port-du-Grau-du-Roi-Copie-150x150.jpg 150w\" sizes=\"auto, (max-width: 400px) 100vw, 400px\" class=\"light-dropshaddow\"\/><\/a><\/div><\/div><div class=\"tcol-lg-4 tcol-md-4 tcol-sm-4 tcol-xs-6 tcol-ss-12 g_item\"><div class=\"grid_item kad_gallery_fade_in gallery_item\"><a href=\"https:\/\/versautrechose.fr\/portofolio\/wp-content\/uploads\/2024\/02\/1961-Cap-dAgde-2-Copie.jpg\" data-rel=\"lightbox\" class=\"lightboxhover\"><img loading=\"lazy\" decoding=\"async\" src=\"https:\/\/versautrechose.fr\/portofolio\/wp-content\/uploads\/2024\/02\/1961-Cap-dAgde-2-Copie-400x400.jpg\" width=\"400\" height=\"400\" alt=\"1961 Le Cap d&#039;Agde, \u00ab baie \u00bb de La Conque dans l&#039;H\u00e9rault\" srcset=\"https:\/\/versautrechose.fr\/portofolio\/wp-content\/uploads\/2024\/02\/1961-Cap-dAgde-2-Copie-400x400.jpg 400w, https:\/\/versautrechose.fr\/portofolio\/wp-content\/uploads\/2024\/02\/1961-Cap-dAgde-2-Copie-150x150.jpg 150w\" sizes=\"auto, (max-width: 400px) 100vw, 400px\" class=\"light-dropshaddow\"\/><\/a><\/div><\/div><div class=\"tcol-lg-4 tcol-md-4 tcol-sm-4 tcol-xs-6 tcol-ss-12 g_item\"><div class=\"grid_item kad_gallery_fade_in gallery_item\"><a href=\"https:\/\/versautrechose.fr\/portofolio\/wp-content\/uploads\/2024\/02\/1961-Cap-dAgde-Copie.jpg\" data-rel=\"lightbox\" class=\"lightboxhover\"><img loading=\"lazy\" decoding=\"async\" src=\"https:\/\/versautrechose.fr\/portofolio\/wp-content\/uploads\/2024\/02\/1961-Cap-dAgde-Copie-400x400.jpg\" width=\"400\" height=\"400\" alt=\"1960 Le Cap d&#039;Agde, les Falaises\" srcset=\"https:\/\/versautrechose.fr\/portofolio\/wp-content\/uploads\/2024\/02\/1961-Cap-dAgde-Copie-400x400.jpg 400w, https:\/\/versautrechose.fr\/portofolio\/wp-content\/uploads\/2024\/02\/1961-Cap-dAgde-Copie-150x150.jpg 150w\" sizes=\"auto, (max-width: 400px) 100vw, 400px\" class=\"light-dropshaddow\"\/><\/a><\/div><\/div><div class=\"tcol-lg-4 tcol-md-4 tcol-sm-4 tcol-xs-6 tcol-ss-12 g_item\"><div class=\"grid_item kad_gallery_fade_in gallery_item\"><a href=\"https:\/\/versautrechose.fr\/portofolio\/wp-content\/uploads\/2024\/02\/1961-Cap-dAgde-4-Copie.jpg\" data-rel=\"lightbox\" class=\"lightboxhover\"><img loading=\"lazy\" decoding=\"async\" src=\"https:\/\/versautrechose.fr\/portofolio\/wp-content\/uploads\/2024\/02\/1961-Cap-dAgde-4-Copie-400x400.jpg\" width=\"400\" height=\"400\" alt=\"1960 Le Cap d&#039;Agde, la plage de la Dalle\" srcset=\"https:\/\/versautrechose.fr\/portofolio\/wp-content\/uploads\/2024\/02\/1961-Cap-dAgde-4-Copie-400x400.jpg 400w, https:\/\/versautrechose.fr\/portofolio\/wp-content\/uploads\/2024\/02\/1961-Cap-dAgde-4-Copie-150x150.jpg 150w\" sizes=\"auto, (max-width: 400px) 100vw, 400px\" class=\"light-dropshaddow\"\/><\/a><\/div><\/div><div class=\"tcol-lg-4 tcol-md-4 tcol-sm-4 tcol-xs-6 tcol-ss-12 g_item\"><div class=\"grid_item kad_gallery_fade_in gallery_item\"><a href=\"https:\/\/versautrechose.fr\/portofolio\/wp-content\/uploads\/2024\/02\/1961-Cap-dAgde-2-Copie-1.jpg\" data-rel=\"lightbox\" class=\"lightboxhover\"><img loading=\"lazy\" decoding=\"async\" src=\"https:\/\/versautrechose.fr\/portofolio\/wp-content\/uploads\/2024\/02\/1961-Cap-dAgde-2-Copie-1-400x400.jpg\" width=\"400\" height=\"400\" alt=\"1960 Le Cap d&#039;Agde\" srcset=\"https:\/\/versautrechose.fr\/portofolio\/wp-content\/uploads\/2024\/02\/1961-Cap-dAgde-2-Copie-1-400x400.jpg 400w, https:\/\/versautrechose.fr\/portofolio\/wp-content\/uploads\/2024\/02\/1961-Cap-dAgde-2-Copie-1-150x150.jpg 150w\" sizes=\"auto, (max-width: 400px) 100vw, 400px\" class=\"light-dropshaddow\"\/><\/a><\/div><\/div><div class=\"tcol-lg-4 tcol-md-4 tcol-sm-4 tcol-xs-6 tcol-ss-12 g_item\"><div class=\"grid_item kad_gallery_fade_in gallery_item\"><a href=\"https:\/\/versautrechose.fr\/portofolio\/wp-content\/uploads\/2024\/02\/1961-Cap-dAgde-1-Copie.jpg\" data-rel=\"lightbox\" class=\"lightboxhover\"><img loading=\"lazy\" decoding=\"async\" src=\"https:\/\/versautrechose.fr\/portofolio\/wp-content\/uploads\/2024\/02\/1961-Cap-dAgde-1-Copie-400x400.jpg\" width=\"400\" height=\"400\" alt=\"1960 Le Cap d&#039;Agde, une autre \u00e9poque !\" srcset=\"https:\/\/versautrechose.fr\/portofolio\/wp-content\/uploads\/2024\/02\/1961-Cap-dAgde-1-Copie-400x400.jpg 400w, https:\/\/versautrechose.fr\/portofolio\/wp-content\/uploads\/2024\/02\/1961-Cap-dAgde-1-Copie-150x150.jpg 150w\" sizes=\"auto, (max-width: 400px) 100vw, 400px\" class=\"light-dropshaddow\"\/><\/a><\/div><\/div><div class=\"tcol-lg-4 tcol-md-4 tcol-sm-4 tcol-xs-6 tcol-ss-12 g_item\"><div class=\"grid_item kad_gallery_fade_in gallery_item\"><a href=\"https:\/\/versautrechose.fr\/portofolio\/wp-content\/uploads\/2024\/02\/1961-Port-de-Sete-en-avril-.jpg\" data-rel=\"lightbox\" class=\"lightboxhover\"><img loading=\"lazy\" decoding=\"async\" src=\"https:\/\/versautrechose.fr\/portofolio\/wp-content\/uploads\/2024\/02\/1961-Port-de-Sete-en-avril--400x400.jpg\" width=\"400\" height=\"400\" alt=\"1961 ... en avril, au Port de S\u00e8te  \" srcset=\"https:\/\/versautrechose.fr\/portofolio\/wp-content\/uploads\/2024\/02\/1961-Port-de-Sete-en-avril--400x400.jpg 400w, https:\/\/versautrechose.fr\/portofolio\/wp-content\/uploads\/2024\/02\/1961-Port-de-Sete-en-avril--150x150.jpg 150w\" sizes=\"auto, (max-width: 400px) 100vw, 400px\" class=\"light-dropshaddow\"\/><\/a><\/div><\/div><div class=\"tcol-lg-4 tcol-md-4 tcol-sm-4 tcol-xs-6 tcol-ss-12 g_item\"><div class=\"grid_item kad_gallery_fade_in gallery_item\"><a href=\"https:\/\/versautrechose.fr\/portofolio\/wp-content\/uploads\/2024\/02\/1961-Chalet-Chamonix-un-ete-particulier-Copie.jpg\" data-rel=\"lightbox\" class=\"lightboxhover\"><img loading=\"lazy\" decoding=\"async\" src=\"https:\/\/versautrechose.fr\/portofolio\/wp-content\/uploads\/2024\/02\/1961-Chalet-Chamonix-un-ete-particulier-Copie-400x400.jpg\" width=\"400\" height=\"400\" alt=\"1961 Chalet \u00e0 Chamonix, o\u00f9 nous allons y s\u00e9journer plus de 2 mois...  un \u00e9t\u00e9 particulier ! (ici avec un de mes fr\u00e8res a\u00een\u00e9s sur le balcon)\" srcset=\"https:\/\/versautrechose.fr\/portofolio\/wp-content\/uploads\/2024\/02\/1961-Chalet-Chamonix-un-ete-particulier-Copie-400x400.jpg 400w, https:\/\/versautrechose.fr\/portofolio\/wp-content\/uploads\/2024\/02\/1961-Chalet-Chamonix-un-ete-particulier-Copie-150x150.jpg 150w\" sizes=\"auto, (max-width: 400px) 100vw, 400px\" class=\"light-dropshaddow\"\/><\/a><\/div><\/div><div class=\"tcol-lg-4 tcol-md-4 tcol-sm-4 tcol-xs-6 tcol-ss-12 g_item\"><div class=\"grid_item kad_gallery_fade_in gallery_item\"><a href=\"https:\/\/versautrechose.fr\/portofolio\/wp-content\/uploads\/2024\/02\/1961-Chalet-Chamonix-Aiguille-du-Brevent-Copie.jpg\" data-rel=\"lightbox\" class=\"lightboxhover\"><img loading=\"lazy\" decoding=\"async\" src=\"https:\/\/versautrechose.fr\/portofolio\/wp-content\/uploads\/2024\/02\/1961-Chalet-Chamonix-Aiguille-du-Brevent-Copie-400x400.jpg\" width=\"400\" height=\"400\" alt=\"1961 ...le Chalet au pied de l&#039;Aiguille du Br\u00e9vent le matin\" srcset=\"https:\/\/versautrechose.fr\/portofolio\/wp-content\/uploads\/2024\/02\/1961-Chalet-Chamonix-Aiguille-du-Brevent-Copie-400x400.jpg 400w, https:\/\/versautrechose.fr\/portofolio\/wp-content\/uploads\/2024\/02\/1961-Chalet-Chamonix-Aiguille-du-Brevent-Copie-150x150.jpg 150w\" sizes=\"auto, (max-width: 400px) 100vw, 400px\" class=\"light-dropshaddow\"\/><\/a><\/div><\/div><div class=\"tcol-lg-4 tcol-md-4 tcol-sm-4 tcol-xs-6 tcol-ss-12 g_item\"><div class=\"grid_item kad_gallery_fade_in gallery_item\"><a href=\"https:\/\/versautrechose.fr\/portofolio\/wp-content\/uploads\/2024\/02\/1961-chalet-Cham.-2-Copie.jpg\" data-rel=\"lightbox\" class=\"lightboxhover\"><img loading=\"lazy\" decoding=\"async\" src=\"https:\/\/versautrechose.fr\/portofolio\/wp-content\/uploads\/2024\/02\/1961-chalet-Cham.-2-Copie-400x400.jpg\" width=\"400\" height=\"400\" alt=\"1961 ... vue face au chalet sur le Mt Blanc, le matin\" srcset=\"https:\/\/versautrechose.fr\/portofolio\/wp-content\/uploads\/2024\/02\/1961-chalet-Cham.-2-Copie-400x400.jpg 400w, https:\/\/versautrechose.fr\/portofolio\/wp-content\/uploads\/2024\/02\/1961-chalet-Cham.-2-Copie-150x150.jpg 150w\" sizes=\"auto, (max-width: 400px) 100vw, 400px\" class=\"light-dropshaddow\"\/><\/a><\/div><\/div><div class=\"tcol-lg-4 tcol-md-4 tcol-sm-4 tcol-xs-6 tcol-ss-12 g_item\"><div class=\"grid_item kad_gallery_fade_in gallery_item\"><a href=\"https:\/\/versautrechose.fr\/portofolio\/wp-content\/uploads\/2024\/02\/1961-chalet-Cham.-Copie-Copie.jpg\" data-rel=\"lightbox\" class=\"lightboxhover\"><img loading=\"lazy\" decoding=\"async\" src=\"https:\/\/versautrechose.fr\/portofolio\/wp-content\/uploads\/2024\/02\/1961-chalet-Cham.-Copie-Copie-400x400.jpg\" width=\"400\" height=\"400\" alt=\"1961 ... vue face au chalet, le glacier des  Bossons \" srcset=\"https:\/\/versautrechose.fr\/portofolio\/wp-content\/uploads\/2024\/02\/1961-chalet-Cham.-Copie-Copie-400x400.jpg 400w, https:\/\/versautrechose.fr\/portofolio\/wp-content\/uploads\/2024\/02\/1961-chalet-Cham.-Copie-Copie-150x150.jpg 150w\" sizes=\"auto, (max-width: 400px) 100vw, 400px\" class=\"light-dropshaddow\"\/><\/a><\/div><\/div><div class=\"tcol-lg-4 tcol-md-4 tcol-sm-4 tcol-xs-6 tcol-ss-12 g_item\"><div class=\"grid_item kad_gallery_fade_in gallery_item\"><a href=\"https:\/\/versautrechose.fr\/portofolio\/wp-content\/uploads\/2024\/02\/1961-Chalet-balcon-Les-Aiguilles-Cham.-et-Plan-de-lAiguille-2-Copie.jpg\" data-rel=\"lightbox\" class=\"lightboxhover\"><img loading=\"lazy\" decoding=\"async\" src=\"https:\/\/versautrechose.fr\/portofolio\/wp-content\/uploads\/2024\/02\/1961-Chalet-balcon-Les-Aiguilles-Cham.-et-Plan-de-lAiguille-2-Copie-400x400.jpg\" width=\"400\" height=\"400\" alt=\"1961 vue du balcon l&#039;apr\u00e8s-midi, Les Aiguilles de Chamonix et Plan de l&#039;Aiguille\" srcset=\"https:\/\/versautrechose.fr\/portofolio\/wp-content\/uploads\/2024\/02\/1961-Chalet-balcon-Les-Aiguilles-Cham.-et-Plan-de-lAiguille-2-Copie-400x400.jpg 400w, https:\/\/versautrechose.fr\/portofolio\/wp-content\/uploads\/2024\/02\/1961-Chalet-balcon-Les-Aiguilles-Cham.-et-Plan-de-lAiguille-2-Copie-150x150.jpg 150w\" sizes=\"auto, (max-width: 400px) 100vw, 400px\" class=\"light-dropshaddow\"\/><\/a><\/div><\/div><div class=\"tcol-lg-4 tcol-md-4 tcol-sm-4 tcol-xs-6 tcol-ss-12 g_item\"><div class=\"grid_item kad_gallery_fade_in gallery_item\"><a href=\"https:\/\/versautrechose.fr\/portofolio\/wp-content\/uploads\/2024\/02\/Cham.-Mt-blanc-lArve.jpg\" data-rel=\"lightbox\" class=\"lightboxhover\"><img loading=\"lazy\" decoding=\"async\" src=\"https:\/\/versautrechose.fr\/portofolio\/wp-content\/uploads\/2024\/02\/Cham.-Mt-blanc-lArve-400x400.jpg\" width=\"400\" height=\"400\" alt=\"Chamonix 1961 - le Mt blanc vu de l&#039;Arve\" srcset=\"https:\/\/versautrechose.fr\/portofolio\/wp-content\/uploads\/2024\/02\/Cham.-Mt-blanc-lArve-400x400.jpg 400w, https:\/\/versautrechose.fr\/portofolio\/wp-content\/uploads\/2024\/02\/Cham.-Mt-blanc-lArve-150x150.jpg 150w\" sizes=\"auto, (max-width: 400px) 100vw, 400px\" class=\"light-dropshaddow\"\/><\/a><\/div><\/div><div class=\"tcol-lg-4 tcol-md-4 tcol-sm-4 tcol-xs-6 tcol-ss-12 g_item\"><div class=\"grid_item kad_gallery_fade_in gallery_item\"><a href=\"https:\/\/versautrechose.fr\/portofolio\/wp-content\/uploads\/2024\/02\/1961-Le-MtBlanc-et-le-Dome-du-Gouter-le-Mt-Maudit-et-lAiguille-du-Midi-vu-du-chalet-Copie-1.jpg\" data-rel=\"lightbox\" class=\"lightboxhover\"><img loading=\"lazy\" decoding=\"async\" src=\"https:\/\/versautrechose.fr\/portofolio\/wp-content\/uploads\/2024\/02\/1961-Le-MtBlanc-et-le-Dome-du-Gouter-le-Mt-Maudit-et-lAiguille-du-Midi-vu-du-chalet-Copie-1-400x400.jpg\" width=\"400\" height=\"400\" alt=\"1961 Le Mt Blanc et le D\u00f4me du Go\u00fbter, le Mt Maudit et l&#039;Aiguille du Midi vu du chalet, matin ...\" srcset=\"https:\/\/versautrechose.fr\/portofolio\/wp-content\/uploads\/2024\/02\/1961-Le-MtBlanc-et-le-Dome-du-Gouter-le-Mt-Maudit-et-lAiguille-du-Midi-vu-du-chalet-Copie-1-400x400.jpg 400w, https:\/\/versautrechose.fr\/portofolio\/wp-content\/uploads\/2024\/02\/1961-Le-MtBlanc-et-le-Dome-du-Gouter-le-Mt-Maudit-et-lAiguille-du-Midi-vu-du-chalet-Copie-1-150x150.jpg 150w\" sizes=\"auto, (max-width: 400px) 100vw, 400px\" class=\"light-dropshaddow\"\/><\/a><\/div><\/div><div class=\"tcol-lg-4 tcol-md-4 tcol-sm-4 tcol-xs-6 tcol-ss-12 g_item\"><div class=\"grid_item kad_gallery_fade_in gallery_item\"><a href=\"https:\/\/versautrechose.fr\/portofolio\/wp-content\/uploads\/2024\/02\/1961-Lac-Vert-Passy-Copie.jpg\" data-rel=\"lightbox\" class=\"lightboxhover\"><img loading=\"lazy\" decoding=\"async\" src=\"https:\/\/versautrechose.fr\/portofolio\/wp-content\/uploads\/2024\/02\/1961-Lac-Vert-Passy-Copie-400x400.jpg\" width=\"400\" height=\"400\" alt=\"1961 &quot;Mum&quot; au bord du Lac Vert \u00e0 Passy,  plateau d&#039;Assy\" srcset=\"https:\/\/versautrechose.fr\/portofolio\/wp-content\/uploads\/2024\/02\/1961-Lac-Vert-Passy-Copie-400x400.jpg 400w, https:\/\/versautrechose.fr\/portofolio\/wp-content\/uploads\/2024\/02\/1961-Lac-Vert-Passy-Copie-150x150.jpg 150w\" sizes=\"auto, (max-width: 400px) 100vw, 400px\" class=\"light-dropshaddow\"\/><\/a><\/div><\/div><div class=\"tcol-lg-4 tcol-md-4 tcol-sm-4 tcol-xs-6 tcol-ss-12 g_item\"><div class=\"grid_item kad_gallery_fade_in gallery_item\"><a href=\"https:\/\/versautrechose.fr\/portofolio\/wp-content\/uploads\/2024\/02\/1961-Passy-plateau-dAssy-Copie.jpg\" data-rel=\"lightbox\" class=\"lightboxhover\"><img loading=\"lazy\" decoding=\"async\" src=\"https:\/\/versautrechose.fr\/portofolio\/wp-content\/uploads\/2024\/02\/1961-Passy-plateau-dAssy-Copie-400x400.jpg\" width=\"400\" height=\"400\" alt=\"1961 Passy, &quot;Mutti&quot; et ses trois gar\u00e7ons ...\" srcset=\"https:\/\/versautrechose.fr\/portofolio\/wp-content\/uploads\/2024\/02\/1961-Passy-plateau-dAssy-Copie-400x400.jpg 400w, https:\/\/versautrechose.fr\/portofolio\/wp-content\/uploads\/2024\/02\/1961-Passy-plateau-dAssy-Copie-150x150.jpg 150w\" sizes=\"auto, (max-width: 400px) 100vw, 400px\" class=\"light-dropshaddow\"\/><\/a><\/div><\/div><div class=\"tcol-lg-4 tcol-md-4 tcol-sm-4 tcol-xs-6 tcol-ss-12 g_item\"><div class=\"grid_item kad_gallery_fade_in gallery_item\"><a href=\"https:\/\/versautrechose.fr\/portofolio\/wp-content\/uploads\/2024\/02\/Cham.-eglise-des-Praz-Copie.jpg\" data-rel=\"lightbox\" class=\"lightboxhover\"><img loading=\"lazy\" decoding=\"async\" src=\"https:\/\/versautrechose.fr\/portofolio\/wp-content\/uploads\/2024\/02\/Cham.-eglise-des-Praz-Copie-400x400.jpg\" width=\"400\" height=\"400\" alt=\"L&#039;\u00e9glise des Praz - Chamonix 1961\" srcset=\"https:\/\/versautrechose.fr\/portofolio\/wp-content\/uploads\/2024\/02\/Cham.-eglise-des-Praz-Copie-400x400.jpg 400w, https:\/\/versautrechose.fr\/portofolio\/wp-content\/uploads\/2024\/02\/Cham.-eglise-des-Praz-Copie-150x150.jpg 150w\" sizes=\"auto, (max-width: 400px) 100vw, 400px\" class=\"light-dropshaddow\"\/><\/a><\/div><\/div><div class=\"tcol-lg-4 tcol-md-4 tcol-sm-4 tcol-xs-6 tcol-ss-12 g_item\"><div class=\"grid_item kad_gallery_fade_in gallery_item\"><a href=\"https:\/\/versautrechose.fr\/portofolio\/wp-content\/uploads\/2024\/02\/Cham.-au-sommmet-du-Mt-Joly.jpg\" data-rel=\"lightbox\" class=\"lightboxhover\"><img loading=\"lazy\" decoding=\"async\" src=\"https:\/\/versautrechose.fr\/portofolio\/wp-content\/uploads\/2024\/02\/Cham.-au-sommmet-du-Mt-Joly-400x400.jpg\" width=\"400\" height=\"400\" alt=\"1961 Chamonix - au sommet du Mt Joly, \u00ab\u00a0Mum\u00a0\u00bb et une s\u0153ur avec un fr\u00e8re, tous les trois ne sont plus l\u00e0 aujourd&#039;hui ...\" srcset=\"https:\/\/versautrechose.fr\/portofolio\/wp-content\/uploads\/2024\/02\/Cham.-au-sommmet-du-Mt-Joly-400x400.jpg 400w, https:\/\/versautrechose.fr\/portofolio\/wp-content\/uploads\/2024\/02\/Cham.-au-sommmet-du-Mt-Joly-150x150.jpg 150w\" sizes=\"auto, (max-width: 400px) 100vw, 400px\" class=\"light-dropshaddow\"\/><\/a><\/div><\/div><div class=\"tcol-lg-4 tcol-md-4 tcol-sm-4 tcol-xs-6 tcol-ss-12 g_item\"><div class=\"grid_item kad_gallery_fade_in gallery_item\"><a href=\"https:\/\/versautrechose.fr\/portofolio\/wp-content\/uploads\/2024\/02\/1961-Chamonix-Lac-de-Barberine-Copie.jpg\" data-rel=\"lightbox\" class=\"lightboxhover\"><img loading=\"lazy\" decoding=\"async\" src=\"https:\/\/versautrechose.fr\/portofolio\/wp-content\/uploads\/2024\/02\/1961-Chamonix-Lac-de-Barberine-Copie-400x400.jpg\" width=\"400\" height=\"400\" alt=\"1961 Lac de Barberine, Vallorcine - Chamonix\" srcset=\"https:\/\/versautrechose.fr\/portofolio\/wp-content\/uploads\/2024\/02\/1961-Chamonix-Lac-de-Barberine-Copie-400x400.jpg 400w, https:\/\/versautrechose.fr\/portofolio\/wp-content\/uploads\/2024\/02\/1961-Chamonix-Lac-de-Barberine-Copie-150x150.jpg 150w\" sizes=\"auto, (max-width: 400px) 100vw, 400px\" class=\"light-dropshaddow\"\/><\/a><\/div><\/div><div class=\"tcol-lg-4 tcol-md-4 tcol-sm-4 tcol-xs-6 tcol-ss-12 g_item\"><div class=\"grid_item kad_gallery_fade_in gallery_item\"><a href=\"https:\/\/versautrechose.fr\/portofolio\/wp-content\/uploads\/2024\/02\/Cham.-Mt-dArbois-chaine-des-Arbois.jpg\" data-rel=\"lightbox\" class=\"lightboxhover\"><img loading=\"lazy\" decoding=\"async\" src=\"https:\/\/versautrechose.fr\/portofolio\/wp-content\/uploads\/2024\/02\/Cham.-Mt-dArbois-chaine-des-Arbois-400x400.jpg\" width=\"400\" height=\"400\" alt=\"Cha\u00eene des Monts d&#039;Arbois, Chamonix 1961\" srcset=\"https:\/\/versautrechose.fr\/portofolio\/wp-content\/uploads\/2024\/02\/Cham.-Mt-dArbois-chaine-des-Arbois-400x400.jpg 400w, https:\/\/versautrechose.fr\/portofolio\/wp-content\/uploads\/2024\/02\/Cham.-Mt-dArbois-chaine-des-Arbois-150x150.jpg 150w\" sizes=\"auto, (max-width: 400px) 100vw, 400px\" class=\"light-dropshaddow\"\/><\/a><\/div><\/div><div class=\"tcol-lg-4 tcol-md-4 tcol-sm-4 tcol-xs-6 tcol-ss-12 g_item\"><div class=\"grid_item kad_gallery_fade_in gallery_item\"><a href=\"https:\/\/versautrechose.fr\/portofolio\/wp-content\/uploads\/2024\/02\/1961-Mer-de-glace_Jorasses-Copie.jpg\" data-rel=\"lightbox\" class=\"lightboxhover\"><img loading=\"lazy\" decoding=\"async\" src=\"https:\/\/versautrechose.fr\/portofolio\/wp-content\/uploads\/2024\/02\/1961-Mer-de-glace_Jorasses-Copie-400x400.jpg\" width=\"400\" height=\"400\" alt=\"1961 La Mer de Glace et les Grandes Jorasses\" srcset=\"https:\/\/versautrechose.fr\/portofolio\/wp-content\/uploads\/2024\/02\/1961-Mer-de-glace_Jorasses-Copie-400x400.jpg 400w, https:\/\/versautrechose.fr\/portofolio\/wp-content\/uploads\/2024\/02\/1961-Mer-de-glace_Jorasses-Copie-150x150.jpg 150w\" sizes=\"auto, (max-width: 400px) 100vw, 400px\" class=\"light-dropshaddow\"\/><\/a><\/div><\/div><div class=\"tcol-lg-4 tcol-md-4 tcol-sm-4 tcol-xs-6 tcol-ss-12 g_item\"><div class=\"grid_item kad_gallery_fade_in gallery_item\"><a href=\"https:\/\/versautrechose.fr\/portofolio\/wp-content\/uploads\/2024\/02\/1961-Col-de-Cornu-la-montee-au-dessus-du-Brevent-face-au-Mt-Blanc-Copie.jpg\" data-rel=\"lightbox\" class=\"lightboxhover\"><img loading=\"lazy\" decoding=\"async\" src=\"https:\/\/versautrechose.fr\/portofolio\/wp-content\/uploads\/2024\/02\/1961-Col-de-Cornu-la-montee-au-dessus-du-Brevent-face-au-Mt-Blanc-Copie-400x400.jpg\" width=\"400\" height=\"400\" alt=\"1961 ... au-dessus du Brevent face au Mt-Blanc,  &quot;Mum&quot; en plein effort ! ... la mont\u00e9e du Col de Cornu\" srcset=\"https:\/\/versautrechose.fr\/portofolio\/wp-content\/uploads\/2024\/02\/1961-Col-de-Cornu-la-montee-au-dessus-du-Brevent-face-au-Mt-Blanc-Copie-400x400.jpg 400w, https:\/\/versautrechose.fr\/portofolio\/wp-content\/uploads\/2024\/02\/1961-Col-de-Cornu-la-montee-au-dessus-du-Brevent-face-au-Mt-Blanc-Copie-150x150.jpg 150w\" sizes=\"auto, (max-width: 400px) 100vw, 400px\" class=\"light-dropshaddow\"\/><\/a><\/div><\/div><div class=\"tcol-lg-4 tcol-md-4 tcol-sm-4 tcol-xs-6 tcol-ss-12 g_item\"><div class=\"grid_item kad_gallery_fade_in gallery_item\"><a href=\"https:\/\/versautrechose.fr\/portofolio\/wp-content\/uploads\/2024\/02\/Cham.-Aig.Midi-du-chalet-du-Plan.jpg\" data-rel=\"lightbox\" class=\"lightboxhover\"><img loading=\"lazy\" decoding=\"async\" src=\"https:\/\/versautrechose.fr\/portofolio\/wp-content\/uploads\/2024\/02\/Cham.-Aig.Midi-du-chalet-du-Plan-400x400.jpg\" width=\"400\" height=\"400\" alt=\"1961 Chamonix - du chalet du Plan de Praz, Aiguille du Midi\" srcset=\"https:\/\/versautrechose.fr\/portofolio\/wp-content\/uploads\/2024\/02\/Cham.-Aig.Midi-du-chalet-du-Plan-400x400.jpg 400w, https:\/\/versautrechose.fr\/portofolio\/wp-content\/uploads\/2024\/02\/Cham.-Aig.Midi-du-chalet-du-Plan-150x150.jpg 150w\" sizes=\"auto, (max-width: 400px) 100vw, 400px\" class=\"light-dropshaddow\"\/><\/a><\/div><\/div><div class=\"tcol-lg-4 tcol-md-4 tcol-sm-4 tcol-xs-6 tcol-ss-12 g_item\"><div class=\"grid_item kad_gallery_fade_in gallery_item\"><a href=\"https:\/\/versautrechose.fr\/portofolio\/wp-content\/uploads\/2024\/02\/1961-Col-de-Balme_Mt-Blanc-Copie.jpg\" data-rel=\"lightbox\" class=\"lightboxhover\"><img loading=\"lazy\" decoding=\"async\" src=\"https:\/\/versautrechose.fr\/portofolio\/wp-content\/uploads\/2024\/02\/1961-Col-de-Balme_Mt-Blanc-Copie-400x400.jpg\" width=\"400\" height=\"400\" alt=\"1961 au Col de Balme le Massif du Mt Blanc\" srcset=\"https:\/\/versautrechose.fr\/portofolio\/wp-content\/uploads\/2024\/02\/1961-Col-de-Balme_Mt-Blanc-Copie-400x400.jpg 400w, https:\/\/versautrechose.fr\/portofolio\/wp-content\/uploads\/2024\/02\/1961-Col-de-Balme_Mt-Blanc-Copie-150x150.jpg 150w\" sizes=\"auto, (max-width: 400px) 100vw, 400px\" class=\"light-dropshaddow\"\/><\/a><\/div><\/div><div class=\"tcol-lg-4 tcol-md-4 tcol-sm-4 tcol-xs-6 tcol-ss-12 g_item\"><div class=\"grid_item kad_gallery_fade_in gallery_item\"><a href=\"https:\/\/versautrechose.fr\/portofolio\/wp-content\/uploads\/2024\/02\/1961-Lac-Blanc-et-laiguille-Verte-Pointe-de-Balme-Copie.jpg\" data-rel=\"lightbox\" class=\"lightboxhover\"><img loading=\"lazy\" decoding=\"async\" src=\"https:\/\/versautrechose.fr\/portofolio\/wp-content\/uploads\/2024\/02\/1961-Lac-Blanc-et-laiguille-Verte-Pointe-de-Balme-Copie-400x400.jpg\" width=\"400\" height=\"400\" alt=\"1961 Lac Blanc et Aiguille Verte, Pointe de Balme\" srcset=\"https:\/\/versautrechose.fr\/portofolio\/wp-content\/uploads\/2024\/02\/1961-Lac-Blanc-et-laiguille-Verte-Pointe-de-Balme-Copie-400x400.jpg 400w, https:\/\/versautrechose.fr\/portofolio\/wp-content\/uploads\/2024\/02\/1961-Lac-Blanc-et-laiguille-Verte-Pointe-de-Balme-Copie-150x150.jpg 150w\" sizes=\"auto, (max-width: 400px) 100vw, 400px\" class=\"light-dropshaddow\"\/><\/a><\/div><\/div><div class=\"tcol-lg-4 tcol-md-4 tcol-sm-4 tcol-xs-6 tcol-ss-12 g_item\"><div class=\"grid_item kad_gallery_fade_in gallery_item\"><a href=\"https:\/\/versautrechose.fr\/portofolio\/wp-content\/uploads\/2024\/02\/1961-Col-de-Balme-Le-Buet-Copie.jpg\" data-rel=\"lightbox\" class=\"lightboxhover\"><img loading=\"lazy\" decoding=\"async\" src=\"https:\/\/versautrechose.fr\/portofolio\/wp-content\/uploads\/2024\/02\/1961-Col-de-Balme-Le-Buet-Copie-400x400.jpg\" width=\"400\" height=\"400\" alt=\"1961 Col de Balme - Le Buet\" srcset=\"https:\/\/versautrechose.fr\/portofolio\/wp-content\/uploads\/2024\/02\/1961-Col-de-Balme-Le-Buet-Copie-400x400.jpg 400w, https:\/\/versautrechose.fr\/portofolio\/wp-content\/uploads\/2024\/02\/1961-Col-de-Balme-Le-Buet-Copie-150x150.jpg 150w\" sizes=\"auto, (max-width: 400px) 100vw, 400px\" class=\"light-dropshaddow\"\/><\/a><\/div><\/div><div class=\"tcol-lg-4 tcol-md-4 tcol-sm-4 tcol-xs-6 tcol-ss-12 g_item\"><div class=\"grid_item kad_gallery_fade_in gallery_item\"><a href=\"https:\/\/versautrechose.fr\/portofolio\/wp-content\/uploads\/2024\/02\/Cham.-les-Contamines-Lac-Roselette.jpg\" data-rel=\"lightbox\" class=\"lightboxhover\"><img loading=\"lazy\" decoding=\"async\" src=\"https:\/\/versautrechose.fr\/portofolio\/wp-content\/uploads\/2024\/02\/Cham.-les-Contamines-Lac-Roselette-400x400.jpg\" width=\"400\" height=\"400\" alt=\"Chamonix 1961 Lac Roselette (Les Contamines-Mt Joie)\" srcset=\"https:\/\/versautrechose.fr\/portofolio\/wp-content\/uploads\/2024\/02\/Cham.-les-Contamines-Lac-Roselette-400x400.jpg 400w, https:\/\/versautrechose.fr\/portofolio\/wp-content\/uploads\/2024\/02\/Cham.-les-Contamines-Lac-Roselette-150x150.jpg 150w\" sizes=\"auto, (max-width: 400px) 100vw, 400px\" class=\"light-dropshaddow\"\/><\/a><\/div><\/div><div class=\"tcol-lg-4 tcol-md-4 tcol-sm-4 tcol-xs-6 tcol-ss-12 g_item\"><div class=\"grid_item kad_gallery_fade_in gallery_item\"><a href=\"https:\/\/versautrechose.fr\/portofolio\/wp-content\/uploads\/2024\/02\/Cham.-Mt-Joly.jpg\" data-rel=\"lightbox\" class=\"lightboxhover\"><img loading=\"lazy\" decoding=\"async\" src=\"https:\/\/versautrechose.fr\/portofolio\/wp-content\/uploads\/2024\/02\/Cham.-Mt-Joly-400x400.jpg\" width=\"400\" height=\"400\" alt=\"Mont Joly - Chamonix 1961\" srcset=\"https:\/\/versautrechose.fr\/portofolio\/wp-content\/uploads\/2024\/02\/Cham.-Mt-Joly-400x400.jpg 400w, https:\/\/versautrechose.fr\/portofolio\/wp-content\/uploads\/2024\/02\/Cham.-Mt-Joly-150x150.jpg 150w\" sizes=\"auto, (max-width: 400px) 100vw, 400px\" class=\"light-dropshaddow\"\/><\/a><\/div><\/div><div class=\"tcol-lg-4 tcol-md-4 tcol-sm-4 tcol-xs-6 tcol-ss-12 g_item\"><div class=\"grid_item kad_gallery_fade_in gallery_item\"><a href=\"https:\/\/versautrechose.fr\/portofolio\/wp-content\/uploads\/2024\/02\/Cham.-Mt-Joux.jpg\" data-rel=\"lightbox\" class=\"lightboxhover\"><img loading=\"lazy\" decoding=\"async\" src=\"https:\/\/versautrechose.fr\/portofolio\/wp-content\/uploads\/2024\/02\/Cham.-Mt-Joux-400x400.jpg\" width=\"400\" height=\"400\" alt=\"Mont Joux - Chamonix 1961\" srcset=\"https:\/\/versautrechose.fr\/portofolio\/wp-content\/uploads\/2024\/02\/Cham.-Mt-Joux-400x400.jpg 400w, https:\/\/versautrechose.fr\/portofolio\/wp-content\/uploads\/2024\/02\/Cham.-Mt-Joux-150x150.jpg 150w\" sizes=\"auto, (max-width: 400px) 100vw, 400px\" class=\"light-dropshaddow\"\/><\/a><\/div><\/div><div class=\"tcol-lg-4 tcol-md-4 tcol-sm-4 tcol-xs-6 tcol-ss-12 g_item\"><div class=\"grid_item kad_gallery_fade_in gallery_item\"><a href=\"https:\/\/versautrechose.fr\/portofolio\/wp-content\/uploads\/2024\/02\/1961-Croix-de-Fer-Copie.jpg\" data-rel=\"lightbox\" class=\"lightboxhover\"><img loading=\"lazy\" decoding=\"async\" src=\"https:\/\/versautrechose.fr\/portofolio\/wp-content\/uploads\/2024\/02\/1961-Croix-de-Fer-Copie-400x400.jpg\" width=\"400\" height=\"400\" alt=\"1961 Croix de Fer - Chamonix\" srcset=\"https:\/\/versautrechose.fr\/portofolio\/wp-content\/uploads\/2024\/02\/1961-Croix-de-Fer-Copie-400x400.jpg 400w, https:\/\/versautrechose.fr\/portofolio\/wp-content\/uploads\/2024\/02\/1961-Croix-de-Fer-Copie-150x150.jpg 150w\" sizes=\"auto, (max-width: 400px) 100vw, 400px\" class=\"light-dropshaddow\"\/><\/a><\/div><\/div><div class=\"tcol-lg-4 tcol-md-4 tcol-sm-4 tcol-xs-6 tcol-ss-12 g_item\"><div class=\"grid_item kad_gallery_fade_in gallery_item\"><a href=\"https:\/\/versautrechose.fr\/portofolio\/wp-content\/uploads\/2024\/02\/Cham.-Croix-de-Fer.jpg\" data-rel=\"lightbox\" class=\"lightboxhover\"><img loading=\"lazy\" decoding=\"async\" src=\"https:\/\/versautrechose.fr\/portofolio\/wp-content\/uploads\/2024\/02\/Cham.-Croix-de-Fer-400x400.jpg\" width=\"400\" height=\"400\" alt=\"\u00e0 la Croix de Fer,  Chamonix 1961\" srcset=\"https:\/\/versautrechose.fr\/portofolio\/wp-content\/uploads\/2024\/02\/Cham.-Croix-de-Fer-400x400.jpg 400w, https:\/\/versautrechose.fr\/portofolio\/wp-content\/uploads\/2024\/02\/Cham.-Croix-de-Fer-150x150.jpg 150w\" sizes=\"auto, (max-width: 400px) 100vw, 400px\" class=\"light-dropshaddow\"\/><\/a><\/div><\/div><div class=\"tcol-lg-4 tcol-md-4 tcol-sm-4 tcol-xs-6 tcol-ss-12 g_item\"><div class=\"grid_item kad_gallery_fade_in gallery_item\"><a href=\"https:\/\/versautrechose.fr\/portofolio\/wp-content\/uploads\/2024\/02\/1961-sentier-Croix-de-Fer-Copie.jpg\" data-rel=\"lightbox\" class=\"lightboxhover\"><img loading=\"lazy\" decoding=\"async\" src=\"https:\/\/versautrechose.fr\/portofolio\/wp-content\/uploads\/2024\/02\/1961-sentier-Croix-de-Fer-Copie-400x400.jpg\" width=\"400\" height=\"400\" alt=\"1961 ... sur le sentier de Croix de Fer\" srcset=\"https:\/\/versautrechose.fr\/portofolio\/wp-content\/uploads\/2024\/02\/1961-sentier-Croix-de-Fer-Copie-400x400.jpg 400w, https:\/\/versautrechose.fr\/portofolio\/wp-content\/uploads\/2024\/02\/1961-sentier-Croix-de-Fer-Copie-150x150.jpg 150w\" sizes=\"auto, (max-width: 400px) 100vw, 400px\" class=\"light-dropshaddow\"\/><\/a><\/div><\/div><div class=\"tcol-lg-4 tcol-md-4 tcol-sm-4 tcol-xs-6 tcol-ss-12 g_item\"><div class=\"grid_item kad_gallery_fade_in gallery_item\"><a href=\"https:\/\/versautrechose.fr\/portofolio\/wp-content\/uploads\/2024\/02\/1961-Col-Joly-Contamines-Montjoie-Copie.jpg\" data-rel=\"lightbox\" class=\"lightboxhover\"><img loading=\"lazy\" decoding=\"async\" src=\"https:\/\/versautrechose.fr\/portofolio\/wp-content\/uploads\/2024\/02\/1961-Col-Joly-Contamines-Montjoie-Copie-400x400.jpg\" width=\"400\" height=\"400\" alt=\"1961 &quot;Mutti&quot; et ses cinq enfants, Col Joly Contamines-Montjoie\" srcset=\"https:\/\/versautrechose.fr\/portofolio\/wp-content\/uploads\/2024\/02\/1961-Col-Joly-Contamines-Montjoie-Copie-400x400.jpg 400w, https:\/\/versautrechose.fr\/portofolio\/wp-content\/uploads\/2024\/02\/1961-Col-Joly-Contamines-Montjoie-Copie-150x150.jpg 150w\" sizes=\"auto, (max-width: 400px) 100vw, 400px\" class=\"light-dropshaddow\"\/><\/a><\/div><\/div><div class=\"tcol-lg-4 tcol-md-4 tcol-sm-4 tcol-xs-6 tcol-ss-12 g_item\"><div class=\"grid_item kad_gallery_fade_in gallery_item\"><a href=\"https:\/\/versautrechose.fr\/portofolio\/wp-content\/uploads\/2024\/02\/Cham.-chai-Mt-Blanc.jpg\" data-rel=\"lightbox\" class=\"lightboxhover\"><img loading=\"lazy\" decoding=\"async\" src=\"https:\/\/versautrechose.fr\/portofolio\/wp-content\/uploads\/2024\/02\/Cham.-chai-Mt-Blanc-400x400.jpg\" width=\"400\" height=\"400\" alt=\"1961 Chamonix - \u00ab\u00a0Mum\u00a0\u00bb devant la cha\u00eene du Mt Blanc\" srcset=\"https:\/\/versautrechose.fr\/portofolio\/wp-content\/uploads\/2024\/02\/Cham.-chai-Mt-Blanc-400x400.jpg 400w, https:\/\/versautrechose.fr\/portofolio\/wp-content\/uploads\/2024\/02\/Cham.-chai-Mt-Blanc-150x150.jpg 150w\" sizes=\"auto, (max-width: 400px) 100vw, 400px\" class=\"light-dropshaddow\"\/><\/a><\/div><\/div><div class=\"tcol-lg-4 tcol-md-4 tcol-sm-4 tcol-xs-6 tcol-ss-12 g_item\"><div class=\"grid_item kad_gallery_fade_in gallery_item\"><a href=\"https:\/\/versautrechose.fr\/portofolio\/wp-content\/uploads\/2024\/02\/1961-Contamines-Montjoie-Copie.jpg\" data-rel=\"lightbox\" class=\"lightboxhover\"><img loading=\"lazy\" decoding=\"async\" src=\"https:\/\/versautrechose.fr\/portofolio\/wp-content\/uploads\/2024\/02\/1961-Contamines-Montjoie-Copie-400x400.jpg\" width=\"400\" height=\"400\" alt=\"1961 ... un petit gar\u00e7on de huit ans dans les alpages ; Contamines-Montjoie\" srcset=\"https:\/\/versautrechose.fr\/portofolio\/wp-content\/uploads\/2024\/02\/1961-Contamines-Montjoie-Copie-400x400.jpg 400w, https:\/\/versautrechose.fr\/portofolio\/wp-content\/uploads\/2024\/02\/1961-Contamines-Montjoie-Copie-150x150.jpg 150w\" sizes=\"auto, (max-width: 400px) 100vw, 400px\" class=\"light-dropshaddow\"\/><\/a><\/div><\/div><div class=\"tcol-lg-4 tcol-md-4 tcol-sm-4 tcol-xs-6 tcol-ss-12 g_item\"><div class=\"grid_item kad_gallery_fade_in gallery_item\"><a href=\"https:\/\/versautrechose.fr\/portofolio\/wp-content\/uploads\/2024\/02\/Cham.-Aig.Rouge-Lac-Cornu.jpg\" data-rel=\"lightbox\" class=\"lightboxhover\"><img loading=\"lazy\" decoding=\"async\" src=\"https:\/\/versautrechose.fr\/portofolio\/wp-content\/uploads\/2024\/02\/Cham.-Aig.Rouge-Lac-Cornu-400x400.jpg\" width=\"400\" height=\"400\" alt=\"1961 Chamonix - \u00ab\u00a0Mum\u00a0\u00bb Aiguilles Rouges  (Lac Cornu)\" srcset=\"https:\/\/versautrechose.fr\/portofolio\/wp-content\/uploads\/2024\/02\/Cham.-Aig.Rouge-Lac-Cornu-400x400.jpg 400w, https:\/\/versautrechose.fr\/portofolio\/wp-content\/uploads\/2024\/02\/Cham.-Aig.Rouge-Lac-Cornu-150x150.jpg 150w\" sizes=\"auto, (max-width: 400px) 100vw, 400px\" class=\"light-dropshaddow\"\/><\/a><\/div><\/div><div class=\"tcol-lg-4 tcol-md-4 tcol-sm-4 tcol-xs-6 tcol-ss-12 g_item\"><div class=\"grid_item kad_gallery_fade_in gallery_item\"><a href=\"https:\/\/versautrechose.fr\/portofolio\/wp-content\/uploads\/2024\/02\/1961-Aiguilles-Rouges-Copie.jpg\" data-rel=\"lightbox\" class=\"lightboxhover\"><img loading=\"lazy\" decoding=\"async\" src=\"https:\/\/versautrechose.fr\/portofolio\/wp-content\/uploads\/2024\/02\/1961-Aiguilles-Rouges-Copie-400x400.jpg\" width=\"400\" height=\"400\" alt=\"1961 Les Aiguilles Rouges - Chamonix\" srcset=\"https:\/\/versautrechose.fr\/portofolio\/wp-content\/uploads\/2024\/02\/1961-Aiguilles-Rouges-Copie-400x400.jpg 400w, https:\/\/versautrechose.fr\/portofolio\/wp-content\/uploads\/2024\/02\/1961-Aiguilles-Rouges-Copie-150x150.jpg 150w\" sizes=\"auto, (max-width: 400px) 100vw, 400px\" class=\"light-dropshaddow\"\/><\/a><\/div><\/div><div class=\"tcol-lg-4 tcol-md-4 tcol-sm-4 tcol-xs-6 tcol-ss-12 g_item\"><div class=\"grid_item kad_gallery_fade_in gallery_item\"><a href=\"https:\/\/versautrechose.fr\/portofolio\/wp-content\/uploads\/2024\/02\/1961-Aiguille-Verte-Copie.jpg\" data-rel=\"lightbox\" class=\"lightboxhover\"><img loading=\"lazy\" decoding=\"async\" src=\"https:\/\/versautrechose.fr\/portofolio\/wp-content\/uploads\/2024\/02\/1961-Aiguille-Verte-Copie-400x400.jpg\" width=\"400\" height=\"400\" alt=\"1961 &quot;Mum&quot; et l&#039;Aiguille Verte - Chamonix\" srcset=\"https:\/\/versautrechose.fr\/portofolio\/wp-content\/uploads\/2024\/02\/1961-Aiguille-Verte-Copie-400x400.jpg 400w, https:\/\/versautrechose.fr\/portofolio\/wp-content\/uploads\/2024\/02\/1961-Aiguille-Verte-Copie-150x150.jpg 150w\" sizes=\"auto, (max-width: 400px) 100vw, 400px\" class=\"light-dropshaddow\"\/><\/a><\/div><\/div><div class=\"tcol-lg-4 tcol-md-4 tcol-sm-4 tcol-xs-6 tcol-ss-12 g_item\"><div class=\"grid_item kad_gallery_fade_in gallery_item\"><a href=\"https:\/\/versautrechose.fr\/portofolio\/wp-content\/uploads\/2024\/02\/1961-Lac-Bleu-du-Plan-des-Aiguilles-Cham.-Copie.jpg\" data-rel=\"lightbox\" class=\"lightboxhover\"><img loading=\"lazy\" decoding=\"async\" src=\"https:\/\/versautrechose.fr\/portofolio\/wp-content\/uploads\/2024\/02\/1961-Lac-Bleu-du-Plan-des-Aiguilles-Cham.-Copie-400x400.jpg\" width=\"400\" height=\"400\" alt=\"1961 Lac Bleu du Plan des Aiguilles (avec &quot;Mum&quot; au loin) - Chamonix\" srcset=\"https:\/\/versautrechose.fr\/portofolio\/wp-content\/uploads\/2024\/02\/1961-Lac-Bleu-du-Plan-des-Aiguilles-Cham.-Copie-400x400.jpg 400w, https:\/\/versautrechose.fr\/portofolio\/wp-content\/uploads\/2024\/02\/1961-Lac-Bleu-du-Plan-des-Aiguilles-Cham.-Copie-150x150.jpg 150w\" sizes=\"auto, (max-width: 400px) 100vw, 400px\" class=\"light-dropshaddow\"\/><\/a><\/div><\/div><div class=\"tcol-lg-4 tcol-md-4 tcol-sm-4 tcol-xs-6 tcol-ss-12 g_item\"><div class=\"grid_item kad_gallery_fade_in gallery_item\"><a href=\"https:\/\/versautrechose.fr\/portofolio\/wp-content\/uploads\/2024\/02\/1961-cascade-du-Chapeau-Cham.-Copie.jpg\" data-rel=\"lightbox\" class=\"lightboxhover\"><img loading=\"lazy\" decoding=\"async\" src=\"https:\/\/versautrechose.fr\/portofolio\/wp-content\/uploads\/2024\/02\/1961-cascade-du-Chapeau-Cham.-Copie-400x400.jpg\" width=\"400\" height=\"400\" alt=\"1961 cascade du Chapeau - Chamonix\" srcset=\"https:\/\/versautrechose.fr\/portofolio\/wp-content\/uploads\/2024\/02\/1961-cascade-du-Chapeau-Cham.-Copie-400x400.jpg 400w, https:\/\/versautrechose.fr\/portofolio\/wp-content\/uploads\/2024\/02\/1961-cascade-du-Chapeau-Cham.-Copie-150x150.jpg 150w\" sizes=\"auto, (max-width: 400px) 100vw, 400px\" class=\"light-dropshaddow\"\/><\/a><\/div><\/div><div class=\"tcol-lg-4 tcol-md-4 tcol-sm-4 tcol-xs-6 tcol-ss-12 g_item\"><div class=\"grid_item kad_gallery_fade_in gallery_item\"><a href=\"https:\/\/versautrechose.fr\/portofolio\/wp-content\/uploads\/2024\/02\/1961-.au-pied-des-Grands-Charmoz-Tartarin-de-Tarascon-dAlphonse-Daudet-il-y-a-quelque-chose-dans-la-pause-de-ce-pater-familias-en-effet-Copie.jpg\" data-rel=\"lightbox\" class=\"lightboxhover\"><img loading=\"lazy\" decoding=\"async\" src=\"https:\/\/versautrechose.fr\/portofolio\/wp-content\/uploads\/2024\/02\/1961-.au-pied-des-Grands-Charmoz-Tartarin-de-Tarascon-dAlphonse-Daudet-il-y-a-quelque-chose-dans-la-pause-de-ce-pater-familias-en-effet-Copie-400x400.jpg\" width=\"400\" height=\"400\" alt=\"1961 ...au pied des Grands Charmoz - \u201cTartarin de Tarascon\u201d d&#039;Alphonse Daudet ; il y a quelque chose dans la pause de ce \u201cpater familias\u201d en effet !\" srcset=\"https:\/\/versautrechose.fr\/portofolio\/wp-content\/uploads\/2024\/02\/1961-.au-pied-des-Grands-Charmoz-Tartarin-de-Tarascon-dAlphonse-Daudet-il-y-a-quelque-chose-dans-la-pause-de-ce-pater-familias-en-effet-Copie-400x400.jpg 400w, https:\/\/versautrechose.fr\/portofolio\/wp-content\/uploads\/2024\/02\/1961-.au-pied-des-Grands-Charmoz-Tartarin-de-Tarascon-dAlphonse-Daudet-il-y-a-quelque-chose-dans-la-pause-de-ce-pater-familias-en-effet-Copie-150x150.jpg 150w\" sizes=\"auto, (max-width: 400px) 100vw, 400px\" class=\"light-dropshaddow\"\/><\/a><\/div><\/div><div class=\"tcol-lg-4 tcol-md-4 tcol-sm-4 tcol-xs-6 tcol-ss-12 g_item\"><div class=\"grid_item kad_gallery_fade_in gallery_item\"><a href=\"https:\/\/versautrechose.fr\/portofolio\/wp-content\/uploads\/2024\/02\/1961-Gorges-Les-Aiguilles-de-Chamonix-Copie.jpg\" data-rel=\"lightbox\" class=\"lightboxhover\"><img loading=\"lazy\" decoding=\"async\" src=\"https:\/\/versautrechose.fr\/portofolio\/wp-content\/uploads\/2024\/02\/1961-Gorges-Les-Aiguilles-de-Chamonix-Copie-400x400.jpg\" width=\"400\" height=\"400\" alt=\"1961 Gorges - Les Aiguilles de Chamonix\" srcset=\"https:\/\/versautrechose.fr\/portofolio\/wp-content\/uploads\/2024\/02\/1961-Gorges-Les-Aiguilles-de-Chamonix-Copie-400x400.jpg 400w, https:\/\/versautrechose.fr\/portofolio\/wp-content\/uploads\/2024\/02\/1961-Gorges-Les-Aiguilles-de-Chamonix-Copie-150x150.jpg 150w\" sizes=\"auto, (max-width: 400px) 100vw, 400px\" class=\"light-dropshaddow\"\/><\/a><\/div><\/div><div class=\"tcol-lg-4 tcol-md-4 tcol-sm-4 tcol-xs-6 tcol-ss-12 g_item\"><div class=\"grid_item kad_gallery_fade_in gallery_item\"><a href=\"https:\/\/versautrechose.fr\/portofolio\/wp-content\/uploads\/2024\/02\/Cham.-Gorges-de-la-Diosaz-2.jpg\" data-rel=\"lightbox\" class=\"lightboxhover\"><img loading=\"lazy\" decoding=\"async\" src=\"https:\/\/versautrechose.fr\/portofolio\/wp-content\/uploads\/2024\/02\/Cham.-Gorges-de-la-Diosaz-2-400x400.jpg\" width=\"400\" height=\"400\" alt=\"Gorges de la Diosaz -  Chamonix 1961\" srcset=\"https:\/\/versautrechose.fr\/portofolio\/wp-content\/uploads\/2024\/02\/Cham.-Gorges-de-la-Diosaz-2-400x400.jpg 400w, https:\/\/versautrechose.fr\/portofolio\/wp-content\/uploads\/2024\/02\/Cham.-Gorges-de-la-Diosaz-2-150x150.jpg 150w\" sizes=\"auto, (max-width: 400px) 100vw, 400px\" class=\"light-dropshaddow\"\/><\/a><\/div><\/div><div class=\"tcol-lg-4 tcol-md-4 tcol-sm-4 tcol-xs-6 tcol-ss-12 g_item\"><div class=\"grid_item kad_gallery_fade_in gallery_item\"><a href=\"https:\/\/versautrechose.fr\/portofolio\/wp-content\/uploads\/2024\/02\/Cham.-Gorges-de-la-Diosaz.jpg\" data-rel=\"lightbox\" class=\"lightboxhover\"><img loading=\"lazy\" decoding=\"async\" src=\"https:\/\/versautrechose.fr\/portofolio\/wp-content\/uploads\/2024\/02\/Cham.-Gorges-de-la-Diosaz-400x400.jpg\" width=\"400\" height=\"400\" alt=\"Gorges de la Diosaz -  Chamonix 1961\" srcset=\"https:\/\/versautrechose.fr\/portofolio\/wp-content\/uploads\/2024\/02\/Cham.-Gorges-de-la-Diosaz-400x400.jpg 400w, https:\/\/versautrechose.fr\/portofolio\/wp-content\/uploads\/2024\/02\/Cham.-Gorges-de-la-Diosaz-150x150.jpg 150w\" sizes=\"auto, (max-width: 400px) 100vw, 400px\" class=\"light-dropshaddow\"\/><\/a><\/div><\/div><div class=\"tcol-lg-4 tcol-md-4 tcol-sm-4 tcol-xs-6 tcol-ss-12 g_item\"><div class=\"grid_item kad_gallery_fade_in gallery_item\"><a href=\"https:\/\/versautrechose.fr\/portofolio\/wp-content\/uploads\/2024\/02\/1961-Chamonix-Mer-Glace.jpg\" data-rel=\"lightbox\" class=\"lightboxhover\"><img loading=\"lazy\" decoding=\"async\" src=\"https:\/\/versautrechose.fr\/portofolio\/wp-content\/uploads\/2024\/02\/1961-Chamonix-Mer-Glace-400x400.jpg\" width=\"400\" height=\"400\" alt=\"1961 Chamonix, la Mer de Glace\" srcset=\"https:\/\/versautrechose.fr\/portofolio\/wp-content\/uploads\/2024\/02\/1961-Chamonix-Mer-Glace-400x400.jpg 400w, https:\/\/versautrechose.fr\/portofolio\/wp-content\/uploads\/2024\/02\/1961-Chamonix-Mer-Glace-150x150.jpg 150w\" sizes=\"auto, (max-width: 400px) 100vw, 400px\" class=\"light-dropshaddow\"\/><\/a><\/div><\/div><div class=\"tcol-lg-4 tcol-md-4 tcol-sm-4 tcol-xs-6 tcol-ss-12 g_item\"><div class=\"grid_item kad_gallery_fade_in gallery_item\"><a href=\"https:\/\/versautrechose.fr\/portofolio\/wp-content\/uploads\/2024\/02\/1961-Mer-de-glace-Copie.jpg\" data-rel=\"lightbox\" class=\"lightboxhover\"><img loading=\"lazy\" decoding=\"async\" src=\"https:\/\/versautrechose.fr\/portofolio\/wp-content\/uploads\/2024\/02\/1961-Mer-de-glace-Copie-400x400.jpg\" width=\"400\" height=\"400\" alt=\"1961 La Mer de glace\" srcset=\"https:\/\/versautrechose.fr\/portofolio\/wp-content\/uploads\/2024\/02\/1961-Mer-de-glace-Copie-400x400.jpg 400w, https:\/\/versautrechose.fr\/portofolio\/wp-content\/uploads\/2024\/02\/1961-Mer-de-glace-Copie-150x150.jpg 150w\" sizes=\"auto, (max-width: 400px) 100vw, 400px\" class=\"light-dropshaddow\"\/><\/a><\/div><\/div><div class=\"tcol-lg-4 tcol-md-4 tcol-sm-4 tcol-xs-6 tcol-ss-12 g_item\"><div class=\"grid_item kad_gallery_fade_in gallery_item\"><a href=\"https:\/\/versautrechose.fr\/portofolio\/wp-content\/uploads\/2024\/02\/1961-Mer-de-glace-muraille-Copie.jpg\" data-rel=\"lightbox\" class=\"lightboxhover\"><img loading=\"lazy\" decoding=\"async\" src=\"https:\/\/versautrechose.fr\/portofolio\/wp-content\/uploads\/2024\/02\/1961-Mer-de-glace-muraille-Copie-400x400.jpg\" width=\"400\" height=\"400\" alt=\"1961 ... muraille de la Mer de glace\" srcset=\"https:\/\/versautrechose.fr\/portofolio\/wp-content\/uploads\/2024\/02\/1961-Mer-de-glace-muraille-Copie-400x400.jpg 400w, https:\/\/versautrechose.fr\/portofolio\/wp-content\/uploads\/2024\/02\/1961-Mer-de-glace-muraille-Copie-150x150.jpg 150w\" sizes=\"auto, (max-width: 400px) 100vw, 400px\" class=\"light-dropshaddow\"\/><\/a><\/div><\/div><div class=\"tcol-lg-4 tcol-md-4 tcol-sm-4 tcol-xs-6 tcol-ss-12 g_item\"><div class=\"grid_item kad_gallery_fade_in gallery_item\"><a href=\"https:\/\/versautrechose.fr\/portofolio\/wp-content\/uploads\/2024\/02\/1961-Mer-de-glace-muraille-2-Copie.jpg\" data-rel=\"lightbox\" class=\"lightboxhover\"><img loading=\"lazy\" decoding=\"async\" src=\"https:\/\/versautrechose.fr\/portofolio\/wp-content\/uploads\/2024\/02\/1961-Mer-de-glace-muraille-2-Copie-400x400.jpg\" width=\"400\" height=\"400\" alt=\"1961 ... au pied de la muraille de la Mer de glace\" srcset=\"https:\/\/versautrechose.fr\/portofolio\/wp-content\/uploads\/2024\/02\/1961-Mer-de-glace-muraille-2-Copie-400x400.jpg 400w, https:\/\/versautrechose.fr\/portofolio\/wp-content\/uploads\/2024\/02\/1961-Mer-de-glace-muraille-2-Copie-150x150.jpg 150w\" sizes=\"auto, (max-width: 400px) 100vw, 400px\" class=\"light-dropshaddow\"\/><\/a><\/div><\/div><div class=\"tcol-lg-4 tcol-md-4 tcol-sm-4 tcol-xs-6 tcol-ss-12 g_item\"><div class=\"grid_item kad_gallery_fade_in gallery_item\"><a href=\"https:\/\/versautrechose.fr\/portofolio\/wp-content\/uploads\/2024\/02\/1961-Mer-de-Glace-des-moraines-Copie.jpg\" data-rel=\"lightbox\" class=\"lightboxhover\"><img loading=\"lazy\" decoding=\"async\" src=\"https:\/\/versautrechose.fr\/portofolio\/wp-content\/uploads\/2024\/02\/1961-Mer-de-Glace-des-moraines-Copie-400x400.jpg\" width=\"400\" height=\"400\" alt=\"1961 ... moraines de la Mer de Glace  \" srcset=\"https:\/\/versautrechose.fr\/portofolio\/wp-content\/uploads\/2024\/02\/1961-Mer-de-Glace-des-moraines-Copie-400x400.jpg 400w, https:\/\/versautrechose.fr\/portofolio\/wp-content\/uploads\/2024\/02\/1961-Mer-de-Glace-des-moraines-Copie-150x150.jpg 150w\" sizes=\"auto, (max-width: 400px) 100vw, 400px\" class=\"light-dropshaddow\"\/><\/a><\/div><\/div><div class=\"tcol-lg-4 tcol-md-4 tcol-sm-4 tcol-xs-6 tcol-ss-12 g_item\"><div class=\"grid_item kad_gallery_fade_in gallery_item\"><a href=\"https:\/\/versautrechose.fr\/portofolio\/wp-content\/uploads\/2024\/02\/1961-Mer-de-Glace-Cham.-Copie.jpg\" data-rel=\"lightbox\" class=\"lightboxhover\"><img loading=\"lazy\" decoding=\"async\" src=\"https:\/\/versautrechose.fr\/portofolio\/wp-content\/uploads\/2024\/02\/1961-Mer-de-Glace-Cham.-Copie-400x400.jpg\" width=\"400\" height=\"400\" alt=\"1961 &quot;Mum&quot; et les moraines de la Mer de Glace\" srcset=\"https:\/\/versautrechose.fr\/portofolio\/wp-content\/uploads\/2024\/02\/1961-Mer-de-Glace-Cham.-Copie-400x400.jpg 400w, https:\/\/versautrechose.fr\/portofolio\/wp-content\/uploads\/2024\/02\/1961-Mer-de-Glace-Cham.-Copie-150x150.jpg 150w\" sizes=\"auto, (max-width: 400px) 100vw, 400px\" class=\"light-dropshaddow\"\/><\/a><\/div><\/div><div class=\"tcol-lg-4 tcol-md-4 tcol-sm-4 tcol-xs-6 tcol-ss-12 g_item\"><div class=\"grid_item kad_gallery_fade_in gallery_item\"><a href=\"https:\/\/versautrechose.fr\/portofolio\/wp-content\/uploads\/2024\/02\/1961-Lac-de-barrage-a-Tignes-et-Dome-de-la-Sache-Copie.jpg\" data-rel=\"lightbox\" class=\"lightboxhover\"><img loading=\"lazy\" decoding=\"async\" src=\"https:\/\/versautrechose.fr\/portofolio\/wp-content\/uploads\/2024\/02\/1961-Lac-de-barrage-a-Tignes-et-Dome-de-la-Sache-Copie-400x400.jpg\" width=\"400\" height=\"400\" alt=\"1961 Lac de barrage \u00e0  Tignes et D\u00f4me de la Sache\" srcset=\"https:\/\/versautrechose.fr\/portofolio\/wp-content\/uploads\/2024\/02\/1961-Lac-de-barrage-a-Tignes-et-Dome-de-la-Sache-Copie-400x400.jpg 400w, https:\/\/versautrechose.fr\/portofolio\/wp-content\/uploads\/2024\/02\/1961-Lac-de-barrage-a-Tignes-et-Dome-de-la-Sache-Copie-150x150.jpg 150w\" sizes=\"auto, (max-width: 400px) 100vw, 400px\" class=\"light-dropshaddow\"\/><\/a><\/div><\/div><div class=\"tcol-lg-4 tcol-md-4 tcol-sm-4 tcol-xs-6 tcol-ss-12 g_item\"><div class=\"grid_item kad_gallery_fade_in gallery_item\"><a href=\"https:\/\/versautrechose.fr\/portofolio\/wp-content\/uploads\/2024\/02\/1961-Lausane-Copie.jpg\" data-rel=\"lightbox\" class=\"lightboxhover\"><img loading=\"lazy\" decoding=\"async\" src=\"https:\/\/versautrechose.fr\/portofolio\/wp-content\/uploads\/2024\/02\/1961-Lausane-Copie-400x400.jpg\" width=\"400\" height=\"400\" alt=\"1961 Le Lac L\u00e9man en Suisse, ce petit gar\u00e7on avait huit ans...\" srcset=\"https:\/\/versautrechose.fr\/portofolio\/wp-content\/uploads\/2024\/02\/1961-Lausane-Copie-400x400.jpg 400w, https:\/\/versautrechose.fr\/portofolio\/wp-content\/uploads\/2024\/02\/1961-Lausane-Copie-150x150.jpg 150w\" sizes=\"auto, (max-width: 400px) 100vw, 400px\" class=\"light-dropshaddow\"\/><\/a><\/div><\/div><div class=\"tcol-lg-4 tcol-md-4 tcol-sm-4 tcol-xs-6 tcol-ss-12 g_item\"><div class=\"grid_item kad_gallery_fade_in gallery_item\"><a href=\"https:\/\/versautrechose.fr\/portofolio\/wp-content\/uploads\/2024\/02\/1961-Ouchy-Lausane-et-le-Lac-Leman-Suisse-1915-Paris-eleve-dAlfred-Cortot-et-D.-E.-Inghelbrecht.-Copie.jpg\" data-rel=\"lightbox\" class=\"lightboxhover\"><img loading=\"lazy\" decoding=\"async\" src=\"https:\/\/versautrechose.fr\/portofolio\/wp-content\/uploads\/2024\/02\/1961-Ouchy-Lausane-et-le-Lac-Leman-Suisse-1915-Paris-eleve-dAlfred-Cortot-et-D.-E.-Inghelbrecht.-Copie-400x400.jpg\" width=\"400\" height=\"400\" alt=\"1961 Ouchy, Lausane et le Lac L\u00e9man  o\u00f9 est n\u00e9e &quot;Mum&quot;, sa m\u00e8re Genevi\u00e8ve n\u00e9e Durony y s\u00e9journa, donnant des repr\u00e9sentations elle \u00e9tait cantatrice et pianiste (1er prix du conservatoire de piano 1915 Paris), \u00e9l\u00e8ve d&#039;Alfred Cortot et D.-\u00c9. Inghelbrecht.\" srcset=\"https:\/\/versautrechose.fr\/portofolio\/wp-content\/uploads\/2024\/02\/1961-Ouchy-Lausane-et-le-Lac-Leman-Suisse-1915-Paris-eleve-dAlfred-Cortot-et-D.-E.-Inghelbrecht.-Copie-400x400.jpg 400w, https:\/\/versautrechose.fr\/portofolio\/wp-content\/uploads\/2024\/02\/1961-Ouchy-Lausane-et-le-Lac-Leman-Suisse-1915-Paris-eleve-dAlfred-Cortot-et-D.-E.-Inghelbrecht.-Copie-150x150.jpg 150w\" sizes=\"auto, (max-width: 400px) 100vw, 400px\" class=\"light-dropshaddow\"\/><\/a><\/div><\/div><div class=\"tcol-lg-4 tcol-md-4 tcol-sm-4 tcol-xs-6 tcol-ss-12 g_item\"><div class=\"grid_item kad_gallery_fade_in gallery_item\"><a href=\"https:\/\/versautrechose.fr\/portofolio\/wp-content\/uploads\/2024\/02\/1961-Montreux-Copie.jpg\" data-rel=\"lightbox\" class=\"lightboxhover\"><img loading=\"lazy\" decoding=\"async\" src=\"https:\/\/versautrechose.fr\/portofolio\/wp-content\/uploads\/2024\/02\/1961-Montreux-Copie-400x400.jpg\" width=\"400\" height=\"400\" alt=\"1961 Montreux au bord du Lac L\u00e9man, &quot;Mutti&quot; avec tous ses enfants...\" srcset=\"https:\/\/versautrechose.fr\/portofolio\/wp-content\/uploads\/2024\/02\/1961-Montreux-Copie-400x400.jpg 400w, https:\/\/versautrechose.fr\/portofolio\/wp-content\/uploads\/2024\/02\/1961-Montreux-Copie-150x150.jpg 150w\" sizes=\"auto, (max-width: 400px) 100vw, 400px\" class=\"light-dropshaddow\"\/><\/a><\/div><\/div><div class=\"tcol-lg-4 tcol-md-4 tcol-sm-4 tcol-xs-6 tcol-ss-12 g_item\"><div class=\"grid_item kad_gallery_fade_in gallery_item\"><a href=\"https:\/\/versautrechose.fr\/portofolio\/wp-content\/uploads\/2024\/02\/Cham.-Refuge-Albert-Ier.jpg\" data-rel=\"lightbox\" class=\"lightboxhover\"><img loading=\"lazy\" decoding=\"async\" src=\"https:\/\/versautrechose.fr\/portofolio\/wp-content\/uploads\/2024\/02\/Cham.-Refuge-Albert-Ier-400x400.jpg\" width=\"400\" height=\"400\" alt=\"Refuge Albert Ier, la famille dans la neige... Chamonix 1961\" srcset=\"https:\/\/versautrechose.fr\/portofolio\/wp-content\/uploads\/2024\/02\/Cham.-Refuge-Albert-Ier-400x400.jpg 400w, https:\/\/versautrechose.fr\/portofolio\/wp-content\/uploads\/2024\/02\/Cham.-Refuge-Albert-Ier-150x150.jpg 150w\" sizes=\"auto, (max-width: 400px) 100vw, 400px\" class=\"light-dropshaddow\"\/><\/a><\/div><\/div><div class=\"tcol-lg-4 tcol-md-4 tcol-sm-4 tcol-xs-6 tcol-ss-12 g_item\"><div class=\"grid_item kad_gallery_fade_in gallery_item\"><a href=\"https:\/\/versautrechose.fr\/portofolio\/wp-content\/uploads\/2024\/02\/1961-Chamonix-Les-Aiguilles-Copie.jpg\" data-rel=\"lightbox\" class=\"lightboxhover\"><img loading=\"lazy\" decoding=\"async\" src=\"https:\/\/versautrechose.fr\/portofolio\/wp-content\/uploads\/2024\/02\/1961-Chamonix-Les-Aiguilles-Copie-400x400.jpg\" width=\"400\" height=\"400\" alt=\"1961 Chamonix - Les Aiguilles\" srcset=\"https:\/\/versautrechose.fr\/portofolio\/wp-content\/uploads\/2024\/02\/1961-Chamonix-Les-Aiguilles-Copie-400x400.jpg 400w, https:\/\/versautrechose.fr\/portofolio\/wp-content\/uploads\/2024\/02\/1961-Chamonix-Les-Aiguilles-Copie-150x150.jpg 150w\" sizes=\"auto, (max-width: 400px) 100vw, 400px\" class=\"light-dropshaddow\"\/><\/a><\/div><\/div><div class=\"tcol-lg-4 tcol-md-4 tcol-sm-4 tcol-xs-6 tcol-ss-12 g_item\"><div class=\"grid_item kad_gallery_fade_in gallery_item\"><a href=\"https:\/\/versautrechose.fr\/portofolio\/wp-content\/uploads\/2024\/02\/1961-Aiguille-du-Midi-Gl.-Bossons-Copie.jpg\" data-rel=\"lightbox\" class=\"lightboxhover\"><img loading=\"lazy\" decoding=\"async\" src=\"https:\/\/versautrechose.fr\/portofolio\/wp-content\/uploads\/2024\/02\/1961-Aiguille-du-Midi-Gl.-Bossons-Copie-400x400.jpg\" width=\"400\" height=\"400\" alt=\"1961 L&#039;Aiguille du Midi et le Glacier des Bossons\" srcset=\"https:\/\/versautrechose.fr\/portofolio\/wp-content\/uploads\/2024\/02\/1961-Aiguille-du-Midi-Gl.-Bossons-Copie-400x400.jpg 400w, https:\/\/versautrechose.fr\/portofolio\/wp-content\/uploads\/2024\/02\/1961-Aiguille-du-Midi-Gl.-Bossons-Copie-150x150.jpg 150w\" sizes=\"auto, (max-width: 400px) 100vw, 400px\" class=\"light-dropshaddow\"\/><\/a><\/div><\/div><div class=\"tcol-lg-4 tcol-md-4 tcol-sm-4 tcol-xs-6 tcol-ss-12 g_item\"><div class=\"grid_item kad_gallery_fade_in gallery_item\"><a href=\"https:\/\/versautrechose.fr\/portofolio\/wp-content\/uploads\/2024\/02\/1961-Dru-Cham.-Copie-.jpg\" data-rel=\"lightbox\" class=\"lightboxhover\"><img loading=\"lazy\" decoding=\"async\" src=\"https:\/\/versautrechose.fr\/portofolio\/wp-content\/uploads\/2024\/02\/1961-Dru-Cham.-Copie--400x400.jpg\" width=\"400\" height=\"400\" alt=\"1961 Grand Dru -&quot;Mum&quot;  avait une tante \u00e0 Chamonix, Madeleine n\u00e9e Durony \u00e9p. Bruiltel artisan chocolatier qui avait une sp\u00e9cialit\u00e9, un \u00ab\u00a0Dru\u00a0\u00bb en chocolat , une fille et donc cousine Christine (\u00e9p. Valensi) dont je garde des souvenirs d&#039;enfance tr\u00e8s heureux avec ses jeunes enfants aussi ... !\" srcset=\"https:\/\/versautrechose.fr\/portofolio\/wp-content\/uploads\/2024\/02\/1961-Dru-Cham.-Copie--400x400.jpg 400w, https:\/\/versautrechose.fr\/portofolio\/wp-content\/uploads\/2024\/02\/1961-Dru-Cham.-Copie--150x150.jpg 150w\" sizes=\"auto, (max-width: 400px) 100vw, 400px\" class=\"light-dropshaddow\"\/><\/a><\/div><\/div><div class=\"tcol-lg-4 tcol-md-4 tcol-sm-4 tcol-xs-6 tcol-ss-12 g_item\"><div class=\"grid_item kad_gallery_fade_in gallery_item\"><a href=\"https:\/\/versautrechose.fr\/portofolio\/wp-content\/uploads\/2024\/02\/1961-Les-Aiguilles-Copie.jpg\" data-rel=\"lightbox\" class=\"lightboxhover\"><img loading=\"lazy\" decoding=\"async\" src=\"https:\/\/versautrechose.fr\/portofolio\/wp-content\/uploads\/2024\/02\/1961-Les-Aiguilles-Copie-400x400.jpg\" width=\"400\" height=\"400\" alt=\"1961 Les Aiguilles de Chamonix\" srcset=\"https:\/\/versautrechose.fr\/portofolio\/wp-content\/uploads\/2024\/02\/1961-Les-Aiguilles-Copie-400x400.jpg 400w, https:\/\/versautrechose.fr\/portofolio\/wp-content\/uploads\/2024\/02\/1961-Les-Aiguilles-Copie-150x150.jpg 150w\" sizes=\"auto, (max-width: 400px) 100vw, 400px\" class=\"light-dropshaddow\"\/><\/a><\/div><\/div><div class=\"tcol-lg-4 tcol-md-4 tcol-sm-4 tcol-xs-6 tcol-ss-12 g_item\"><div class=\"grid_item kad_gallery_fade_in gallery_item\"><a href=\"https:\/\/versautrechose.fr\/portofolio\/wp-content\/uploads\/2024\/02\/1961-Chamonix-les-Drus-Copie.jpg\" data-rel=\"lightbox\" class=\"lightboxhover\"><img loading=\"lazy\" decoding=\"async\" src=\"https:\/\/versautrechose.fr\/portofolio\/wp-content\/uploads\/2024\/02\/1961-Chamonix-les-Drus-Copie-400x400.jpg\" width=\"400\" height=\"400\" alt=\"1961 Chamonix, les Drus - &quot;Mum&quot; avait une grande admiration pour la c\u00e9l\u00e8bre \u00ab\u00a0Compagnie des Guides de Chamonix \u00a0\u00bb de haute-montagne, en particulier pour Lionel Terray et Louis Lachenal, Gaston R\u00e9buffat, Roger Frison-Roche, et  Maurice Herzog, Ren\u00e9 Desmaison  ...\" srcset=\"https:\/\/versautrechose.fr\/portofolio\/wp-content\/uploads\/2024\/02\/1961-Chamonix-les-Drus-Copie-400x400.jpg 400w, https:\/\/versautrechose.fr\/portofolio\/wp-content\/uploads\/2024\/02\/1961-Chamonix-les-Drus-Copie-150x150.jpg 150w\" sizes=\"auto, (max-width: 400px) 100vw, 400px\" class=\"light-dropshaddow\"\/><\/a><\/div><\/div><div class=\"tcol-lg-4 tcol-md-4 tcol-sm-4 tcol-xs-6 tcol-ss-12 g_item\"><div class=\"grid_item kad_gallery_fade_in gallery_item\"><a href=\"https:\/\/versautrechose.fr\/portofolio\/wp-content\/uploads\/2024\/02\/1961-Glacier-de-Taconnaz-Cham.-Copie-1.jpg\" data-rel=\"lightbox\" class=\"lightboxhover\"><img loading=\"lazy\" decoding=\"async\" src=\"https:\/\/versautrechose.fr\/portofolio\/wp-content\/uploads\/2024\/02\/1961-Glacier-de-Taconnaz-Cham.-Copie-1-400x400.jpg\" width=\"400\" height=\"400\" alt=\"1961 Glacier de Taconnaz \" srcset=\"https:\/\/versautrechose.fr\/portofolio\/wp-content\/uploads\/2024\/02\/1961-Glacier-de-Taconnaz-Cham.-Copie-1-400x400.jpg 400w, https:\/\/versautrechose.fr\/portofolio\/wp-content\/uploads\/2024\/02\/1961-Glacier-de-Taconnaz-Cham.-Copie-1-150x150.jpg 150w\" sizes=\"auto, (max-width: 400px) 100vw, 400px\" class=\"light-dropshaddow\"\/><\/a><\/div><\/div><div class=\"tcol-lg-4 tcol-md-4 tcol-sm-4 tcol-xs-6 tcol-ss-12 g_item\"><div class=\"grid_item kad_gallery_fade_in gallery_item\"><a href=\"https:\/\/versautrechose.fr\/portofolio\/wp-content\/uploads\/2024\/02\/1961-Glacier-de-Taconnaz-Cham.-Copie.jpg\" data-rel=\"lightbox\" class=\"lightboxhover\"><img loading=\"lazy\" decoding=\"async\" src=\"https:\/\/versautrechose.fr\/portofolio\/wp-content\/uploads\/2024\/02\/1961-Glacier-de-Taconnaz-Cham.-Copie-400x400.jpg\" width=\"400\" height=\"400\" alt=\"1961 Glacier de Taconnaz et le Mt Blanc\" srcset=\"https:\/\/versautrechose.fr\/portofolio\/wp-content\/uploads\/2024\/02\/1961-Glacier-de-Taconnaz-Cham.-Copie-400x400.jpg 400w, https:\/\/versautrechose.fr\/portofolio\/wp-content\/uploads\/2024\/02\/1961-Glacier-de-Taconnaz-Cham.-Copie-150x150.jpg 150w\" sizes=\"auto, (max-width: 400px) 100vw, 400px\" class=\"light-dropshaddow\"\/><\/a><\/div><\/div><div class=\"tcol-lg-4 tcol-md-4 tcol-sm-4 tcol-xs-6 tcol-ss-12 g_item\"><div class=\"grid_item kad_gallery_fade_in gallery_item\"><a href=\"https:\/\/versautrechose.fr\/portofolio\/wp-content\/uploads\/2024\/02\/1961-Glacier-de-Taconnaz-Copie.jpg\" data-rel=\"lightbox\" class=\"lightboxhover\"><img loading=\"lazy\" decoding=\"async\" src=\"https:\/\/versautrechose.fr\/portofolio\/wp-content\/uploads\/2024\/02\/1961-Glacier-de-Taconnaz-Copie-400x400.jpg\" width=\"400\" height=\"400\" alt=\"1961 Glacier de Taconnaz - Chamonix\" srcset=\"https:\/\/versautrechose.fr\/portofolio\/wp-content\/uploads\/2024\/02\/1961-Glacier-de-Taconnaz-Copie-400x400.jpg 400w, https:\/\/versautrechose.fr\/portofolio\/wp-content\/uploads\/2024\/02\/1961-Glacier-de-Taconnaz-Copie-150x150.jpg 150w\" sizes=\"auto, (max-width: 400px) 100vw, 400px\" class=\"light-dropshaddow\"\/><\/a><\/div><\/div><div class=\"tcol-lg-4 tcol-md-4 tcol-sm-4 tcol-xs-6 tcol-ss-12 g_item\"><div class=\"grid_item kad_gallery_fade_in gallery_item\"><a href=\"https:\/\/versautrechose.fr\/portofolio\/wp-content\/uploads\/2024\/02\/1961-Glacier-Bossons-Copie.jpg\" data-rel=\"lightbox\" class=\"lightboxhover\"><img loading=\"lazy\" decoding=\"async\" src=\"https:\/\/versautrechose.fr\/portofolio\/wp-content\/uploads\/2024\/02\/1961-Glacier-Bossons-Copie-400x400.jpg\" width=\"400\" height=\"400\" alt=\"1961 Glacier des Bossons - Chamonix\" srcset=\"https:\/\/versautrechose.fr\/portofolio\/wp-content\/uploads\/2024\/02\/1961-Glacier-Bossons-Copie-400x400.jpg 400w, https:\/\/versautrechose.fr\/portofolio\/wp-content\/uploads\/2024\/02\/1961-Glacier-Bossons-Copie-150x150.jpg 150w\" sizes=\"auto, (max-width: 400px) 100vw, 400px\" class=\"light-dropshaddow\"\/><\/a><\/div><\/div><div class=\"tcol-lg-4 tcol-md-4 tcol-sm-4 tcol-xs-6 tcol-ss-12 g_item\"><div class=\"grid_item kad_gallery_fade_in gallery_item\"><a href=\"https:\/\/versautrechose.fr\/portofolio\/wp-content\/uploads\/2024\/02\/1961-Glacier-des-Bossons-Copie.jpg\" data-rel=\"lightbox\" class=\"lightboxhover\"><img loading=\"lazy\" decoding=\"async\" src=\"https:\/\/versautrechose.fr\/portofolio\/wp-content\/uploads\/2024\/02\/1961-Glacier-des-Bossons-Copie-400x400.jpg\" width=\"400\" height=\"400\" alt=\"1961 haut du Glacier des Bossons\" srcset=\"https:\/\/versautrechose.fr\/portofolio\/wp-content\/uploads\/2024\/02\/1961-Glacier-des-Bossons-Copie-400x400.jpg 400w, https:\/\/versautrechose.fr\/portofolio\/wp-content\/uploads\/2024\/02\/1961-Glacier-des-Bossons-Copie-150x150.jpg 150w\" sizes=\"auto, (max-width: 400px) 100vw, 400px\" class=\"light-dropshaddow\"\/><\/a><\/div><\/div><div class=\"tcol-lg-4 tcol-md-4 tcol-sm-4 tcol-xs-6 tcol-ss-12 g_item\"><div class=\"grid_item kad_gallery_fade_in gallery_item\"><a href=\"https:\/\/versautrechose.fr\/portofolio\/wp-content\/uploads\/2024\/02\/1961-Serres-Glacier-des-Bossons-Copie.jpg\" data-rel=\"lightbox\" class=\"lightboxhover\"><img loading=\"lazy\" decoding=\"async\" src=\"https:\/\/versautrechose.fr\/portofolio\/wp-content\/uploads\/2024\/02\/1961-Serres-Glacier-des-Bossons-Copie-400x400.jpg\" width=\"400\" height=\"400\" alt=\"1961 Serres - Glacier des Bossons\" srcset=\"https:\/\/versautrechose.fr\/portofolio\/wp-content\/uploads\/2024\/02\/1961-Serres-Glacier-des-Bossons-Copie-400x400.jpg 400w, https:\/\/versautrechose.fr\/portofolio\/wp-content\/uploads\/2024\/02\/1961-Serres-Glacier-des-Bossons-Copie-150x150.jpg 150w\" sizes=\"auto, (max-width: 400px) 100vw, 400px\" class=\"light-dropshaddow\"\/><\/a><\/div><\/div><div class=\"tcol-lg-4 tcol-md-4 tcol-sm-4 tcol-xs-6 tcol-ss-12 g_item\"><div class=\"grid_item kad_gallery_fade_in gallery_item\"><a href=\"https:\/\/versautrechose.fr\/portofolio\/wp-content\/uploads\/2024\/02\/1961-Glacier-des-Pelerins-Copie.jpg\" data-rel=\"lightbox\" class=\"lightboxhover\"><img loading=\"lazy\" decoding=\"async\" src=\"https:\/\/versautrechose.fr\/portofolio\/wp-content\/uploads\/2024\/02\/1961-Glacier-des-Pelerins-Copie-400x400.jpg\" width=\"400\" height=\"400\" alt=\"1961 Glacier des P\u00e8lerins\" srcset=\"https:\/\/versautrechose.fr\/portofolio\/wp-content\/uploads\/2024\/02\/1961-Glacier-des-Pelerins-Copie-400x400.jpg 400w, https:\/\/versautrechose.fr\/portofolio\/wp-content\/uploads\/2024\/02\/1961-Glacier-des-Pelerins-Copie-150x150.jpg 150w\" sizes=\"auto, (max-width: 400px) 100vw, 400px\" class=\"light-dropshaddow\"\/><\/a><\/div><\/div><div class=\"tcol-lg-4 tcol-md-4 tcol-sm-4 tcol-xs-6 tcol-ss-12 g_item\"><div class=\"grid_item kad_gallery_fade_in gallery_item\"><a href=\"https:\/\/versautrechose.fr\/portofolio\/wp-content\/uploads\/2024\/02\/Cham.-Aiguil-Midi.jpg\" data-rel=\"lightbox\" class=\"lightboxhover\"><img loading=\"lazy\" decoding=\"async\" src=\"https:\/\/versautrechose.fr\/portofolio\/wp-content\/uploads\/2024\/02\/Cham.-Aiguil-Midi-400x400.jpg\" width=\"400\" height=\"400\" alt=\"1961 Chamonix - Les Aiguilles du Midi\" srcset=\"https:\/\/versautrechose.fr\/portofolio\/wp-content\/uploads\/2024\/02\/Cham.-Aiguil-Midi-400x400.jpg 400w, https:\/\/versautrechose.fr\/portofolio\/wp-content\/uploads\/2024\/02\/Cham.-Aiguil-Midi-150x150.jpg 150w\" sizes=\"auto, (max-width: 400px) 100vw, 400px\" class=\"light-dropshaddow\"\/><\/a><\/div><\/div><div class=\"tcol-lg-4 tcol-md-4 tcol-sm-4 tcol-xs-6 tcol-ss-12 g_item\"><div class=\"grid_item kad_gallery_fade_in gallery_item\"><a href=\"https:\/\/versautrechose.fr\/portofolio\/wp-content\/uploads\/2024\/02\/1961-glacier-du-Tour-Copie.jpg\" data-rel=\"lightbox\" class=\"lightboxhover\"><img loading=\"lazy\" decoding=\"async\" src=\"https:\/\/versautrechose.fr\/portofolio\/wp-content\/uploads\/2024\/02\/1961-glacier-du-Tour-Copie-400x400.jpg\" width=\"400\" height=\"400\" alt=\"1961 Glacier du Tour - Chamonix\" srcset=\"https:\/\/versautrechose.fr\/portofolio\/wp-content\/uploads\/2024\/02\/1961-glacier-du-Tour-Copie-400x400.jpg 400w, https:\/\/versautrechose.fr\/portofolio\/wp-content\/uploads\/2024\/02\/1961-glacier-du-Tour-Copie-150x150.jpg 150w\" sizes=\"auto, (max-width: 400px) 100vw, 400px\" class=\"light-dropshaddow\"\/><\/a><\/div><\/div><div class=\"tcol-lg-4 tcol-md-4 tcol-sm-4 tcol-xs-6 tcol-ss-12 g_item\"><div class=\"grid_item kad_gallery_fade_in gallery_item\"><a href=\"https:\/\/versautrechose.fr\/portofolio\/wp-content\/uploads\/2024\/02\/1961-serac-glacier-des-Tours-Copie.jpg\" data-rel=\"lightbox\" class=\"lightboxhover\"><img loading=\"lazy\" decoding=\"async\" src=\"https:\/\/versautrechose.fr\/portofolio\/wp-content\/uploads\/2024\/02\/1961-serac-glacier-des-Tours-Copie-400x400.jpg\" width=\"400\" height=\"400\" alt=\"1961 s\u00e9rac du Glacier du Tour\" srcset=\"https:\/\/versautrechose.fr\/portofolio\/wp-content\/uploads\/2024\/02\/1961-serac-glacier-des-Tours-Copie-400x400.jpg 400w, https:\/\/versautrechose.fr\/portofolio\/wp-content\/uploads\/2024\/02\/1961-serac-glacier-des-Tours-Copie-150x150.jpg 150w\" sizes=\"auto, (max-width: 400px) 100vw, 400px\" class=\"light-dropshaddow\"\/><\/a><\/div><\/div><div class=\"tcol-lg-4 tcol-md-4 tcol-sm-4 tcol-xs-6 tcol-ss-12 g_item\"><div class=\"grid_item kad_gallery_fade_in gallery_item\"><a href=\"https:\/\/versautrechose.fr\/portofolio\/wp-content\/uploads\/2024\/02\/1961-LAiguille-du-Chardonnet-Copie.jpg\" data-rel=\"lightbox\" class=\"lightboxhover\"><img loading=\"lazy\" decoding=\"async\" src=\"https:\/\/versautrechose.fr\/portofolio\/wp-content\/uploads\/2024\/02\/1961-LAiguille-du-Chardonnet-Copie-400x400.jpg\" width=\"400\" height=\"400\" alt=\"1961 L&#039;Aiguille du Chardonnet\" srcset=\"https:\/\/versautrechose.fr\/portofolio\/wp-content\/uploads\/2024\/02\/1961-LAiguille-du-Chardonnet-Copie-400x400.jpg 400w, https:\/\/versautrechose.fr\/portofolio\/wp-content\/uploads\/2024\/02\/1961-LAiguille-du-Chardonnet-Copie-150x150.jpg 150w\" sizes=\"auto, (max-width: 400px) 100vw, 400px\" class=\"light-dropshaddow\"\/><\/a><\/div><\/div><div class=\"tcol-lg-4 tcol-md-4 tcol-sm-4 tcol-xs-6 tcol-ss-12 g_item\"><div class=\"grid_item kad_gallery_fade_in gallery_item\"><a href=\"https:\/\/versautrechose.fr\/portofolio\/wp-content\/uploads\/2024\/02\/1961-Mer-de-glace-2-Copie.jpg\" data-rel=\"lightbox\" class=\"lightboxhover\"><img loading=\"lazy\" decoding=\"async\" src=\"https:\/\/versautrechose.fr\/portofolio\/wp-content\/uploads\/2024\/02\/1961-Mer-de-glace-2-Copie-400x400.jpg\" width=\"400\" height=\"400\" alt=\"1961 ... sommet de La Mer de Glace\" srcset=\"https:\/\/versautrechose.fr\/portofolio\/wp-content\/uploads\/2024\/02\/1961-Mer-de-glace-2-Copie-400x400.jpg 400w, https:\/\/versautrechose.fr\/portofolio\/wp-content\/uploads\/2024\/02\/1961-Mer-de-glace-2-Copie-150x150.jpg 150w\" sizes=\"auto, (max-width: 400px) 100vw, 400px\" class=\"light-dropshaddow\"\/><\/a><\/div><\/div><div class=\"tcol-lg-4 tcol-md-4 tcol-sm-4 tcol-xs-6 tcol-ss-12 g_item\"><div class=\"grid_item kad_gallery_fade_in gallery_item\"><a href=\"https:\/\/versautrechose.fr\/portofolio\/wp-content\/uploads\/2024\/02\/1961-Mer-de-glace-3-Copie.jpg\" data-rel=\"lightbox\" class=\"lightboxhover\"><img loading=\"lazy\" decoding=\"async\" src=\"https:\/\/versautrechose.fr\/portofolio\/wp-content\/uploads\/2024\/02\/1961-Mer-de-glace-3-Copie-400x400.jpg\" width=\"400\" height=\"400\" alt=\"1961 les hauts de La Mer de Glace\" srcset=\"https:\/\/versautrechose.fr\/portofolio\/wp-content\/uploads\/2024\/02\/1961-Mer-de-glace-3-Copie-400x400.jpg 400w, https:\/\/versautrechose.fr\/portofolio\/wp-content\/uploads\/2024\/02\/1961-Mer-de-glace-3-Copie-150x150.jpg 150w\" sizes=\"auto, (max-width: 400px) 100vw, 400px\" class=\"light-dropshaddow\"\/><\/a><\/div><\/div><div class=\"tcol-lg-4 tcol-md-4 tcol-sm-4 tcol-xs-6 tcol-ss-12 g_item\"><div class=\"grid_item kad_gallery_fade_in gallery_item\"><a href=\"https:\/\/versautrechose.fr\/portofolio\/wp-content\/uploads\/2024\/02\/1961-Les-Grandes-Jorasses-Copie.jpg\" data-rel=\"lightbox\" class=\"lightboxhover\"><img loading=\"lazy\" decoding=\"async\" src=\"https:\/\/versautrechose.fr\/portofolio\/wp-content\/uploads\/2024\/02\/1961-Les-Grandes-Jorasses-Copie-400x400.jpg\" width=\"400\" height=\"400\" alt=\"1961 Les Grandes Jorasses, \u201cLa Citadelle G\u00e9ante\u201d, d\u00e9signation de Lionel Terray dans \u00ab\u00a0Les Conqu\u00e9rants de l\u2019Inutile\u00a0\u00bb\" srcset=\"https:\/\/versautrechose.fr\/portofolio\/wp-content\/uploads\/2024\/02\/1961-Les-Grandes-Jorasses-Copie-400x400.jpg 400w, https:\/\/versautrechose.fr\/portofolio\/wp-content\/uploads\/2024\/02\/1961-Les-Grandes-Jorasses-Copie-150x150.jpg 150w\" sizes=\"auto, (max-width: 400px) 100vw, 400px\" class=\"light-dropshaddow\"\/><\/a><\/div><\/div><div class=\"tcol-lg-4 tcol-md-4 tcol-sm-4 tcol-xs-6 tcol-ss-12 g_item\"><div class=\"grid_item kad_gallery_fade_in gallery_item\"><a href=\"https:\/\/versautrechose.fr\/portofolio\/wp-content\/uploads\/2024\/02\/1961-La-Dent-du-Geant-ou-Aiguille-du-Geant-Copie.jpg\" data-rel=\"lightbox\" class=\"lightboxhover\"><img loading=\"lazy\" decoding=\"async\" src=\"https:\/\/versautrechose.fr\/portofolio\/wp-content\/uploads\/2024\/02\/1961-La-Dent-du-Geant-ou-Aiguille-du-Geant-Copie-400x400.jpg\" width=\"400\" height=\"400\" alt=\"1961 La Dent du G\u00e9ant ou Aiguille du G\u00e9ant\" srcset=\"https:\/\/versautrechose.fr\/portofolio\/wp-content\/uploads\/2024\/02\/1961-La-Dent-du-Geant-ou-Aiguille-du-Geant-Copie-400x400.jpg 400w, https:\/\/versautrechose.fr\/portofolio\/wp-content\/uploads\/2024\/02\/1961-La-Dent-du-Geant-ou-Aiguille-du-Geant-Copie-150x150.jpg 150w\" sizes=\"auto, (max-width: 400px) 100vw, 400px\" class=\"light-dropshaddow\"\/><\/a><\/div><\/div><div class=\"tcol-lg-4 tcol-md-4 tcol-sm-4 tcol-xs-6 tcol-ss-12 g_item\"><div class=\"grid_item kad_gallery_fade_in gallery_item\"><a href=\"https:\/\/versautrechose.fr\/portofolio\/wp-content\/uploads\/2024\/02\/1961-Mont-blanc-copie.jpg\" data-rel=\"lightbox\" class=\"lightboxhover\"><img loading=\"lazy\" decoding=\"async\" src=\"https:\/\/versautrechose.fr\/portofolio\/wp-content\/uploads\/2024\/02\/1961-Mont-blanc-copie-400x400.jpg\" width=\"400\" height=\"400\" alt=\"1961 Mont-blanc, Chamonix\" srcset=\"https:\/\/versautrechose.fr\/portofolio\/wp-content\/uploads\/2024\/02\/1961-Mont-blanc-copie-400x400.jpg 400w, https:\/\/versautrechose.fr\/portofolio\/wp-content\/uploads\/2024\/02\/1961-Mont-blanc-copie-150x150.jpg 150w\" sizes=\"auto, (max-width: 400px) 100vw, 400px\" class=\"light-dropshaddow\"\/><\/a><\/div><\/div><div class=\"tcol-lg-4 tcol-md-4 tcol-sm-4 tcol-xs-6 tcol-ss-12 g_item\"><div class=\"grid_item kad_gallery_fade_in gallery_item\"><a href=\"https:\/\/versautrechose.fr\/portofolio\/wp-content\/uploads\/2024\/02\/1961-Mont-blanc-du-Tacul-la-Vallee-Blanche-Copie.jpg\" data-rel=\"lightbox\" class=\"lightboxhover\"><img loading=\"lazy\" decoding=\"async\" src=\"https:\/\/versautrechose.fr\/portofolio\/wp-content\/uploads\/2024\/02\/1961-Mont-blanc-du-Tacul-la-Vallee-Blanche-Copie-400x400.jpg\" width=\"400\" height=\"400\" alt=\"1961 Le Mont-blanc du Tacul, de \u00ab\u00a0la Vall\u00e9e Blanche\u00a0\u00bb\" srcset=\"https:\/\/versautrechose.fr\/portofolio\/wp-content\/uploads\/2024\/02\/1961-Mont-blanc-du-Tacul-la-Vallee-Blanche-Copie-400x400.jpg 400w, https:\/\/versautrechose.fr\/portofolio\/wp-content\/uploads\/2024\/02\/1961-Mont-blanc-du-Tacul-la-Vallee-Blanche-Copie-150x150.jpg 150w\" sizes=\"auto, (max-width: 400px) 100vw, 400px\" class=\"light-dropshaddow\"\/><\/a><\/div><\/div><div class=\"tcol-lg-4 tcol-md-4 tcol-sm-4 tcol-xs-6 tcol-ss-12 g_item\"><div class=\"grid_item kad_gallery_fade_in gallery_item\"><a href=\"https:\/\/versautrechose.fr\/portofolio\/wp-content\/uploads\/2024\/02\/1961-Mont-maudit-Copie.jpg\" data-rel=\"lightbox\" class=\"lightboxhover\"><img loading=\"lazy\" decoding=\"async\" src=\"https:\/\/versautrechose.fr\/portofolio\/wp-content\/uploads\/2024\/02\/1961-Mont-maudit-Copie-400x400.jpg\" width=\"400\" height=\"400\" alt=\"1961 Le Mont-Maudit\" srcset=\"https:\/\/versautrechose.fr\/portofolio\/wp-content\/uploads\/2024\/02\/1961-Mont-maudit-Copie-400x400.jpg 400w, https:\/\/versautrechose.fr\/portofolio\/wp-content\/uploads\/2024\/02\/1961-Mont-maudit-Copie-150x150.jpg 150w\" sizes=\"auto, (max-width: 400px) 100vw, 400px\" class=\"light-dropshaddow\"\/><\/a><\/div><\/div><div class=\"tcol-lg-4 tcol-md-4 tcol-sm-4 tcol-xs-6 tcol-ss-12 g_item\"><div class=\"grid_item kad_gallery_fade_in gallery_item\"><a href=\"https:\/\/versautrechose.fr\/portofolio\/wp-content\/uploads\/2024\/02\/1961-Vallee-blanche-Copie.jpg\" data-rel=\"lightbox\" class=\"lightboxhover\"><img loading=\"lazy\" decoding=\"async\" src=\"https:\/\/versautrechose.fr\/portofolio\/wp-content\/uploads\/2024\/02\/1961-Vallee-blanche-Copie-400x400.jpg\" width=\"400\" height=\"400\" alt=\"1961 \u00ab\u00a0La Vall\u00e9e Blanche\u00a0\u00bb\" srcset=\"https:\/\/versautrechose.fr\/portofolio\/wp-content\/uploads\/2024\/02\/1961-Vallee-blanche-Copie-400x400.jpg 400w, https:\/\/versautrechose.fr\/portofolio\/wp-content\/uploads\/2024\/02\/1961-Vallee-blanche-Copie-150x150.jpg 150w\" sizes=\"auto, (max-width: 400px) 100vw, 400px\" class=\"light-dropshaddow\"\/><\/a><\/div><\/div><div class=\"tcol-lg-4 tcol-md-4 tcol-sm-4 tcol-xs-6 tcol-ss-12 g_item\"><div class=\"grid_item kad_gallery_fade_in gallery_item\"><a href=\"https:\/\/versautrechose.fr\/portofolio\/wp-content\/uploads\/2024\/02\/1961-Vallee-blanche-2-Copie.jpg\" data-rel=\"lightbox\" class=\"lightboxhover\"><img loading=\"lazy\" decoding=\"async\" src=\"https:\/\/versautrechose.fr\/portofolio\/wp-content\/uploads\/2024\/02\/1961-Vallee-blanche-2-Copie-400x400.jpg\" width=\"400\" height=\"400\" alt=\"1961 ...vue de \u00ab\u00a0La Vall\u00e9e Blanche\u00a0\u00bb\" srcset=\"https:\/\/versautrechose.fr\/portofolio\/wp-content\/uploads\/2024\/02\/1961-Vallee-blanche-2-Copie-400x400.jpg 400w, https:\/\/versautrechose.fr\/portofolio\/wp-content\/uploads\/2024\/02\/1961-Vallee-blanche-2-Copie-150x150.jpg 150w\" sizes=\"auto, (max-width: 400px) 100vw, 400px\" class=\"light-dropshaddow\"\/><\/a><\/div><\/div><div class=\"tcol-lg-4 tcol-md-4 tcol-sm-4 tcol-xs-6 tcol-ss-12 g_item\"><div class=\"grid_item kad_gallery_fade_in gallery_item\"><a href=\"https:\/\/versautrechose.fr\/portofolio\/wp-content\/uploads\/2024\/02\/Cham.-Mt-Blanc-versan-Italie-Copie.jpg\" data-rel=\"lightbox\" class=\"lightboxhover\"><img loading=\"lazy\" decoding=\"async\" src=\"https:\/\/versautrechose.fr\/portofolio\/wp-content\/uploads\/2024\/02\/Cham.-Mt-Blanc-versan-Italie-Copie-400x400.jpg\" width=\"400\" height=\"400\" alt=\"Le Mt Blanc, versant italien (avec une s\u0153ur)\" srcset=\"https:\/\/versautrechose.fr\/portofolio\/wp-content\/uploads\/2024\/02\/Cham.-Mt-Blanc-versan-Italie-Copie-400x400.jpg 400w, https:\/\/versautrechose.fr\/portofolio\/wp-content\/uploads\/2024\/02\/Cham.-Mt-Blanc-versan-Italie-Copie-150x150.jpg 150w\" sizes=\"auto, (max-width: 400px) 100vw, 400px\" class=\"light-dropshaddow\"\/><\/a><\/div><\/div><div class=\"tcol-lg-4 tcol-md-4 tcol-sm-4 tcol-xs-6 tcol-ss-12 g_item\"><div class=\"grid_item kad_gallery_fade_in gallery_item\"><a href=\"https:\/\/versautrechose.fr\/portofolio\/wp-content\/uploads\/2024\/02\/Cham-Aig.Vert_.jpg\" data-rel=\"lightbox\" class=\"lightboxhover\"><img loading=\"lazy\" decoding=\"async\" src=\"https:\/\/versautrechose.fr\/portofolio\/wp-content\/uploads\/2024\/02\/Cham-Aig.Vert_-400x400.jpg\" width=\"400\" height=\"400\" alt=\"Chamonix 1961 - Aiguille Verte\" srcset=\"https:\/\/versautrechose.fr\/portofolio\/wp-content\/uploads\/2024\/02\/Cham-Aig.Vert_-400x400.jpg 400w, https:\/\/versautrechose.fr\/portofolio\/wp-content\/uploads\/2024\/02\/Cham-Aig.Vert_-150x150.jpg 150w\" sizes=\"auto, (max-width: 400px) 100vw, 400px\" class=\"light-dropshaddow\"\/><\/a><\/div><\/div><div class=\"tcol-lg-4 tcol-md-4 tcol-sm-4 tcol-xs-6 tcol-ss-12 g_item\"><div class=\"grid_item kad_gallery_fade_in gallery_item\"><a href=\"https:\/\/versautrechose.fr\/portofolio\/wp-content\/uploads\/2024\/02\/Cham.-mum-Aiguille-Verte-et-Chardonnet.jpg\" data-rel=\"lightbox\" class=\"lightboxhover\"><img loading=\"lazy\" decoding=\"async\" src=\"https:\/\/versautrechose.fr\/portofolio\/wp-content\/uploads\/2024\/02\/Cham.-mum-Aiguille-Verte-et-Chardonnet-400x400.jpg\" width=\"400\" height=\"400\" alt=\"\u00ab\u00a0Mum\u00a0\u00bb, Chamonix 1961 - Aiguille Verte et Chardonnet\" srcset=\"https:\/\/versautrechose.fr\/portofolio\/wp-content\/uploads\/2024\/02\/Cham.-mum-Aiguille-Verte-et-Chardonnet-400x400.jpg 400w, https:\/\/versautrechose.fr\/portofolio\/wp-content\/uploads\/2024\/02\/Cham.-mum-Aiguille-Verte-et-Chardonnet-150x150.jpg 150w\" sizes=\"auto, (max-width: 400px) 100vw, 400px\" class=\"light-dropshaddow\"\/><\/a><\/div><\/div><div class=\"tcol-lg-4 tcol-md-4 tcol-sm-4 tcol-xs-6 tcol-ss-12 g_item\"><div class=\"grid_item kad_gallery_fade_in gallery_item\"><a href=\"https:\/\/versautrechose.fr\/portofolio\/wp-content\/uploads\/2024\/02\/1961-le-Mt-Blanc-vue-des-Praz-Copie.jpg\" data-rel=\"lightbox\" class=\"lightboxhover\"><img loading=\"lazy\" decoding=\"async\" src=\"https:\/\/versautrechose.fr\/portofolio\/wp-content\/uploads\/2024\/02\/1961-le-Mt-Blanc-vue-des-Praz-Copie-400x400.jpg\" width=\"400\" height=\"400\" alt=\"1961 le Mt Blanc, vue de Plan Praz\" srcset=\"https:\/\/versautrechose.fr\/portofolio\/wp-content\/uploads\/2024\/02\/1961-le-Mt-Blanc-vue-des-Praz-Copie-400x400.jpg 400w, https:\/\/versautrechose.fr\/portofolio\/wp-content\/uploads\/2024\/02\/1961-le-Mt-Blanc-vue-des-Praz-Copie-150x150.jpg 150w\" sizes=\"auto, (max-width: 400px) 100vw, 400px\" class=\"light-dropshaddow\"\/><\/a><\/div><\/div><div class=\"tcol-lg-4 tcol-md-4 tcol-sm-4 tcol-xs-6 tcol-ss-12 g_item\"><div class=\"grid_item kad_gallery_fade_in gallery_item\"><a href=\"https:\/\/versautrechose.fr\/portofolio\/wp-content\/uploads\/2024\/02\/Cham.-Plan-de-Praz-Mt-Blanc.jpg\" data-rel=\"lightbox\" class=\"lightboxhover\"><img loading=\"lazy\" decoding=\"async\" src=\"https:\/\/versautrechose.fr\/portofolio\/wp-content\/uploads\/2024\/02\/Cham.-Plan-de-Praz-Mt-Blanc-400x400.jpg\" width=\"400\" height=\"400\" alt=\"le Mont Blanc vu du Plan de Praz (\u00ab\u00a0Mum\u00a0\u00bb et mes deux fr\u00e8res) - Chamonix 1961\" srcset=\"https:\/\/versautrechose.fr\/portofolio\/wp-content\/uploads\/2024\/02\/Cham.-Plan-de-Praz-Mt-Blanc-400x400.jpg 400w, https:\/\/versautrechose.fr\/portofolio\/wp-content\/uploads\/2024\/02\/Cham.-Plan-de-Praz-Mt-Blanc-150x150.jpg 150w\" sizes=\"auto, (max-width: 400px) 100vw, 400px\" class=\"light-dropshaddow\"\/><\/a><\/div><\/div><div class=\"tcol-lg-4 tcol-md-4 tcol-sm-4 tcol-xs-6 tcol-ss-12 g_item\"><div class=\"grid_item kad_gallery_fade_in gallery_item\"><a href=\"https:\/\/versautrechose.fr\/portofolio\/wp-content\/uploads\/2024\/02\/1961-massif-du-Mont-Blanc-Copie.jpg\" data-rel=\"lightbox\" class=\"lightboxhover\"><img loading=\"lazy\" decoding=\"async\" src=\"https:\/\/versautrechose.fr\/portofolio\/wp-content\/uploads\/2024\/02\/1961-massif-du-Mont-Blanc-Copie-400x400.jpg\" width=\"400\" height=\"400\" alt=\"1961 massif du Mont Blanc, le D\u00f4me du Go\u00fbter d&#039;une part, et d&#039;autre part le Mt Maudit et l&#039;Aiguille du Midi\" srcset=\"https:\/\/versautrechose.fr\/portofolio\/wp-content\/uploads\/2024\/02\/1961-massif-du-Mont-Blanc-Copie-400x400.jpg 400w, https:\/\/versautrechose.fr\/portofolio\/wp-content\/uploads\/2024\/02\/1961-massif-du-Mont-Blanc-Copie-150x150.jpg 150w\" sizes=\"auto, (max-width: 400px) 100vw, 400px\" class=\"light-dropshaddow\"\/><\/a><\/div><\/div><div class=\"tcol-lg-4 tcol-md-4 tcol-sm-4 tcol-xs-6 tcol-ss-12 g_item\"><div class=\"grid_item kad_gallery_fade_in gallery_item\"><a href=\"https:\/\/versautrechose.fr\/portofolio\/wp-content\/uploads\/2024\/02\/1961-vallee-de-Cham.-et-Mt-Blanc-Copie.jpg\" data-rel=\"lightbox\" class=\"lightboxhover\"><img loading=\"lazy\" decoding=\"async\" src=\"https:\/\/versautrechose.fr\/portofolio\/wp-content\/uploads\/2024\/02\/1961-vallee-de-Cham.-et-Mt-Blanc-Copie-400x400.jpg\" width=\"400\" height=\"400\" alt=\"1961 ... derniers regards de \u00ab\u00a0Mum\u00a0\u00bb vers la vall\u00e9e de Chamonix et le Mt Blanc, sur un s\u00e9jour qui restera sans doute ce que notre famille aura connu de meilleur... !\" srcset=\"https:\/\/versautrechose.fr\/portofolio\/wp-content\/uploads\/2024\/02\/1961-vallee-de-Cham.-et-Mt-Blanc-Copie-400x400.jpg 400w, https:\/\/versautrechose.fr\/portofolio\/wp-content\/uploads\/2024\/02\/1961-vallee-de-Cham.-et-Mt-Blanc-Copie-150x150.jpg 150w\" sizes=\"auto, (max-width: 400px) 100vw, 400px\" class=\"light-dropshaddow\"\/><\/a><\/div><\/div><div class=\"tcol-lg-4 tcol-md-4 tcol-sm-4 tcol-xs-6 tcol-ss-12 g_item\"><div class=\"grid_item kad_gallery_fade_in gallery_item\"><a href=\"https:\/\/versautrechose.fr\/portofolio\/wp-content\/uploads\/2024\/02\/1961-Chamonix-sept.-Chalet-France-Corbin-Copie.jpg\" data-rel=\"lightbox\" class=\"lightboxhover\"><img loading=\"lazy\" decoding=\"async\" src=\"https:\/\/versautrechose.fr\/portofolio\/wp-content\/uploads\/2024\/02\/1961-Chamonix-sept.-Chalet-France-Corbin-Copie-400x400.jpg\" width=\"400\" height=\"400\" alt=\"1961 Chamonix d\u00e9but septembre, au Chalet, un dernier petit-d\u00e8j. avant le d\u00e9part... \u00ab\u00a0Mum\u00a0\u00bb \u00e9tait une m\u00e8re attentionn\u00e9e, d\u00e9vou\u00e9e et aimante, avec de la personnalit\u00e9 !   https:\/\/www.facebook.com\/gilles.maitrot.7\/posts\/pfbid029tUhuJGiXKuw9bcvuYKUZe57R8856bUhgKgEvRXGLPT395R87qyPGFv1URi59kt4l\" srcset=\"https:\/\/versautrechose.fr\/portofolio\/wp-content\/uploads\/2024\/02\/1961-Chamonix-sept.-Chalet-France-Corbin-Copie-400x400.jpg 400w, https:\/\/versautrechose.fr\/portofolio\/wp-content\/uploads\/2024\/02\/1961-Chamonix-sept.-Chalet-France-Corbin-Copie-150x150.jpg 150w\" sizes=\"auto, (max-width: 400px) 100vw, 400px\" class=\"light-dropshaddow\"\/><\/a><\/div><\/div><div class=\"tcol-lg-4 tcol-md-4 tcol-sm-4 tcol-xs-6 tcol-ss-12 g_item\"><div class=\"grid_item kad_gallery_fade_in gallery_item\"><a href=\"https:\/\/versautrechose.fr\/portofolio\/wp-content\/uploads\/2024\/02\/1961-Pic-St-Loup-Copie.jpg\" data-rel=\"lightbox\" class=\"lightboxhover\"><img loading=\"lazy\" decoding=\"async\" src=\"https:\/\/versautrechose.fr\/portofolio\/wp-content\/uploads\/2024\/02\/1961-Pic-St-Loup-Copie-400x400.jpg\" width=\"400\" height=\"400\" alt=\"1961 ... de retour en Languedoc, au sommet du Pic St-Loup, \u00ab\u00a0Mutti\u00a0\u00bb et ses trois gar\u00e7ons ...\" srcset=\"https:\/\/versautrechose.fr\/portofolio\/wp-content\/uploads\/2024\/02\/1961-Pic-St-Loup-Copie-400x400.jpg 400w, https:\/\/versautrechose.fr\/portofolio\/wp-content\/uploads\/2024\/02\/1961-Pic-St-Loup-Copie-150x150.jpg 150w\" sizes=\"auto, (max-width: 400px) 100vw, 400px\" class=\"light-dropshaddow\"\/><\/a><\/div><\/div><div class=\"tcol-lg-4 tcol-md-4 tcol-sm-4 tcol-xs-6 tcol-ss-12 g_item\"><div class=\"grid_item kad_gallery_fade_in gallery_item\"><a href=\"https:\/\/versautrechose.fr\/portofolio\/wp-content\/uploads\/2024\/02\/1961-Chaos-Nimes-le-Vieux-Copie.jpg\" data-rel=\"lightbox\" class=\"lightboxhover\"><img loading=\"lazy\" decoding=\"async\" src=\"https:\/\/versautrechose.fr\/portofolio\/wp-content\/uploads\/2024\/02\/1961-Chaos-Nimes-le-Vieux-Copie-400x400.jpg\" width=\"400\" height=\"400\" alt=\"1961 ... sur l&#039;Arche du Chaos de N\u00eemes-le-vieux, avec mon fr\u00e8re et ma s\u0153ur les plus proche en \u00e2ge.\" srcset=\"https:\/\/versautrechose.fr\/portofolio\/wp-content\/uploads\/2024\/02\/1961-Chaos-Nimes-le-Vieux-Copie-400x400.jpg 400w, https:\/\/versautrechose.fr\/portofolio\/wp-content\/uploads\/2024\/02\/1961-Chaos-Nimes-le-Vieux-Copie-150x150.jpg 150w\" sizes=\"auto, (max-width: 400px) 100vw, 400px\" class=\"light-dropshaddow\"\/><\/a><\/div><\/div><div class=\"tcol-lg-4 tcol-md-4 tcol-sm-4 tcol-xs-6 tcol-ss-12 g_item\"><div class=\"grid_item kad_gallery_fade_in gallery_item\"><a href=\"https:\/\/versautrechose.fr\/portofolio\/wp-content\/uploads\/2024\/02\/1961-Chaos-de-Nimes-le-Vieux-Copie.jpg\" data-rel=\"lightbox\" class=\"lightboxhover\"><img loading=\"lazy\" decoding=\"async\" src=\"https:\/\/versautrechose.fr\/portofolio\/wp-content\/uploads\/2024\/02\/1961-Chaos-de-Nimes-le-Vieux-Copie-400x400.jpg\" width=\"400\" height=\"400\" alt=\"1961 l&#039;Arche du Chaos de N\u00eemes-le-vieux - \u00c0 l\u2019Hom, sur le causse M\u00e9jean\" srcset=\"https:\/\/versautrechose.fr\/portofolio\/wp-content\/uploads\/2024\/02\/1961-Chaos-de-Nimes-le-Vieux-Copie-400x400.jpg 400w, https:\/\/versautrechose.fr\/portofolio\/wp-content\/uploads\/2024\/02\/1961-Chaos-de-Nimes-le-Vieux-Copie-150x150.jpg 150w\" sizes=\"auto, (max-width: 400px) 100vw, 400px\" class=\"light-dropshaddow\"\/><\/a><\/div><\/div><div class=\"tcol-lg-4 tcol-md-4 tcol-sm-4 tcol-xs-6 tcol-ss-12 g_item\"><div class=\"grid_item kad_gallery_fade_in gallery_item\"><a href=\"https:\/\/versautrechose.fr\/portofolio\/wp-content\/uploads\/2024\/02\/1961-Rochers-de-la-Tude-Montardier-Copie.jpg\" data-rel=\"lightbox\" class=\"lightboxhover\"><img loading=\"lazy\" decoding=\"async\" src=\"https:\/\/versautrechose.fr\/portofolio\/wp-content\/uploads\/2024\/02\/1961-Rochers-de-la-Tude-Montardier-Copie-400x400.jpg\" width=\"400\" height=\"400\" alt=\"1961 Rochers de la Tude vers Montardier (Gard) - for\u00eat domaniale de la Vis, avec \u00ab Mum \u00bb\" srcset=\"https:\/\/versautrechose.fr\/portofolio\/wp-content\/uploads\/2024\/02\/1961-Rochers-de-la-Tude-Montardier-Copie-400x400.jpg 400w, https:\/\/versautrechose.fr\/portofolio\/wp-content\/uploads\/2024\/02\/1961-Rochers-de-la-Tude-Montardier-Copie-150x150.jpg 150w\" sizes=\"auto, (max-width: 400px) 100vw, 400px\" class=\"light-dropshaddow\"\/><\/a><\/div><\/div><div class=\"tcol-lg-4 tcol-md-4 tcol-sm-4 tcol-xs-6 tcol-ss-12 g_item\"><div class=\"grid_item kad_gallery_fade_in gallery_item\"><a href=\"https:\/\/versautrechose.fr\/portofolio\/wp-content\/uploads\/2024\/02\/1961-Corniche-des-Cevennes.jpg\" data-rel=\"lightbox\" class=\"lightboxhover\"><img loading=\"lazy\" decoding=\"async\" src=\"https:\/\/versautrechose.fr\/portofolio\/wp-content\/uploads\/2024\/02\/1961-Corniche-des-Cevennes-400x400.jpg\" width=\"400\" height=\"400\" alt=\"1961 ... la neige sur la Corniche des Cevennes en hiver, \u00e0 l&#039;horizon le Mont Loz\u00e8re et le Boug\u00e8s. \" srcset=\"https:\/\/versautrechose.fr\/portofolio\/wp-content\/uploads\/2024\/02\/1961-Corniche-des-Cevennes-400x400.jpg 400w, https:\/\/versautrechose.fr\/portofolio\/wp-content\/uploads\/2024\/02\/1961-Corniche-des-Cevennes-150x150.jpg 150w\" sizes=\"auto, (max-width: 400px) 100vw, 400px\" class=\"light-dropshaddow\"\/><\/a><\/div><\/div><div class=\"tcol-lg-4 tcol-md-4 tcol-sm-4 tcol-xs-6 tcol-ss-12 g_item\"><div class=\"grid_item kad_gallery_fade_in gallery_item\"><a href=\"https:\/\/versautrechose.fr\/portofolio\/wp-content\/uploads\/2024\/02\/1961-Almeria-decem.-Hotel-Copie.jpg\" data-rel=\"lightbox\" class=\"lightboxhover\"><img loading=\"lazy\" decoding=\"async\" src=\"https:\/\/versautrechose.fr\/portofolio\/wp-content\/uploads\/2024\/02\/1961-Almeria-decem.-Hotel-Copie-400x400.jpg\" width=\"400\" height=\"400\" alt=\"1961\/62... vers le Nouvel An avec \u00ab\u00a0Mum\u00a0\u00bb et un de mes fr\u00e8re \u00e0 Alm\u00e9ria, dans un &quot;g\u00eete&quot;\" srcset=\"https:\/\/versautrechose.fr\/portofolio\/wp-content\/uploads\/2024\/02\/1961-Almeria-decem.-Hotel-Copie-400x400.jpg 400w, https:\/\/versautrechose.fr\/portofolio\/wp-content\/uploads\/2024\/02\/1961-Almeria-decem.-Hotel-Copie-150x150.jpg 150w\" sizes=\"auto, (max-width: 400px) 100vw, 400px\" class=\"light-dropshaddow\"\/><\/a><\/div><\/div><div class=\"tcol-lg-4 tcol-md-4 tcol-sm-4 tcol-xs-6 tcol-ss-12 g_item\"><div class=\"grid_item kad_gallery_fade_in gallery_item\"><a href=\"https:\/\/versautrechose.fr\/portofolio\/wp-content\/uploads\/2024\/02\/1961-Almeria-en-decembre-Copie.jpg\" data-rel=\"lightbox\" class=\"lightboxhover\"><img loading=\"lazy\" decoding=\"async\" src=\"https:\/\/versautrechose.fr\/portofolio\/wp-content\/uploads\/2024\/02\/1961-Almeria-en-decembre-Copie-400x400.jpg\" width=\"400\" height=\"400\" alt=\"1961\/62 ... l&#039;appart. devant le Port d&#039;Alm\u00e9ria\" srcset=\"https:\/\/versautrechose.fr\/portofolio\/wp-content\/uploads\/2024\/02\/1961-Almeria-en-decembre-Copie-400x400.jpg 400w, https:\/\/versautrechose.fr\/portofolio\/wp-content\/uploads\/2024\/02\/1961-Almeria-en-decembre-Copie-150x150.jpg 150w\" sizes=\"auto, (max-width: 400px) 100vw, 400px\" class=\"light-dropshaddow\"\/><\/a><\/div><\/div><div class=\"tcol-lg-4 tcol-md-4 tcol-sm-4 tcol-xs-6 tcol-ss-12 g_item\"><div class=\"grid_item kad_gallery_fade_in gallery_item\"><a href=\"https:\/\/versautrechose.fr\/portofolio\/wp-content\/uploads\/2024\/02\/1961-Alm.-Sorbas-Copie.jpg\" data-rel=\"lightbox\" class=\"lightboxhover\"><img loading=\"lazy\" decoding=\"async\" src=\"https:\/\/versautrechose.fr\/portofolio\/wp-content\/uploads\/2024\/02\/1961-Alm.-Sorbas-Copie-400x400.jpg\" width=\"400\" height=\"400\" alt=\"1961\/62 Sorbas, habitat troglodyte, pr\u00e8s d&#039;Alm\u00e9ria \" srcset=\"https:\/\/versautrechose.fr\/portofolio\/wp-content\/uploads\/2024\/02\/1961-Alm.-Sorbas-Copie-400x400.jpg 400w, https:\/\/versautrechose.fr\/portofolio\/wp-content\/uploads\/2024\/02\/1961-Alm.-Sorbas-Copie-150x150.jpg 150w\" sizes=\"auto, (max-width: 400px) 100vw, 400px\" class=\"light-dropshaddow\"\/><\/a><\/div><\/div><div class=\"tcol-lg-4 tcol-md-4 tcol-sm-4 tcol-xs-6 tcol-ss-12 g_item\"><div class=\"grid_item kad_gallery_fade_in gallery_item\"><a href=\"https:\/\/versautrechose.fr\/portofolio\/wp-content\/uploads\/2024\/02\/1961-Sierra-Alhamilla-en-decembre-Copie.jpg\" data-rel=\"lightbox\" class=\"lightboxhover\"><img loading=\"lazy\" decoding=\"async\" src=\"https:\/\/versautrechose.fr\/portofolio\/wp-content\/uploads\/2024\/02\/1961-Sierra-Alhamilla-en-decembre-Copie-400x400.jpg\" width=\"400\" height=\"400\" alt=\"1961\/62  ... dans la Sierra Alhamilla au nord-est d&#039;Almer\u00eda (fin d\u00e9cem.-d\u00e9but janv.), Espagne \" srcset=\"https:\/\/versautrechose.fr\/portofolio\/wp-content\/uploads\/2024\/02\/1961-Sierra-Alhamilla-en-decembre-Copie-400x400.jpg 400w, https:\/\/versautrechose.fr\/portofolio\/wp-content\/uploads\/2024\/02\/1961-Sierra-Alhamilla-en-decembre-Copie-150x150.jpg 150w\" sizes=\"auto, (max-width: 400px) 100vw, 400px\" class=\"light-dropshaddow\"\/><\/a><\/div><\/div><div class=\"tcol-lg-4 tcol-md-4 tcol-sm-4 tcol-xs-6 tcol-ss-12 g_item\"><div class=\"grid_item kad_gallery_fade_in gallery_item\"><a href=\"https:\/\/versautrechose.fr\/portofolio\/wp-content\/uploads\/2024\/02\/1962-La-Bouscarasse-et-le-Montvaillant-Copie.jpg\" data-rel=\"lightbox\" class=\"lightboxhover\"><img loading=\"lazy\" decoding=\"async\" src=\"https:\/\/versautrechose.fr\/portofolio\/wp-content\/uploads\/2024\/02\/1962-La-Bouscarasse-et-le-Montvaillant-Copie-400x400.jpg\" width=\"400\" height=\"400\" alt=\"1962 \u00ab\u00a0La Bouscarasse\u00a0\u00bb* et le Montvaillant, vue des Plants vers Calviac du c\u00f4t\u00e9 de Lasalle dans le Gard - *(de &quot;bouscas&quot;, ch\u00e2taignes)\" srcset=\"https:\/\/versautrechose.fr\/portofolio\/wp-content\/uploads\/2024\/02\/1962-La-Bouscarasse-et-le-Montvaillant-Copie-400x400.jpg 400w, https:\/\/versautrechose.fr\/portofolio\/wp-content\/uploads\/2024\/02\/1962-La-Bouscarasse-et-le-Montvaillant-Copie-150x150.jpg 150w\" sizes=\"auto, (max-width: 400px) 100vw, 400px\" class=\"light-dropshaddow\"\/><\/a><\/div><\/div><div class=\"tcol-lg-4 tcol-md-4 tcol-sm-4 tcol-xs-6 tcol-ss-12 g_item\"><div class=\"grid_item kad_gallery_fade_in gallery_item\"><a href=\"https:\/\/versautrechose.fr\/portofolio\/wp-content\/uploads\/2024\/02\/1962-La-Bouscarasse-vu-du-Chemin-des-Cretes.-Cest-dans-cette-Cevennes-entre-62-et-69-que-jai-decouvert-ce-quetait-la-nature-sa-rudesse-et-sa-beaute-farouche-ou-leau-est-tres-precieuse-.jpg\" data-rel=\"lightbox\" class=\"lightboxhover\"><img loading=\"lazy\" decoding=\"async\" src=\"https:\/\/versautrechose.fr\/portofolio\/wp-content\/uploads\/2024\/02\/1962-La-Bouscarasse-vu-du-Chemin-des-Cretes.-Cest-dans-cette-Cevennes-entre-62-et-69-que-jai-decouvert-ce-quetait-la-nature-sa-rudesse-et-sa-beaute-farouche-ou-leau-est-tres-precieuse--400x400.jpg\" width=\"400\" height=\"400\" alt=\"1962 \u00ab\u00a0La Bouscarasse\u00a0\u00bb vu du Chemin des Cr\u00e8tes. C&#039;est dans ces C\u00e9vennes des &quot;Camisards&quot; entre 62 et 69 que j&#039;ai d\u00e9couvert ce qu&#039;\u00e9tait la nature, sa rudesse et sa beaut\u00e9 farouche, o\u00f9 l&#039;eau est tr\u00e8s pr\u00e9cieuse !\" srcset=\"https:\/\/versautrechose.fr\/portofolio\/wp-content\/uploads\/2024\/02\/1962-La-Bouscarasse-vu-du-Chemin-des-Cretes.-Cest-dans-cette-Cevennes-entre-62-et-69-que-jai-decouvert-ce-quetait-la-nature-sa-rudesse-et-sa-beaute-farouche-ou-leau-est-tres-precieuse--400x400.jpg 400w, https:\/\/versautrechose.fr\/portofolio\/wp-content\/uploads\/2024\/02\/1962-La-Bouscarasse-vu-du-Chemin-des-Cretes.-Cest-dans-cette-Cevennes-entre-62-et-69-que-jai-decouvert-ce-quetait-la-nature-sa-rudesse-et-sa-beaute-farouche-ou-leau-est-tres-precieuse--150x150.jpg 150w\" sizes=\"auto, (max-width: 400px) 100vw, 400px\" class=\"light-dropshaddow\"\/><\/a><\/div><\/div><div class=\"tcol-lg-4 tcol-md-4 tcol-sm-4 tcol-xs-6 tcol-ss-12 g_item\"><div class=\"grid_item kad_gallery_fade_in gallery_item\"><a href=\"https:\/\/versautrechose.fr\/portofolio\/wp-content\/uploads\/2024\/02\/1962-Bouscarasse-print.-Copie.jpg\" data-rel=\"lightbox\" class=\"lightboxhover\"><img loading=\"lazy\" decoding=\"async\" src=\"https:\/\/versautrechose.fr\/portofolio\/wp-content\/uploads\/2024\/02\/1962-Bouscarasse-print.-Copie-400x400.jpg\" width=\"400\" height=\"400\" alt=\"1962 \u00ab\u00a0La Bouscarasse\u00a0\u00bb au printemps, un nouveau chemin de Vie, une p\u00e9riode d\u00e9terminante dans mon existence. \" srcset=\"https:\/\/versautrechose.fr\/portofolio\/wp-content\/uploads\/2024\/02\/1962-Bouscarasse-print.-Copie-400x400.jpg 400w, https:\/\/versautrechose.fr\/portofolio\/wp-content\/uploads\/2024\/02\/1962-Bouscarasse-print.-Copie-150x150.jpg 150w\" sizes=\"auto, (max-width: 400px) 100vw, 400px\" class=\"light-dropshaddow\"\/><\/a><\/div><\/div><div class=\"tcol-lg-4 tcol-md-4 tcol-sm-4 tcol-xs-6 tcol-ss-12 g_item\"><div class=\"grid_item kad_gallery_fade_in gallery_item\"><a href=\"https:\/\/versautrechose.fr\/portofolio\/wp-content\/uploads\/2024\/02\/1962-Bouscarasse-Copie.jpg\" data-rel=\"lightbox\" class=\"lightboxhover\"><img loading=\"lazy\" decoding=\"async\" src=\"https:\/\/versautrechose.fr\/portofolio\/wp-content\/uploads\/2024\/02\/1962-Bouscarasse-Copie-400x400.jpg\" width=\"400\" height=\"400\" alt=\"1962 \u00ab\u00a0La Bouscarasse\u00a0\u00bb, ce f\u00fbt aussi  &quot;chemin d&#039;apprentissage&quot; d&#039;une jeune vie\" srcset=\"https:\/\/versautrechose.fr\/portofolio\/wp-content\/uploads\/2024\/02\/1962-Bouscarasse-Copie-400x400.jpg 400w, https:\/\/versautrechose.fr\/portofolio\/wp-content\/uploads\/2024\/02\/1962-Bouscarasse-Copie-150x150.jpg 150w\" sizes=\"auto, (max-width: 400px) 100vw, 400px\" class=\"light-dropshaddow\"\/><\/a><\/div><\/div><div class=\"tcol-lg-4 tcol-md-4 tcol-sm-4 tcol-xs-6 tcol-ss-12 g_item\"><div class=\"grid_item kad_gallery_fade_in gallery_item\"><a href=\"https:\/\/versautrechose.fr\/portofolio\/wp-content\/uploads\/2024\/02\/1962-Calviac-Chateau-La-Bouscarasse-Copie.jpg\" data-rel=\"lightbox\" class=\"lightboxhover\"><img loading=\"lazy\" decoding=\"async\" src=\"https:\/\/versautrechose.fr\/portofolio\/wp-content\/uploads\/2024\/02\/1962-Calviac-Chateau-La-Bouscarasse-Copie-400x400.jpg\" width=\"400\" height=\"400\" alt=\"1962 -Le Chateau de Calviac au printemps avec sa ferme en contre-bas o\u00f9 \u00e0 pied de La Bouscarasse nous allions chercher du lait frais... !\" srcset=\"https:\/\/versautrechose.fr\/portofolio\/wp-content\/uploads\/2024\/02\/1962-Calviac-Chateau-La-Bouscarasse-Copie-400x400.jpg 400w, https:\/\/versautrechose.fr\/portofolio\/wp-content\/uploads\/2024\/02\/1962-Calviac-Chateau-La-Bouscarasse-Copie-150x150.jpg 150w\" sizes=\"auto, (max-width: 400px) 100vw, 400px\" class=\"light-dropshaddow\"\/><\/a><\/div><\/div><div class=\"tcol-lg-4 tcol-md-4 tcol-sm-4 tcol-xs-6 tcol-ss-12 g_item\"><div class=\"grid_item kad_gallery_fade_in gallery_item\"><a href=\"https:\/\/versautrechose.fr\/portofolio\/wp-content\/uploads\/2024\/02\/1962-la-Bouscarasse-Copie.jpg\" data-rel=\"lightbox\" class=\"lightboxhover\"><img loading=\"lazy\" decoding=\"async\" src=\"https:\/\/versautrechose.fr\/portofolio\/wp-content\/uploads\/2024\/02\/1962-la-Bouscarasse-Copie-400x400.jpg\" width=\"400\" height=\"400\" alt=\"1962 \u00ab\u00a0La Bouscarasse\u00a0\u00bb, &quot;le refuge&quot; de la fin de l&#039;enfance, et celui de l&#039;adolescence...\" srcset=\"https:\/\/versautrechose.fr\/portofolio\/wp-content\/uploads\/2024\/02\/1962-la-Bouscarasse-Copie-400x400.jpg 400w, https:\/\/versautrechose.fr\/portofolio\/wp-content\/uploads\/2024\/02\/1962-la-Bouscarasse-Copie-150x150.jpg 150w\" sizes=\"auto, (max-width: 400px) 100vw, 400px\" class=\"light-dropshaddow\"\/><\/a><\/div><\/div><div class=\"tcol-lg-4 tcol-md-4 tcol-sm-4 tcol-xs-6 tcol-ss-12 g_item\"><div class=\"grid_item kad_gallery_fade_in gallery_item\"><a href=\"https:\/\/versautrechose.fr\/portofolio\/wp-content\/uploads\/2024\/02\/1962-Piedra-Esp.-Cola-del-Caballo-Copie.jpg\" data-rel=\"lightbox\" class=\"lightboxhover\"><img loading=\"lazy\" decoding=\"async\" src=\"https:\/\/versautrechose.fr\/portofolio\/wp-content\/uploads\/2024\/02\/1962-Piedra-Esp.-Cola-del-Caballo-Copie-400x400.jpg\" width=\"400\" height=\"400\" alt=\"1962 Piedra, Cola del Caballo - Espagne\" srcset=\"https:\/\/versautrechose.fr\/portofolio\/wp-content\/uploads\/2024\/02\/1962-Piedra-Esp.-Cola-del-Caballo-Copie-400x400.jpg 400w, https:\/\/versautrechose.fr\/portofolio\/wp-content\/uploads\/2024\/02\/1962-Piedra-Esp.-Cola-del-Caballo-Copie-150x150.jpg 150w\" sizes=\"auto, (max-width: 400px) 100vw, 400px\" class=\"light-dropshaddow\"\/><\/a><\/div><\/div><div class=\"tcol-lg-4 tcol-md-4 tcol-sm-4 tcol-xs-6 tcol-ss-12 g_item\"><div class=\"grid_item kad_gallery_fade_in gallery_item\"><a href=\"https:\/\/versautrechose.fr\/portofolio\/wp-content\/uploads\/2024\/02\/1962-Piedra-Esp.-Cola-del-Caballo-Copie-1.jpg\" data-rel=\"lightbox\" class=\"lightboxhover\"><img loading=\"lazy\" decoding=\"async\" src=\"https:\/\/versautrechose.fr\/portofolio\/wp-content\/uploads\/2024\/02\/1962-Piedra-Esp.-Cola-del-Caballo-Copie-1-400x400.jpg\" width=\"400\" height=\"400\" alt=\"1962 Piedra, Cola del Caballo\" srcset=\"https:\/\/versautrechose.fr\/portofolio\/wp-content\/uploads\/2024\/02\/1962-Piedra-Esp.-Cola-del-Caballo-Copie-1-400x400.jpg 400w, https:\/\/versautrechose.fr\/portofolio\/wp-content\/uploads\/2024\/02\/1962-Piedra-Esp.-Cola-del-Caballo-Copie-1-150x150.jpg 150w\" sizes=\"auto, (max-width: 400px) 100vw, 400px\" class=\"light-dropshaddow\"\/><\/a><\/div><\/div><div class=\"tcol-lg-4 tcol-md-4 tcol-sm-4 tcol-xs-6 tcol-ss-12 g_item\"><div class=\"grid_item kad_gallery_fade_in gallery_item\"><a href=\"https:\/\/versautrechose.fr\/portofolio\/wp-content\/uploads\/2024\/02\/1962-sept.-Piedra-Esp.-cascade-Iris-Copie.jpg\" data-rel=\"lightbox\" class=\"lightboxhover\"><img loading=\"lazy\" decoding=\"async\" src=\"https:\/\/versautrechose.fr\/portofolio\/wp-content\/uploads\/2024\/02\/1962-sept.-Piedra-Esp.-cascade-Iris-Copie-400x400.jpg\" width=\"400\" height=\"400\" alt=\" 1962  Piedra, &quot;cascade Iris&quot; en septembre, Espagne\" srcset=\"https:\/\/versautrechose.fr\/portofolio\/wp-content\/uploads\/2024\/02\/1962-sept.-Piedra-Esp.-cascade-Iris-Copie-400x400.jpg 400w, https:\/\/versautrechose.fr\/portofolio\/wp-content\/uploads\/2024\/02\/1962-sept.-Piedra-Esp.-cascade-Iris-Copie-150x150.jpg 150w\" sizes=\"auto, (max-width: 400px) 100vw, 400px\" class=\"light-dropshaddow\"\/><\/a><\/div><\/div><div class=\"tcol-lg-4 tcol-md-4 tcol-sm-4 tcol-xs-6 tcol-ss-12 g_item\"><div class=\"grid_item kad_gallery_fade_in gallery_item\"><a href=\"https:\/\/versautrechose.fr\/portofolio\/wp-content\/uploads\/2024\/02\/1962-Lac-de-Puigcerda-esp.07-Copie.jpg\" data-rel=\"lightbox\" class=\"lightboxhover\"><img loading=\"lazy\" decoding=\"async\" src=\"https:\/\/versautrechose.fr\/portofolio\/wp-content\/uploads\/2024\/02\/1962-Lac-de-Puigcerda-esp.07-Copie-400x400.jpg\" width=\"400\" height=\"400\" alt=\"1962 Lac de Puigcerda en juillet avec un de mes fr\u00e8re a\u00een\u00e9, Espagne\" srcset=\"https:\/\/versautrechose.fr\/portofolio\/wp-content\/uploads\/2024\/02\/1962-Lac-de-Puigcerda-esp.07-Copie-400x400.jpg 400w, https:\/\/versautrechose.fr\/portofolio\/wp-content\/uploads\/2024\/02\/1962-Lac-de-Puigcerda-esp.07-Copie-150x150.jpg 150w\" sizes=\"auto, (max-width: 400px) 100vw, 400px\" class=\"light-dropshaddow\"\/><\/a><\/div><\/div><div class=\"tcol-lg-4 tcol-md-4 tcol-sm-4 tcol-xs-6 tcol-ss-12 g_item\"><div class=\"grid_item kad_gallery_fade_in gallery_item\"><a href=\"https:\/\/versautrechose.fr\/portofolio\/wp-content\/uploads\/2024\/02\/1962-La-Seu-dUrgell-Esp-07.-Copie.jpg\" data-rel=\"lightbox\" class=\"lightboxhover\"><img loading=\"lazy\" decoding=\"async\" src=\"https:\/\/versautrechose.fr\/portofolio\/wp-content\/uploads\/2024\/02\/1962-La-Seu-dUrgell-Esp-07.-Copie-400x400.jpg\" width=\"400\" height=\"400\" alt=\"1962 ...\u00e0 La Seu d&#039;Urgell, Espagne\" srcset=\"https:\/\/versautrechose.fr\/portofolio\/wp-content\/uploads\/2024\/02\/1962-La-Seu-dUrgell-Esp-07.-Copie-400x400.jpg 400w, https:\/\/versautrechose.fr\/portofolio\/wp-content\/uploads\/2024\/02\/1962-La-Seu-dUrgell-Esp-07.-Copie-150x150.jpg 150w\" sizes=\"auto, (max-width: 400px) 100vw, 400px\" class=\"light-dropshaddow\"\/><\/a><\/div><\/div><div class=\"tcol-lg-4 tcol-md-4 tcol-sm-4 tcol-xs-6 tcol-ss-12 g_item\"><div class=\"grid_item kad_gallery_fade_in gallery_item\"><a href=\"https:\/\/versautrechose.fr\/portofolio\/wp-content\/uploads\/2024\/02\/1962-Segovie-Copie.jpg\" data-rel=\"lightbox\" class=\"lightboxhover\"><img loading=\"lazy\" decoding=\"async\" src=\"https:\/\/versautrechose.fr\/portofolio\/wp-content\/uploads\/2024\/02\/1962-Segovie-Copie-400x400.jpg\" width=\"400\" height=\"400\" alt=\"1962 l&#039;\u00e9t\u00e9 \u00e0 Segovie, sans doute une des derni\u00e8re photo de la fratrie au complet ...\" srcset=\"https:\/\/versautrechose.fr\/portofolio\/wp-content\/uploads\/2024\/02\/1962-Segovie-Copie-400x400.jpg 400w, https:\/\/versautrechose.fr\/portofolio\/wp-content\/uploads\/2024\/02\/1962-Segovie-Copie-150x150.jpg 150w\" sizes=\"auto, (max-width: 400px) 100vw, 400px\" class=\"light-dropshaddow\"\/><\/a><\/div><\/div><div class=\"tcol-lg-4 tcol-md-4 tcol-sm-4 tcol-xs-6 tcol-ss-12 g_item\"><div class=\"grid_item kad_gallery_fade_in gallery_item\"><a href=\"https:\/\/versautrechose.fr\/portofolio\/wp-content\/uploads\/2024\/02\/1962-en-nov.-a-St-Benezet-Gard-Copie.jpg\" data-rel=\"lightbox\" class=\"lightboxhover\"><img loading=\"lazy\" decoding=\"async\" src=\"https:\/\/versautrechose.fr\/portofolio\/wp-content\/uploads\/2024\/02\/1962-en-nov.-a-St-Benezet-Gard-Copie-400x400.jpg\" width=\"400\" height=\"400\" alt=\"1962 en automne vers Saint-B\u00e9n\u00e9zet, (au sud d&#039;Al\u00e8s dans le Gard), tenant son \u201cbacillum\u201d petit b\u00e2ton en latin ...\" srcset=\"https:\/\/versautrechose.fr\/portofolio\/wp-content\/uploads\/2024\/02\/1962-en-nov.-a-St-Benezet-Gard-Copie-400x400.jpg 400w, https:\/\/versautrechose.fr\/portofolio\/wp-content\/uploads\/2024\/02\/1962-en-nov.-a-St-Benezet-Gard-Copie-150x150.jpg 150w\" sizes=\"auto, (max-width: 400px) 100vw, 400px\" class=\"light-dropshaddow\"\/><\/a><\/div><\/div><div class=\"tcol-lg-4 tcol-md-4 tcol-sm-4 tcol-xs-6 tcol-ss-12 g_item\"><div class=\"grid_item kad_gallery_fade_in gallery_item\"><a href=\"https:\/\/versautrechose.fr\/portofolio\/wp-content\/uploads\/2024\/02\/imbecile-p.90-Copie.jpg\" data-rel=\"lightbox\" class=\"lightboxhover\"><img loading=\"lazy\" decoding=\"async\" src=\"https:\/\/versautrechose.fr\/portofolio\/wp-content\/uploads\/2024\/02\/imbecile-p.90-Copie-400x400.jpg\" width=\"400\" height=\"400\" alt=\"  \u2026 l\u2019origine du terme \u00ab\u00a0imb\u00e9cile\u00a0\u00bb ... Latin bacillum : B\u00e2tonnet, petit b\u00e2ton, baguette. Variantes, sans ...bacullus D\u00e9riv\u00e9s : imbecillus, imbecillis (\u201cfaible\u201d)  https:\/\/fr.wiktionary.org\/wiki\/bacillum\" srcset=\"https:\/\/versautrechose.fr\/portofolio\/wp-content\/uploads\/2024\/02\/imbecile-p.90-Copie-400x400.jpg 400w, https:\/\/versautrechose.fr\/portofolio\/wp-content\/uploads\/2024\/02\/imbecile-p.90-Copie-150x150.jpg 150w\" sizes=\"auto, (max-width: 400px) 100vw, 400px\" class=\"light-dropshaddow\"\/><\/a><\/div><\/div><div class=\"tcol-lg-4 tcol-md-4 tcol-sm-4 tcol-xs-6 tcol-ss-12 g_item\"><div class=\"grid_item kad_gallery_fade_in gallery_item\"><a href=\"https:\/\/versautrechose.fr\/portofolio\/wp-content\/uploads\/2024\/02\/DSC_0431-Copie.jpg\" data-rel=\"lightbox\" class=\"lightboxhover\"><img loading=\"lazy\" decoding=\"async\" src=\"https:\/\/versautrechose.fr\/portofolio\/wp-content\/uploads\/2024\/02\/DSC_0431-Copie-400x400.jpg\" width=\"400\" height=\"400\" alt=\"... aujourd&#039;hui (photo sept. 2023), ce &quot;b\u00e2ton de soutien&quot; est plus \u00e9labor\u00e9, plus fiable et solide... (bord de la Vis vers Navacelles) \" srcset=\"https:\/\/versautrechose.fr\/portofolio\/wp-content\/uploads\/2024\/02\/DSC_0431-Copie-400x400.jpg 400w, https:\/\/versautrechose.fr\/portofolio\/wp-content\/uploads\/2024\/02\/DSC_0431-Copie-150x150.jpg 150w\" sizes=\"auto, (max-width: 400px) 100vw, 400px\" class=\"light-dropshaddow\"\/><\/a><\/div><\/div><div class=\"tcol-lg-4 tcol-md-4 tcol-sm-4 tcol-xs-6 tcol-ss-12 g_item\"><div class=\"grid_item kad_gallery_fade_in gallery_item\"><a href=\"https:\/\/versautrechose.fr\/portofolio\/wp-content\/uploads\/2024\/02\/1963-Ales-verenda-de-lapart.-r.-dAvejean.jpg\" data-rel=\"lightbox\" class=\"lightboxhover\"><img loading=\"lazy\" decoding=\"async\" src=\"https:\/\/versautrechose.fr\/portofolio\/wp-content\/uploads\/2024\/02\/1963-Ales-verenda-de-lapart.-r.-dAvejean-400x400.jpg\" width=\"400\" height=\"400\" alt=\"1963 en f\u00e9vrier, de la neige \u00e0 Al\u00e8s ! ...la v\u00e9randa de notre appartement (r. d&#039;Av\u00e9jan) donnant sur le Bd Louis Blanc, si\u00e8ge de la Banque de France \u00e0 l&#039;\u00e9poque o\u00f9 &quot;p\u00e8re&quot; y travaillait  ...\" srcset=\"https:\/\/versautrechose.fr\/portofolio\/wp-content\/uploads\/2024\/02\/1963-Ales-verenda-de-lapart.-r.-dAvejean-400x400.jpg 400w, https:\/\/versautrechose.fr\/portofolio\/wp-content\/uploads\/2024\/02\/1963-Ales-verenda-de-lapart.-r.-dAvejean-150x150.jpg 150w\" sizes=\"auto, (max-width: 400px) 100vw, 400px\" class=\"light-dropshaddow\"\/><\/a><\/div><\/div><div class=\"tcol-lg-4 tcol-md-4 tcol-sm-4 tcol-xs-6 tcol-ss-12 g_item\"><div class=\"grid_item kad_gallery_fade_in gallery_item\"><a href=\"https:\/\/versautrechose.fr\/portofolio\/wp-content\/uploads\/2024\/02\/1963-Causse-Noir-le-champignon-Copie.jpg\" data-rel=\"lightbox\" class=\"lightboxhover\"><img loading=\"lazy\" decoding=\"async\" src=\"https:\/\/versautrechose.fr\/portofolio\/wp-content\/uploads\/2024\/02\/1963-Causse-Noir-le-champignon-Copie-400x400.jpg\" width=\"400\" height=\"400\" alt=\"1963 ...sur le Causse Noir &quot;le champignon&quot;, vers Saint-Andr\u00e9-de-V\u00e9zines\" srcset=\"https:\/\/versautrechose.fr\/portofolio\/wp-content\/uploads\/2024\/02\/1963-Causse-Noir-le-champignon-Copie-400x400.jpg 400w, https:\/\/versautrechose.fr\/portofolio\/wp-content\/uploads\/2024\/02\/1963-Causse-Noir-le-champignon-Copie-150x150.jpg 150w\" sizes=\"auto, (max-width: 400px) 100vw, 400px\" class=\"light-dropshaddow\"\/><\/a><\/div><\/div><div class=\"tcol-lg-4 tcol-md-4 tcol-sm-4 tcol-xs-6 tcol-ss-12 g_item\"><div class=\"grid_item kad_gallery_fade_in gallery_item\"><a href=\"https:\/\/versautrechose.fr\/portofolio\/wp-content\/uploads\/2024\/02\/1963-Bomarzo-Italie-Copie-1.jpg\" data-rel=\"lightbox\" class=\"lightboxhover\"><img loading=\"lazy\" decoding=\"async\" src=\"https:\/\/versautrechose.fr\/portofolio\/wp-content\/uploads\/2024\/02\/1963-Bomarzo-Italie-Copie-1-400x400.jpg\" width=\"400\" height=\"400\" alt=\"1963 ... \u00e0 10 ans dans les jardins de Bomarzo Italie\" srcset=\"https:\/\/versautrechose.fr\/portofolio\/wp-content\/uploads\/2024\/02\/1963-Bomarzo-Italie-Copie-1-400x400.jpg 400w, https:\/\/versautrechose.fr\/portofolio\/wp-content\/uploads\/2024\/02\/1963-Bomarzo-Italie-Copie-1-150x150.jpg 150w\" sizes=\"auto, (max-width: 400px) 100vw, 400px\" class=\"light-dropshaddow\"\/><\/a><\/div><\/div><div class=\"tcol-lg-4 tcol-md-4 tcol-sm-4 tcol-xs-6 tcol-ss-12 g_item\"><div class=\"grid_item kad_gallery_fade_in gallery_item\"><a href=\"https:\/\/versautrechose.fr\/portofolio\/wp-content\/uploads\/2024\/02\/1963-Bomarzo-Italie-Copie.jpg\" data-rel=\"lightbox\" class=\"lightboxhover\"><img loading=\"lazy\" decoding=\"async\" src=\"https:\/\/versautrechose.fr\/portofolio\/wp-content\/uploads\/2024\/02\/1963-Bomarzo-Italie-Copie-400x400.jpg\" width=\"400\" height=\"400\" alt=\"1963 \u00ab\u00a0Mum\u00a0\u00bb et les jardins de Bomarzo, H\u00e9racl\u00e8s et la lutte - Italie\" srcset=\"https:\/\/versautrechose.fr\/portofolio\/wp-content\/uploads\/2024\/02\/1963-Bomarzo-Italie-Copie-400x400.jpg 400w, https:\/\/versautrechose.fr\/portofolio\/wp-content\/uploads\/2024\/02\/1963-Bomarzo-Italie-Copie-150x150.jpg 150w\" sizes=\"auto, (max-width: 400px) 100vw, 400px\" class=\"light-dropshaddow\"\/><\/a><\/div><\/div><div class=\"tcol-lg-4 tcol-md-4 tcol-sm-4 tcol-xs-6 tcol-ss-12 g_item\"><div class=\"grid_item kad_gallery_fade_in gallery_item\"><a href=\"https:\/\/versautrechose.fr\/portofolio\/wp-content\/uploads\/2024\/02\/1963-Bomarzo-Parc-des-Monstres-Italie-Copie.jpg\" data-rel=\"lightbox\" class=\"lightboxhover\"><img loading=\"lazy\" decoding=\"async\" src=\"https:\/\/versautrechose.fr\/portofolio\/wp-content\/uploads\/2024\/02\/1963-Bomarzo-Parc-des-Monstres-Italie-Copie-400x400.jpg\" width=\"400\" height=\"400\" alt=\"1963 \u00ab\u00a0Mum\u00a0\u00bb au Parc des Monstres, dans les jardins de Bomarzo - Italie\" srcset=\"https:\/\/versautrechose.fr\/portofolio\/wp-content\/uploads\/2024\/02\/1963-Bomarzo-Parc-des-Monstres-Italie-Copie-400x400.jpg 400w, https:\/\/versautrechose.fr\/portofolio\/wp-content\/uploads\/2024\/02\/1963-Bomarzo-Parc-des-Monstres-Italie-Copie-150x150.jpg 150w\" sizes=\"auto, (max-width: 400px) 100vw, 400px\" class=\"light-dropshaddow\"\/><\/a><\/div><\/div><div class=\"tcol-lg-4 tcol-md-4 tcol-sm-4 tcol-xs-6 tcol-ss-12 g_item\"><div class=\"grid_item kad_gallery_fade_in gallery_item\"><a href=\"https:\/\/versautrechose.fr\/portofolio\/wp-content\/uploads\/2024\/02\/1963-Vietri-sul-Mare-Naples-Copie.jpg\" data-rel=\"lightbox\" class=\"lightboxhover\"><img loading=\"lazy\" decoding=\"async\" src=\"https:\/\/versautrechose.fr\/portofolio\/wp-content\/uploads\/2024\/02\/1963-Vietri-sul-Mare-Naples-Copie-400x400.jpg\" width=\"400\" height=\"400\" alt=\"1963 ...en famille \u00e0 Vietri sul Mare, pr\u00e8s de Naples\" srcset=\"https:\/\/versautrechose.fr\/portofolio\/wp-content\/uploads\/2024\/02\/1963-Vietri-sul-Mare-Naples-Copie-400x400.jpg 400w, https:\/\/versautrechose.fr\/portofolio\/wp-content\/uploads\/2024\/02\/1963-Vietri-sul-Mare-Naples-Copie-150x150.jpg 150w\" sizes=\"auto, (max-width: 400px) 100vw, 400px\" class=\"light-dropshaddow\"\/><\/a><\/div><\/div><div class=\"tcol-lg-4 tcol-md-4 tcol-sm-4 tcol-xs-6 tcol-ss-12 g_item\"><div class=\"grid_item kad_gallery_fade_in gallery_item\"><a href=\"https:\/\/versautrechose.fr\/portofolio\/wp-content\/uploads\/2024\/02\/1964-Pic-du-Midi-Pyrenees.jpg\" data-rel=\"lightbox\" class=\"lightboxhover\"><img loading=\"lazy\" decoding=\"async\" src=\"https:\/\/versautrechose.fr\/portofolio\/wp-content\/uploads\/2024\/02\/1964-Pic-du-Midi-Pyrenees-400x400.jpg\" width=\"400\" height=\"400\" alt=\"1964 ...avec une s\u0153ur a\u00een\u00e9e au Pic du Midi - Pyr\u00e9n\u00e9es\" srcset=\"https:\/\/versautrechose.fr\/portofolio\/wp-content\/uploads\/2024\/02\/1964-Pic-du-Midi-Pyrenees-400x400.jpg 400w, https:\/\/versautrechose.fr\/portofolio\/wp-content\/uploads\/2024\/02\/1964-Pic-du-Midi-Pyrenees-150x150.jpg 150w\" sizes=\"auto, (max-width: 400px) 100vw, 400px\" class=\"light-dropshaddow\"\/><\/a><\/div><\/div><div class=\"tcol-lg-4 tcol-md-4 tcol-sm-4 tcol-xs-6 tcol-ss-12 g_item\"><div class=\"grid_item kad_gallery_fade_in gallery_item\"><a href=\"https:\/\/versautrechose.fr\/portofolio\/wp-content\/uploads\/2024\/02\/1964-Pic-du-Midi.jpg\" data-rel=\"lightbox\" class=\"lightboxhover\"><img loading=\"lazy\" decoding=\"async\" src=\"https:\/\/versautrechose.fr\/portofolio\/wp-content\/uploads\/2024\/02\/1964-Pic-du-Midi-400x400.jpg\" width=\"400\" height=\"400\" alt=\"1964 ...la vue du Pic du Midi - Pyr\u00e9n\u00e9es\" srcset=\"https:\/\/versautrechose.fr\/portofolio\/wp-content\/uploads\/2024\/02\/1964-Pic-du-Midi-400x400.jpg 400w, https:\/\/versautrechose.fr\/portofolio\/wp-content\/uploads\/2024\/02\/1964-Pic-du-Midi-150x150.jpg 150w\" sizes=\"auto, (max-width: 400px) 100vw, 400px\" class=\"light-dropshaddow\"\/><\/a><\/div><\/div><div class=\"tcol-lg-4 tcol-md-4 tcol-sm-4 tcol-xs-6 tcol-ss-12 g_item\"><div class=\"grid_item kad_gallery_fade_in gallery_item\"><a href=\"https:\/\/versautrechose.fr\/portofolio\/wp-content\/uploads\/2024\/02\/1964-Lac-dOo-1.jpg\" data-rel=\"lightbox\" class=\"lightboxhover\"><img loading=\"lazy\" decoding=\"async\" src=\"https:\/\/versautrechose.fr\/portofolio\/wp-content\/uploads\/2024\/02\/1964-Lac-dOo-1-400x400.jpg\" width=\"400\" height=\"400\" alt=\"1964 le Lac d&#039;Oo - Pyr\u00e9n\u00e9es\" srcset=\"https:\/\/versautrechose.fr\/portofolio\/wp-content\/uploads\/2024\/02\/1964-Lac-dOo-1-400x400.jpg 400w, https:\/\/versautrechose.fr\/portofolio\/wp-content\/uploads\/2024\/02\/1964-Lac-dOo-1-150x150.jpg 150w\" sizes=\"auto, (max-width: 400px) 100vw, 400px\" class=\"light-dropshaddow\"\/><\/a><\/div><\/div><div class=\"tcol-lg-4 tcol-md-4 tcol-sm-4 tcol-xs-6 tcol-ss-12 g_item\"><div class=\"grid_item kad_gallery_fade_in gallery_item\"><a href=\"https:\/\/versautrechose.fr\/portofolio\/wp-content\/uploads\/2024\/02\/1964-Lac-dOo.jpg\" data-rel=\"lightbox\" class=\"lightboxhover\"><img loading=\"lazy\" decoding=\"async\" src=\"https:\/\/versautrechose.fr\/portofolio\/wp-content\/uploads\/2024\/02\/1964-Lac-dOo-400x400.jpg\" width=\"400\" height=\"400\" alt=\"1964 le Lac d&#039;Oo en fin de journ\u00e9e\" srcset=\"https:\/\/versautrechose.fr\/portofolio\/wp-content\/uploads\/2024\/02\/1964-Lac-dOo-400x400.jpg 400w, https:\/\/versautrechose.fr\/portofolio\/wp-content\/uploads\/2024\/02\/1964-Lac-dOo-150x150.jpg 150w\" sizes=\"auto, (max-width: 400px) 100vw, 400px\" class=\"light-dropshaddow\"\/><\/a><\/div><\/div><div class=\"tcol-lg-4 tcol-md-4 tcol-sm-4 tcol-xs-6 tcol-ss-12 g_item\"><div class=\"grid_item kad_gallery_fade_in gallery_item\"><a href=\"https:\/\/versautrechose.fr\/portofolio\/wp-content\/uploads\/2024\/02\/1964-Lac-de-Gaube.jpg\" data-rel=\"lightbox\" class=\"lightboxhover\"><img loading=\"lazy\" decoding=\"async\" src=\"https:\/\/versautrechose.fr\/portofolio\/wp-content\/uploads\/2024\/02\/1964-Lac-de-Gaube-400x400.jpg\" width=\"400\" height=\"400\" alt=\"1964 arriv\u00e9e au Lac de Gaube, Pic de la S\u00e8de \u00e0 l&#039;horizon\" srcset=\"https:\/\/versautrechose.fr\/portofolio\/wp-content\/uploads\/2024\/02\/1964-Lac-de-Gaube-400x400.jpg 400w, https:\/\/versautrechose.fr\/portofolio\/wp-content\/uploads\/2024\/02\/1964-Lac-de-Gaube-150x150.jpg 150w\" sizes=\"auto, (max-width: 400px) 100vw, 400px\" class=\"light-dropshaddow\"\/><\/a><\/div><\/div><div class=\"tcol-lg-4 tcol-md-4 tcol-sm-4 tcol-xs-6 tcol-ss-12 g_item\"><div class=\"grid_item kad_gallery_fade_in gallery_item\"><a href=\"https:\/\/versautrechose.fr\/portofolio\/wp-content\/uploads\/2024\/02\/1964-Lac-de-Gaube-1.jpg\" data-rel=\"lightbox\" class=\"lightboxhover\"><img loading=\"lazy\" decoding=\"async\" src=\"https:\/\/versautrechose.fr\/portofolio\/wp-content\/uploads\/2024\/02\/1964-Lac-de-Gaube-1-400x400.jpg\" width=\"400\" height=\"400\" alt=\"1964 le Lac de Gaube au sud  en matin\u00e9e\" srcset=\"https:\/\/versautrechose.fr\/portofolio\/wp-content\/uploads\/2024\/02\/1964-Lac-de-Gaube-1-400x400.jpg 400w, https:\/\/versautrechose.fr\/portofolio\/wp-content\/uploads\/2024\/02\/1964-Lac-de-Gaube-1-150x150.jpg 150w\" sizes=\"auto, (max-width: 400px) 100vw, 400px\" class=\"light-dropshaddow\"\/><\/a><\/div><\/div><div class=\"tcol-lg-4 tcol-md-4 tcol-sm-4 tcol-xs-6 tcol-ss-12 g_item\"><div class=\"grid_item kad_gallery_fade_in gallery_item\"><a href=\"https:\/\/versautrechose.fr\/portofolio\/wp-content\/uploads\/2024\/02\/1964-Lac-de-Gaube-au-sud-la-cascade.jpg\" data-rel=\"lightbox\" class=\"lightboxhover\"><img loading=\"lazy\" decoding=\"async\" src=\"https:\/\/versautrechose.fr\/portofolio\/wp-content\/uploads\/2024\/02\/1964-Lac-de-Gaube-au-sud-la-cascade-400x400.jpg\" width=\"400\" height=\"400\" alt=\"1964 le Lac de Gaube vu du sud \" srcset=\"https:\/\/versautrechose.fr\/portofolio\/wp-content\/uploads\/2024\/02\/1964-Lac-de-Gaube-au-sud-la-cascade-400x400.jpg 400w, https:\/\/versautrechose.fr\/portofolio\/wp-content\/uploads\/2024\/02\/1964-Lac-de-Gaube-au-sud-la-cascade-150x150.jpg 150w\" sizes=\"auto, (max-width: 400px) 100vw, 400px\" class=\"light-dropshaddow\"\/><\/a><\/div><\/div><div class=\"tcol-lg-4 tcol-md-4 tcol-sm-4 tcol-xs-6 tcol-ss-12 g_item\"><div class=\"grid_item kad_gallery_fade_in gallery_item\"><a href=\"https:\/\/versautrechose.fr\/portofolio\/wp-content\/uploads\/2024\/02\/1964-Ordesa-le-Parador.jpg\" data-rel=\"lightbox\" class=\"lightboxhover\"><img loading=\"lazy\" decoding=\"async\" src=\"https:\/\/versautrechose.fr\/portofolio\/wp-content\/uploads\/2024\/02\/1964-Ordesa-le-Parador-400x400.jpg\" width=\"400\" height=\"400\" alt=\"1964  ...le Parador \u00e0 Ordesa, Espagne \" srcset=\"https:\/\/versautrechose.fr\/portofolio\/wp-content\/uploads\/2024\/02\/1964-Ordesa-le-Parador-400x400.jpg 400w, https:\/\/versautrechose.fr\/portofolio\/wp-content\/uploads\/2024\/02\/1964-Ordesa-le-Parador-150x150.jpg 150w\" sizes=\"auto, (max-width: 400px) 100vw, 400px\" class=\"light-dropshaddow\"\/><\/a><\/div><\/div><div class=\"tcol-lg-4 tcol-md-4 tcol-sm-4 tcol-xs-6 tcol-ss-12 g_item\"><div class=\"grid_item kad_gallery_fade_in gallery_item\"><a href=\"https:\/\/versautrechose.fr\/portofolio\/wp-content\/uploads\/2024\/02\/1964-Ordesa-2.jpg\" data-rel=\"lightbox\" class=\"lightboxhover\"><img loading=\"lazy\" decoding=\"async\" src=\"https:\/\/versautrechose.fr\/portofolio\/wp-content\/uploads\/2024\/02\/1964-Ordesa-2-400x400.jpg\" width=\"400\" height=\"400\" alt=\"1964 \u00ab\u00a0Mum\u00a0\u00bb dans le Parc national d&#039;Ordesa, Espagne\" srcset=\"https:\/\/versautrechose.fr\/portofolio\/wp-content\/uploads\/2024\/02\/1964-Ordesa-2-400x400.jpg 400w, https:\/\/versautrechose.fr\/portofolio\/wp-content\/uploads\/2024\/02\/1964-Ordesa-2-150x150.jpg 150w\" sizes=\"auto, (max-width: 400px) 100vw, 400px\" class=\"light-dropshaddow\"\/><\/a><\/div><\/div><div class=\"tcol-lg-4 tcol-md-4 tcol-sm-4 tcol-xs-6 tcol-ss-12 g_item\"><div class=\"grid_item kad_gallery_fade_in gallery_item\"><a href=\"https:\/\/versautrechose.fr\/portofolio\/wp-content\/uploads\/2024\/02\/1964-Cirque-de-Soaso-Mt-Perdu.jpg\" data-rel=\"lightbox\" class=\"lightboxhover\"><img loading=\"lazy\" decoding=\"async\" src=\"https:\/\/versautrechose.fr\/portofolio\/wp-content\/uploads\/2024\/02\/1964-Cirque-de-Soaso-Mt-Perdu-400x400.jpg\" width=\"400\" height=\"400\" alt=\"1964 Cirque de Soaso, Parc national d&#039;Ordesa et de Mt Perdu, Espagne\" srcset=\"https:\/\/versautrechose.fr\/portofolio\/wp-content\/uploads\/2024\/02\/1964-Cirque-de-Soaso-Mt-Perdu-400x400.jpg 400w, https:\/\/versautrechose.fr\/portofolio\/wp-content\/uploads\/2024\/02\/1964-Cirque-de-Soaso-Mt-Perdu-150x150.jpg 150w\" sizes=\"auto, (max-width: 400px) 100vw, 400px\" class=\"light-dropshaddow\"\/><\/a><\/div><\/div><div class=\"tcol-lg-4 tcol-md-4 tcol-sm-4 tcol-xs-6 tcol-ss-12 g_item\"><div class=\"grid_item kad_gallery_fade_in gallery_item\"><a href=\"https:\/\/versautrechose.fr\/portofolio\/wp-content\/uploads\/2024\/02\/1964-Ordesa-cascades.jpg\" data-rel=\"lightbox\" class=\"lightboxhover\"><img loading=\"lazy\" decoding=\"async\" src=\"https:\/\/versautrechose.fr\/portofolio\/wp-content\/uploads\/2024\/02\/1964-Ordesa-cascades-400x400.jpg\" width=\"400\" height=\"400\" alt=\"1964 cascades, Parc national d&#039;Ordesa\" srcset=\"https:\/\/versautrechose.fr\/portofolio\/wp-content\/uploads\/2024\/02\/1964-Ordesa-cascades-400x400.jpg 400w, https:\/\/versautrechose.fr\/portofolio\/wp-content\/uploads\/2024\/02\/1964-Ordesa-cascades-150x150.jpg 150w\" sizes=\"auto, (max-width: 400px) 100vw, 400px\" class=\"light-dropshaddow\"\/><\/a><\/div><\/div><div class=\"tcol-lg-4 tcol-md-4 tcol-sm-4 tcol-xs-6 tcol-ss-12 g_item\"><div class=\"grid_item kad_gallery_fade_in gallery_item\"><a href=\"https:\/\/versautrechose.fr\/portofolio\/wp-content\/uploads\/2024\/02\/1964-Ordesa-3.jpg\" data-rel=\"lightbox\" class=\"lightboxhover\"><img loading=\"lazy\" decoding=\"async\" src=\"https:\/\/versautrechose.fr\/portofolio\/wp-content\/uploads\/2024\/02\/1964-Ordesa-3-400x400.jpg\" width=\"400\" height=\"400\" alt=\"1964 cascade, Parc national d&#039;Ordesa\" srcset=\"https:\/\/versautrechose.fr\/portofolio\/wp-content\/uploads\/2024\/02\/1964-Ordesa-3-400x400.jpg 400w, https:\/\/versautrechose.fr\/portofolio\/wp-content\/uploads\/2024\/02\/1964-Ordesa-3-150x150.jpg 150w\" sizes=\"auto, (max-width: 400px) 100vw, 400px\" class=\"light-dropshaddow\"\/><\/a><\/div><\/div><div class=\"tcol-lg-4 tcol-md-4 tcol-sm-4 tcol-xs-6 tcol-ss-12 g_item\"><div class=\"grid_item kad_gallery_fade_in gallery_item\"><a href=\"https:\/\/versautrechose.fr\/portofolio\/wp-content\/uploads\/2024\/02\/1964-Ordesa-cascade.jpg\" data-rel=\"lightbox\" class=\"lightboxhover\"><img loading=\"lazy\" decoding=\"async\" src=\"https:\/\/versautrechose.fr\/portofolio\/wp-content\/uploads\/2024\/02\/1964-Ordesa-cascade-400x400.jpg\" width=\"400\" height=\"400\" alt=\"1964 cascade, Parc national d&#039;Ordesa\" srcset=\"https:\/\/versautrechose.fr\/portofolio\/wp-content\/uploads\/2024\/02\/1964-Ordesa-cascade-400x400.jpg 400w, https:\/\/versautrechose.fr\/portofolio\/wp-content\/uploads\/2024\/02\/1964-Ordesa-cascade-150x150.jpg 150w\" sizes=\"auto, (max-width: 400px) 100vw, 400px\" class=\"light-dropshaddow\"\/><\/a><\/div><\/div><div class=\"tcol-lg-4 tcol-md-4 tcol-sm-4 tcol-xs-6 tcol-ss-12 g_item\"><div class=\"grid_item kad_gallery_fade_in gallery_item\"><a href=\"https:\/\/versautrechose.fr\/portofolio\/wp-content\/uploads\/2024\/02\/1964-Ordesa.jpg\" data-rel=\"lightbox\" class=\"lightboxhover\"><img loading=\"lazy\" decoding=\"async\" src=\"https:\/\/versautrechose.fr\/portofolio\/wp-content\/uploads\/2024\/02\/1964-Ordesa-400x400.jpg\" width=\"400\" height=\"400\" alt=\"1964 dans le Parc national d&#039;Ordesa\" srcset=\"https:\/\/versautrechose.fr\/portofolio\/wp-content\/uploads\/2024\/02\/1964-Ordesa-400x400.jpg 400w, https:\/\/versautrechose.fr\/portofolio\/wp-content\/uploads\/2024\/02\/1964-Ordesa-150x150.jpg 150w\" sizes=\"auto, (max-width: 400px) 100vw, 400px\" class=\"light-dropshaddow\"\/><\/a><\/div><\/div><div class=\"tcol-lg-4 tcol-md-4 tcol-sm-4 tcol-xs-6 tcol-ss-12 g_item\"><div class=\"grid_item kad_gallery_fade_in gallery_item\"><a href=\"https:\/\/versautrechose.fr\/portofolio\/wp-content\/uploads\/2024\/02\/1964-St-Bertr.-Comminges.jpg\" data-rel=\"lightbox\" class=\"lightboxhover\"><img loading=\"lazy\" decoding=\"async\" src=\"https:\/\/versautrechose.fr\/portofolio\/wp-content\/uploads\/2024\/02\/1964-St-Bertr.-Comminges-400x400.jpg\" width=\"400\" height=\"400\" alt=\"1964 \u00ab\u00a0Mum\u00a0\u00bb en juillet \u00e0 Saint-Bertrand-de-Comminges, en Haute-Garonne\" srcset=\"https:\/\/versautrechose.fr\/portofolio\/wp-content\/uploads\/2024\/02\/1964-St-Bertr.-Comminges-400x400.jpg 400w, https:\/\/versautrechose.fr\/portofolio\/wp-content\/uploads\/2024\/02\/1964-St-Bertr.-Comminges-150x150.jpg 150w\" sizes=\"auto, (max-width: 400px) 100vw, 400px\" class=\"light-dropshaddow\"\/><\/a><\/div><\/div><div class=\"tcol-lg-4 tcol-md-4 tcol-sm-4 tcol-xs-6 tcol-ss-12 g_item\"><div class=\"grid_item kad_gallery_fade_in gallery_item\"><a href=\"https:\/\/versautrechose.fr\/portofolio\/wp-content\/uploads\/2024\/02\/1964-Venise-2.jpg\" data-rel=\"lightbox\" class=\"lightboxhover\"><img loading=\"lazy\" decoding=\"async\" src=\"https:\/\/versautrechose.fr\/portofolio\/wp-content\/uploads\/2024\/02\/1964-Venise-2-400x400.jpg\" width=\"400\" height=\"400\" alt=\"1964 Venise, le Palais des Doges\" srcset=\"https:\/\/versautrechose.fr\/portofolio\/wp-content\/uploads\/2024\/02\/1964-Venise-2-400x400.jpg 400w, https:\/\/versautrechose.fr\/portofolio\/wp-content\/uploads\/2024\/02\/1964-Venise-2-150x150.jpg 150w\" sizes=\"auto, (max-width: 400px) 100vw, 400px\" class=\"light-dropshaddow\"\/><\/a><\/div><\/div><div class=\"tcol-lg-4 tcol-md-4 tcol-sm-4 tcol-xs-6 tcol-ss-12 g_item\"><div class=\"grid_item kad_gallery_fade_in gallery_item\"><a href=\"https:\/\/versautrechose.fr\/portofolio\/wp-content\/uploads\/2024\/02\/1964-Venise-2-1.jpg\" data-rel=\"lightbox\" class=\"lightboxhover\"><img loading=\"lazy\" decoding=\"async\" src=\"https:\/\/versautrechose.fr\/portofolio\/wp-content\/uploads\/2024\/02\/1964-Venise-2-1-400x400.jpg\" width=\"400\" height=\"400\" alt=\"1964 \u00e0 Venise, l&#039;entr\u00e9e de l&#039;h\u00f4tel\" srcset=\"https:\/\/versautrechose.fr\/portofolio\/wp-content\/uploads\/2024\/02\/1964-Venise-2-1-400x400.jpg 400w, https:\/\/versautrechose.fr\/portofolio\/wp-content\/uploads\/2024\/02\/1964-Venise-2-1-150x150.jpg 150w\" sizes=\"auto, (max-width: 400px) 100vw, 400px\" class=\"light-dropshaddow\"\/><\/a><\/div><\/div><div class=\"tcol-lg-4 tcol-md-4 tcol-sm-4 tcol-xs-6 tcol-ss-12 g_item\"><div class=\"grid_item kad_gallery_fade_in gallery_item\"><a href=\"https:\/\/versautrechose.fr\/portofolio\/wp-content\/uploads\/2024\/02\/1964-Venise.jpg\" data-rel=\"lightbox\" class=\"lightboxhover\"><img loading=\"lazy\" decoding=\"async\" src=\"https:\/\/versautrechose.fr\/portofolio\/wp-content\/uploads\/2024\/02\/1964-Venise-400x400.jpg\" width=\"400\" height=\"400\" alt=\"1964 \u00ab\u00a0Mum\u00a0\u00bb \u00e0 Venise\" srcset=\"https:\/\/versautrechose.fr\/portofolio\/wp-content\/uploads\/2024\/02\/1964-Venise-400x400.jpg 400w, https:\/\/versautrechose.fr\/portofolio\/wp-content\/uploads\/2024\/02\/1964-Venise-150x150.jpg 150w\" sizes=\"auto, (max-width: 400px) 100vw, 400px\" class=\"light-dropshaddow\"\/><\/a><\/div><\/div><div class=\"tcol-lg-4 tcol-md-4 tcol-sm-4 tcol-xs-6 tcol-ss-12 g_item\"><div class=\"grid_item kad_gallery_fade_in gallery_item\"><a href=\"https:\/\/versautrechose.fr\/portofolio\/wp-content\/uploads\/2024\/02\/1964-Venise-en-fete.jpg\" data-rel=\"lightbox\" class=\"lightboxhover\"><img loading=\"lazy\" decoding=\"async\" src=\"https:\/\/versautrechose.fr\/portofolio\/wp-content\/uploads\/2024\/02\/1964-Venise-en-fete-400x400.jpg\" width=\"400\" height=\"400\" alt=\"1964 Venise en f\u00eate...\" srcset=\"https:\/\/versautrechose.fr\/portofolio\/wp-content\/uploads\/2024\/02\/1964-Venise-en-fete-400x400.jpg 400w, https:\/\/versautrechose.fr\/portofolio\/wp-content\/uploads\/2024\/02\/1964-Venise-en-fete-150x150.jpg 150w\" sizes=\"auto, (max-width: 400px) 100vw, 400px\" class=\"light-dropshaddow\"\/><\/a><\/div><\/div><div class=\"tcol-lg-4 tcol-md-4 tcol-sm-4 tcol-xs-6 tcol-ss-12 g_item\"><div class=\"grid_item kad_gallery_fade_in gallery_item\"><a href=\"https:\/\/versautrechose.fr\/portofolio\/wp-content\/uploads\/2024\/02\/1964-Venise-Gd-Canal.jpg\" data-rel=\"lightbox\" class=\"lightboxhover\"><img loading=\"lazy\" decoding=\"async\" src=\"https:\/\/versautrechose.fr\/portofolio\/wp-content\/uploads\/2024\/02\/1964-Venise-Gd-Canal-400x400.jpg\" width=\"400\" height=\"400\" alt=\"1964 Venise, vue sur le &quot;Cana\u0142asso&quot; (le Grand Canal)\" srcset=\"https:\/\/versautrechose.fr\/portofolio\/wp-content\/uploads\/2024\/02\/1964-Venise-Gd-Canal-400x400.jpg 400w, https:\/\/versautrechose.fr\/portofolio\/wp-content\/uploads\/2024\/02\/1964-Venise-Gd-Canal-150x150.jpg 150w\" sizes=\"auto, (max-width: 400px) 100vw, 400px\" class=\"light-dropshaddow\"\/><\/a><\/div><\/div><div class=\"tcol-lg-4 tcol-md-4 tcol-sm-4 tcol-xs-6 tcol-ss-12 g_item\"><div class=\"grid_item kad_gallery_fade_in gallery_item\"><a href=\"https:\/\/versautrechose.fr\/portofolio\/wp-content\/uploads\/2024\/02\/1964-Venise-St-Giorgo.jpg\" data-rel=\"lightbox\" class=\"lightboxhover\"><img loading=\"lazy\" decoding=\"async\" src=\"https:\/\/versautrechose.fr\/portofolio\/wp-content\/uploads\/2024\/02\/1964-Venise-St-Giorgo-400x400.jpg\" width=\"400\" height=\"400\" alt=\"1964 Venise, l\u2019\u00eele de San Giorgio Maggiore\" srcset=\"https:\/\/versautrechose.fr\/portofolio\/wp-content\/uploads\/2024\/02\/1964-Venise-St-Giorgo-400x400.jpg 400w, https:\/\/versautrechose.fr\/portofolio\/wp-content\/uploads\/2024\/02\/1964-Venise-St-Giorgo-150x150.jpg 150w\" sizes=\"auto, (max-width: 400px) 100vw, 400px\" class=\"light-dropshaddow\"\/><\/a><\/div><\/div><div class=\"tcol-lg-4 tcol-md-4 tcol-sm-4 tcol-xs-6 tcol-ss-12 g_item\"><div class=\"grid_item kad_gallery_fade_in gallery_item\"><a href=\"https:\/\/versautrechose.fr\/portofolio\/wp-content\/uploads\/2024\/02\/1965-La-Bouscarasse-Les-Saugnes.jpg\" data-rel=\"lightbox\" class=\"lightboxhover\"><img loading=\"lazy\" decoding=\"async\" src=\"https:\/\/versautrechose.fr\/portofolio\/wp-content\/uploads\/2024\/02\/1965-La-Bouscarasse-Les-Saugnes-400x400.jpg\" width=\"400\" height=\"400\" alt=\"1965 Les Saugnes et le Montvaillant, au-dessus de La Bouscarasse en C\u00e9vennes\" srcset=\"https:\/\/versautrechose.fr\/portofolio\/wp-content\/uploads\/2024\/02\/1965-La-Bouscarasse-Les-Saugnes-400x400.jpg 400w, https:\/\/versautrechose.fr\/portofolio\/wp-content\/uploads\/2024\/02\/1965-La-Bouscarasse-Les-Saugnes-150x150.jpg 150w\" sizes=\"auto, (max-width: 400px) 100vw, 400px\" class=\"light-dropshaddow\"\/><\/a><\/div><\/div><div class=\"tcol-lg-4 tcol-md-4 tcol-sm-4 tcol-xs-6 tcol-ss-12 g_item\"><div class=\"grid_item kad_gallery_fade_in gallery_item\"><a href=\"https:\/\/versautrechose.fr\/portofolio\/wp-content\/uploads\/2024\/02\/1965-Cevennes-Mum.jpg\" data-rel=\"lightbox\" class=\"lightboxhover\"><img loading=\"lazy\" decoding=\"async\" src=\"https:\/\/versautrechose.fr\/portofolio\/wp-content\/uploads\/2024\/02\/1965-Cevennes-Mum-400x400.jpg\" width=\"400\" height=\"400\" alt=\"1965 \u00ab\u00a0Mum\u00a0\u00bb dans les gen\u00eats en C\u00e9vennes au printemps\" srcset=\"https:\/\/versautrechose.fr\/portofolio\/wp-content\/uploads\/2024\/02\/1965-Cevennes-Mum-400x400.jpg 400w, https:\/\/versautrechose.fr\/portofolio\/wp-content\/uploads\/2024\/02\/1965-Cevennes-Mum-150x150.jpg 150w\" sizes=\"auto, (max-width: 400px) 100vw, 400px\" class=\"light-dropshaddow\"\/><\/a><\/div><\/div><div class=\"tcol-lg-4 tcol-md-4 tcol-sm-4 tcol-xs-6 tcol-ss-12 g_item\"><div class=\"grid_item kad_gallery_fade_in gallery_item\"><a href=\"https:\/\/versautrechose.fr\/portofolio\/wp-content\/uploads\/2024\/02\/1965-La-Bouscarasse-chemin-des-Aires.jpg\" data-rel=\"lightbox\" class=\"lightboxhover\"><img loading=\"lazy\" decoding=\"async\" src=\"https:\/\/versautrechose.fr\/portofolio\/wp-content\/uploads\/2024\/02\/1965-La-Bouscarasse-chemin-des-Aires-400x400.jpg\" width=\"400\" height=\"400\" alt=\" 1965 , et &quot;le chemin des Aires&quot; au printemps \" srcset=\"https:\/\/versautrechose.fr\/portofolio\/wp-content\/uploads\/2024\/02\/1965-La-Bouscarasse-chemin-des-Aires-400x400.jpg 400w, https:\/\/versautrechose.fr\/portofolio\/wp-content\/uploads\/2024\/02\/1965-La-Bouscarasse-chemin-des-Aires-150x150.jpg 150w\" sizes=\"auto, (max-width: 400px) 100vw, 400px\" class=\"light-dropshaddow\"\/><\/a><\/div><\/div><div class=\"tcol-lg-4 tcol-md-4 tcol-sm-4 tcol-xs-6 tcol-ss-12 g_item\"><div class=\"grid_item kad_gallery_fade_in gallery_item\"><a href=\"https:\/\/versautrechose.fr\/portofolio\/wp-content\/uploads\/2024\/02\/1965-Bouscarasse.jpg\" data-rel=\"lightbox\" class=\"lightboxhover\"><img loading=\"lazy\" decoding=\"async\" src=\"https:\/\/versautrechose.fr\/portofolio\/wp-content\/uploads\/2024\/02\/1965-Bouscarasse-400x400.jpg\" width=\"400\" height=\"400\" alt=\"1965 \u00ab\u00a0Mum\u00a0\u00bb \u00e0 la Bouscarasse ...\" srcset=\"https:\/\/versautrechose.fr\/portofolio\/wp-content\/uploads\/2024\/02\/1965-Bouscarasse-400x400.jpg 400w, https:\/\/versautrechose.fr\/portofolio\/wp-content\/uploads\/2024\/02\/1965-Bouscarasse-150x150.jpg 150w\" sizes=\"auto, (max-width: 400px) 100vw, 400px\" class=\"light-dropshaddow\"\/><\/a><\/div><\/div><div class=\"tcol-lg-4 tcol-md-4 tcol-sm-4 tcol-xs-6 tcol-ss-12 g_item\"><div class=\"grid_item kad_gallery_fade_in gallery_item\"><a href=\"https:\/\/versautrechose.fr\/portofolio\/wp-content\/uploads\/2024\/02\/1965-Odile-la-Bouscarasse.jpg\" data-rel=\"lightbox\" class=\"lightboxhover\"><img loading=\"lazy\" decoding=\"async\" src=\"https:\/\/versautrechose.fr\/portofolio\/wp-content\/uploads\/2024\/02\/1965-Odile-la-Bouscarasse-400x400.jpg\" width=\"400\" height=\"400\" alt=\"1965 - ...ma s\u0153ur a\u00een\u00e9e, la Bouscarasse\" srcset=\"https:\/\/versautrechose.fr\/portofolio\/wp-content\/uploads\/2024\/02\/1965-Odile-la-Bouscarasse-400x400.jpg 400w, https:\/\/versautrechose.fr\/portofolio\/wp-content\/uploads\/2024\/02\/1965-Odile-la-Bouscarasse-150x150.jpg 150w\" sizes=\"auto, (max-width: 400px) 100vw, 400px\" class=\"light-dropshaddow\"\/><\/a><\/div><\/div><div class=\"tcol-lg-4 tcol-md-4 tcol-sm-4 tcol-xs-6 tcol-ss-12 g_item\"><div class=\"grid_item kad_gallery_fade_in gallery_item\"><a href=\"https:\/\/versautrechose.fr\/portofolio\/wp-content\/uploads\/2024\/02\/1965-La-Bouscarasse.jpg\" data-rel=\"lightbox\" class=\"lightboxhover\"><img loading=\"lazy\" decoding=\"async\" src=\"https:\/\/versautrechose.fr\/portofolio\/wp-content\/uploads\/2024\/02\/1965-La-Bouscarasse-400x400.jpg\" width=\"400\" height=\"400\" alt=\"1965 - La Bouscarasse d\u00e9but du printemps  au lieu dit &quot;du M\u00fbrier&quot; en matin\u00e9e\" srcset=\"https:\/\/versautrechose.fr\/portofolio\/wp-content\/uploads\/2024\/02\/1965-La-Bouscarasse-400x400.jpg 400w, https:\/\/versautrechose.fr\/portofolio\/wp-content\/uploads\/2024\/02\/1965-La-Bouscarasse-150x150.jpg 150w\" sizes=\"auto, (max-width: 400px) 100vw, 400px\" class=\"light-dropshaddow\"\/><\/a><\/div><\/div><div class=\"tcol-lg-4 tcol-md-4 tcol-sm-4 tcol-xs-6 tcol-ss-12 g_item\"><div class=\"grid_item kad_gallery_fade_in gallery_item\"><a href=\"https:\/\/versautrechose.fr\/portofolio\/wp-content\/uploads\/2024\/02\/1965-St-Marie-de-la-Mer-embouchure-du-Petit-Rhone.jpg\" data-rel=\"lightbox\" class=\"lightboxhover\"><img loading=\"lazy\" decoding=\"async\" src=\"https:\/\/versautrechose.fr\/portofolio\/wp-content\/uploads\/2024\/02\/1965-St-Marie-de-la-Mer-embouchure-du-Petit-Rhone-400x400.jpg\" width=\"400\" height=\"400\" alt=\"1965 -  ...vers l&#039;embouchure du Petit-Rh\u00f4ne - Les Saintes-Maries-de-la-Mer\" srcset=\"https:\/\/versautrechose.fr\/portofolio\/wp-content\/uploads\/2024\/02\/1965-St-Marie-de-la-Mer-embouchure-du-Petit-Rhone-400x400.jpg 400w, https:\/\/versautrechose.fr\/portofolio\/wp-content\/uploads\/2024\/02\/1965-St-Marie-de-la-Mer-embouchure-du-Petit-Rhone-150x150.jpg 150w\" sizes=\"auto, (max-width: 400px) 100vw, 400px\" class=\"light-dropshaddow\"\/><\/a><\/div><\/div><div class=\"tcol-lg-4 tcol-md-4 tcol-sm-4 tcol-xs-6 tcol-ss-12 g_item\"><div class=\"grid_item kad_gallery_fade_in gallery_item\"><a href=\"https:\/\/versautrechose.fr\/portofolio\/wp-content\/uploads\/2024\/02\/1965-Rapallo-Italie.jpg\" data-rel=\"lightbox\" class=\"lightboxhover\"><img loading=\"lazy\" decoding=\"async\" src=\"https:\/\/versautrechose.fr\/portofolio\/wp-content\/uploads\/2024\/02\/1965-Rapallo-Italie-400x400.jpg\" width=\"400\" height=\"400\" alt=\"1965 - \u00ab\u00a0Mum\u00a0\u00bb \u00e0 Rapallo en Ligurie - Italie\" srcset=\"https:\/\/versautrechose.fr\/portofolio\/wp-content\/uploads\/2024\/02\/1965-Rapallo-Italie-400x400.jpg 400w, https:\/\/versautrechose.fr\/portofolio\/wp-content\/uploads\/2024\/02\/1965-Rapallo-Italie-150x150.jpg 150w\" sizes=\"auto, (max-width: 400px) 100vw, 400px\" class=\"light-dropshaddow\"\/><\/a><\/div><\/div><div class=\"tcol-lg-4 tcol-md-4 tcol-sm-4 tcol-xs-6 tcol-ss-12 g_item\"><div class=\"grid_item kad_gallery_fade_in gallery_item\"><a href=\"https:\/\/versautrechose.fr\/portofolio\/wp-content\/uploads\/2024\/02\/1966-Calpe-province-dAlicante-Espagne-Copie.jpg\" data-rel=\"lightbox\" class=\"lightboxhover\"><img loading=\"lazy\" decoding=\"async\" src=\"https:\/\/versautrechose.fr\/portofolio\/wp-content\/uploads\/2024\/02\/1966-Calpe-province-dAlicante-Espagne-Copie-400x400.jpg\" width=\"400\" height=\"400\" alt=\"1966 Calpe - province d&#039;Alicante, Espagne\" srcset=\"https:\/\/versautrechose.fr\/portofolio\/wp-content\/uploads\/2024\/02\/1966-Calpe-province-dAlicante-Espagne-Copie-400x400.jpg 400w, https:\/\/versautrechose.fr\/portofolio\/wp-content\/uploads\/2024\/02\/1966-Calpe-province-dAlicante-Espagne-Copie-150x150.jpg 150w\" sizes=\"auto, (max-width: 400px) 100vw, 400px\" class=\"light-dropshaddow\"\/><\/a><\/div><\/div><div class=\"tcol-lg-4 tcol-md-4 tcol-sm-4 tcol-xs-6 tcol-ss-12 g_item\"><div class=\"grid_item kad_gallery_fade_in gallery_item\"><a href=\"https:\/\/versautrechose.fr\/portofolio\/wp-content\/uploads\/2024\/02\/1966-Portovenere-Ligurie-Italie-Copie.jpg\" data-rel=\"lightbox\" class=\"lightboxhover\"><img loading=\"lazy\" decoding=\"async\" src=\"https:\/\/versautrechose.fr\/portofolio\/wp-content\/uploads\/2024\/02\/1966-Portovenere-Ligurie-Italie-Copie-400x400.jpg\" width=\"400\" height=\"400\" alt=\"1966 - Portovenere, Ligurie, Italie\" srcset=\"https:\/\/versautrechose.fr\/portofolio\/wp-content\/uploads\/2024\/02\/1966-Portovenere-Ligurie-Italie-Copie-400x400.jpg 400w, https:\/\/versautrechose.fr\/portofolio\/wp-content\/uploads\/2024\/02\/1966-Portovenere-Ligurie-Italie-Copie-150x150.jpg 150w\" sizes=\"auto, (max-width: 400px) 100vw, 400px\" class=\"light-dropshaddow\"\/><\/a><\/div><\/div><div class=\"tcol-lg-4 tcol-md-4 tcol-sm-4 tcol-xs-6 tcol-ss-12 g_item\"><div class=\"grid_item kad_gallery_fade_in gallery_item\"><a href=\"https:\/\/versautrechose.fr\/portofolio\/wp-content\/uploads\/2024\/02\/1966-Florence-Copie.jpg\" data-rel=\"lightbox\" class=\"lightboxhover\"><img loading=\"lazy\" decoding=\"async\" src=\"https:\/\/versautrechose.fr\/portofolio\/wp-content\/uploads\/2024\/02\/1966-Florence-Copie-400x400.jpg\" width=\"400\" height=\"400\" alt=\"1966 - \u00ab\u00a0Mum\u00a0\u00bb \u00e0 Florence\" srcset=\"https:\/\/versautrechose.fr\/portofolio\/wp-content\/uploads\/2024\/02\/1966-Florence-Copie-400x400.jpg 400w, https:\/\/versautrechose.fr\/portofolio\/wp-content\/uploads\/2024\/02\/1966-Florence-Copie-150x150.jpg 150w\" sizes=\"auto, (max-width: 400px) 100vw, 400px\" class=\"light-dropshaddow\"\/><\/a><\/div><\/div><div class=\"tcol-lg-4 tcol-md-4 tcol-sm-4 tcol-xs-6 tcol-ss-12 g_item\"><div class=\"grid_item kad_gallery_fade_in gallery_item\"><a href=\"https:\/\/versautrechose.fr\/portofolio\/wp-content\/uploads\/2024\/02\/1966-Florence-Ponte-Vecchio-Copie.jpg\" data-rel=\"lightbox\" class=\"lightboxhover\"><img loading=\"lazy\" decoding=\"async\" src=\"https:\/\/versautrechose.fr\/portofolio\/wp-content\/uploads\/2024\/02\/1966-Florence-Ponte-Vecchio-Copie-400x400.jpg\" width=\"400\" height=\"400\" alt=\"1966 - Florence Ponte Vecchio\" srcset=\"https:\/\/versautrechose.fr\/portofolio\/wp-content\/uploads\/2024\/02\/1966-Florence-Ponte-Vecchio-Copie-400x400.jpg 400w, https:\/\/versautrechose.fr\/portofolio\/wp-content\/uploads\/2024\/02\/1966-Florence-Ponte-Vecchio-Copie-150x150.jpg 150w\" sizes=\"auto, (max-width: 400px) 100vw, 400px\" class=\"light-dropshaddow\"\/><\/a><\/div><\/div><div class=\"tcol-lg-4 tcol-md-4 tcol-sm-4 tcol-xs-6 tcol-ss-12 g_item\"><div class=\"grid_item kad_gallery_fade_in gallery_item\"><a href=\"https:\/\/versautrechose.fr\/portofolio\/wp-content\/uploads\/2024\/02\/1966-Florence-Ponte-Vecchio-Copie-1.jpg\" data-rel=\"lightbox\" class=\"lightboxhover\"><img loading=\"lazy\" decoding=\"async\" src=\"https:\/\/versautrechose.fr\/portofolio\/wp-content\/uploads\/2024\/02\/1966-Florence-Ponte-Vecchio-Copie-1-400x400.jpg\" width=\"400\" height=\"400\" alt=\"1966 - Florence Ponte Vecchio\" srcset=\"https:\/\/versautrechose.fr\/portofolio\/wp-content\/uploads\/2024\/02\/1966-Florence-Ponte-Vecchio-Copie-1-400x400.jpg 400w, https:\/\/versautrechose.fr\/portofolio\/wp-content\/uploads\/2024\/02\/1966-Florence-Ponte-Vecchio-Copie-1-150x150.jpg 150w\" sizes=\"auto, (max-width: 400px) 100vw, 400px\" class=\"light-dropshaddow\"\/><\/a><\/div><\/div><div class=\"tcol-lg-4 tcol-md-4 tcol-sm-4 tcol-xs-6 tcol-ss-12 g_item\"><div class=\"grid_item kad_gallery_fade_in gallery_item\"><a href=\"https:\/\/versautrechose.fr\/portofolio\/wp-content\/uploads\/2024\/02\/1966-Florence-Ponte-Vecchio-Copie-2.jpg\" data-rel=\"lightbox\" class=\"lightboxhover\"><img loading=\"lazy\" decoding=\"async\" src=\"https:\/\/versautrechose.fr\/portofolio\/wp-content\/uploads\/2024\/02\/1966-Florence-Ponte-Vecchio-Copie-2-400x400.jpg\" width=\"400\" height=\"400\" alt=\"1966 - Florence Ponte Vecchio\" srcset=\"https:\/\/versautrechose.fr\/portofolio\/wp-content\/uploads\/2024\/02\/1966-Florence-Ponte-Vecchio-Copie-2-400x400.jpg 400w, https:\/\/versautrechose.fr\/portofolio\/wp-content\/uploads\/2024\/02\/1966-Florence-Ponte-Vecchio-Copie-2-150x150.jpg 150w\" sizes=\"auto, (max-width: 400px) 100vw, 400px\" class=\"light-dropshaddow\"\/><\/a><\/div><\/div><div class=\"tcol-lg-4 tcol-md-4 tcol-sm-4 tcol-xs-6 tcol-ss-12 g_item\"><div class=\"grid_item kad_gallery_fade_in gallery_item\"><a href=\"https:\/\/versautrechose.fr\/portofolio\/wp-content\/uploads\/2024\/02\/1966-Florence-Cloitre-St-Lorenzo-Copie.jpg\" data-rel=\"lightbox\" class=\"lightboxhover\"><img loading=\"lazy\" decoding=\"async\" src=\"https:\/\/versautrechose.fr\/portofolio\/wp-content\/uploads\/2024\/02\/1966-Florence-Cloitre-St-Lorenzo-Copie-400x400.jpg\" width=\"400\" height=\"400\" alt=\"1966 - Florence, le Clo\u00eetre de St Lorenzo\" srcset=\"https:\/\/versautrechose.fr\/portofolio\/wp-content\/uploads\/2024\/02\/1966-Florence-Cloitre-St-Lorenzo-Copie-400x400.jpg 400w, https:\/\/versautrechose.fr\/portofolio\/wp-content\/uploads\/2024\/02\/1966-Florence-Cloitre-St-Lorenzo-Copie-150x150.jpg 150w\" sizes=\"auto, (max-width: 400px) 100vw, 400px\" class=\"light-dropshaddow\"\/><\/a><\/div><\/div><div class=\"tcol-lg-4 tcol-md-4 tcol-sm-4 tcol-xs-6 tcol-ss-12 g_item\"><div class=\"grid_item kad_gallery_fade_in gallery_item\"><a href=\"https:\/\/versautrechose.fr\/portofolio\/wp-content\/uploads\/2024\/02\/1966-Assise-place-St-Francois-Copie.jpg\" data-rel=\"lightbox\" class=\"lightboxhover\"><img loading=\"lazy\" decoding=\"async\" src=\"https:\/\/versautrechose.fr\/portofolio\/wp-content\/uploads\/2024\/02\/1966-Assise-place-St-Francois-Copie-400x400.jpg\" width=\"400\" height=\"400\" alt=\"1966 - \u00e0 Assise, la Place St Fran\u00e7ois\" srcset=\"https:\/\/versautrechose.fr\/portofolio\/wp-content\/uploads\/2024\/02\/1966-Assise-place-St-Francois-Copie-400x400.jpg 400w, https:\/\/versautrechose.fr\/portofolio\/wp-content\/uploads\/2024\/02\/1966-Assise-place-St-Francois-Copie-150x150.jpg 150w\" sizes=\"auto, (max-width: 400px) 100vw, 400px\" class=\"light-dropshaddow\"\/><\/a><\/div><\/div><div class=\"tcol-lg-4 tcol-md-4 tcol-sm-4 tcol-xs-6 tcol-ss-12 g_item\"><div class=\"grid_item kad_gallery_fade_in gallery_item\"><a href=\"https:\/\/versautrechose.fr\/portofolio\/wp-content\/uploads\/2024\/02\/1966-Col-de-la-Gemmi-Gemmipass-canton-du-Valais-Suisse-Copie.jpg\" data-rel=\"lightbox\" class=\"lightboxhover\"><img loading=\"lazy\" decoding=\"async\" src=\"https:\/\/versautrechose.fr\/portofolio\/wp-content\/uploads\/2024\/02\/1966-Col-de-la-Gemmi-Gemmipass-canton-du-Valais-Suisse-Copie-400x400.jpg\" width=\"400\" height=\"400\" alt=\"1966 - Col de la Gemmi (Gemmipass - canton du Valais)\" srcset=\"https:\/\/versautrechose.fr\/portofolio\/wp-content\/uploads\/2024\/02\/1966-Col-de-la-Gemmi-Gemmipass-canton-du-Valais-Suisse-Copie-400x400.jpg 400w, https:\/\/versautrechose.fr\/portofolio\/wp-content\/uploads\/2024\/02\/1966-Col-de-la-Gemmi-Gemmipass-canton-du-Valais-Suisse-Copie-150x150.jpg 150w\" sizes=\"auto, (max-width: 400px) 100vw, 400px\" class=\"light-dropshaddow\"\/><\/a><\/div><\/div><div class=\"tcol-lg-4 tcol-md-4 tcol-sm-4 tcol-xs-6 tcol-ss-12 g_item\"><div class=\"grid_item kad_gallery_fade_in gallery_item\"><a href=\"https:\/\/versautrechose.fr\/portofolio\/wp-content\/uploads\/2024\/02\/1966-Grimselpass-Suisse-Copie.jpg\" data-rel=\"lightbox\" class=\"lightboxhover\"><img loading=\"lazy\" decoding=\"async\" src=\"https:\/\/versautrechose.fr\/portofolio\/wp-content\/uploads\/2024\/02\/1966-Grimselpass-Suisse-Copie-400x400.jpg\" width=\"400\" height=\"400\" alt=\"1966 - \u00ab\u00a0Mum\u00a0\u00bb \u00e0 Grimselpass Suisse\" srcset=\"https:\/\/versautrechose.fr\/portofolio\/wp-content\/uploads\/2024\/02\/1966-Grimselpass-Suisse-Copie-400x400.jpg 400w, https:\/\/versautrechose.fr\/portofolio\/wp-content\/uploads\/2024\/02\/1966-Grimselpass-Suisse-Copie-150x150.jpg 150w\" sizes=\"auto, (max-width: 400px) 100vw, 400px\" class=\"light-dropshaddow\"\/><\/a><\/div><\/div><div class=\"tcol-lg-4 tcol-md-4 tcol-sm-4 tcol-xs-6 tcol-ss-12 g_item\"><div class=\"grid_item kad_gallery_fade_in gallery_item\"><a href=\"https:\/\/versautrechose.fr\/portofolio\/wp-content\/uploads\/2024\/02\/1966-Glacier-du-Rhone-Copie.jpg\" data-rel=\"lightbox\" class=\"lightboxhover\"><img loading=\"lazy\" decoding=\"async\" src=\"https:\/\/versautrechose.fr\/portofolio\/wp-content\/uploads\/2024\/02\/1966-Glacier-du-Rhone-Copie-400x400.jpg\" width=\"400\" height=\"400\" alt=\"1966 Glacier du Rh\u00f4ne canton du Valais en Suisse\" srcset=\"https:\/\/versautrechose.fr\/portofolio\/wp-content\/uploads\/2024\/02\/1966-Glacier-du-Rhone-Copie-400x400.jpg 400w, https:\/\/versautrechose.fr\/portofolio\/wp-content\/uploads\/2024\/02\/1966-Glacier-du-Rhone-Copie-150x150.jpg 150w\" sizes=\"auto, (max-width: 400px) 100vw, 400px\" class=\"light-dropshaddow\"\/><\/a><\/div><\/div><div class=\"tcol-lg-4 tcol-md-4 tcol-sm-4 tcol-xs-6 tcol-ss-12 g_item\"><div class=\"grid_item kad_gallery_fade_in gallery_item\"><a href=\"https:\/\/versautrechose.fr\/portofolio\/wp-content\/uploads\/2024\/02\/1966-Interlaken-Suisse-Copie.jpg\" data-rel=\"lightbox\" class=\"lightboxhover\"><img loading=\"lazy\" decoding=\"async\" src=\"https:\/\/versautrechose.fr\/portofolio\/wp-content\/uploads\/2024\/02\/1966-Interlaken-Suisse-Copie-400x400.jpg\" width=\"400\" height=\"400\" alt=\"1966 ...\u00e0 Interlaken, en Suisse\" srcset=\"https:\/\/versautrechose.fr\/portofolio\/wp-content\/uploads\/2024\/02\/1966-Interlaken-Suisse-Copie-400x400.jpg 400w, https:\/\/versautrechose.fr\/portofolio\/wp-content\/uploads\/2024\/02\/1966-Interlaken-Suisse-Copie-150x150.jpg 150w\" sizes=\"auto, (max-width: 400px) 100vw, 400px\" class=\"light-dropshaddow\"\/><\/a><\/div><\/div><div class=\"tcol-lg-4 tcol-md-4 tcol-sm-4 tcol-xs-6 tcol-ss-12 g_item\"><div class=\"grid_item kad_gallery_fade_in gallery_item\"><a href=\"https:\/\/versautrechose.fr\/portofolio\/wp-content\/uploads\/2024\/02\/1966-Le-Mannlichen-Alpes-suisses-Berne-Copie.jpg\" data-rel=\"lightbox\" class=\"lightboxhover\"><img loading=\"lazy\" decoding=\"async\" src=\"https:\/\/versautrechose.fr\/portofolio\/wp-content\/uploads\/2024\/02\/1966-Le-Mannlichen-Alpes-suisses-Berne-Copie-400x400.jpg\" width=\"400\" height=\"400\" alt=\"1966 Le M\u00e4nnlichen, les Alpes Suisses - Berne\" srcset=\"https:\/\/versautrechose.fr\/portofolio\/wp-content\/uploads\/2024\/02\/1966-Le-Mannlichen-Alpes-suisses-Berne-Copie-400x400.jpg 400w, https:\/\/versautrechose.fr\/portofolio\/wp-content\/uploads\/2024\/02\/1966-Le-Mannlichen-Alpes-suisses-Berne-Copie-150x150.jpg 150w\" sizes=\"auto, (max-width: 400px) 100vw, 400px\" class=\"light-dropshaddow\"\/><\/a><\/div><\/div><div class=\"tcol-lg-4 tcol-md-4 tcol-sm-4 tcol-xs-6 tcol-ss-12 g_item\"><div class=\"grid_item kad_gallery_fade_in gallery_item\"><a href=\"https:\/\/versautrechose.fr\/portofolio\/wp-content\/uploads\/2024\/02\/1966-Suisse-Murren-Bern-Copie.jpg\" data-rel=\"lightbox\" class=\"lightboxhover\"><img loading=\"lazy\" decoding=\"async\" src=\"https:\/\/versautrechose.fr\/portofolio\/wp-content\/uploads\/2024\/02\/1966-Suisse-Murren-Bern-Copie-400x400.jpg\" width=\"400\" height=\"400\" alt=\"1966 M\u00fcrren et le Lauterbrunnental, Canton de Berne en Suisse\" srcset=\"https:\/\/versautrechose.fr\/portofolio\/wp-content\/uploads\/2024\/02\/1966-Suisse-Murren-Bern-Copie-400x400.jpg 400w, https:\/\/versautrechose.fr\/portofolio\/wp-content\/uploads\/2024\/02\/1966-Suisse-Murren-Bern-Copie-150x150.jpg 150w\" sizes=\"auto, (max-width: 400px) 100vw, 400px\" class=\"light-dropshaddow\"\/><\/a><\/div><\/div><div class=\"tcol-lg-4 tcol-md-4 tcol-sm-4 tcol-xs-6 tcol-ss-12 g_item\"><div class=\"grid_item kad_gallery_fade_in gallery_item\"><a href=\"https:\/\/versautrechose.fr\/portofolio\/wp-content\/uploads\/2024\/02\/1966-Suisse-Copie.jpg\" data-rel=\"lightbox\" class=\"lightboxhover\"><img loading=\"lazy\" decoding=\"async\" src=\"https:\/\/versautrechose.fr\/portofolio\/wp-content\/uploads\/2024\/02\/1966-Suisse-Copie-400x400.jpg\" width=\"400\" height=\"400\" alt=\"1966  ...dans les Alpes Suisses, Canton de Berne. Notre premier r\u00e9el appareil photo \u00e0 13 ans, nous en mettrons quelques clich\u00e9s (photos argentique naturellement\u00a0!) \u201cpour le fun\u201d ...\" srcset=\"https:\/\/versautrechose.fr\/portofolio\/wp-content\/uploads\/2024\/02\/1966-Suisse-Copie-400x400.jpg 400w, https:\/\/versautrechose.fr\/portofolio\/wp-content\/uploads\/2024\/02\/1966-Suisse-Copie-150x150.jpg 150w\" sizes=\"auto, (max-width: 400px) 100vw, 400px\" class=\"light-dropshaddow\"\/><\/a><\/div><\/div><div class=\"tcol-lg-4 tcol-md-4 tcol-sm-4 tcol-xs-6 tcol-ss-12 g_item\"><div class=\"grid_item kad_gallery_fade_in gallery_item\"><a href=\"https:\/\/versautrechose.fr\/portofolio\/wp-content\/uploads\/2024\/02\/1966-au-Mannlichen-Alpes-Suisses-Berne-Copie.jpg\" data-rel=\"lightbox\" class=\"lightboxhover\"><img loading=\"lazy\" decoding=\"async\" src=\"https:\/\/versautrechose.fr\/portofolio\/wp-content\/uploads\/2024\/02\/1966-au-Mannlichen-Alpes-Suisses-Berne-Copie-400x400.jpg\" width=\"400\" height=\"400\" alt=\"1966 - au M\u00e4nnlichen Alpes Suisses, Canton de Berne\" srcset=\"https:\/\/versautrechose.fr\/portofolio\/wp-content\/uploads\/2024\/02\/1966-au-Mannlichen-Alpes-Suisses-Berne-Copie-400x400.jpg 400w, https:\/\/versautrechose.fr\/portofolio\/wp-content\/uploads\/2024\/02\/1966-au-Mannlichen-Alpes-Suisses-Berne-Copie-150x150.jpg 150w\" sizes=\"auto, (max-width: 400px) 100vw, 400px\" class=\"light-dropshaddow\"\/><\/a><\/div><\/div><div class=\"tcol-lg-4 tcol-md-4 tcol-sm-4 tcol-xs-6 tcol-ss-12 g_item\"><div class=\"grid_item kad_gallery_fade_in gallery_item\"><a href=\"https:\/\/versautrechose.fr\/portofolio\/wp-content\/uploads\/2024\/02\/1966-les-Alpes-Suisses-vue-du-Mannlichen-Berne-Copie.jpg\" data-rel=\"lightbox\" class=\"lightboxhover\"><img loading=\"lazy\" decoding=\"async\" src=\"https:\/\/versautrechose.fr\/portofolio\/wp-content\/uploads\/2024\/02\/1966-les-Alpes-Suisses-vue-du-Mannlichen-Berne-Copie-400x400.jpg\" width=\"400\" height=\"400\" alt=\"1966 - les Alpes Suisses, Canton de Berne\" srcset=\"https:\/\/versautrechose.fr\/portofolio\/wp-content\/uploads\/2024\/02\/1966-les-Alpes-Suisses-vue-du-Mannlichen-Berne-Copie-400x400.jpg 400w, https:\/\/versautrechose.fr\/portofolio\/wp-content\/uploads\/2024\/02\/1966-les-Alpes-Suisses-vue-du-Mannlichen-Berne-Copie-150x150.jpg 150w\" sizes=\"auto, (max-width: 400px) 100vw, 400px\" class=\"light-dropshaddow\"\/><\/a><\/div><\/div><div class=\"tcol-lg-4 tcol-md-4 tcol-sm-4 tcol-xs-6 tcol-ss-12 g_item\"><div class=\"grid_item kad_gallery_fade_in gallery_item\"><a href=\"https:\/\/versautrechose.fr\/portofolio\/wp-content\/uploads\/2024\/02\/1966-.-mauvais-temps-dans-les-Alpes-Suisses-Berne-Copie.jpg\" data-rel=\"lightbox\" class=\"lightboxhover\"><img loading=\"lazy\" decoding=\"async\" src=\"https:\/\/versautrechose.fr\/portofolio\/wp-content\/uploads\/2024\/02\/1966-.-mauvais-temps-dans-les-Alpes-Suisses-Berne-Copie-400x400.jpg\" width=\"400\" height=\"400\" alt=\"1966 - \u00ab\u00a0Mutti\u00a0\u00bb, une soeur a\u00een\u00e9e et &quot;pater familias&quot; ... mauvais temps dans les Alpes Suisses, Canton de Berne\" srcset=\"https:\/\/versautrechose.fr\/portofolio\/wp-content\/uploads\/2024\/02\/1966-.-mauvais-temps-dans-les-Alpes-Suisses-Berne-Copie-400x400.jpg 400w, https:\/\/versautrechose.fr\/portofolio\/wp-content\/uploads\/2024\/02\/1966-.-mauvais-temps-dans-les-Alpes-Suisses-Berne-Copie-150x150.jpg 150w\" sizes=\"auto, (max-width: 400px) 100vw, 400px\" class=\"light-dropshaddow\"\/><\/a><\/div><\/div><div class=\"tcol-lg-4 tcol-md-4 tcol-sm-4 tcol-xs-6 tcol-ss-12 g_item\"><div class=\"grid_item kad_gallery_fade_in gallery_item\"><a href=\"https:\/\/versautrechose.fr\/portofolio\/wp-content\/uploads\/2024\/02\/1966-vue-du-Mannlichen.jpg\" data-rel=\"lightbox\" class=\"lightboxhover\"><img loading=\"lazy\" decoding=\"async\" src=\"https:\/\/versautrechose.fr\/portofolio\/wp-content\/uploads\/2024\/02\/1966-vue-du-Mannlichen-400x400.jpg\" width=\"400\" height=\"400\" alt=\"1966 - les Alpes Suisses, Canton de Berne\" srcset=\"https:\/\/versautrechose.fr\/portofolio\/wp-content\/uploads\/2024\/02\/1966-vue-du-Mannlichen-400x400.jpg 400w, https:\/\/versautrechose.fr\/portofolio\/wp-content\/uploads\/2024\/02\/1966-vue-du-Mannlichen-150x150.jpg 150w\" sizes=\"auto, (max-width: 400px) 100vw, 400px\" class=\"light-dropshaddow\"\/><\/a><\/div><\/div><div class=\"tcol-lg-4 tcol-md-4 tcol-sm-4 tcol-xs-6 tcol-ss-12 g_item\"><div class=\"grid_item kad_gallery_fade_in gallery_item\"><a href=\"https:\/\/versautrechose.fr\/portofolio\/wp-content\/uploads\/2024\/02\/1966-Interlaken-vu-sur-le-Lac-de-Brienz-Suisse-.jpg\" data-rel=\"lightbox\" class=\"lightboxhover\"><img loading=\"lazy\" decoding=\"async\" src=\"https:\/\/versautrechose.fr\/portofolio\/wp-content\/uploads\/2024\/02\/1966-Interlaken-vu-sur-le-Lac-de-Brienz-Suisse--400x400.jpg\" width=\"400\" height=\"400\" alt=\"1966 - vu sur le Lac de Brienz (Interlaken), Suisse\" srcset=\"https:\/\/versautrechose.fr\/portofolio\/wp-content\/uploads\/2024\/02\/1966-Interlaken-vu-sur-le-Lac-de-Brienz-Suisse--400x400.jpg 400w, https:\/\/versautrechose.fr\/portofolio\/wp-content\/uploads\/2024\/02\/1966-Interlaken-vu-sur-le-Lac-de-Brienz-Suisse--150x150.jpg 150w\" sizes=\"auto, (max-width: 400px) 100vw, 400px\" class=\"light-dropshaddow\"\/><\/a><\/div><\/div><div class=\"tcol-lg-4 tcol-md-4 tcol-sm-4 tcol-xs-6 tcol-ss-12 g_item\"><div class=\"grid_item kad_gallery_fade_in gallery_item\"><a href=\"https:\/\/versautrechose.fr\/portofolio\/wp-content\/uploads\/2024\/02\/1966-Interlaken-hotel-Suisse-.jpg\" data-rel=\"lightbox\" class=\"lightboxhover\"><img loading=\"lazy\" decoding=\"async\" src=\"https:\/\/versautrechose.fr\/portofolio\/wp-content\/uploads\/2024\/02\/1966-Interlaken-hotel-Suisse--400x400.jpg\" width=\"400\" height=\"400\" alt=\"1966 - devant l&#039;h\u00f4tel \u00e0 Interlaken en Suisse, d\u00e9j\u00e0 des affinit\u00e9s certaines avec ces petits f\u00e9lins, qui m&#039;ont accompagn\u00e9 tout au long de ma vie, et encore aujourd&#039;hui...\" srcset=\"https:\/\/versautrechose.fr\/portofolio\/wp-content\/uploads\/2024\/02\/1966-Interlaken-hotel-Suisse--400x400.jpg 400w, https:\/\/versautrechose.fr\/portofolio\/wp-content\/uploads\/2024\/02\/1966-Interlaken-hotel-Suisse--150x150.jpg 150w\" sizes=\"auto, (max-width: 400px) 100vw, 400px\" class=\"light-dropshaddow\"\/><\/a><\/div><\/div><div class=\"tcol-lg-4 tcol-md-4 tcol-sm-4 tcol-xs-6 tcol-ss-12 g_item\"><div class=\"grid_item kad_gallery_fade_in gallery_item\"><a href=\"https:\/\/versautrechose.fr\/portofolio\/wp-content\/uploads\/2024\/02\/1966-chateau-de-Fenelon-en-Perigord-Dordogne-Copie.jpg\" data-rel=\"lightbox\" class=\"lightboxhover\"><img loading=\"lazy\" decoding=\"async\" src=\"https:\/\/versautrechose.fr\/portofolio\/wp-content\/uploads\/2024\/02\/1966-chateau-de-Fenelon-en-Perigord-Dordogne-Copie-400x400.jpg\" width=\"400\" height=\"400\" alt=\"1966 - ch\u00e2teau de F\u00e9nelon en P\u00e9rigord, Dordogne\" srcset=\"https:\/\/versautrechose.fr\/portofolio\/wp-content\/uploads\/2024\/02\/1966-chateau-de-Fenelon-en-Perigord-Dordogne-Copie-400x400.jpg 400w, https:\/\/versautrechose.fr\/portofolio\/wp-content\/uploads\/2024\/02\/1966-chateau-de-Fenelon-en-Perigord-Dordogne-Copie-150x150.jpg 150w\" sizes=\"auto, (max-width: 400px) 100vw, 400px\" class=\"light-dropshaddow\"\/><\/a><\/div><\/div><div class=\"tcol-lg-4 tcol-md-4 tcol-sm-4 tcol-xs-6 tcol-ss-12 g_item\"><div class=\"grid_item kad_gallery_fade_in gallery_item\"><a href=\"https:\/\/versautrechose.fr\/portofolio\/wp-content\/uploads\/2024\/02\/1966-.la-perspective.-Chateau-de-Montfort-Vitrac-en-Perigord-Dordogne-Copie.jpg\" data-rel=\"lightbox\" class=\"lightboxhover\"><img loading=\"lazy\" decoding=\"async\" src=\"https:\/\/versautrechose.fr\/portofolio\/wp-content\/uploads\/2024\/02\/1966-.la-perspective.-Chateau-de-Montfort-Vitrac-en-Perigord-Dordogne-Copie-400x400.jpg\" width=\"400\" height=\"400\" alt=\"1966 - ...la perspective... Ch\u00e2teau de Montfort, Vitrac en P\u00e9rigord, Dordogne\" srcset=\"https:\/\/versautrechose.fr\/portofolio\/wp-content\/uploads\/2024\/02\/1966-.la-perspective.-Chateau-de-Montfort-Vitrac-en-Perigord-Dordogne-Copie-400x400.jpg 400w, https:\/\/versautrechose.fr\/portofolio\/wp-content\/uploads\/2024\/02\/1966-.la-perspective.-Chateau-de-Montfort-Vitrac-en-Perigord-Dordogne-Copie-150x150.jpg 150w\" sizes=\"auto, (max-width: 400px) 100vw, 400px\" class=\"light-dropshaddow\"\/><\/a><\/div><\/div><div class=\"tcol-lg-4 tcol-md-4 tcol-sm-4 tcol-xs-6 tcol-ss-12 g_item\"><div class=\"grid_item kad_gallery_fade_in gallery_item\"><a href=\"https:\/\/versautrechose.fr\/portofolio\/wp-content\/uploads\/2024\/02\/1966-abbaye-de-Bec-Hellouin-Normandie-sud-ouest-de-Rouen-Copie.jpg\" data-rel=\"lightbox\" class=\"lightboxhover\"><img loading=\"lazy\" decoding=\"async\" src=\"https:\/\/versautrechose.fr\/portofolio\/wp-content\/uploads\/2024\/02\/1966-abbaye-de-Bec-Hellouin-Normandie-sud-ouest-de-Rouen-Copie-400x400.jpg\" width=\"400\" height=\"400\" alt=\"1966 - abbaye de Bec-Hellouin, Normandie (sud-ouest de Rouen) \" srcset=\"https:\/\/versautrechose.fr\/portofolio\/wp-content\/uploads\/2024\/02\/1966-abbaye-de-Bec-Hellouin-Normandie-sud-ouest-de-Rouen-Copie-400x400.jpg 400w, https:\/\/versautrechose.fr\/portofolio\/wp-content\/uploads\/2024\/02\/1966-abbaye-de-Bec-Hellouin-Normandie-sud-ouest-de-Rouen-Copie-150x150.jpg 150w\" sizes=\"auto, (max-width: 400px) 100vw, 400px\" class=\"light-dropshaddow\"\/><\/a><\/div><\/div><div class=\"tcol-lg-4 tcol-md-4 tcol-sm-4 tcol-xs-6 tcol-ss-12 g_item\"><div class=\"grid_item kad_gallery_fade_in gallery_item\"><a href=\"https:\/\/versautrechose.fr\/portofolio\/wp-content\/uploads\/2024\/02\/1966-eglise-normande-de-structure-en-bois-Honfleur-dans-le-Calvados-Copie.jpg\" data-rel=\"lightbox\" class=\"lightboxhover\"><img loading=\"lazy\" decoding=\"async\" src=\"https:\/\/versautrechose.fr\/portofolio\/wp-content\/uploads\/2024\/02\/1966-eglise-normande-de-structure-en-bois-Honfleur-dans-le-Calvados-Copie-400x400.jpg\" width=\"400\" height=\"400\" alt=\"1966 - \u00e9glise normande de structure en bois, Honfleur dans le Calvados\" srcset=\"https:\/\/versautrechose.fr\/portofolio\/wp-content\/uploads\/2024\/02\/1966-eglise-normande-de-structure-en-bois-Honfleur-dans-le-Calvados-Copie-400x400.jpg 400w, https:\/\/versautrechose.fr\/portofolio\/wp-content\/uploads\/2024\/02\/1966-eglise-normande-de-structure-en-bois-Honfleur-dans-le-Calvados-Copie-150x150.jpg 150w\" sizes=\"auto, (max-width: 400px) 100vw, 400px\" class=\"light-dropshaddow\"\/><\/a><\/div><\/div><div class=\"tcol-lg-4 tcol-md-4 tcol-sm-4 tcol-xs-6 tcol-ss-12 g_item\"><div class=\"grid_item kad_gallery_fade_in gallery_item\"><a href=\"https:\/\/versautrechose.fr\/portofolio\/wp-content\/uploads\/2024\/02\/1966-cloher-normand-du-XVe-sciecle-de-structure-en-bois-Honfleur-Copie.jpg\" data-rel=\"lightbox\" class=\"lightboxhover\"><img loading=\"lazy\" decoding=\"async\" src=\"https:\/\/versautrechose.fr\/portofolio\/wp-content\/uploads\/2024\/02\/1966-cloher-normand-du-XVe-sciecle-de-structure-en-bois-Honfleur-Copie-400x400.jpg\" width=\"400\" height=\"400\" alt=\"1966 - cloher normand du XVe sci\u00e8cle de structure en bois, Honfleur\" srcset=\"https:\/\/versautrechose.fr\/portofolio\/wp-content\/uploads\/2024\/02\/1966-cloher-normand-du-XVe-sciecle-de-structure-en-bois-Honfleur-Copie-400x400.jpg 400w, https:\/\/versautrechose.fr\/portofolio\/wp-content\/uploads\/2024\/02\/1966-cloher-normand-du-XVe-sciecle-de-structure-en-bois-Honfleur-Copie-150x150.jpg 150w\" sizes=\"auto, (max-width: 400px) 100vw, 400px\" class=\"light-dropshaddow\"\/><\/a><\/div><\/div><div class=\"tcol-lg-4 tcol-md-4 tcol-sm-4 tcol-xs-6 tcol-ss-12 g_item\"><div class=\"grid_item kad_gallery_fade_in gallery_item\"><a href=\"https:\/\/versautrechose.fr\/portofolio\/wp-content\/uploads\/2024\/02\/1966-.une-amie-denfance-Marie-Christine-de-Hedouville.premiers-emois-de-la-sensibilite-qui-marquent-cette-periode-charniere-de-nos-vies-ladolescence.-Copie.jpg\" data-rel=\"lightbox\" class=\"lightboxhover\"><img loading=\"lazy\" decoding=\"async\" src=\"https:\/\/versautrechose.fr\/portofolio\/wp-content\/uploads\/2024\/02\/1966-.une-amie-denfance-Marie-Christine-de-Hedouville.premiers-emois-de-la-sensibilite-qui-marquent-cette-periode-charniere-de-nos-vies-ladolescence.-Copie-400x400.jpg\" width=\"400\" height=\"400\" alt=\"1966 ...une amie d&#039;enfance, Marie-Christine de H\u00e9douville\" srcset=\"https:\/\/versautrechose.fr\/portofolio\/wp-content\/uploads\/2024\/02\/1966-.une-amie-denfance-Marie-Christine-de-Hedouville.premiers-emois-de-la-sensibilite-qui-marquent-cette-periode-charniere-de-nos-vies-ladolescence.-Copie-400x400.jpg 400w, https:\/\/versautrechose.fr\/portofolio\/wp-content\/uploads\/2024\/02\/1966-.une-amie-denfance-Marie-Christine-de-Hedouville.premiers-emois-de-la-sensibilite-qui-marquent-cette-periode-charniere-de-nos-vies-ladolescence.-Copie-150x150.jpg 150w\" sizes=\"auto, (max-width: 400px) 100vw, 400px\" class=\"light-dropshaddow\"\/><\/a><\/div><\/div><div class=\"tcol-lg-4 tcol-md-4 tcol-sm-4 tcol-xs-6 tcol-ss-12 g_item\"><div class=\"grid_item kad_gallery_fade_in gallery_item\"><a href=\"https:\/\/versautrechose.fr\/portofolio\/wp-content\/uploads\/2024\/02\/1966-De-Hedouville-Copie.jpg\" data-rel=\"lightbox\" class=\"lightboxhover\"><img loading=\"lazy\" decoding=\"async\" src=\"https:\/\/versautrechose.fr\/portofolio\/wp-content\/uploads\/2024\/02\/1966-De-Hedouville-Copie-400x400.jpg\" width=\"400\" height=\"400\" alt=\"1966 ... avec sa s\u0153ur a\u00een\u00e9e Chantal et son jeune fr\u00e8re \u00c9ric (mon p\u00e8re est en fond \u00e0 droite sur ce clich\u00e9)\" srcset=\"https:\/\/versautrechose.fr\/portofolio\/wp-content\/uploads\/2024\/02\/1966-De-Hedouville-Copie-400x400.jpg 400w, https:\/\/versautrechose.fr\/portofolio\/wp-content\/uploads\/2024\/02\/1966-De-Hedouville-Copie-150x150.jpg 150w\" sizes=\"auto, (max-width: 400px) 100vw, 400px\" class=\"light-dropshaddow\"\/><\/a><\/div><\/div><div class=\"tcol-lg-4 tcol-md-4 tcol-sm-4 tcol-xs-6 tcol-ss-12 g_item\"><div class=\"grid_item kad_gallery_fade_in gallery_item\"><a href=\"https:\/\/versautrechose.fr\/portofolio\/wp-content\/uploads\/2024\/02\/Isabelle-de-Hedouville-Copie.jpg\" data-rel=\"lightbox\" class=\"lightboxhover\"><img loading=\"lazy\" decoding=\"async\" src=\"https:\/\/versautrechose.fr\/portofolio\/wp-content\/uploads\/2024\/02\/Isabelle-de-Hedouville-Copie-400x400.jpg\" width=\"400\" height=\"400\" alt=\"1966 ... sa jeune s\u0153ur, Isabelle de H\u00e9douville\" srcset=\"https:\/\/versautrechose.fr\/portofolio\/wp-content\/uploads\/2024\/02\/Isabelle-de-Hedouville-Copie-400x400.jpg 400w, https:\/\/versautrechose.fr\/portofolio\/wp-content\/uploads\/2024\/02\/Isabelle-de-Hedouville-Copie-150x150.jpg 150w\" sizes=\"auto, (max-width: 400px) 100vw, 400px\" class=\"light-dropshaddow\"\/><\/a><\/div><\/div><div class=\"tcol-lg-4 tcol-md-4 tcol-sm-4 tcol-xs-6 tcol-ss-12 g_item\"><div class=\"grid_item kad_gallery_fade_in gallery_item\"><a href=\"https:\/\/versautrechose.fr\/portofolio\/wp-content\/uploads\/2024\/02\/G.-de-Hedouville-et-sa-fille-Isabelle-Copie.jpg\" data-rel=\"lightbox\" class=\"lightboxhover\"><img loading=\"lazy\" decoding=\"async\" src=\"https:\/\/versautrechose.fr\/portofolio\/wp-content\/uploads\/2024\/02\/G.-de-Hedouville-et-sa-fille-Isabelle-Copie-400x400.jpg\" width=\"400\" height=\"400\" alt=\"1966 ... dans les bras de son p\u00e8re ...\" srcset=\"https:\/\/versautrechose.fr\/portofolio\/wp-content\/uploads\/2024\/02\/G.-de-Hedouville-et-sa-fille-Isabelle-Copie-400x400.jpg 400w, https:\/\/versautrechose.fr\/portofolio\/wp-content\/uploads\/2024\/02\/G.-de-Hedouville-et-sa-fille-Isabelle-Copie-150x150.jpg 150w\" sizes=\"auto, (max-width: 400px) 100vw, 400px\" class=\"light-dropshaddow\"\/><\/a><\/div><\/div><div class=\"tcol-lg-4 tcol-md-4 tcol-sm-4 tcol-xs-6 tcol-ss-12 g_item\"><div class=\"grid_item kad_gallery_fade_in gallery_item\"><a href=\"https:\/\/versautrechose.fr\/portofolio\/wp-content\/uploads\/2024\/02\/1966-Guy-de-Hedouville.jpg\" data-rel=\"lightbox\" class=\"lightboxhover\"><img loading=\"lazy\" decoding=\"async\" src=\"https:\/\/versautrechose.fr\/portofolio\/wp-content\/uploads\/2024\/02\/1966-Guy-de-Hedouville-400x400.jpg\" width=\"400\" height=\"400\" alt=\"1966 - Guy de H\u00e9douville leur p\u00e8re et ami de la famille, cet homme sans le savoir, y compris moi-m\u00eame \u00e0 l&#039;\u00e9poque, a eu une influence d\u00e9terminante sur une certaine perception de la Vie, un regard sur un autre horizon (qui m&#039;habite encore aujourd&#039;hui !) ; j&#039;avais une admiration respectueuse \u00e0 son sujet, sans trop savoir pourquoi \u00e0 cet \u00e2ge de ma vie de jeune adolescent...\" srcset=\"https:\/\/versautrechose.fr\/portofolio\/wp-content\/uploads\/2024\/02\/1966-Guy-de-Hedouville-400x400.jpg 400w, https:\/\/versautrechose.fr\/portofolio\/wp-content\/uploads\/2024\/02\/1966-Guy-de-Hedouville-150x150.jpg 150w\" sizes=\"auto, (max-width: 400px) 100vw, 400px\" class=\"light-dropshaddow\"\/><\/a><\/div><\/div><div class=\"tcol-lg-4 tcol-md-4 tcol-sm-4 tcol-xs-6 tcol-ss-12 g_item\"><div class=\"grid_item kad_gallery_fade_in gallery_item\"><a href=\"https:\/\/versautrechose.fr\/portofolio\/wp-content\/uploads\/2024\/02\/1966-.en-hiver-dans-Calanques-de-Marseille.jpg\" data-rel=\"lightbox\" class=\"lightboxhover\"><img loading=\"lazy\" decoding=\"async\" src=\"https:\/\/versautrechose.fr\/portofolio\/wp-content\/uploads\/2024\/02\/1966-.en-hiver-dans-Calanques-de-Marseille-400x400.jpg\" width=\"400\" height=\"400\" alt=\"1968 - Guy de H\u00e9douville (d\u00e9c\u00e9d\u00e9 en 2003), avec \u00ab\u00a0Mum\u00a0\u00bb en hiver dans les Calanques de Marseille\" srcset=\"https:\/\/versautrechose.fr\/portofolio\/wp-content\/uploads\/2024\/02\/1966-.en-hiver-dans-Calanques-de-Marseille-400x400.jpg 400w, https:\/\/versautrechose.fr\/portofolio\/wp-content\/uploads\/2024\/02\/1966-.en-hiver-dans-Calanques-de-Marseille-150x150.jpg 150w\" sizes=\"auto, (max-width: 400px) 100vw, 400px\" class=\"light-dropshaddow\"\/><\/a><\/div><\/div><div class=\"tcol-lg-4 tcol-md-4 tcol-sm-4 tcol-xs-6 tcol-ss-12 g_item\"><div class=\"grid_item kad_gallery_fade_in gallery_item\"><a href=\"https:\/\/versautrechose.fr\/portofolio\/wp-content\/uploads\/2024\/02\/1967-Praia-Da-Rocha-Faro-Portugal.jpg\" data-rel=\"lightbox\" class=\"lightboxhover\"><img loading=\"lazy\" decoding=\"async\" src=\"https:\/\/versautrechose.fr\/portofolio\/wp-content\/uploads\/2024\/02\/1967-Praia-Da-Rocha-Faro-Portugal-400x400.jpg\" width=\"400\" height=\"400\" alt=\"1967 - ... \u00e0 Praia Da Rocha, Faro - Portugal\" srcset=\"https:\/\/versautrechose.fr\/portofolio\/wp-content\/uploads\/2024\/02\/1967-Praia-Da-Rocha-Faro-Portugal-400x400.jpg 400w, https:\/\/versautrechose.fr\/portofolio\/wp-content\/uploads\/2024\/02\/1967-Praia-Da-Rocha-Faro-Portugal-150x150.jpg 150w\" sizes=\"auto, (max-width: 400px) 100vw, 400px\" class=\"light-dropshaddow\"\/><\/a><\/div><\/div><div class=\"tcol-lg-4 tcol-md-4 tcol-sm-4 tcol-xs-6 tcol-ss-12 g_item\"><div class=\"grid_item kad_gallery_fade_in gallery_item\"><a href=\"https:\/\/versautrechose.fr\/portofolio\/wp-content\/uploads\/2024\/02\/1967-Praia-Da-Rocha-Faro-Portugal-2.jpg\" data-rel=\"lightbox\" class=\"lightboxhover\"><img loading=\"lazy\" decoding=\"async\" src=\"https:\/\/versautrechose.fr\/portofolio\/wp-content\/uploads\/2024\/02\/1967-Praia-Da-Rocha-Faro-Portugal-2-400x400.jpg\" width=\"400\" height=\"400\" alt=\"1967 - Praia Da Rocha, Faro, Portugal\" srcset=\"https:\/\/versautrechose.fr\/portofolio\/wp-content\/uploads\/2024\/02\/1967-Praia-Da-Rocha-Faro-Portugal-2-400x400.jpg 400w, https:\/\/versautrechose.fr\/portofolio\/wp-content\/uploads\/2024\/02\/1967-Praia-Da-Rocha-Faro-Portugal-2-150x150.jpg 150w\" sizes=\"auto, (max-width: 400px) 100vw, 400px\" class=\"light-dropshaddow\"\/><\/a><\/div><\/div><div class=\"tcol-lg-4 tcol-md-4 tcol-sm-4 tcol-xs-6 tcol-ss-12 g_item\"><div class=\"grid_item kad_gallery_fade_in gallery_item\"><a href=\"https:\/\/versautrechose.fr\/portofolio\/wp-content\/uploads\/2024\/02\/1967-Praia-Da-Rocha-Faro-Portugal-1.jpg\" data-rel=\"lightbox\" class=\"lightboxhover\"><img loading=\"lazy\" decoding=\"async\" src=\"https:\/\/versautrechose.fr\/portofolio\/wp-content\/uploads\/2024\/02\/1967-Praia-Da-Rocha-Faro-Portugal-1-400x400.jpg\" width=\"400\" height=\"400\" alt=\"1967 ... rochers de Praia Da Rocha \u00e0 Faro, Portugal\" srcset=\"https:\/\/versautrechose.fr\/portofolio\/wp-content\/uploads\/2024\/02\/1967-Praia-Da-Rocha-Faro-Portugal-1-400x400.jpg 400w, https:\/\/versautrechose.fr\/portofolio\/wp-content\/uploads\/2024\/02\/1967-Praia-Da-Rocha-Faro-Portugal-1-150x150.jpg 150w\" sizes=\"auto, (max-width: 400px) 100vw, 400px\" class=\"light-dropshaddow\"\/><\/a><\/div><\/div><div class=\"tcol-lg-4 tcol-md-4 tcol-sm-4 tcol-xs-6 tcol-ss-12 g_item\"><div class=\"grid_item kad_gallery_fade_in gallery_item\"><a href=\"https:\/\/versautrechose.fr\/portofolio\/wp-content\/uploads\/2024\/02\/1967-Praia-Da-Rocha-Portugal-Copie.jpg\" data-rel=\"lightbox\" class=\"lightboxhover\"><img loading=\"lazy\" decoding=\"async\" src=\"https:\/\/versautrechose.fr\/portofolio\/wp-content\/uploads\/2024\/02\/1967-Praia-Da-Rocha-Portugal-Copie-400x400.jpg\" width=\"400\" height=\"400\" alt=\"1967 ... une de mes soeurs dans ces rochers de &quot;Praia Da Rocha&quot; \u00e0 Faro, Portugal\" srcset=\"https:\/\/versautrechose.fr\/portofolio\/wp-content\/uploads\/2024\/02\/1967-Praia-Da-Rocha-Portugal-Copie-400x400.jpg 400w, https:\/\/versautrechose.fr\/portofolio\/wp-content\/uploads\/2024\/02\/1967-Praia-Da-Rocha-Portugal-Copie-150x150.jpg 150w\" sizes=\"auto, (max-width: 400px) 100vw, 400px\" class=\"light-dropshaddow\"\/><\/a><\/div><\/div><div class=\"tcol-lg-4 tcol-md-4 tcol-sm-4 tcol-xs-6 tcol-ss-12 g_item\"><div class=\"grid_item kad_gallery_fade_in gallery_item\"><a href=\"https:\/\/versautrechose.fr\/portofolio\/wp-content\/uploads\/2024\/02\/1967-Praia-Da-Rocha-Faro-Portugal-Copie-2.jpg\" data-rel=\"lightbox\" class=\"lightboxhover\"><img loading=\"lazy\" decoding=\"async\" src=\"https:\/\/versautrechose.fr\/portofolio\/wp-content\/uploads\/2024\/02\/1967-Praia-Da-Rocha-Faro-Portugal-Copie-2-400x400.jpg\" width=\"400\" height=\"400\" alt=\"1967 ... les rochers de &quot;Praia Da Rocha&quot; \u00e0 Faro, Portugal\" srcset=\"https:\/\/versautrechose.fr\/portofolio\/wp-content\/uploads\/2024\/02\/1967-Praia-Da-Rocha-Faro-Portugal-Copie-2-400x400.jpg 400w, https:\/\/versautrechose.fr\/portofolio\/wp-content\/uploads\/2024\/02\/1967-Praia-Da-Rocha-Faro-Portugal-Copie-2-150x150.jpg 150w\" sizes=\"auto, (max-width: 400px) 100vw, 400px\" class=\"light-dropshaddow\"\/><\/a><\/div><\/div><div class=\"tcol-lg-4 tcol-md-4 tcol-sm-4 tcol-xs-6 tcol-ss-12 g_item\"><div class=\"grid_item kad_gallery_fade_in gallery_item\"><a href=\"https:\/\/versautrechose.fr\/portofolio\/wp-content\/uploads\/2024\/02\/1967-.a-la-plage-de-Faro-metamorphose-Praia-Da-Rocha-Portugal.jpg\" data-rel=\"lightbox\" class=\"lightboxhover\"><img loading=\"lazy\" decoding=\"async\" src=\"https:\/\/versautrechose.fr\/portofolio\/wp-content\/uploads\/2024\/02\/1967-.a-la-plage-de-Faro-metamorphose-Praia-Da-Rocha-Portugal-400x400.jpg\" width=\"400\" height=\"400\" alt=\"1967  ...avec ma s\u0153ur \u00e0 la plage de Faro en mai, la \u00ab\u00a0metamorphosis\u00a0\u00bb en mouvement..., Praia Da Rocha - Portugal\" srcset=\"https:\/\/versautrechose.fr\/portofolio\/wp-content\/uploads\/2024\/02\/1967-.a-la-plage-de-Faro-metamorphose-Praia-Da-Rocha-Portugal-400x400.jpg 400w, https:\/\/versautrechose.fr\/portofolio\/wp-content\/uploads\/2024\/02\/1967-.a-la-plage-de-Faro-metamorphose-Praia-Da-Rocha-Portugal-150x150.jpg 150w\" sizes=\"auto, (max-width: 400px) 100vw, 400px\" class=\"light-dropshaddow\"\/><\/a><\/div><\/div><div class=\"tcol-lg-4 tcol-md-4 tcol-sm-4 tcol-xs-6 tcol-ss-12 g_item\"><div class=\"grid_item kad_gallery_fade_in gallery_item\"><a href=\"https:\/\/versautrechose.fr\/portofolio\/wp-content\/uploads\/2024\/02\/1967-lhotel-a-Faro-Portugal-cliche-a-la-Jacques-Tati-dans-Mon-Oncle.jpg\" data-rel=\"lightbox\" class=\"lightboxhover\"><img loading=\"lazy\" decoding=\"async\" src=\"https:\/\/versautrechose.fr\/portofolio\/wp-content\/uploads\/2024\/02\/1967-lhotel-a-Faro-Portugal-cliche-a-la-Jacques-Tati-dans-Mon-Oncle-400x400.jpg\" width=\"400\" height=\"400\" alt=\"1967  ...l&#039;h\u00f4tel \u00e0 Faro, Portugal ; un clich\u00e9 avec mes parents \u00e0 la Jacques Tati dans son film \u00ab\u00a0Mon Oncle\u00a0\u00bb...!\" srcset=\"https:\/\/versautrechose.fr\/portofolio\/wp-content\/uploads\/2024\/02\/1967-lhotel-a-Faro-Portugal-cliche-a-la-Jacques-Tati-dans-Mon-Oncle-400x400.jpg 400w, https:\/\/versautrechose.fr\/portofolio\/wp-content\/uploads\/2024\/02\/1967-lhotel-a-Faro-Portugal-cliche-a-la-Jacques-Tati-dans-Mon-Oncle-150x150.jpg 150w\" sizes=\"auto, (max-width: 400px) 100vw, 400px\" class=\"light-dropshaddow\"\/><\/a><\/div><\/div><div class=\"tcol-lg-4 tcol-md-4 tcol-sm-4 tcol-xs-6 tcol-ss-12 g_item\"><div class=\"grid_item kad_gallery_fade_in gallery_item\"><a href=\"https:\/\/versautrechose.fr\/portofolio\/wp-content\/uploads\/2024\/02\/1968-lAndalousie-en-Epagne.jpg\" data-rel=\"lightbox\" class=\"lightboxhover\"><img loading=\"lazy\" decoding=\"async\" src=\"https:\/\/versautrechose.fr\/portofolio\/wp-content\/uploads\/2024\/02\/1968-lAndalousie-en-Epagne-400x400.jpg\" width=\"400\" height=\"400\" alt=\"1968 - l&#039;Andalousie - Espagne\" srcset=\"https:\/\/versautrechose.fr\/portofolio\/wp-content\/uploads\/2024\/02\/1968-lAndalousie-en-Epagne-400x400.jpg 400w, https:\/\/versautrechose.fr\/portofolio\/wp-content\/uploads\/2024\/02\/1968-lAndalousie-en-Epagne-150x150.jpg 150w\" sizes=\"auto, (max-width: 400px) 100vw, 400px\" class=\"light-dropshaddow\"\/><\/a><\/div><\/div><div class=\"tcol-lg-4 tcol-md-4 tcol-sm-4 tcol-xs-6 tcol-ss-12 g_item\"><div class=\"grid_item kad_gallery_fade_in gallery_item\"><a href=\"https:\/\/versautrechose.fr\/portofolio\/wp-content\/uploads\/2024\/02\/1968-.taureaux-Andalous-Epagne.jpg\" data-rel=\"lightbox\" class=\"lightboxhover\"><img loading=\"lazy\" decoding=\"async\" src=\"https:\/\/versautrechose.fr\/portofolio\/wp-content\/uploads\/2024\/02\/1968-.taureaux-Andalous-Epagne-400x400.jpg\" width=\"400\" height=\"400\" alt=\"1968 - ...taureaux Andalous - Epagne\" srcset=\"https:\/\/versautrechose.fr\/portofolio\/wp-content\/uploads\/2024\/02\/1968-.taureaux-Andalous-Epagne-400x400.jpg 400w, https:\/\/versautrechose.fr\/portofolio\/wp-content\/uploads\/2024\/02\/1968-.taureaux-Andalous-Epagne-150x150.jpg 150w\" sizes=\"auto, (max-width: 400px) 100vw, 400px\" class=\"light-dropshaddow\"\/><\/a><\/div><\/div><div class=\"tcol-lg-4 tcol-md-4 tcol-sm-4 tcol-xs-6 tcol-ss-12 g_item\"><div class=\"grid_item kad_gallery_fade_in gallery_item\"><a href=\"https:\/\/versautrechose.fr\/portofolio\/wp-content\/uploads\/2024\/02\/1968-Ronda-Andalousie-Esp.-3.jpg\" data-rel=\"lightbox\" class=\"lightboxhover\"><img loading=\"lazy\" decoding=\"async\" src=\"https:\/\/versautrechose.fr\/portofolio\/wp-content\/uploads\/2024\/02\/1968-Ronda-Andalousie-Esp.-3-400x400.jpg\" width=\"400\" height=\"400\" alt=\"1968 - Ronda, Andalousie - Espagne\" srcset=\"https:\/\/versautrechose.fr\/portofolio\/wp-content\/uploads\/2024\/02\/1968-Ronda-Andalousie-Esp.-3-400x400.jpg 400w, https:\/\/versautrechose.fr\/portofolio\/wp-content\/uploads\/2024\/02\/1968-Ronda-Andalousie-Esp.-3-150x150.jpg 150w\" sizes=\"auto, (max-width: 400px) 100vw, 400px\" class=\"light-dropshaddow\"\/><\/a><\/div><\/div><div class=\"tcol-lg-4 tcol-md-4 tcol-sm-4 tcol-xs-6 tcol-ss-12 g_item\"><div class=\"grid_item kad_gallery_fade_in gallery_item\"><a href=\"https:\/\/versautrechose.fr\/portofolio\/wp-content\/uploads\/2024\/02\/1968-Ronda-Andalousie-Esp.-2.jpg\" data-rel=\"lightbox\" class=\"lightboxhover\"><img loading=\"lazy\" decoding=\"async\" src=\"https:\/\/versautrechose.fr\/portofolio\/wp-content\/uploads\/2024\/02\/1968-Ronda-Andalousie-Esp.-2-400x400.jpg\" width=\"400\" height=\"400\" alt=\"1968 - Ronda, Andalousie \" srcset=\"https:\/\/versautrechose.fr\/portofolio\/wp-content\/uploads\/2024\/02\/1968-Ronda-Andalousie-Esp.-2-400x400.jpg 400w, https:\/\/versautrechose.fr\/portofolio\/wp-content\/uploads\/2024\/02\/1968-Ronda-Andalousie-Esp.-2-150x150.jpg 150w\" sizes=\"auto, (max-width: 400px) 100vw, 400px\" class=\"light-dropshaddow\"\/><\/a><\/div><\/div><div class=\"tcol-lg-4 tcol-md-4 tcol-sm-4 tcol-xs-6 tcol-ss-12 g_item\"><div class=\"grid_item kad_gallery_fade_in gallery_item\"><a href=\"https:\/\/versautrechose.fr\/portofolio\/wp-content\/uploads\/2024\/02\/1968-Ronda-Andalousie-Esp.-4.jpg\" data-rel=\"lightbox\" class=\"lightboxhover\"><img loading=\"lazy\" decoding=\"async\" src=\"https:\/\/versautrechose.fr\/portofolio\/wp-content\/uploads\/2024\/02\/1968-Ronda-Andalousie-Esp.-4-400x400.jpg\" width=\"400\" height=\"400\" alt=\"1968 - Ronda, Andalousie\" srcset=\"https:\/\/versautrechose.fr\/portofolio\/wp-content\/uploads\/2024\/02\/1968-Ronda-Andalousie-Esp.-4-400x400.jpg 400w, https:\/\/versautrechose.fr\/portofolio\/wp-content\/uploads\/2024\/02\/1968-Ronda-Andalousie-Esp.-4-150x150.jpg 150w\" sizes=\"auto, (max-width: 400px) 100vw, 400px\" class=\"light-dropshaddow\"\/><\/a><\/div><\/div><div class=\"tcol-lg-4 tcol-md-4 tcol-sm-4 tcol-xs-6 tcol-ss-12 g_item\"><div class=\"grid_item kad_gallery_fade_in gallery_item\"><a href=\"https:\/\/versautrechose.fr\/portofolio\/wp-content\/uploads\/2024\/02\/1968-Ronda-Andalousie-Esp.-.jpg\" data-rel=\"lightbox\" class=\"lightboxhover\"><img loading=\"lazy\" decoding=\"async\" src=\"https:\/\/versautrechose.fr\/portofolio\/wp-content\/uploads\/2024\/02\/1968-Ronda-Andalousie-Esp.--400x400.jpg\" width=\"400\" height=\"400\" alt=\"1968 - Ronda, Andalousie\" srcset=\"https:\/\/versautrechose.fr\/portofolio\/wp-content\/uploads\/2024\/02\/1968-Ronda-Andalousie-Esp.--400x400.jpg 400w, https:\/\/versautrechose.fr\/portofolio\/wp-content\/uploads\/2024\/02\/1968-Ronda-Andalousie-Esp.--150x150.jpg 150w\" sizes=\"auto, (max-width: 400px) 100vw, 400px\" class=\"light-dropshaddow\"\/><\/a><\/div><\/div><div class=\"tcol-lg-4 tcol-md-4 tcol-sm-4 tcol-xs-6 tcol-ss-12 g_item\"><div class=\"grid_item kad_gallery_fade_in gallery_item\"><a href=\"https:\/\/versautrechose.fr\/portofolio\/wp-content\/uploads\/2024\/02\/1968-.a-Ronda-Andalousie-Esp.-.jpg\" data-rel=\"lightbox\" class=\"lightboxhover\"><img loading=\"lazy\" decoding=\"async\" src=\"https:\/\/versautrechose.fr\/portofolio\/wp-content\/uploads\/2024\/02\/1968-.a-Ronda-Andalousie-Esp.--400x400.jpg\" width=\"400\" height=\"400\" alt=\"1968 - sur une terrasse \u00e0 Ronda, Andalousie\" srcset=\"https:\/\/versautrechose.fr\/portofolio\/wp-content\/uploads\/2024\/02\/1968-.a-Ronda-Andalousie-Esp.--400x400.jpg 400w, https:\/\/versautrechose.fr\/portofolio\/wp-content\/uploads\/2024\/02\/1968-.a-Ronda-Andalousie-Esp.--150x150.jpg 150w\" sizes=\"auto, (max-width: 400px) 100vw, 400px\" class=\"light-dropshaddow\"\/><\/a><\/div><\/div><div class=\"tcol-lg-4 tcol-md-4 tcol-sm-4 tcol-xs-6 tcol-ss-12 g_item\"><div class=\"grid_item kad_gallery_fade_in gallery_item\"><a href=\"https:\/\/versautrechose.fr\/portofolio\/wp-content\/uploads\/2024\/02\/1968-troglodytes-Sierra-Nevada-Esp.-Copie.jpg\" data-rel=\"lightbox\" class=\"lightboxhover\"><img loading=\"lazy\" decoding=\"async\" src=\"https:\/\/versautrechose.fr\/portofolio\/wp-content\/uploads\/2024\/02\/1968-troglodytes-Sierra-Nevada-Esp.-Copie-400x400.jpg\" width=\"400\" height=\"400\" alt=\"1968 - troglodytes dans la Sierra Nevada - Espagne\" srcset=\"https:\/\/versautrechose.fr\/portofolio\/wp-content\/uploads\/2024\/02\/1968-troglodytes-Sierra-Nevada-Esp.-Copie-400x400.jpg 400w, https:\/\/versautrechose.fr\/portofolio\/wp-content\/uploads\/2024\/02\/1968-troglodytes-Sierra-Nevada-Esp.-Copie-150x150.jpg 150w\" sizes=\"auto, (max-width: 400px) 100vw, 400px\" class=\"light-dropshaddow\"\/><\/a><\/div><\/div><div class=\"tcol-lg-4 tcol-md-4 tcol-sm-4 tcol-xs-6 tcol-ss-12 g_item\"><div class=\"grid_item kad_gallery_fade_in gallery_item\"><a href=\"https:\/\/versautrechose.fr\/portofolio\/wp-content\/uploads\/2024\/02\/1968-.dans-la-Sierra-Nevada-en-avr.-Esp.-.jpg\" data-rel=\"lightbox\" class=\"lightboxhover\"><img loading=\"lazy\" decoding=\"async\" src=\"https:\/\/versautrechose.fr\/portofolio\/wp-content\/uploads\/2024\/02\/1968-.dans-la-Sierra-Nevada-en-avr.-Esp.--400x400.jpg\" width=\"400\" height=\"400\" alt=\"1968 ...la Sierra Nevada au mois d&#039;avril - Espagne\" srcset=\"https:\/\/versautrechose.fr\/portofolio\/wp-content\/uploads\/2024\/02\/1968-.dans-la-Sierra-Nevada-en-avr.-Esp.--400x400.jpg 400w, https:\/\/versautrechose.fr\/portofolio\/wp-content\/uploads\/2024\/02\/1968-.dans-la-Sierra-Nevada-en-avr.-Esp.--150x150.jpg 150w\" sizes=\"auto, (max-width: 400px) 100vw, 400px\" class=\"light-dropshaddow\"\/><\/a><\/div><\/div><div class=\"tcol-lg-4 tcol-md-4 tcol-sm-4 tcol-xs-6 tcol-ss-12 g_item\"><div class=\"grid_item kad_gallery_fade_in gallery_item\"><a href=\"https:\/\/versautrechose.fr\/portofolio\/wp-content\/uploads\/2024\/02\/1968-Sierra-Nevada-Esp.-.jpg\" data-rel=\"lightbox\" class=\"lightboxhover\"><img loading=\"lazy\" decoding=\"async\" src=\"https:\/\/versautrechose.fr\/portofolio\/wp-content\/uploads\/2024\/02\/1968-Sierra-Nevada-Esp.--400x400.jpg\" width=\"400\" height=\"400\" alt=\"1968 ... dans un village de la Sierra Nevada d&#039;Espagne\" srcset=\"https:\/\/versautrechose.fr\/portofolio\/wp-content\/uploads\/2024\/02\/1968-Sierra-Nevada-Esp.--400x400.jpg 400w, https:\/\/versautrechose.fr\/portofolio\/wp-content\/uploads\/2024\/02\/1968-Sierra-Nevada-Esp.--150x150.jpg 150w\" sizes=\"auto, (max-width: 400px) 100vw, 400px\" class=\"light-dropshaddow\"\/><\/a><\/div><\/div><div class=\"tcol-lg-4 tcol-md-4 tcol-sm-4 tcol-xs-6 tcol-ss-12 g_item\"><div class=\"grid_item kad_gallery_fade_in gallery_item\"><a href=\"https:\/\/versautrechose.fr\/portofolio\/wp-content\/uploads\/2024\/02\/1968-.a-Grenade-dans-les-jardins-Copie.jpg\" data-rel=\"lightbox\" class=\"lightboxhover\"><img loading=\"lazy\" decoding=\"async\" src=\"https:\/\/versautrechose.fr\/portofolio\/wp-content\/uploads\/2024\/02\/1968-.a-Grenade-dans-les-jardins-Copie-400x400.jpg\" width=\"400\" height=\"400\" alt=\"avril 1968, \u00e0 Grenade dans les jardins - Espagne\" srcset=\"https:\/\/versautrechose.fr\/portofolio\/wp-content\/uploads\/2024\/02\/1968-.a-Grenade-dans-les-jardins-Copie-400x400.jpg 400w, https:\/\/versautrechose.fr\/portofolio\/wp-content\/uploads\/2024\/02\/1968-.a-Grenade-dans-les-jardins-Copie-150x150.jpg 150w\" sizes=\"auto, (max-width: 400px) 100vw, 400px\" class=\"light-dropshaddow\"\/><\/a><\/div><\/div><div class=\"tcol-lg-4 tcol-md-4 tcol-sm-4 tcol-xs-6 tcol-ss-12 g_item\"><div class=\"grid_item kad_gallery_fade_in gallery_item\"><a href=\"https:\/\/versautrechose.fr\/portofolio\/wp-content\/uploads\/2024\/02\/1968-.a-lAlhambra-en-Andalousie-Espagne-Copie.jpg\" data-rel=\"lightbox\" class=\"lightboxhover\"><img loading=\"lazy\" decoding=\"async\" src=\"https:\/\/versautrechose.fr\/portofolio\/wp-content\/uploads\/2024\/02\/1968-.a-lAlhambra-en-Andalousie-Espagne-Copie-400x400.jpg\" width=\"400\" height=\"400\" alt=\"1968 ...\u00e0 l\u2019Alhambra en Andalousie (Espagne). Ce sera mon dernier voyage avec mes parents. Le \u201ctsunami\u201d de la \u00ab\u00a0contre-culture\u00a0\u00bb arrivait, j\u2019en ai pris l\u2019id\u00e9e essentielle, \u201cla vie en itin\u00e9rance\u201d\u2026 hors des conformismes, j\u2019en ai pay\u00e9 le prix fort, exorbitant m\u00eame\u00a0! Le prix \u00e0 payer d&#039;une certaine \u201coriginalit\u00e9\u201d en toute ind\u00e9pendance, sans doute relative, bien s\u00fbr...\" srcset=\"https:\/\/versautrechose.fr\/portofolio\/wp-content\/uploads\/2024\/02\/1968-.a-lAlhambra-en-Andalousie-Espagne-Copie-400x400.jpg 400w, https:\/\/versautrechose.fr\/portofolio\/wp-content\/uploads\/2024\/02\/1968-.a-lAlhambra-en-Andalousie-Espagne-Copie-150x150.jpg 150w\" sizes=\"auto, (max-width: 400px) 100vw, 400px\" class=\"light-dropshaddow\"\/><\/a><\/div><\/div><div class=\"tcol-lg-4 tcol-md-4 tcol-sm-4 tcol-xs-6 tcol-ss-12 g_item\"><div class=\"grid_item kad_gallery_fade_in gallery_item\"><a href=\"https:\/\/versautrechose.fr\/portofolio\/wp-content\/uploads\/2024\/02\/1968-La-Bouscarasse-Copie.jpg\" data-rel=\"lightbox\" class=\"lightboxhover\"><img loading=\"lazy\" decoding=\"async\" src=\"https:\/\/versautrechose.fr\/portofolio\/wp-content\/uploads\/2024\/02\/1968-La-Bouscarasse-Copie-400x400.jpg\" width=\"400\" height=\"400\" alt=\"mai 1968 - La Bouscarasse en C\u00e9vennes\" srcset=\"https:\/\/versautrechose.fr\/portofolio\/wp-content\/uploads\/2024\/02\/1968-La-Bouscarasse-Copie-400x400.jpg 400w, https:\/\/versautrechose.fr\/portofolio\/wp-content\/uploads\/2024\/02\/1968-La-Bouscarasse-Copie-150x150.jpg 150w\" sizes=\"auto, (max-width: 400px) 100vw, 400px\" class=\"light-dropshaddow\"\/><\/a><\/div><\/div><div class=\"tcol-lg-4 tcol-md-4 tcol-sm-4 tcol-xs-6 tcol-ss-12 g_item\"><div class=\"grid_item kad_gallery_fade_in gallery_item\"><a href=\"https:\/\/versautrechose.fr\/portofolio\/wp-content\/uploads\/2024\/02\/1968-arbre-a-la-Bouscarasse-Copie.jpg\" data-rel=\"lightbox\" class=\"lightboxhover\"><img loading=\"lazy\" decoding=\"async\" src=\"https:\/\/versautrechose.fr\/portofolio\/wp-content\/uploads\/2024\/02\/1968-arbre-a-la-Bouscarasse-Copie-400x400.jpg\" width=\"400\" height=\"400\" alt=\"en mai 1968..., j&#039;ai toujours bien aim\u00e9 les arbres... - La Bouscarasse\" srcset=\"https:\/\/versautrechose.fr\/portofolio\/wp-content\/uploads\/2024\/02\/1968-arbre-a-la-Bouscarasse-Copie-400x400.jpg 400w, https:\/\/versautrechose.fr\/portofolio\/wp-content\/uploads\/2024\/02\/1968-arbre-a-la-Bouscarasse-Copie-150x150.jpg 150w\" sizes=\"auto, (max-width: 400px) 100vw, 400px\" class=\"light-dropshaddow\"\/><\/a><\/div><\/div><div class=\"tcol-lg-4 tcol-md-4 tcol-sm-4 tcol-xs-6 tcol-ss-12 g_item\"><div class=\"grid_item kad_gallery_fade_in gallery_item\"><a href=\"https:\/\/versautrechose.fr\/portofolio\/wp-content\/uploads\/2024\/02\/1968-la-Bouscarasse-Copie-2.jpg\" data-rel=\"lightbox\" class=\"lightboxhover\"><img loading=\"lazy\" decoding=\"async\" src=\"https:\/\/versautrechose.fr\/portofolio\/wp-content\/uploads\/2024\/02\/1968-la-Bouscarasse-Copie-2-400x400.jpg\" width=\"400\" height=\"400\" alt=\"pendant mai 1968..., \u00e0 La Bouscarasse \" srcset=\"https:\/\/versautrechose.fr\/portofolio\/wp-content\/uploads\/2024\/02\/1968-la-Bouscarasse-Copie-2-400x400.jpg 400w, https:\/\/versautrechose.fr\/portofolio\/wp-content\/uploads\/2024\/02\/1968-la-Bouscarasse-Copie-2-150x150.jpg 150w\" sizes=\"auto, (max-width: 400px) 100vw, 400px\" class=\"light-dropshaddow\"\/><\/a><\/div><\/div><div class=\"tcol-lg-4 tcol-md-4 tcol-sm-4 tcol-xs-6 tcol-ss-12 g_item\"><div class=\"grid_item kad_gallery_fade_in gallery_item\"><a href=\"https:\/\/versautrechose.fr\/portofolio\/wp-content\/uploads\/2024\/02\/1968-Chritine-D.-de-Normandie-une-cousine-du-cote-paternel-tres-agreable-jolie-et-pour-qui-javais-de-laffection.-Copie.jpg\" data-rel=\"lightbox\" class=\"lightboxhover\"><img loading=\"lazy\" decoding=\"async\" src=\"https:\/\/versautrechose.fr\/portofolio\/wp-content\/uploads\/2024\/02\/1968-Chritine-D.-de-Normandie-une-cousine-du-cote-paternel-tres-agreable-jolie-et-pour-qui-javais-de-laffection.-Copie-400x400.jpg\" width=\"400\" height=\"400\" alt=\"...en mai 1968 - Christine D. de Normandie, une cousine du c\u00f4t\u00e9 paternel, tr\u00e8s agr\u00e9able personne, jolie, et pour qui j&#039;avais de l&#039;affection. \" srcset=\"https:\/\/versautrechose.fr\/portofolio\/wp-content\/uploads\/2024\/02\/1968-Chritine-D.-de-Normandie-une-cousine-du-cote-paternel-tres-agreable-jolie-et-pour-qui-javais-de-laffection.-Copie-400x400.jpg 400w, https:\/\/versautrechose.fr\/portofolio\/wp-content\/uploads\/2024\/02\/1968-Chritine-D.-de-Normandie-une-cousine-du-cote-paternel-tres-agreable-jolie-et-pour-qui-javais-de-laffection.-Copie-150x150.jpg 150w\" sizes=\"auto, (max-width: 400px) 100vw, 400px\" class=\"light-dropshaddow\"\/><\/a><\/div><\/div><div class=\"tcol-lg-4 tcol-md-4 tcol-sm-4 tcol-xs-6 tcol-ss-12 g_item\"><div class=\"grid_item kad_gallery_fade_in gallery_item\"><a href=\"https:\/\/versautrechose.fr\/portofolio\/wp-content\/uploads\/2024\/02\/1968-la-Bouscarasse-dans-les-Cevennes.jpg\" data-rel=\"lightbox\" class=\"lightboxhover\"><img loading=\"lazy\" decoding=\"async\" src=\"https:\/\/versautrechose.fr\/portofolio\/wp-content\/uploads\/2024\/02\/1968-la-Bouscarasse-dans-les-Cevennes-400x400.jpg\" width=\"400\" height=\"400\" alt=\"...mai 1968 - La Bouscarasse, la partie du b\u00e2timent multiple, que mes parents ont lou\u00e9 entre 1962 et 1969 \" srcset=\"https:\/\/versautrechose.fr\/portofolio\/wp-content\/uploads\/2024\/02\/1968-la-Bouscarasse-dans-les-Cevennes-400x400.jpg 400w, https:\/\/versautrechose.fr\/portofolio\/wp-content\/uploads\/2024\/02\/1968-la-Bouscarasse-dans-les-Cevennes-150x150.jpg 150w\" sizes=\"auto, (max-width: 400px) 100vw, 400px\" class=\"light-dropshaddow\"\/><\/a><\/div><\/div><div class=\"tcol-lg-4 tcol-md-4 tcol-sm-4 tcol-xs-6 tcol-ss-12 g_item\"><div class=\"grid_item kad_gallery_fade_in gallery_item\"><a href=\"https:\/\/versautrechose.fr\/portofolio\/wp-content\/uploads\/2024\/02\/1968-solitude-Copie.jpg\" data-rel=\"lightbox\" class=\"lightboxhover\"><img loading=\"lazy\" decoding=\"async\" src=\"https:\/\/versautrechose.fr\/portofolio\/wp-content\/uploads\/2024\/02\/1968-solitude-Copie-400x400.jpg\" width=\"400\" height=\"400\" alt=\"\u00e0 La Bouscarasse en automne 1968 - premi\u00e8re d\u00e9couverte d&#039;une solitude (relative) volontaire, et assum\u00e9e...  posant le questionnement sur la conscience et celle d&#039;une r\u00e9flexion sur la nature, de Gary Snyder po\u00e8te n\u00e9 en 1930 \u201clibre penseur am\u00e9ricain\u201d, (la \u201cBeat Generation\u201d) qui t\u00e9moigne \u00e9galement d&#039;un attachement profond aux grands espaces, \u00e0 la nature et aux spiritualit\u00e9s \u201cchamaniques\u201d dans lesquelles l&#039;homme est partie int\u00e9grante du Cosmos.* *(voir\u00a0: http:\/\/camisard.hautetfort.com\/archive\/2019\/12\/13\/cosmosapiens-ou-le-souffle-du-cosmos-6197934.html ) \" srcset=\"https:\/\/versautrechose.fr\/portofolio\/wp-content\/uploads\/2024\/02\/1968-solitude-Copie-400x400.jpg 400w, https:\/\/versautrechose.fr\/portofolio\/wp-content\/uploads\/2024\/02\/1968-solitude-Copie-150x150.jpg 150w\" sizes=\"auto, (max-width: 400px) 100vw, 400px\" class=\"light-dropshaddow\"\/><\/a><\/div><\/div><div class=\"tcol-lg-4 tcol-md-4 tcol-sm-4 tcol-xs-6 tcol-ss-12 g_item\"><div class=\"grid_item kad_gallery_fade_in gallery_item\"><a href=\"https:\/\/versautrechose.fr\/portofolio\/wp-content\/uploads\/2024\/02\/1969-.lete-dans-les-calanques-du-Cap-Brun-Toulon-Copie.jpg\" data-rel=\"lightbox\" class=\"lightboxhover\"><img loading=\"lazy\" decoding=\"async\" src=\"https:\/\/versautrechose.fr\/portofolio\/wp-content\/uploads\/2024\/02\/1969-.lete-dans-les-calanques-du-Cap-Brun-Toulon-Copie-400x400.jpg\" width=\"400\" height=\"400\" alt=\"1969 - ...l&#039;\u00e9t\u00e9 dans les calanques du Cap Brun (Toulon). \u00ab\u00a0Beat Generation\u00a0\u00bb - (\u201cbeat\u201d ou \u201citin\u00e9rance\u201d, une fa\u00e7on bien particuli\u00e8re de traverser la vie)\" srcset=\"https:\/\/versautrechose.fr\/portofolio\/wp-content\/uploads\/2024\/02\/1969-.lete-dans-les-calanques-du-Cap-Brun-Toulon-Copie-400x400.jpg 400w, https:\/\/versautrechose.fr\/portofolio\/wp-content\/uploads\/2024\/02\/1969-.lete-dans-les-calanques-du-Cap-Brun-Toulon-Copie-150x150.jpg 150w\" sizes=\"auto, (max-width: 400px) 100vw, 400px\" class=\"light-dropshaddow\"\/><\/a><\/div><\/div><div class=\"tcol-lg-4 tcol-md-4 tcol-sm-4 tcol-xs-6 tcol-ss-12 g_item\"><div class=\"grid_item kad_gallery_fade_in gallery_item\"><a href=\"https:\/\/versautrechose.fr\/portofolio\/wp-content\/uploads\/2024\/02\/1970-.epoque-des-Beaux-Arts-a-Toulon-dans-ma-chambre-de-laprt.-des-parents-av.-Vauban-Banque-de-France-Copie.jpg\" data-rel=\"lightbox\" class=\"lightboxhover\"><img loading=\"lazy\" decoding=\"async\" src=\"https:\/\/versautrechose.fr\/portofolio\/wp-content\/uploads\/2024\/02\/1970-.epoque-des-Beaux-Arts-a-Toulon-dans-ma-chambre-de-laprt.-des-parents-av.-Vauban-Banque-de-France-Copie-400x400.jpg\" width=\"400\" height=\"400\" alt=\"1970 - ...\u00e9poque des Beaux-Arts \u00e0 Toulon ; dans ma chambre (de l&#039;aprt. de mes parents av. Vauban - Banque de France), je faisais vraiment tr\u00e8s \u201cd\u00e9sordre\u201d dans cet environnement \u201cbourgeaois\u201d bien sp\u00e9cifique de ce milieux !\" srcset=\"https:\/\/versautrechose.fr\/portofolio\/wp-content\/uploads\/2024\/02\/1970-.epoque-des-Beaux-Arts-a-Toulon-dans-ma-chambre-de-laprt.-des-parents-av.-Vauban-Banque-de-France-Copie-400x400.jpg 400w, https:\/\/versautrechose.fr\/portofolio\/wp-content\/uploads\/2024\/02\/1970-.epoque-des-Beaux-Arts-a-Toulon-dans-ma-chambre-de-laprt.-des-parents-av.-Vauban-Banque-de-France-Copie-150x150.jpg 150w\" sizes=\"auto, (max-width: 400px) 100vw, 400px\" class=\"light-dropshaddow\"\/><\/a><\/div><\/div><div class=\"tcol-lg-4 tcol-md-4 tcol-sm-4 tcol-xs-6 tcol-ss-12 g_item\"><div class=\"grid_item kad_gallery_fade_in gallery_item\"><a href=\"https:\/\/versautrechose.fr\/portofolio\/wp-content\/uploads\/2024\/02\/1969-1970-Copie.jpg\" data-rel=\"lightbox\" class=\"lightboxhover\"><img loading=\"lazy\" decoding=\"async\" src=\"https:\/\/versautrechose.fr\/portofolio\/wp-content\/uploads\/2024\/02\/1969-1970-Copie-400x400.jpg\" width=\"400\" height=\"400\" alt=\"...l\u2019unique tableau [huile - 40cm\/60cm] rescap\u00e9 de mes deux ann\u00e9es (69 et 70) des \u00ab\u00a0Beaux Arts\u00a0\u00bb de Toulon\u00a0!\" srcset=\"https:\/\/versautrechose.fr\/portofolio\/wp-content\/uploads\/2024\/02\/1969-1970-Copie-400x400.jpg 400w, https:\/\/versautrechose.fr\/portofolio\/wp-content\/uploads\/2024\/02\/1969-1970-Copie-150x150.jpg 150w\" sizes=\"auto, (max-width: 400px) 100vw, 400px\" class=\"light-dropshaddow\"\/><\/a><\/div><\/div><div class=\"tcol-lg-4 tcol-md-4 tcol-sm-4 tcol-xs-6 tcol-ss-12 g_item\"><div class=\"grid_item kad_gallery_fade_in gallery_item\"><a href=\"https:\/\/versautrechose.fr\/portofolio\/wp-content\/uploads\/2024\/02\/1970-.une-impro.-a-la-Syd-Barrett-Copie.jpg\" data-rel=\"lightbox\" class=\"lightboxhover\"><img loading=\"lazy\" decoding=\"async\" src=\"https:\/\/versautrechose.fr\/portofolio\/wp-content\/uploads\/2024\/02\/1970-.une-impro.-a-la-Syd-Barrett-Copie-400x400.jpg\" width=\"400\" height=\"400\" alt=\"1970 - ...une impro. \u00e0 la R. W. Wrigh de Pink Floyd dans \u00ab\u00a0A Saucerful of Secrets\u00a0\u00bb; sur le v\u00e9n\u00e9rable piano ancestral qui n&#039;\u00e9tait sans doute pas fait pour ce genre de \u201cvibrations sacril\u00e8ges\u201d... !\" srcset=\"https:\/\/versautrechose.fr\/portofolio\/wp-content\/uploads\/2024\/02\/1970-.une-impro.-a-la-Syd-Barrett-Copie-400x400.jpg 400w, https:\/\/versautrechose.fr\/portofolio\/wp-content\/uploads\/2024\/02\/1970-.une-impro.-a-la-Syd-Barrett-Copie-150x150.jpg 150w\" sizes=\"auto, (max-width: 400px) 100vw, 400px\" class=\"light-dropshaddow\"\/><\/a><\/div><\/div><div class=\"tcol-lg-4 tcol-md-4 tcol-sm-4 tcol-xs-6 tcol-ss-12 g_item\"><div class=\"grid_item kad_gallery_fade_in gallery_item\"><a href=\"https:\/\/versautrechose.fr\/portofolio\/wp-content\/uploads\/2024\/02\/1971-.a-Bellecombe-Tarentaise-Moutiers-en-Savoie-mon-premier-job-saison-dete-dans-lhotelerie-Copie.jpg\" data-rel=\"lightbox\" class=\"lightboxhover\"><img loading=\"lazy\" decoding=\"async\" src=\"https:\/\/versautrechose.fr\/portofolio\/wp-content\/uploads\/2024\/02\/1971-.a-Bellecombe-Tarentaise-Moutiers-en-Savoie-mon-premier-job-saison-dete-dans-lhotelerie-Copie-400x400.jpg\" width=\"400\" height=\"400\" alt=\"1971 - ...\u00e0 Bellecombe-Tarentaise (Moutiers) en Savoie, mon premier job de saison d&#039;\u00e9t\u00e9 dans l&#039;h\u00f4tellerie; \u00e0 17 ans j&#039;ai voulu affirmer mon autonomie de vie, il fallait faire des compromis de surface et s&#039;adapter \u00e0 l&#039;environnement soci\u00e9tal ...\" srcset=\"https:\/\/versautrechose.fr\/portofolio\/wp-content\/uploads\/2024\/02\/1971-.a-Bellecombe-Tarentaise-Moutiers-en-Savoie-mon-premier-job-saison-dete-dans-lhotelerie-Copie-400x400.jpg 400w, https:\/\/versautrechose.fr\/portofolio\/wp-content\/uploads\/2024\/02\/1971-.a-Bellecombe-Tarentaise-Moutiers-en-Savoie-mon-premier-job-saison-dete-dans-lhotelerie-Copie-150x150.jpg 150w\" sizes=\"auto, (max-width: 400px) 100vw, 400px\" class=\"light-dropshaddow\"\/><\/a><\/div><\/div><div class=\"tcol-lg-4 tcol-md-4 tcol-sm-4 tcol-xs-6 tcol-ss-12 g_item\"><div class=\"grid_item kad_gallery_fade_in gallery_item\"><a href=\"https:\/\/versautrechose.fr\/portofolio\/wp-content\/uploads\/2024\/02\/1972-Odile-a-Bellecombe-Tarentaise-Moutiers-en-Savoie-Copie.jpg\" data-rel=\"lightbox\" class=\"lightboxhover\"><img loading=\"lazy\" decoding=\"async\" src=\"https:\/\/versautrechose.fr\/portofolio\/wp-content\/uploads\/2024\/02\/1972-Odile-a-Bellecombe-Tarentaise-Moutiers-en-Savoie-Copie-400x400.jpg\" width=\"400\" height=\"400\" alt=\"1972 - ...ma soeur a\u00een\u00e9e venue me voir \u00e0 Bellecombe-Tarentaise, curieuse sans doute de voir ce que je devenais.\" srcset=\"https:\/\/versautrechose.fr\/portofolio\/wp-content\/uploads\/2024\/02\/1972-Odile-a-Bellecombe-Tarentaise-Moutiers-en-Savoie-Copie-400x400.jpg 400w, https:\/\/versautrechose.fr\/portofolio\/wp-content\/uploads\/2024\/02\/1972-Odile-a-Bellecombe-Tarentaise-Moutiers-en-Savoie-Copie-150x150.jpg 150w\" sizes=\"auto, (max-width: 400px) 100vw, 400px\" class=\"light-dropshaddow\"\/><\/a><\/div><\/div><div class=\"tcol-lg-4 tcol-md-4 tcol-sm-4 tcol-xs-6 tcol-ss-12 g_item\"><div class=\"grid_item kad_gallery_fade_in gallery_item\"><a href=\"https:\/\/versautrechose.fr\/portofolio\/wp-content\/uploads\/2024\/02\/1976-Chalet-Bissac-Flaine-copie.jpg\" data-rel=\"lightbox\" class=\"lightboxhover\"><img loading=\"lazy\" decoding=\"async\" src=\"https:\/\/versautrechose.fr\/portofolio\/wp-content\/uploads\/2024\/02\/1976-Chalet-Bissac-Flaine-copie-400x400.jpg\" width=\"400\" height=\"400\" alt=\"1976 - Au \u00ab\u00a0Chalet Bissac\u00a0\u00bb (pr\u00e8s des pistes de ski \u00e0 Flaine en Haute-Savoie) ici en \u201csaison d&#039;hiver\u201d avec la \u201ctauli\u00e8re\u201d; c&#039;est mon meilleur souvenir de job dans ce m\u00e9tier que j&#039;ai exerc\u00e9 une dizaine d&#039;ann\u00e9es, c&#039;\u00e9tait vraiment tr\u00e8s sympa !\" srcset=\"https:\/\/versautrechose.fr\/portofolio\/wp-content\/uploads\/2024\/02\/1976-Chalet-Bissac-Flaine-copie-400x400.jpg 400w, https:\/\/versautrechose.fr\/portofolio\/wp-content\/uploads\/2024\/02\/1976-Chalet-Bissac-Flaine-copie-150x150.jpg 150w\" sizes=\"auto, (max-width: 400px) 100vw, 400px\" class=\"light-dropshaddow\"\/><\/a><\/div><\/div><div class=\"tcol-lg-4 tcol-md-4 tcol-sm-4 tcol-xs-6 tcol-ss-12 g_item\"><div class=\"grid_item kad_gallery_fade_in gallery_item\"><a href=\"https:\/\/versautrechose.fr\/portofolio\/wp-content\/uploads\/2024\/02\/1982-Tapisserie-dameublement-a-Buxiere-les-Mines-Allier-Copie.jpg\" data-rel=\"lightbox\" class=\"lightboxhover\"><img loading=\"lazy\" decoding=\"async\" src=\"https:\/\/versautrechose.fr\/portofolio\/wp-content\/uploads\/2024\/02\/1982-Tapisserie-dameublement-a-Buxiere-les-Mines-Allier-Copie-400x400.jpg\" width=\"400\" height=\"400\" alt=\"1982 - Tapisserie d&#039;ameublement (ici l&#039;\u00e9laboration d\u2019une chauffeuse de Style Louis XV) \u00e0 Buxi\u00e8re les Mines dans l&#039;Allier. Ce \u201ctravail manuel\u201d en lien avec l&#039;art, me plaisait beaucoup...\" srcset=\"https:\/\/versautrechose.fr\/portofolio\/wp-content\/uploads\/2024\/02\/1982-Tapisserie-dameublement-a-Buxiere-les-Mines-Allier-Copie-400x400.jpg 400w, https:\/\/versautrechose.fr\/portofolio\/wp-content\/uploads\/2024\/02\/1982-Tapisserie-dameublement-a-Buxiere-les-Mines-Allier-Copie-150x150.jpg 150w\" sizes=\"auto, (max-width: 400px) 100vw, 400px\" class=\"light-dropshaddow\"\/><\/a><\/div><\/div><div class=\"tcol-lg-4 tcol-md-4 tcol-sm-4 tcol-xs-6 tcol-ss-12 g_item\"><div class=\"grid_item kad_gallery_fade_in gallery_item\"><a href=\"https:\/\/versautrechose.fr\/portofolio\/wp-content\/uploads\/2024\/02\/DSC_0731-Copie.jpg\" data-rel=\"lightbox\" class=\"lightboxhover\"><img loading=\"lazy\" decoding=\"async\" src=\"https:\/\/versautrechose.fr\/portofolio\/wp-content\/uploads\/2024\/02\/DSC_0731-Copie-400x400.jpg\" width=\"400\" height=\"400\" alt=\"\u00ab De tout, il resta trois choses : La certitude que tout \u00e9tait en train de commencer, la certitude qu\u2019il fallait continuer, la certitude que cela serait interrompu avant que d\u2019\u00eatre termin\u00e9. Faire de l\u2019interruption, un nouveau chemin, Faire de la chute, un pas de danse, Faire de la peur, un escalier, Du r\u00eave, un pont, De la recherche\u2026 Une rencontre. \u00bb - Fernando Pessoa - (voir : https:\/\/versautrechose.fr\/blog3\/?p=748) Cette \u201cgalerie\u201d est en hommage \u00e0 mes parents, en particulier \u00e0 ma m\u00e8re avec qui j\u2019ai eu un lien profond, jusqu\u2019\u00e0 sa fin paisible.  Elle est aussi d\u00e9di\u00e9 \u00e0 mes quatre enfants, et plus sp\u00e9cialement \u00e0 mes deux petites filles Marie de 2009 et sa s\u0153ur Lucie de 2011 que je n\u2019ai jamais pu rencontrer, et qui sait peut \u00eatre un jour pourront-elles en prendre connaissance et leur donner un \u00e9clairage sur leur ascendance dont elles aurons \u00e9t\u00e9 priv\u00e9es par l\u2019aveuglement d\u2019\u00e9motions identitaires crisp\u00e9es, violentes, toxiques et stupides.\" srcset=\"https:\/\/versautrechose.fr\/portofolio\/wp-content\/uploads\/2024\/02\/DSC_0731-Copie-400x400.jpg 400w, https:\/\/versautrechose.fr\/portofolio\/wp-content\/uploads\/2024\/02\/DSC_0731-Copie-150x150.jpg 150w\" sizes=\"auto, (max-width: 400px) 100vw, 400px\" class=\"light-dropshaddow\"\/><\/a><\/div><\/div><div class=\"tcol-lg-4 tcol-md-4 tcol-sm-4 tcol-xs-6 tcol-ss-12 g_item\"><div class=\"grid_item kad_gallery_fade_in gallery_item\"><a href=\"https:\/\/versautrechose.fr\/portofolio\/wp-content\/uploads\/2024\/02\/DSC_0732-Copie.jpg\" data-rel=\"lightbox\" class=\"lightboxhover\"><img loading=\"lazy\" decoding=\"async\" src=\"https:\/\/versautrechose.fr\/portofolio\/wp-content\/uploads\/2024\/02\/DSC_0732-Copie-400x400.jpg\" width=\"400\" height=\"400\" alt=\"\u00ab\u00a0Ce que tu aimes vraiment demeure\u2026, Le reste est \u201cd\u00e9chet\u201d...  Ce que tu aimes vraiment ne te sera pas arrach\u00e9 Ce que tu aimes vraiment  Est ton v\u00e9ritable h\u00e9ritage\u00a0\u00bb   Ezra Weston Loomis Pound, po\u00e8te (1885-1972)...\" srcset=\"https:\/\/versautrechose.fr\/portofolio\/wp-content\/uploads\/2024\/02\/DSC_0732-Copie-400x400.jpg 400w, https:\/\/versautrechose.fr\/portofolio\/wp-content\/uploads\/2024\/02\/DSC_0732-Copie-150x150.jpg 150w\" sizes=\"auto, (max-width: 400px) 100vw, 400px\" class=\"light-dropshaddow\"\/><\/a><\/div><\/div><div class=\"tcol-lg-4 tcol-md-4 tcol-sm-4 tcol-xs-6 tcol-ss-12 g_item\"><div class=\"grid_item kad_gallery_fade_in gallery_item\"><a href=\"https:\/\/versautrechose.fr\/portofolio\/wp-content\/uploads\/2024\/02\/DSC_0834-Copie.jpg\" data-rel=\"lightbox\" class=\"lightboxhover\"><img loading=\"lazy\" decoding=\"async\" src=\"https:\/\/versautrechose.fr\/portofolio\/wp-content\/uploads\/2024\/02\/DSC_0834-Copie-400x400.jpg\" width=\"400\" height=\"400\" alt=\"...printemps 2024 avec Sandrine G., vers les sources de la Dourbie, Massif de l&#039;Aigoual , ma compagne depuis bien des ann\u00e9es maintenant, \u00e0 qui je dois beaucoup\u2026 sans doute d\u2019\u00eatre encore debout\u00a0! \u00ab Le Gardeur de Troupeaux \u00bb* Lorsque viendra le printemps, si je suis d\u00e9j\u00e0 mort, les fleurs fleuriront de la m\u00eame mani\u00e8re et les arbres ne seront pas moins verts qu\u2019au printemps pass\u00e9. La r\u00e9alit\u00e9 n\u2019a pas besoin de moi. J\u2019\u00e9prouve une joie \u00e9norme \u00e0 la pens\u00e9e que ma mort n\u2019a aucune importance. Si je savais que demain je dois mourir et que le printemps est pour apr\u00e8s-demain, je serais content de ce qu\u2019il soit pour apr\u00e8s-demain. Si c\u2019est l\u00e0 son temps, quand viendrait-il sinon en son temps ?   J\u2019aime que tout soit r\u00e9el et que tout soit pr\u00e9cis ; et je l\u2019aime parce qu\u2019il en serait ainsi, m\u00eame si je ne l\u2019aimais pas. C\u2019est pourquoi, si je meurs sur-le-champ, je meurs content, parce que tout est r\u00e9el et que tout est pr\u00e9cis. On peut, si l\u2019on veut, prier en latin sur mon cercueil. On peut, si l\u2019on veut, danser et chanter tout autour. Je n\u2019ai pas de pr\u00e9f\u00e9rences pour un temps o\u00f9 je ne pourrai plus avoir de pr\u00e9f\u00e9rences. Ce qui sera, quand cela sera, c\u2019est cela qui sera ce qui est. Fernando Pessoa (extrait, Gallimard)  ----- * \u00ab\u00a0Le gardeur de troupeaux\u00a0\u00bb est l\u2019\u0153uvre majeure d\u2019Alberto Caeiro, le ma\u00eetre naturaliste des h\u00e9t\u00e9ronymes invent\u00e9s par Fernando Pessoa. Berger imaginaire qui m\u00e8ne le troupeau de ses id\u00e9es, homme sans grande \u00e9ducation, ce n\u2019est pas un intellectuel raffin\u00e9. Sa po\u00e9sie est simple et directe, il est le po\u00e8te des sens, du monde et de la nature, pas de la pens\u00e9e.(voir : https:\/\/versautrechose.fr\/blog3\/?p=531)\" srcset=\"https:\/\/versautrechose.fr\/portofolio\/wp-content\/uploads\/2024\/02\/DSC_0834-Copie-400x400.jpg 400w, https:\/\/versautrechose.fr\/portofolio\/wp-content\/uploads\/2024\/02\/DSC_0834-Copie-150x150.jpg 150w\" sizes=\"auto, (max-width: 400px) 100vw, 400px\" class=\"light-dropshaddow\"\/><\/a><\/div><\/div><\/div>\n","protected":false},"excerpt":{"rendered":"<p>&nbsp;<\/p>\n","protected":false},"author":1,"featured_media":0,"comment_status":"open","ping_status":"open","sticky":false,"template":"","format":"standard","meta":{"kt_blocks_editor_width":"","footnotes":""},"categories":[1],"tags":[],"class_list":["post-4349","post","type-post","status-publish","format-standard","hentry","category-non-classe"],"_links":{"self":[{"href":"https:\/\/versautrechose.fr\/portofolio\/index.php\/wp-json\/wp\/v2\/posts\/4349","targetHints":{"allow":["GET"]}}],"collection":[{"href":"https:\/\/versautrechose.fr\/portofolio\/index.php\/wp-json\/wp\/v2\/posts"}],"about":[{"href":"https:\/\/versautrechose.fr\/portofolio\/index.php\/wp-json\/wp\/v2\/types\/post"}],"author":[{"embeddable":true,"href":"https:\/\/versautrechose.fr\/portofolio\/index.php\/wp-json\/wp\/v2\/users\/1"}],"replies":[{"embeddable":true,"href":"https:\/\/versautrechose.fr\/portofolio\/index.php\/wp-json\/wp\/v2\/comments?post=4349"}],"version-history":[{"count":91,"href":"https:\/\/versautrechose.fr\/portofolio\/index.php\/wp-json\/wp\/v2\/posts\/4349\/revisions"}],"predecessor-version":[{"id":5052,"href":"https:\/\/versautrechose.fr\/portofolio\/index.php\/wp-json\/wp\/v2\/posts\/4349\/revisions\/5052"}],"wp:attachment":[{"href":"https:\/\/versautrechose.fr\/portofolio\/index.php\/wp-json\/wp\/v2\/media?parent=4349"}],"wp:term":[{"taxonomy":"category","embeddable":true,"href":"https:\/\/versautrechose.fr\/portofolio\/index.php\/wp-json\/wp\/v2\/categories?post=4349"},{"taxonomy":"post_tag","embeddable":true,"href":"https:\/\/versautrechose.fr\/portofolio\/index.php\/wp-json\/wp\/v2\/tags?post=4349"}],"curies":[{"name":"wp","href":"https:\/\/api.w.org\/{rel}","templated":true}]}}