{"id":449,"date":"2015-12-15T15:37:11","date_gmt":"2015-12-15T14:37:11","guid":{"rendered":"http:\/\/versautrechose.fr\/portofolio\/?p=449"},"modified":"2016-03-06T17:57:41","modified_gmt":"2016-03-06T16:57:41","slug":"pyrenees-le-comminges-du-luchonnais","status":"publish","type":"post","link":"https:\/\/versautrechose.fr\/portofolio\/index.php\/2015\/12\/15\/pyrenees-le-comminges-du-luchonnais\/","title":{"rendered":"Pyr\u00e9n\u00e9es&#8230; le Comminges du Luchonnais"},"content":{"rendered":"<p>&nbsp;<\/p>\n<div class=\"pullquote pullquote-center\">\n<p>Je me l\u2019\u00e9tais promis&#8230; y retourner&#8230;\u00a0! J\u2019ai pu cette ann\u00e9e m\u2019y rendre \u00e0 plusieurs reprises&#8230; le temps \u00e9tait instable, il a fallu \u00eatre \u00e0 l\u2019aff\u00fbt des possibilit\u00e9s&#8230; J\u2019y ai cependant v\u00e9cu des moments de \u00ab\u00a0gr\u00e2ce\u00a0\u00bb&#8230; et j\u2019ai \u00e9t\u00e9 au bout de ce que je pouvais faire en \u00ab\u00a0rando-solitaire\u00a0\u00bb&#8230; exp\u00e9riences aux tr\u00e9fonds de soi&#8230; o\u00f9 nous sommes responsables \u00e0 100% de nous m\u00eame dans un environnement o\u00f9 nous n\u2019avons que la \u00ab\u00a0permission de passer\u00a0\u00bb&#8230; (La densit\u00e9 de ce p\u00e9riple n\u00e9cessitera quatre galeries, dont voici la premi\u00e8re&#8230;)<\/p>\n<\/div>\n<p>&nbsp;<\/p>\n<div id=\"kad-wp-gallery74\" class=\"kad-wp-gallery kad-light-wp-gallery clearfix kt-gallery-column-4 rowtight\"><div class=\"tcol-lg-3 tcol-md-3 tcol-sm-4 tcol-xs-6 tcol-ss-12 g_item\"><div class=\"grid_item kad_gallery_fade_in gallery_item\"><a href=\"https:\/\/versautrechose.fr\/portofolio\/wp-content\/uploads\/2015\/12\/Igaluck-salamandre.jpg\" data-rel=\"lightbox\" class=\"lightboxhover\"><img loading=\"lazy\" decoding=\"async\" src=\"https:\/\/versautrechose.fr\/portofolio\/wp-content\/uploads\/2015\/12\/Igaluck-salamandre-300x300.jpg\" width=\"300\" height=\"300\" alt=\"Nutrisco et extinguo - Au pied de l\u2019Escalette (1 640 m) dans les nu\u00e9es... Salamandre, rencontre (m\u00e9morable !) au bois de Salabe (1 470 m)\" srcset=\"https:\/\/versautrechose.fr\/portofolio\/wp-content\/uploads\/2015\/12\/Igaluck-salamandre-300x300.jpg 300w, https:\/\/versautrechose.fr\/portofolio\/wp-content\/uploads\/2015\/12\/Igaluck-salamandre-150x150.jpg 150w\" sizes=\"auto, (max-width: 300px) 100vw, 300px\" class=\"light-dropshaddow\"\/><\/a><\/div><\/div><div class=\"tcol-lg-3 tcol-md-3 tcol-sm-4 tcol-xs-6 tcol-ss-12 g_item\"><div class=\"grid_item kad_gallery_fade_in gallery_item\"><a href=\"https:\/\/versautrechose.fr\/portofolio\/wp-content\/uploads\/2015\/12\/Mtgne_la_Seube-1560.jpg\" data-rel=\"lightbox\" class=\"lightboxhover\"><img loading=\"lazy\" decoding=\"async\" src=\"https:\/\/versautrechose.fr\/portofolio\/wp-content\/uploads\/2015\/12\/Mtgne_la_Seube-1560-300x300.jpg\" width=\"300\" height=\"300\" alt=\"Montagne de la Seube, 1560 m -  Contre-jour le soir dans le sous-bois de la for\u00eat... \" srcset=\"https:\/\/versautrechose.fr\/portofolio\/wp-content\/uploads\/2015\/12\/Mtgne_la_Seube-1560-300x300.jpg 300w, https:\/\/versautrechose.fr\/portofolio\/wp-content\/uploads\/2015\/12\/Mtgne_la_Seube-1560-150x150.jpg 150w\" sizes=\"auto, (max-width: 300px) 100vw, 300px\" class=\"light-dropshaddow\"\/><\/a><\/div><\/div><div class=\"tcol-lg-3 tcol-md-3 tcol-sm-4 tcol-xs-6 tcol-ss-12 g_item\"><div class=\"grid_item kad_gallery_fade_in gallery_item\"><a href=\"https:\/\/versautrechose.fr\/portofolio\/wp-content\/uploads\/2015\/12\/Pic_du_Gar1.jpg\" data-rel=\"lightbox\" class=\"lightboxhover\"><img loading=\"lazy\" decoding=\"async\" src=\"https:\/\/versautrechose.fr\/portofolio\/wp-content\/uploads\/2015\/12\/Pic_du_Gar1-300x300.jpg\" width=\"300\" height=\"300\" alt=\"Pic du Gar, face ouest - Balade \u00e0 la chapelle d\u2019Esputs, 808 m d&#039;altitude\" srcset=\"https:\/\/versautrechose.fr\/portofolio\/wp-content\/uploads\/2015\/12\/Pic_du_Gar1-300x300.jpg 300w, https:\/\/versautrechose.fr\/portofolio\/wp-content\/uploads\/2015\/12\/Pic_du_Gar1-150x150.jpg 150w\" sizes=\"auto, (max-width: 300px) 100vw, 300px\" class=\"light-dropshaddow\"\/><\/a><\/div><\/div><div class=\"tcol-lg-3 tcol-md-3 tcol-sm-4 tcol-xs-6 tcol-ss-12 g_item\"><div class=\"grid_item kad_gallery_fade_in gallery_item\"><a href=\"https:\/\/versautrechose.fr\/portofolio\/wp-content\/uploads\/2015\/12\/Pic_du_Gar_17851.jpg\" data-rel=\"lightbox\" class=\"lightboxhover\"><img loading=\"lazy\" decoding=\"async\" src=\"https:\/\/versautrechose.fr\/portofolio\/wp-content\/uploads\/2015\/12\/Pic_du_Gar_17851-300x300.jpg\" width=\"300\" height=\"300\" alt=\"Pic du Gar, face ouest - Le pic ennuag\u00e9... \" srcset=\"https:\/\/versautrechose.fr\/portofolio\/wp-content\/uploads\/2015\/12\/Pic_du_Gar_17851-300x300.jpg 300w, https:\/\/versautrechose.fr\/portofolio\/wp-content\/uploads\/2015\/12\/Pic_du_Gar_17851-150x150.jpg 150w\" sizes=\"auto, (max-width: 300px) 100vw, 300px\" class=\"light-dropshaddow\"\/><\/a><\/div><\/div><div class=\"tcol-lg-3 tcol-md-3 tcol-sm-4 tcol-xs-6 tcol-ss-12 g_item\"><div class=\"grid_item kad_gallery_fade_in gallery_item\"><a href=\"https:\/\/versautrechose.fr\/portofolio\/wp-content\/uploads\/2015\/12\/Pics-Bidau-Rase-Calabasse_1974-2148-2210_.jpg\" data-rel=\"lightbox\" class=\"lightboxhover\"><img loading=\"lazy\" decoding=\"async\" src=\"https:\/\/versautrechose.fr\/portofolio\/wp-content\/uploads\/2015\/12\/Pics-Bidau-Rase-Calabasse_1974-2148-2210_-300x300.jpg\" width=\"300\" height=\"300\" alt=\"Pics Bidau, Rase, Calabasse - De proche en loin... Le pic de Pale Bidau, 1 974 m d&#039;altitude, pic de Pale Rase 2 148 m, pic de la Calabasse 2 210 m\" srcset=\"https:\/\/versautrechose.fr\/portofolio\/wp-content\/uploads\/2015\/12\/Pics-Bidau-Rase-Calabasse_1974-2148-2210_-300x300.jpg 300w, https:\/\/versautrechose.fr\/portofolio\/wp-content\/uploads\/2015\/12\/Pics-Bidau-Rase-Calabasse_1974-2148-2210_-150x150.jpg 150w\" sizes=\"auto, (max-width: 300px) 100vw, 300px\" class=\"light-dropshaddow\"\/><\/a><\/div><\/div><div class=\"tcol-lg-3 tcol-md-3 tcol-sm-4 tcol-xs-6 tcol-ss-12 g_item\"><div class=\"grid_item kad_gallery_fade_in gallery_item\"><a href=\"https:\/\/versautrechose.fr\/portofolio\/wp-content\/uploads\/2015\/12\/Cap_de_Gauche-2148.jpg\" data-rel=\"lightbox\" class=\"lightboxhover\"><img loading=\"lazy\" decoding=\"async\" src=\"https:\/\/versautrechose.fr\/portofolio\/wp-content\/uploads\/2015\/12\/Cap_de_Gauche-2148-300x300.jpg\" width=\"300\" height=\"300\" alt=\"Cap de Gauch, alt. 2 148 m\" srcset=\"https:\/\/versautrechose.fr\/portofolio\/wp-content\/uploads\/2015\/12\/Cap_de_Gauche-2148-300x300.jpg 300w, https:\/\/versautrechose.fr\/portofolio\/wp-content\/uploads\/2015\/12\/Cap_de_Gauche-2148-150x150.jpg 150w\" sizes=\"auto, (max-width: 300px) 100vw, 300px\" class=\"light-dropshaddow\"\/><\/a><\/div><\/div><div class=\"tcol-lg-3 tcol-md-3 tcol-sm-4 tcol-xs-6 tcol-ss-12 g_item\"><div class=\"grid_item kad_gallery_fade_in gallery_item\"><a href=\"https:\/\/versautrechose.fr\/portofolio\/wp-content\/uploads\/2015\/12\/Massif_du_Val_d_Aran-2800.jpg\" data-rel=\"lightbox\" class=\"lightboxhover\"><img loading=\"lazy\" decoding=\"async\" src=\"https:\/\/versautrechose.fr\/portofolio\/wp-content\/uploads\/2015\/12\/Massif_du_Val_d_Aran-2800-300x300.jpg\" width=\"300\" height=\"300\" alt=\"Tuc de l\u2019\u00c9tang 1 816 m - Vue de l\u2019Escalette, le massif du Val d\u2019Aran en Espagne\" srcset=\"https:\/\/versautrechose.fr\/portofolio\/wp-content\/uploads\/2015\/12\/Massif_du_Val_d_Aran-2800-300x300.jpg 300w, https:\/\/versautrechose.fr\/portofolio\/wp-content\/uploads\/2015\/12\/Massif_du_Val_d_Aran-2800-150x150.jpg 150w\" sizes=\"auto, (max-width: 300px) 100vw, 300px\" class=\"light-dropshaddow\"\/><\/a><\/div><\/div><div class=\"tcol-lg-3 tcol-md-3 tcol-sm-4 tcol-xs-6 tcol-ss-12 g_item\"><div class=\"grid_item kad_gallery_fade_in gallery_item\"><a href=\"https:\/\/versautrechose.fr\/portofolio\/wp-content\/uploads\/2015\/12\/Montardo_d_Aran_2833_m.jpg\" data-rel=\"lightbox\" class=\"lightboxhover\"><img loading=\"lazy\" decoding=\"async\" src=\"https:\/\/versautrechose.fr\/portofolio\/wp-content\/uploads\/2015\/12\/Montardo_d_Aran_2833_m-300x300.jpg\" width=\"300\" height=\"300\" alt=\"Le Montlude 2 512 m - Vue du pic de l\u2019Escalette (1 856 m)\" srcset=\"https:\/\/versautrechose.fr\/portofolio\/wp-content\/uploads\/2015\/12\/Montardo_d_Aran_2833_m-300x300.jpg 300w, https:\/\/versautrechose.fr\/portofolio\/wp-content\/uploads\/2015\/12\/Montardo_d_Aran_2833_m-150x150.jpg 150w\" sizes=\"auto, (max-width: 300px) 100vw, 300px\" class=\"light-dropshaddow\"\/><\/a><\/div><\/div><div class=\"tcol-lg-3 tcol-md-3 tcol-sm-4 tcol-xs-6 tcol-ss-12 g_item\"><div class=\"grid_item kad_gallery_fade_in gallery_item\"><a href=\"https:\/\/versautrechose.fr\/portofolio\/wp-content\/uploads\/2015\/12\/Maupas-Ce_cire_.jpg\" data-rel=\"lightbox\" class=\"lightboxhover\"><img loading=\"lazy\" decoding=\"async\" src=\"https:\/\/versautrechose.fr\/portofolio\/wp-content\/uploads\/2015\/12\/Maupas-Ce_cire_-300x300.jpg\" width=\"300\" height=\"300\" alt=\"Maupas... Luchonais - Panorama de l\u2019Escalette sur le Tuc de Bidur (2 019 m)... les pics du Maupas, Crabioules, Perdigu\u00e8re, C\u00e9cir\u00e9... \" srcset=\"https:\/\/versautrechose.fr\/portofolio\/wp-content\/uploads\/2015\/12\/Maupas-Ce_cire_-300x300.jpg 300w, https:\/\/versautrechose.fr\/portofolio\/wp-content\/uploads\/2015\/12\/Maupas-Ce_cire_-150x150.jpg 150w\" sizes=\"auto, (max-width: 300px) 100vw, 300px\" class=\"light-dropshaddow\"\/><\/a><\/div><\/div><div class=\"tcol-lg-3 tcol-md-3 tcol-sm-4 tcol-xs-6 tcol-ss-12 g_item\"><div class=\"grid_item kad_gallery_fade_in gallery_item\"><a href=\"https:\/\/versautrechose.fr\/portofolio\/wp-content\/uploads\/2015\/12\/Pic_Maupas.jpg\" data-rel=\"lightbox\" class=\"lightboxhover\"><img loading=\"lazy\" decoding=\"async\" src=\"https:\/\/versautrechose.fr\/portofolio\/wp-content\/uploads\/2015\/12\/Pic_Maupas-300x300.jpg\" width=\"300\" height=\"300\" alt=\"Pics de Maupas, Perdigu\u00e8re...\" srcset=\"https:\/\/versautrechose.fr\/portofolio\/wp-content\/uploads\/2015\/12\/Pic_Maupas-300x300.jpg 300w, https:\/\/versautrechose.fr\/portofolio\/wp-content\/uploads\/2015\/12\/Pic_Maupas-150x150.jpg 150w\" sizes=\"auto, (max-width: 300px) 100vw, 300px\" class=\"light-dropshaddow\"\/><\/a><\/div><\/div><div class=\"tcol-lg-3 tcol-md-3 tcol-sm-4 tcol-xs-6 tcol-ss-12 g_item\"><div class=\"grid_item kad_gallery_fade_in gallery_item\"><a href=\"https:\/\/versautrechose.fr\/portofolio\/wp-content\/uploads\/2015\/12\/Pic_Gar.jpg\" data-rel=\"lightbox\" class=\"lightboxhover\"><img loading=\"lazy\" decoding=\"async\" src=\"https:\/\/versautrechose.fr\/portofolio\/wp-content\/uploads\/2015\/12\/Pic_Gar-300x300.jpg\" width=\"300\" height=\"300\" alt=\"Le pic du Gar, 1 785 m d&#039;altitude - Vue de la vall\u00e9e de la Garonne... \" srcset=\"https:\/\/versautrechose.fr\/portofolio\/wp-content\/uploads\/2015\/12\/Pic_Gar-300x300.jpg 300w, https:\/\/versautrechose.fr\/portofolio\/wp-content\/uploads\/2015\/12\/Pic_Gar-150x150.jpg 150w\" sizes=\"auto, (max-width: 300px) 100vw, 300px\" class=\"light-dropshaddow\"\/><\/a><\/div><\/div><div class=\"tcol-lg-3 tcol-md-3 tcol-sm-4 tcol-xs-6 tcol-ss-12 g_item\"><div class=\"grid_item kad_gallery_fade_in gallery_item\"><a href=\"https:\/\/versautrechose.fr\/portofolio\/wp-content\/uploads\/2015\/12\/Boutx.jpg\" data-rel=\"lightbox\" class=\"lightboxhover\"><img loading=\"lazy\" decoding=\"async\" src=\"https:\/\/versautrechose.fr\/portofolio\/wp-content\/uploads\/2015\/12\/Boutx-300x300.jpg\" width=\"300\" height=\"300\" alt=\"Vall\u00e9e de Boutx - Vue, du pic de l\u2019Escalette, sur le village de Boutx (741m)\" srcset=\"https:\/\/versautrechose.fr\/portofolio\/wp-content\/uploads\/2015\/12\/Boutx-300x300.jpg 300w, https:\/\/versautrechose.fr\/portofolio\/wp-content\/uploads\/2015\/12\/Boutx-150x150.jpg 150w\" sizes=\"auto, (max-width: 300px) 100vw, 300px\" class=\"light-dropshaddow\"\/><\/a><\/div><\/div><div class=\"tcol-lg-3 tcol-md-3 tcol-sm-4 tcol-xs-6 tcol-ss-12 g_item\"><div class=\"grid_item kad_gallery_fade_in gallery_item\"><a href=\"https:\/\/versautrechose.fr\/portofolio\/wp-content\/uploads\/2015\/12\/Sommet_des_Parets-1800.jpg\" data-rel=\"lightbox\" class=\"lightboxhover\"><img loading=\"lazy\" decoding=\"async\" src=\"https:\/\/versautrechose.fr\/portofolio\/wp-content\/uploads\/2015\/12\/Sommet_des_Parets-1800-300x300.jpg\" width=\"300\" height=\"300\" alt=\"Sommet des Parets -1 800 m\" srcset=\"https:\/\/versautrechose.fr\/portofolio\/wp-content\/uploads\/2015\/12\/Sommet_des_Parets-1800-300x300.jpg 300w, https:\/\/versautrechose.fr\/portofolio\/wp-content\/uploads\/2015\/12\/Sommet_des_Parets-1800-150x150.jpg 150w\" sizes=\"auto, (max-width: 300px) 100vw, 300px\" class=\"light-dropshaddow\"\/><\/a><\/div><\/div><div class=\"tcol-lg-3 tcol-md-3 tcol-sm-4 tcol-xs-6 tcol-ss-12 g_item\"><div class=\"grid_item kad_gallery_fade_in gallery_item\"><a href=\"https:\/\/versautrechose.fr\/portofolio\/wp-content\/uploads\/2015\/12\/Sommet_des_Parets.jpg\" data-rel=\"lightbox\" class=\"lightboxhover\"><img loading=\"lazy\" decoding=\"async\" src=\"https:\/\/versautrechose.fr\/portofolio\/wp-content\/uploads\/2015\/12\/Sommet_des_Parets-300x300.jpg\" width=\"300\" height=\"300\" alt=\"Sommet des Parets - Vue du pic de l\u2019Escalette\" srcset=\"https:\/\/versautrechose.fr\/portofolio\/wp-content\/uploads\/2015\/12\/Sommet_des_Parets-300x300.jpg 300w, https:\/\/versautrechose.fr\/portofolio\/wp-content\/uploads\/2015\/12\/Sommet_des_Parets-150x150.jpg 150w\" sizes=\"auto, (max-width: 300px) 100vw, 300px\" class=\"light-dropshaddow\"\/><\/a><\/div><\/div><div class=\"tcol-lg-3 tcol-md-3 tcol-sm-4 tcol-xs-6 tcol-ss-12 g_item\"><div class=\"grid_item kad_gallery_fade_in gallery_item\"><a href=\"https:\/\/versautrechose.fr\/portofolio\/wp-content\/uploads\/2015\/12\/chardons-bleus-Escalette.jpg\" data-rel=\"lightbox\" class=\"lightboxhover\"><img loading=\"lazy\" decoding=\"async\" src=\"https:\/\/versautrechose.fr\/portofolio\/wp-content\/uploads\/2015\/12\/chardons-bleus-Escalette-300x300.jpg\" width=\"300\" height=\"300\" alt=\"Scarab\u00e9 abeille et chardons bleus - Chemin vers l\u2019Escalette, scarab\u00e9-abeille (ou trichie fasci\u00e9e) broutant un chardon bleu\" srcset=\"https:\/\/versautrechose.fr\/portofolio\/wp-content\/uploads\/2015\/12\/chardons-bleus-Escalette-300x300.jpg 300w, https:\/\/versautrechose.fr\/portofolio\/wp-content\/uploads\/2015\/12\/chardons-bleus-Escalette-150x150.jpg 150w\" sizes=\"auto, (max-width: 300px) 100vw, 300px\" class=\"light-dropshaddow\"\/><\/a><\/div><\/div><div class=\"tcol-lg-3 tcol-md-3 tcol-sm-4 tcol-xs-6 tcol-ss-12 g_item\"><div class=\"grid_item kad_gallery_fade_in gallery_item\"><a href=\"https:\/\/versautrechose.fr\/portofolio\/wp-content\/uploads\/2015\/12\/Pic_Saillant-1785_.jpg\" data-rel=\"lightbox\" class=\"lightboxhover\"><img loading=\"lazy\" decoding=\"async\" src=\"https:\/\/versautrechose.fr\/portofolio\/wp-content\/uploads\/2015\/12\/Pic_Saillant-1785_-300x300.jpg\" width=\"300\" height=\"300\" alt=\"Pic Saillant - Vue du pic de l\u2019Escalette\" srcset=\"https:\/\/versautrechose.fr\/portofolio\/wp-content\/uploads\/2015\/12\/Pic_Saillant-1785_-300x300.jpg 300w, https:\/\/versautrechose.fr\/portofolio\/wp-content\/uploads\/2015\/12\/Pic_Saillant-1785_-150x150.jpg 150w\" sizes=\"auto, (max-width: 300px) 100vw, 300px\" class=\"light-dropshaddow\"\/><\/a><\/div><\/div><div class=\"tcol-lg-3 tcol-md-3 tcol-sm-4 tcol-xs-6 tcol-ss-12 g_item\"><div class=\"grid_item kad_gallery_fade_in gallery_item\"><a href=\"https:\/\/versautrechose.fr\/portofolio\/wp-content\/uploads\/2015\/12\/Pic_Saillant-1785.jpg\" data-rel=\"lightbox\" class=\"lightboxhover\"><img loading=\"lazy\" decoding=\"async\" src=\"https:\/\/versautrechose.fr\/portofolio\/wp-content\/uploads\/2015\/12\/Pic_Saillant-1785-300x300.jpg\" width=\"300\" height=\"300\" alt=\"Pic Saillant, alt. 1 785 m - Le pic Saillant est la face est du Pic du Gar\" srcset=\"https:\/\/versautrechose.fr\/portofolio\/wp-content\/uploads\/2015\/12\/Pic_Saillant-1785-300x300.jpg 300w, https:\/\/versautrechose.fr\/portofolio\/wp-content\/uploads\/2015\/12\/Pic_Saillant-1785-150x150.jpg 150w\" sizes=\"auto, (max-width: 300px) 100vw, 300px\" class=\"light-dropshaddow\"\/><\/a><\/div><\/div><div class=\"tcol-lg-3 tcol-md-3 tcol-sm-4 tcol-xs-6 tcol-ss-12 g_item\"><div class=\"grid_item kad_gallery_fade_in gallery_item\"><a href=\"https:\/\/versautrechose.fr\/portofolio\/wp-content\/uploads\/2015\/12\/Lac_d_Oo-1504.jpg\" data-rel=\"lightbox\" class=\"lightboxhover\"><img loading=\"lazy\" decoding=\"async\" src=\"https:\/\/versautrechose.fr\/portofolio\/wp-content\/uploads\/2015\/12\/Lac_d_Oo-1504-300x300.jpg\" width=\"300\" height=\"300\" alt=\"Le lac d\u2019Oo - Arriv\u00e9e sur le lac, altitude 1 504 m\" srcset=\"https:\/\/versautrechose.fr\/portofolio\/wp-content\/uploads\/2015\/12\/Lac_d_Oo-1504-300x300.jpg 300w, https:\/\/versautrechose.fr\/portofolio\/wp-content\/uploads\/2015\/12\/Lac_d_Oo-1504-150x150.jpg 150w\" sizes=\"auto, (max-width: 300px) 100vw, 300px\" class=\"light-dropshaddow\"\/><\/a><\/div><\/div><div class=\"tcol-lg-3 tcol-md-3 tcol-sm-4 tcol-xs-6 tcol-ss-12 g_item\"><div class=\"grid_item kad_gallery_fade_in gallery_item\"><a href=\"https:\/\/versautrechose.fr\/portofolio\/wp-content\/uploads\/2015\/12\/Lac_Espingo-1882.jpg\" data-rel=\"lightbox\" class=\"lightboxhover\"><img loading=\"lazy\" decoding=\"async\" src=\"https:\/\/versautrechose.fr\/portofolio\/wp-content\/uploads\/2015\/12\/Lac_Espingo-1882-300x300.jpg\" width=\"300\" height=\"300\" alt=\"Lac d\u2019Espingo - Lac situ\u00e9 en amont du lac d\u2019Oo, \u00e0 1 882 m\" srcset=\"https:\/\/versautrechose.fr\/portofolio\/wp-content\/uploads\/2015\/12\/Lac_Espingo-1882-300x300.jpg 300w, https:\/\/versautrechose.fr\/portofolio\/wp-content\/uploads\/2015\/12\/Lac_Espingo-1882-150x150.jpg 150w\" sizes=\"auto, (max-width: 300px) 100vw, 300px\" class=\"light-dropshaddow\"\/><\/a><\/div><\/div><div class=\"tcol-lg-3 tcol-md-3 tcol-sm-4 tcol-xs-6 tcol-ss-12 g_item\"><div class=\"grid_item kad_gallery_fade_in gallery_item\"><a href=\"https:\/\/versautrechose.fr\/portofolio\/wp-content\/uploads\/2015\/12\/Lac_d_Espingo_1882_.jpg\" data-rel=\"lightbox\" class=\"lightboxhover\"><img loading=\"lazy\" decoding=\"async\" src=\"https:\/\/versautrechose.fr\/portofolio\/wp-content\/uploads\/2015\/12\/Lac_d_Espingo_1882_-300x300.jpg\" width=\"300\" height=\"300\" alt=\"Lac d\u2019Espingo - Reflets\" srcset=\"https:\/\/versautrechose.fr\/portofolio\/wp-content\/uploads\/2015\/12\/Lac_d_Espingo_1882_-300x300.jpg 300w, https:\/\/versautrechose.fr\/portofolio\/wp-content\/uploads\/2015\/12\/Lac_d_Espingo_1882_-150x150.jpg 150w\" sizes=\"auto, (max-width: 300px) 100vw, 300px\" class=\"light-dropshaddow\"\/><\/a><\/div><\/div><div class=\"tcol-lg-3 tcol-md-3 tcol-sm-4 tcol-xs-6 tcol-ss-12 g_item\"><div class=\"grid_item kad_gallery_fade_in gallery_item\"><a href=\"https:\/\/versautrechose.fr\/portofolio\/wp-content\/uploads\/2015\/12\/Lac_d_Espingo.jpg\" data-rel=\"lightbox\" class=\"lightboxhover\"><img loading=\"lazy\" decoding=\"async\" src=\"https:\/\/versautrechose.fr\/portofolio\/wp-content\/uploads\/2015\/12\/Lac_d_Espingo-300x300.jpg\" width=\"300\" height=\"300\" alt=\"Lac d\u2019Espingo - Face ouest en allant vers le lac de Saussat... \" srcset=\"https:\/\/versautrechose.fr\/portofolio\/wp-content\/uploads\/2015\/12\/Lac_d_Espingo-300x300.jpg 300w, https:\/\/versautrechose.fr\/portofolio\/wp-content\/uploads\/2015\/12\/Lac_d_Espingo-150x150.jpg 150w\" sizes=\"auto, (max-width: 300px) 100vw, 300px\" class=\"light-dropshaddow\"\/><\/a><\/div><\/div><div class=\"tcol-lg-3 tcol-md-3 tcol-sm-4 tcol-xs-6 tcol-ss-12 g_item\"><div class=\"grid_item kad_gallery_fade_in gallery_item\"><a href=\"https:\/\/versautrechose.fr\/portofolio\/wp-content\/uploads\/2015\/12\/Lac_Saussat-1921.jpg\" data-rel=\"lightbox\" class=\"lightboxhover\"><img loading=\"lazy\" decoding=\"async\" src=\"https:\/\/versautrechose.fr\/portofolio\/wp-content\/uploads\/2015\/12\/Lac_Saussat-1921-300x300.jpg\" width=\"300\" height=\"300\" alt=\"Lac de Saussat - Ici face Est, ce lac est une merveille ! ... \" srcset=\"https:\/\/versautrechose.fr\/portofolio\/wp-content\/uploads\/2015\/12\/Lac_Saussat-1921-300x300.jpg 300w, https:\/\/versautrechose.fr\/portofolio\/wp-content\/uploads\/2015\/12\/Lac_Saussat-1921-150x150.jpg 150w\" sizes=\"auto, (max-width: 300px) 100vw, 300px\" class=\"light-dropshaddow\"\/><\/a><\/div><\/div><div class=\"tcol-lg-3 tcol-md-3 tcol-sm-4 tcol-xs-6 tcol-ss-12 g_item\"><div class=\"grid_item kad_gallery_fade_in gallery_item\"><a href=\"https:\/\/versautrechose.fr\/portofolio\/wp-content\/uploads\/2015\/12\/03.Saussat.9.jpg\" data-rel=\"lightbox\" class=\"lightboxhover\"><img loading=\"lazy\" decoding=\"async\" src=\"https:\/\/versautrechose.fr\/portofolio\/wp-content\/uploads\/2015\/12\/03.Saussat.9-300x300.jpg\" width=\"300\" height=\"300\" alt=\"dans ... le Lac de Saussat - (altitude 1 921m.)  Pyr\u00e9nn\u00e9es - Luchonnais \" srcset=\"https:\/\/versautrechose.fr\/portofolio\/wp-content\/uploads\/2015\/12\/03.Saussat.9-300x300.jpg 300w, https:\/\/versautrechose.fr\/portofolio\/wp-content\/uploads\/2015\/12\/03.Saussat.9-150x150.jpg 150w\" sizes=\"auto, (max-width: 300px) 100vw, 300px\" class=\"light-dropshaddow\"\/><\/a><\/div><\/div><div class=\"tcol-lg-3 tcol-md-3 tcol-sm-4 tcol-xs-6 tcol-ss-12 g_item\"><div class=\"grid_item kad_gallery_fade_in gallery_item\"><a href=\"https:\/\/versautrechose.fr\/portofolio\/wp-content\/uploads\/2015\/12\/Lac_de_Saussat.jpg\" data-rel=\"lightbox\" class=\"lightboxhover\"><img loading=\"lazy\" decoding=\"async\" src=\"https:\/\/versautrechose.fr\/portofolio\/wp-content\/uploads\/2015\/12\/Lac_de_Saussat-300x300.jpg\" width=\"300\" height=\"300\" alt=\"Lac de Saussat - C\u00f4t\u00e9 sud, l\u2019altitude de ce lac est de 1 921m\" srcset=\"https:\/\/versautrechose.fr\/portofolio\/wp-content\/uploads\/2015\/12\/Lac_de_Saussat-300x300.jpg 300w, https:\/\/versautrechose.fr\/portofolio\/wp-content\/uploads\/2015\/12\/Lac_de_Saussat-150x150.jpg 150w\" sizes=\"auto, (max-width: 300px) 100vw, 300px\" class=\"light-dropshaddow\"\/><\/a><\/div><\/div><div class=\"tcol-lg-3 tcol-md-3 tcol-sm-4 tcol-xs-6 tcol-ss-12 g_item\"><div class=\"grid_item kad_gallery_fade_in gallery_item\"><a href=\"https:\/\/versautrechose.fr\/portofolio\/wp-content\/uploads\/2015\/12\/marmotte-Saussat.jpg\" data-rel=\"lightbox\" class=\"lightboxhover\"><img loading=\"lazy\" decoding=\"async\" src=\"https:\/\/versautrechose.fr\/portofolio\/wp-content\/uploads\/2015\/12\/marmotte-Saussat-300x300.jpg\" width=\"300\" height=\"300\" alt=\"Marmotte des Pyr\u00e9n\u00e9es - Elles se pr\u00e9lassent avec d\u00e9lices sur les bords sud de ce lac (Saussat)\" srcset=\"https:\/\/versautrechose.fr\/portofolio\/wp-content\/uploads\/2015\/12\/marmotte-Saussat-300x300.jpg 300w, https:\/\/versautrechose.fr\/portofolio\/wp-content\/uploads\/2015\/12\/marmotte-Saussat-150x150.jpg 150w\" sizes=\"auto, (max-width: 300px) 100vw, 300px\" class=\"light-dropshaddow\"\/><\/a><\/div><\/div><div class=\"tcol-lg-3 tcol-md-3 tcol-sm-4 tcol-xs-6 tcol-ss-12 g_item\"><div class=\"grid_item kad_gallery_fade_in gallery_item\"><a href=\"https:\/\/versautrechose.fr\/portofolio\/wp-content\/uploads\/2015\/12\/Lac_Saussat.jpg\" data-rel=\"lightbox\" class=\"lightboxhover\"><img loading=\"lazy\" decoding=\"async\" src=\"https:\/\/versautrechose.fr\/portofolio\/wp-content\/uploads\/2015\/12\/Lac_Saussat-300x300.jpg\" width=\"300\" height=\"300\" alt=\"Lac de Saussat - Ici, au pied de la Vierge de Saussat, \u00e0 2 190 m, l\u2019eau de ce lac est fra\u00eeche \u00e0 souhait !\" srcset=\"https:\/\/versautrechose.fr\/portofolio\/wp-content\/uploads\/2015\/12\/Lac_Saussat-300x300.jpg 300w, https:\/\/versautrechose.fr\/portofolio\/wp-content\/uploads\/2015\/12\/Lac_Saussat-150x150.jpg 150w\" sizes=\"auto, (max-width: 300px) 100vw, 300px\" class=\"light-dropshaddow\"\/><\/a><\/div><\/div><div class=\"tcol-lg-3 tcol-md-3 tcol-sm-4 tcol-xs-6 tcol-ss-12 g_item\"><div class=\"grid_item kad_gallery_fade_in gallery_item\"><a href=\"https:\/\/versautrechose.fr\/portofolio\/wp-content\/uploads\/2015\/12\/casc-Vierge-Saussat-2190.jpg\" data-rel=\"lightbox\" class=\"lightboxhover\"><img loading=\"lazy\" decoding=\"async\" src=\"https:\/\/versautrechose.fr\/portofolio\/wp-content\/uploads\/2015\/12\/casc-Vierge-Saussat-2190-300x300.jpg\" width=\"300\" height=\"300\" alt=\"Cascades... \u00c0 1 966 m sur le flanc ouest de la Vierge de Saussat\" srcset=\"https:\/\/versautrechose.fr\/portofolio\/wp-content\/uploads\/2015\/12\/casc-Vierge-Saussat-2190-300x300.jpg 300w, https:\/\/versautrechose.fr\/portofolio\/wp-content\/uploads\/2015\/12\/casc-Vierge-Saussat-2190-150x150.jpg 150w\" sizes=\"auto, (max-width: 300px) 100vw, 300px\" class=\"light-dropshaddow\"\/><\/a><\/div><\/div><div class=\"tcol-lg-3 tcol-md-3 tcol-sm-4 tcol-xs-6 tcol-ss-12 g_item\"><div class=\"grid_item kad_gallery_fade_in gallery_item\"><a href=\"https:\/\/versautrechose.fr\/portofolio\/wp-content\/uploads\/2015\/12\/Cap-Seil-Baque-3110.jpg\" data-rel=\"lightbox\" class=\"lightboxhover\"><img loading=\"lazy\" decoding=\"async\" src=\"https:\/\/versautrechose.fr\/portofolio\/wp-content\/uploads\/2015\/12\/Cap-Seil-Baque-3110-300x300.jpg\" width=\"300\" height=\"300\" alt=\"Tusse de Montarque -  Au-dessus du cirque d\u2019Espingo, \u00e0 2 889 m d\u2019altitude\" srcset=\"https:\/\/versautrechose.fr\/portofolio\/wp-content\/uploads\/2015\/12\/Cap-Seil-Baque-3110-300x300.jpg 300w, https:\/\/versautrechose.fr\/portofolio\/wp-content\/uploads\/2015\/12\/Cap-Seil-Baque-3110-150x150.jpg 150w\" sizes=\"auto, (max-width: 300px) 100vw, 300px\" class=\"light-dropshaddow\"\/><\/a><\/div><\/div><div class=\"tcol-lg-3 tcol-md-3 tcol-sm-4 tcol-xs-6 tcol-ss-12 g_item\"><div class=\"grid_item kad_gallery_fade_in gallery_item\"><a href=\"https:\/\/versautrechose.fr\/portofolio\/wp-content\/uploads\/2015\/12\/casc-d_Oo-Piton_d_Espingo-2406.jpg\" data-rel=\"lightbox\" class=\"lightboxhover\"><img loading=\"lazy\" decoding=\"async\" src=\"https:\/\/versautrechose.fr\/portofolio\/wp-content\/uploads\/2015\/12\/casc-d_Oo-Piton_d_Espingo-2406-300x300.jpg\" width=\"300\" height=\"300\" alt=\"La cascade d\u2019Oo... devant le piton d\u2019Espingo, 2 406 m d\u2019altitude\" srcset=\"https:\/\/versautrechose.fr\/portofolio\/wp-content\/uploads\/2015\/12\/casc-d_Oo-Piton_d_Espingo-2406-300x300.jpg 300w, https:\/\/versautrechose.fr\/portofolio\/wp-content\/uploads\/2015\/12\/casc-d_Oo-Piton_d_Espingo-2406-150x150.jpg 150w\" sizes=\"auto, (max-width: 300px) 100vw, 300px\" class=\"light-dropshaddow\"\/><\/a><\/div><\/div><div class=\"tcol-lg-3 tcol-md-3 tcol-sm-4 tcol-xs-6 tcol-ss-12 g_item\"><div class=\"grid_item kad_gallery_fade_in gallery_item\"><a href=\"https:\/\/versautrechose.fr\/portofolio\/wp-content\/uploads\/2015\/12\/casc-_d_Oo-1780.jpg\" data-rel=\"lightbox\" class=\"lightboxhover\"><img loading=\"lazy\" decoding=\"async\" src=\"https:\/\/versautrechose.fr\/portofolio\/wp-content\/uploads\/2015\/12\/casc-_d_Oo-1780-300x300.jpg\" width=\"300\" height=\"300\" alt=\"Haut de la Cascade d\u2019Oo \u00e0 1 780 m\" srcset=\"https:\/\/versautrechose.fr\/portofolio\/wp-content\/uploads\/2015\/12\/casc-_d_Oo-1780-300x300.jpg 300w, https:\/\/versautrechose.fr\/portofolio\/wp-content\/uploads\/2015\/12\/casc-_d_Oo-1780-150x150.jpg 150w\" sizes=\"auto, (max-width: 300px) 100vw, 300px\" class=\"light-dropshaddow\"\/><\/a><\/div><\/div><div class=\"tcol-lg-3 tcol-md-3 tcol-sm-4 tcol-xs-6 tcol-ss-12 g_item\"><div class=\"grid_item kad_gallery_fade_in gallery_item\"><a href=\"https:\/\/versautrechose.fr\/portofolio\/wp-content\/uploads\/2015\/12\/casc-d_Oo.jpg\" data-rel=\"lightbox\" class=\"lightboxhover\"><img loading=\"lazy\" decoding=\"async\" src=\"https:\/\/versautrechose.fr\/portofolio\/wp-content\/uploads\/2015\/12\/casc-d_Oo-300x300.jpg\" width=\"300\" height=\"300\" alt=\"Cascade d\u2019Oo - Drap\u00e9... \" srcset=\"https:\/\/versautrechose.fr\/portofolio\/wp-content\/uploads\/2015\/12\/casc-d_Oo-300x300.jpg 300w, https:\/\/versautrechose.fr\/portofolio\/wp-content\/uploads\/2015\/12\/casc-d_Oo-150x150.jpg 150w\" sizes=\"auto, (max-width: 300px) 100vw, 300px\" class=\"light-dropshaddow\"\/><\/a><\/div><\/div><div class=\"tcol-lg-3 tcol-md-3 tcol-sm-4 tcol-xs-6 tcol-ss-12 g_item\"><div class=\"grid_item kad_gallery_fade_in gallery_item\"><a href=\"https:\/\/versautrechose.fr\/portofolio\/wp-content\/uploads\/2015\/12\/Carabus.jpg\" data-rel=\"lightbox\" class=\"lightboxhover\"><img loading=\"lazy\" decoding=\"async\" src=\"https:\/\/versautrechose.fr\/portofolio\/wp-content\/uploads\/2015\/12\/Carabus-300x300.jpg\" width=\"300\" height=\"300\" alt=\"Carabus... Entre le lac d\u2019Oo et celui d\u2019Espingo... \" srcset=\"https:\/\/versautrechose.fr\/portofolio\/wp-content\/uploads\/2015\/12\/Carabus-300x300.jpg 300w, https:\/\/versautrechose.fr\/portofolio\/wp-content\/uploads\/2015\/12\/Carabus-150x150.jpg 150w\" sizes=\"auto, (max-width: 300px) 100vw, 300px\" class=\"light-dropshaddow\"\/><\/a><\/div><\/div><div class=\"tcol-lg-3 tcol-md-3 tcol-sm-4 tcol-xs-6 tcol-ss-12 g_item\"><div class=\"grid_item kad_gallery_fade_in gallery_item\"><a href=\"https:\/\/versautrechose.fr\/portofolio\/wp-content\/uploads\/2015\/12\/Iris-Valle_e_de_Fre_che-1563.jpg\" data-rel=\"lightbox\" class=\"lightboxhover\"><img loading=\"lazy\" decoding=\"async\" src=\"https:\/\/versautrechose.fr\/portofolio\/wp-content\/uploads\/2015\/12\/Iris-Valle_e_de_Fre_che-1563-300x300.jpg\" width=\"300\" height=\"300\" alt=\"Iris sauvages... Dans la vall\u00e9e de la Fr\u00e8che, 1 563 m\" srcset=\"https:\/\/versautrechose.fr\/portofolio\/wp-content\/uploads\/2015\/12\/Iris-Valle_e_de_Fre_che-1563-300x300.jpg 300w, https:\/\/versautrechose.fr\/portofolio\/wp-content\/uploads\/2015\/12\/Iris-Valle_e_de_Fre_che-1563-150x150.jpg 150w\" sizes=\"auto, (max-width: 300px) 100vw, 300px\" class=\"light-dropshaddow\"\/><\/a><\/div><\/div><div class=\"tcol-lg-3 tcol-md-3 tcol-sm-4 tcol-xs-6 tcol-ss-12 g_item\"><div class=\"grid_item kad_gallery_fade_in gallery_item\"><a href=\"https:\/\/versautrechose.fr\/portofolio\/wp-content\/uploads\/2015\/12\/IMG_0004.jpg\" data-rel=\"lightbox\" class=\"lightboxhover\"><img loading=\"lazy\" decoding=\"async\" src=\"https:\/\/versautrechose.fr\/portofolio\/wp-content\/uploads\/2015\/12\/IMG_0004-300x300.jpg\" width=\"300\" height=\"300\" alt=\"la Vall\u00e9e de la Fr\u00e8che vu du pied de  Pic de Ribesautes\" srcset=\"https:\/\/versautrechose.fr\/portofolio\/wp-content\/uploads\/2015\/12\/IMG_0004-300x300.jpg 300w, https:\/\/versautrechose.fr\/portofolio\/wp-content\/uploads\/2015\/12\/IMG_0004-150x150.jpg 150w\" sizes=\"auto, (max-width: 300px) 100vw, 300px\" class=\"light-dropshaddow\"\/><\/a><\/div><\/div><div class=\"tcol-lg-3 tcol-md-3 tcol-sm-4 tcol-xs-6 tcol-ss-12 g_item\"><div class=\"grid_item kad_gallery_fade_in gallery_item\"><a href=\"https:\/\/versautrechose.fr\/portofolio\/wp-content\/uploads\/2015\/12\/Pic-Ribesautes-2000.jpg\" data-rel=\"lightbox\" class=\"lightboxhover\"><img loading=\"lazy\" decoding=\"async\" src=\"https:\/\/versautrechose.fr\/portofolio\/wp-content\/uploads\/2015\/12\/Pic-Ribesautes-2000-300x300.jpg\" width=\"300\" height=\"300\" alt=\"Pic de Ribesautes, 2 142 m - La vall\u00e9e de la Fr\u00e8che\" srcset=\"https:\/\/versautrechose.fr\/portofolio\/wp-content\/uploads\/2015\/12\/Pic-Ribesautes-2000-300x300.jpg 300w, https:\/\/versautrechose.fr\/portofolio\/wp-content\/uploads\/2015\/12\/Pic-Ribesautes-2000-150x150.jpg 150w\" sizes=\"auto, (max-width: 300px) 100vw, 300px\" class=\"light-dropshaddow\"\/><\/a><\/div><\/div><div class=\"tcol-lg-3 tcol-md-3 tcol-sm-4 tcol-xs-6 tcol-ss-12 g_item\"><div class=\"grid_item kad_gallery_fade_in gallery_item\"><a href=\"https:\/\/versautrechose.fr\/portofolio\/wp-content\/uploads\/2015\/12\/Pic_de_Pique-2394.jpg\" data-rel=\"lightbox\" class=\"lightboxhover\"><img loading=\"lazy\" decoding=\"async\" src=\"https:\/\/versautrechose.fr\/portofolio\/wp-content\/uploads\/2015\/12\/Pic_de_Pique-2394-300x300.jpg\" width=\"300\" height=\"300\" alt=\"vers le Pic de Pique, 2 394 m - Vue de la vall\u00e9e de la Fr\u00e8che\" srcset=\"https:\/\/versautrechose.fr\/portofolio\/wp-content\/uploads\/2015\/12\/Pic_de_Pique-2394-300x300.jpg 300w, https:\/\/versautrechose.fr\/portofolio\/wp-content\/uploads\/2015\/12\/Pic_de_Pique-2394-150x150.jpg 150w\" sizes=\"auto, (max-width: 300px) 100vw, 300px\" class=\"light-dropshaddow\"\/><\/a><\/div><\/div><div class=\"tcol-lg-3 tcol-md-3 tcol-sm-4 tcol-xs-6 tcol-ss-12 g_item\"><div class=\"grid_item kad_gallery_fade_in gallery_item\"><a href=\"https:\/\/versautrechose.fr\/portofolio\/wp-content\/uploads\/2015\/12\/Cre_te-Crabide_s-2242.jpg\" data-rel=\"lightbox\" class=\"lightboxhover\"><img loading=\"lazy\" decoding=\"async\" src=\"https:\/\/versautrechose.fr\/portofolio\/wp-content\/uploads\/2015\/12\/Cre_te-Crabide_s-2242-300x300.jpg\" width=\"300\" height=\"300\" alt=\"Cr\u00eate de Crabides... Altitude 2 242 m, sentier de la vall\u00e9e de la Fr\u00e8che\" srcset=\"https:\/\/versautrechose.fr\/portofolio\/wp-content\/uploads\/2015\/12\/Cre_te-Crabide_s-2242-300x300.jpg 300w, https:\/\/versautrechose.fr\/portofolio\/wp-content\/uploads\/2015\/12\/Cre_te-Crabide_s-2242-150x150.jpg 150w\" sizes=\"auto, (max-width: 300px) 100vw, 300px\" class=\"light-dropshaddow\"\/><\/a><\/div><\/div><div class=\"tcol-lg-3 tcol-md-3 tcol-sm-4 tcol-xs-6 tcol-ss-12 g_item\"><div class=\"grid_item kad_gallery_fade_in gallery_item\"><a href=\"https:\/\/versautrechose.fr\/portofolio\/wp-content\/uploads\/2015\/12\/Pales_de_Miche-1900.jpg\" data-rel=\"lightbox\" class=\"lightboxhover\"><img loading=\"lazy\" decoding=\"async\" src=\"https:\/\/versautrechose.fr\/portofolio\/wp-content\/uploads\/2015\/12\/Pales_de_Miche-1900-300x300.jpg\" width=\"300\" height=\"300\" alt=\"Pales de Miche, 1 900 m\" srcset=\"https:\/\/versautrechose.fr\/portofolio\/wp-content\/uploads\/2015\/12\/Pales_de_Miche-1900-300x300.jpg 300w, https:\/\/versautrechose.fr\/portofolio\/wp-content\/uploads\/2015\/12\/Pales_de_Miche-1900-150x150.jpg 150w\" sizes=\"auto, (max-width: 300px) 100vw, 300px\" class=\"light-dropshaddow\"\/><\/a><\/div><\/div><div class=\"tcol-lg-3 tcol-md-3 tcol-sm-4 tcol-xs-6 tcol-ss-12 g_item\"><div class=\"grid_item kad_gallery_fade_in gallery_item\"><a href=\"https:\/\/versautrechose.fr\/portofolio\/wp-content\/uploads\/2015\/12\/Valle_e-Fre_che-1750.jpg\" data-rel=\"lightbox\" class=\"lightboxhover\"><img loading=\"lazy\" decoding=\"async\" src=\"https:\/\/versautrechose.fr\/portofolio\/wp-content\/uploads\/2015\/12\/Valle_e-Fre_che-1750-300x300.jpg\" width=\"300\" height=\"300\" alt=\"Vall\u00e9e de la Fr\u00e8che, 1 750 m\" srcset=\"https:\/\/versautrechose.fr\/portofolio\/wp-content\/uploads\/2015\/12\/Valle_e-Fre_che-1750-300x300.jpg 300w, https:\/\/versautrechose.fr\/portofolio\/wp-content\/uploads\/2015\/12\/Valle_e-Fre_che-1750-150x150.jpg 150w\" sizes=\"auto, (max-width: 300px) 100vw, 300px\" class=\"light-dropshaddow\"\/><\/a><\/div><\/div><div class=\"tcol-lg-3 tcol-md-3 tcol-sm-4 tcol-xs-6 tcol-ss-12 g_item\"><div class=\"grid_item kad_gallery_fade_in gallery_item\"><a href=\"https:\/\/versautrechose.fr\/portofolio\/wp-content\/uploads\/2015\/12\/DSCN4137.jpg\" data-rel=\"lightbox\" class=\"lightboxhover\"><img loading=\"lazy\" decoding=\"async\" src=\"https:\/\/versautrechose.fr\/portofolio\/wp-content\/uploads\/2015\/12\/DSCN4137-300x300.jpg\" width=\"300\" height=\"300\" alt=\"Vall\u00e9e (glaci\u00e8re) de la Fr\u00eache - Pyr\u00e9nn\u00e9es (Luchon)\" srcset=\"https:\/\/versautrechose.fr\/portofolio\/wp-content\/uploads\/2015\/12\/DSCN4137-300x300.jpg 300w, https:\/\/versautrechose.fr\/portofolio\/wp-content\/uploads\/2015\/12\/DSCN4137-150x150.jpg 150w\" sizes=\"auto, (max-width: 300px) 100vw, 300px\" class=\"light-dropshaddow\"\/><\/a><\/div><\/div><div class=\"tcol-lg-3 tcol-md-3 tcol-sm-4 tcol-xs-6 tcol-ss-12 g_item\"><div class=\"grid_item kad_gallery_fade_in gallery_item\"><a href=\"https:\/\/versautrechose.fr\/portofolio\/wp-content\/uploads\/2015\/12\/DSCN4138.jpg\" data-rel=\"lightbox\" class=\"lightboxhover\"><img loading=\"lazy\" decoding=\"async\" src=\"https:\/\/versautrechose.fr\/portofolio\/wp-content\/uploads\/2015\/12\/DSCN4138-300x300.jpg\" width=\"300\" height=\"300\" alt=\"Vall\u00e9e de la Fr\u00eache - Pyr\u00e9nn\u00e9es (Luchon)\" srcset=\"https:\/\/versautrechose.fr\/portofolio\/wp-content\/uploads\/2015\/12\/DSCN4138-300x300.jpg 300w, https:\/\/versautrechose.fr\/portofolio\/wp-content\/uploads\/2015\/12\/DSCN4138-150x150.jpg 150w\" sizes=\"auto, (max-width: 300px) 100vw, 300px\" class=\"light-dropshaddow\"\/><\/a><\/div><\/div><div class=\"tcol-lg-3 tcol-md-3 tcol-sm-4 tcol-xs-6 tcol-ss-12 g_item\"><div class=\"grid_item kad_gallery_fade_in gallery_item\"><a href=\"https:\/\/versautrechose.fr\/portofolio\/wp-content\/uploads\/2015\/12\/Val-Fre_che-sentier_Etgs-2029.jpg\" data-rel=\"lightbox\" class=\"lightboxhover\"><img loading=\"lazy\" decoding=\"async\" src=\"https:\/\/versautrechose.fr\/portofolio\/wp-content\/uploads\/2015\/12\/Val-Fre_che-sentier_Etgs-2029-300x300.jpg\" width=\"300\" height=\"300\" alt=\"Dans les nuages...   (2000 m.) vers les \u00e9tangs de la Fr\u00eache\" srcset=\"https:\/\/versautrechose.fr\/portofolio\/wp-content\/uploads\/2015\/12\/Val-Fre_che-sentier_Etgs-2029-300x300.jpg 300w, https:\/\/versautrechose.fr\/portofolio\/wp-content\/uploads\/2015\/12\/Val-Fre_che-sentier_Etgs-2029-150x150.jpg 150w\" sizes=\"auto, (max-width: 300px) 100vw, 300px\" class=\"light-dropshaddow\"\/><\/a><\/div><\/div><div class=\"tcol-lg-3 tcol-md-3 tcol-sm-4 tcol-xs-6 tcol-ss-12 g_item\"><div class=\"grid_item kad_gallery_fade_in gallery_item\"><a href=\"https:\/\/versautrechose.fr\/portofolio\/wp-content\/uploads\/2015\/12\/IMG_0005.jpg\" data-rel=\"lightbox\" class=\"lightboxhover\"><img loading=\"lazy\" decoding=\"async\" src=\"https:\/\/versautrechose.fr\/portofolio\/wp-content\/uploads\/2015\/12\/IMG_0005-300x300.jpg\" width=\"300\" height=\"300\" alt=\"vu sur les Etangs de la Fr\u00eache, de la Cr\u00e8te de Crabid\u00e8s (2250m.)\" srcset=\"https:\/\/versautrechose.fr\/portofolio\/wp-content\/uploads\/2015\/12\/IMG_0005-300x300.jpg 300w, https:\/\/versautrechose.fr\/portofolio\/wp-content\/uploads\/2015\/12\/IMG_0005-150x150.jpg 150w\" sizes=\"auto, (max-width: 300px) 100vw, 300px\" class=\"light-dropshaddow\"\/><\/a><\/div><\/div><div class=\"tcol-lg-3 tcol-md-3 tcol-sm-4 tcol-xs-6 tcol-ss-12 g_item\"><div class=\"grid_item kad_gallery_fade_in gallery_item\"><a href=\"https:\/\/versautrechose.fr\/portofolio\/wp-content\/uploads\/2015\/12\/DSCN4154.jpg\" data-rel=\"lightbox\" class=\"lightboxhover\"><img loading=\"lazy\" decoding=\"async\" src=\"https:\/\/versautrechose.fr\/portofolio\/wp-content\/uploads\/2015\/12\/DSCN4154-300x300.jpg\" width=\"300\" height=\"300\" alt=\"Cr\u00e8te de Crabid\u00e8s vu sur les Etangs de la Fr\u00eache - Pyr\u00e9nn\u00e9es (Luchon)\" srcset=\"https:\/\/versautrechose.fr\/portofolio\/wp-content\/uploads\/2015\/12\/DSCN4154-300x300.jpg 300w, https:\/\/versautrechose.fr\/portofolio\/wp-content\/uploads\/2015\/12\/DSCN4154-150x150.jpg 150w\" sizes=\"auto, (max-width: 300px) 100vw, 300px\" class=\"light-dropshaddow\"\/><\/a><\/div><\/div><div class=\"tcol-lg-3 tcol-md-3 tcol-sm-4 tcol-xs-6 tcol-ss-12 g_item\"><div class=\"grid_item kad_gallery_fade_in gallery_item\"><a href=\"https:\/\/versautrechose.fr\/portofolio\/wp-content\/uploads\/2015\/12\/IMG_0006.jpg\" data-rel=\"lightbox\" class=\"lightboxhover\"><img loading=\"lazy\" decoding=\"async\" src=\"https:\/\/versautrechose.fr\/portofolio\/wp-content\/uploads\/2015\/12\/IMG_0006-300x300.jpg\" width=\"300\" height=\"300\" alt=\"les Etangs de la Fr\u00eache, alt. 2131m.\" srcset=\"https:\/\/versautrechose.fr\/portofolio\/wp-content\/uploads\/2015\/12\/IMG_0006-300x300.jpg 300w, https:\/\/versautrechose.fr\/portofolio\/wp-content\/uploads\/2015\/12\/IMG_0006-150x150.jpg 150w\" sizes=\"auto, (max-width: 300px) 100vw, 300px\" class=\"light-dropshaddow\"\/><\/a><\/div><\/div><div class=\"tcol-lg-3 tcol-md-3 tcol-sm-4 tcol-xs-6 tcol-ss-12 g_item\"><div class=\"grid_item kad_gallery_fade_in gallery_item\"><a href=\"https:\/\/versautrechose.fr\/portofolio\/wp-content\/uploads\/2015\/12\/Col_d_Esputs-1277m.jpg\" data-rel=\"lightbox\" class=\"lightboxhover\"><img loading=\"lazy\" decoding=\"async\" src=\"https:\/\/versautrechose.fr\/portofolio\/wp-content\/uploads\/2015\/12\/Col_d_Esputs-1277m-300x300.jpg\" width=\"300\" height=\"300\" alt=\"Col d\u2019Esputs, 1 277 m - Premiers rayons de soleil d\u2019automne... \" srcset=\"https:\/\/versautrechose.fr\/portofolio\/wp-content\/uploads\/2015\/12\/Col_d_Esputs-1277m-300x300.jpg 300w, https:\/\/versautrechose.fr\/portofolio\/wp-content\/uploads\/2015\/12\/Col_d_Esputs-1277m-150x150.jpg 150w\" sizes=\"auto, (max-width: 300px) 100vw, 300px\" class=\"light-dropshaddow\"\/><\/a><\/div><\/div><div class=\"tcol-lg-3 tcol-md-3 tcol-sm-4 tcol-xs-6 tcol-ss-12 g_item\"><div class=\"grid_item kad_gallery_fade_in gallery_item\"><a href=\"https:\/\/versautrechose.fr\/portofolio\/wp-content\/uploads\/2015\/12\/Pic_de_Burat-2154m.jpg\" data-rel=\"lightbox\" class=\"lightboxhover\"><img loading=\"lazy\" decoding=\"async\" src=\"https:\/\/versautrechose.fr\/portofolio\/wp-content\/uploads\/2015\/12\/Pic_de_Burat-2154m-300x300.jpg\" width=\"300\" height=\"300\" alt=\"Pic du Burat - L\u2019aube \u00e0 l\u2019automne, vue sur le pic du Burat (2 154 m), de la vall\u00e9e de la Garonne\" srcset=\"https:\/\/versautrechose.fr\/portofolio\/wp-content\/uploads\/2015\/12\/Pic_de_Burat-2154m-300x300.jpg 300w, https:\/\/versautrechose.fr\/portofolio\/wp-content\/uploads\/2015\/12\/Pic_de_Burat-2154m-150x150.jpg 150w\" sizes=\"auto, (max-width: 300px) 100vw, 300px\" class=\"light-dropshaddow\"\/><\/a><\/div><\/div><div class=\"tcol-lg-3 tcol-md-3 tcol-sm-4 tcol-xs-6 tcol-ss-12 g_item\"><div class=\"grid_item kad_gallery_fade_in gallery_item\"><a href=\"https:\/\/versautrechose.fr\/portofolio\/wp-content\/uploads\/2015\/12\/Mail_de_Cos-1055-2.jpg\" data-rel=\"lightbox\" class=\"lightboxhover\"><img loading=\"lazy\" decoding=\"async\" src=\"https:\/\/versautrechose.fr\/portofolio\/wp-content\/uploads\/2015\/12\/Mail_de_Cos-1055-2-300x300.jpg\" width=\"300\" height=\"300\" alt=\"Mail de Cos, 1 055 m - Au petit matin en vall\u00e9e de la Garonne, \u00e0 l\u2019automne\" srcset=\"https:\/\/versautrechose.fr\/portofolio\/wp-content\/uploads\/2015\/12\/Mail_de_Cos-1055-2-300x300.jpg 300w, https:\/\/versautrechose.fr\/portofolio\/wp-content\/uploads\/2015\/12\/Mail_de_Cos-1055-2-150x150.jpg 150w\" sizes=\"auto, (max-width: 300px) 100vw, 300px\" class=\"light-dropshaddow\"\/><\/a><\/div><\/div><div class=\"tcol-lg-3 tcol-md-3 tcol-sm-4 tcol-xs-6 tcol-ss-12 g_item\"><div class=\"grid_item kad_gallery_fade_in gallery_item\"><a href=\"https:\/\/versautrechose.fr\/portofolio\/wp-content\/uploads\/2015\/12\/Pic_de_Mont_Las-1729m.jpg\" data-rel=\"lightbox\" class=\"lightboxhover\"><img loading=\"lazy\" decoding=\"async\" src=\"https:\/\/versautrechose.fr\/portofolio\/wp-content\/uploads\/2015\/12\/Pic_de_Mont_Las-1729m-300x300.jpg\" width=\"300\" height=\"300\" alt=\"Pic de Mont Las - Vue sur le nord en montant au mont N\u00e9, le pic de Mont Las situ\u00e9 \u00e0 1 729 m d\u2019alt. \" srcset=\"https:\/\/versautrechose.fr\/portofolio\/wp-content\/uploads\/2015\/12\/Pic_de_Mont_Las-1729m-300x300.jpg 300w, https:\/\/versautrechose.fr\/portofolio\/wp-content\/uploads\/2015\/12\/Pic_de_Mont_Las-1729m-150x150.jpg 150w\" sizes=\"auto, (max-width: 300px) 100vw, 300px\" class=\"light-dropshaddow\"\/><\/a><\/div><\/div><div class=\"tcol-lg-3 tcol-md-3 tcol-sm-4 tcol-xs-6 tcol-ss-12 g_item\"><div class=\"grid_item kad_gallery_fade_in gallery_item\"><a href=\"https:\/\/versautrechose.fr\/portofolio\/wp-content\/uploads\/2015\/12\/Mont_Las.jpg\" data-rel=\"lightbox\" class=\"lightboxhover\"><img loading=\"lazy\" decoding=\"async\" src=\"https:\/\/versautrechose.fr\/portofolio\/wp-content\/uploads\/2015\/12\/Mont_Las-300x300.jpg\" width=\"300\" height=\"300\" alt=\"Pic de Mont Las - Versant sud\" srcset=\"https:\/\/versautrechose.fr\/portofolio\/wp-content\/uploads\/2015\/12\/Mont_Las-300x300.jpg 300w, https:\/\/versautrechose.fr\/portofolio\/wp-content\/uploads\/2015\/12\/Mont_Las-150x150.jpg 150w\" sizes=\"auto, (max-width: 300px) 100vw, 300px\" class=\"light-dropshaddow\"\/><\/a><\/div><\/div><div class=\"tcol-lg-3 tcol-md-3 tcol-sm-4 tcol-xs-6 tcol-ss-12 g_item\"><div class=\"grid_item kad_gallery_fade_in gallery_item\"><a href=\"https:\/\/versautrechose.fr\/portofolio\/wp-content\/uploads\/2015\/12\/Vue_nord-est_Mont_Ne_.jpg\" data-rel=\"lightbox\" class=\"lightboxhover\"><img loading=\"lazy\" decoding=\"async\" src=\"https:\/\/versautrechose.fr\/portofolio\/wp-content\/uploads\/2015\/12\/Vue_nord-est_Mont_Ne_-300x300.jpg\" width=\"300\" height=\"300\" alt=\"Pic de Pouy Usclat, 1 755 m - En montant sur le flanc est du mont N\u00e9, la vue vers le nord en direction de Saint-Bertrand-de-Comminges... sous les nuages...\" srcset=\"https:\/\/versautrechose.fr\/portofolio\/wp-content\/uploads\/2015\/12\/Vue_nord-est_Mont_Ne_-300x300.jpg 300w, https:\/\/versautrechose.fr\/portofolio\/wp-content\/uploads\/2015\/12\/Vue_nord-est_Mont_Ne_-150x150.jpg 150w\" sizes=\"auto, (max-width: 300px) 100vw, 300px\" class=\"light-dropshaddow\"\/><\/a><\/div><\/div><div class=\"tcol-lg-3 tcol-md-3 tcol-sm-4 tcol-xs-6 tcol-ss-12 g_item\"><div class=\"grid_item kad_gallery_fade_in gallery_item\"><a href=\"https:\/\/versautrechose.fr\/portofolio\/wp-content\/uploads\/2015\/12\/Cap_Pouy_Pics_-Usclat-Gar.jpg\" data-rel=\"lightbox\" class=\"lightboxhover\"><img loading=\"lazy\" decoding=\"async\" src=\"https:\/\/versautrechose.fr\/portofolio\/wp-content\/uploads\/2015\/12\/Cap_Pouy_Pics_-Usclat-Gar-300x300.jpg\" width=\"300\" height=\"300\" alt=\"Cap de Pouy, pic du Gar et l\u2019Oud\u00e9rou - De gauche \u00e0 droite (soit nord vers est), le cap de Pouy de Hourmigu\u00e9 (1 685 m), le pic du Gar et le sommet de l\u2019Oud\u00e9rou (1 620 m)\" srcset=\"https:\/\/versautrechose.fr\/portofolio\/wp-content\/uploads\/2015\/12\/Cap_Pouy_Pics_-Usclat-Gar-300x300.jpg 300w, https:\/\/versautrechose.fr\/portofolio\/wp-content\/uploads\/2015\/12\/Cap_Pouy_Pics_-Usclat-Gar-150x150.jpg 150w\" sizes=\"auto, (max-width: 300px) 100vw, 300px\" class=\"light-dropshaddow\"\/><\/a><\/div><\/div><div class=\"tcol-lg-3 tcol-md-3 tcol-sm-4 tcol-xs-6 tcol-ss-12 g_item\"><div class=\"grid_item kad_gallery_fade_in gallery_item\"><a href=\"https:\/\/versautrechose.fr\/portofolio\/wp-content\/uploads\/2015\/12\/Cap-Pouy_Pic-Gar.jpg\" data-rel=\"lightbox\" class=\"lightboxhover\"><img loading=\"lazy\" decoding=\"async\" src=\"https:\/\/versautrechose.fr\/portofolio\/wp-content\/uploads\/2015\/12\/Cap-Pouy_Pic-Gar-300x300.jpg\" width=\"300\" height=\"300\" alt=\"Cap de Pouy de Hourmigu\u00e9 et le pic du Gar - Vue du mont N\u00e9\" srcset=\"https:\/\/versautrechose.fr\/portofolio\/wp-content\/uploads\/2015\/12\/Cap-Pouy_Pic-Gar-300x300.jpg 300w, https:\/\/versautrechose.fr\/portofolio\/wp-content\/uploads\/2015\/12\/Cap-Pouy_Pic-Gar-150x150.jpg 150w\" sizes=\"auto, (max-width: 300px) 100vw, 300px\" class=\"light-dropshaddow\"\/><\/a><\/div><\/div><div class=\"tcol-lg-3 tcol-md-3 tcol-sm-4 tcol-xs-6 tcol-ss-12 g_item\"><div class=\"grid_item kad_gallery_fade_in gallery_item\"><a href=\"https:\/\/versautrechose.fr\/portofolio\/wp-content\/uploads\/2015\/12\/Gar-Usclat-Cagire.jpg\" data-rel=\"lightbox\" class=\"lightboxhover\"><img loading=\"lazy\" decoding=\"async\" src=\"https:\/\/versautrechose.fr\/portofolio\/wp-content\/uploads\/2015\/12\/Gar-Usclat-Cagire-300x300.jpg\" width=\"300\" height=\"300\" alt=\"Pics du Gar et Cagire - Ici en arri\u00e8re plan du sommet de l\u2019Oud\u00e9rou, le pic de Cagire (1 912 m)\" srcset=\"https:\/\/versautrechose.fr\/portofolio\/wp-content\/uploads\/2015\/12\/Gar-Usclat-Cagire-300x300.jpg 300w, https:\/\/versautrechose.fr\/portofolio\/wp-content\/uploads\/2015\/12\/Gar-Usclat-Cagire-150x150.jpg 150w\" sizes=\"auto, (max-width: 300px) 100vw, 300px\" class=\"light-dropshaddow\"\/><\/a><\/div><\/div><div class=\"tcol-lg-3 tcol-md-3 tcol-sm-4 tcol-xs-6 tcol-ss-12 g_item\"><div class=\"grid_item kad_gallery_fade_in gallery_item\"><a href=\"https:\/\/versautrechose.fr\/portofolio\/wp-content\/uploads\/2015\/12\/Mont_Ne_.jpg\" data-rel=\"lightbox\" class=\"lightboxhover\"><img loading=\"lazy\" decoding=\"async\" src=\"https:\/\/versautrechose.fr\/portofolio\/wp-content\/uploads\/2015\/12\/Mont_Ne_-300x300.jpg\" width=\"300\" height=\"300\" alt=\"Le mont N\u00e9 - \u00c0 2 147 m d\u2019altitude, ici sa face est au matin\" srcset=\"https:\/\/versautrechose.fr\/portofolio\/wp-content\/uploads\/2015\/12\/Mont_Ne_-300x300.jpg 300w, https:\/\/versautrechose.fr\/portofolio\/wp-content\/uploads\/2015\/12\/Mont_Ne_-150x150.jpg 150w\" sizes=\"auto, (max-width: 300px) 100vw, 300px\" class=\"light-dropshaddow\"\/><\/a><\/div><\/div><div class=\"tcol-lg-3 tcol-md-3 tcol-sm-4 tcol-xs-6 tcol-ss-12 g_item\"><div class=\"grid_item kad_gallery_fade_in gallery_item\"><a href=\"https:\/\/versautrechose.fr\/portofolio\/wp-content\/uploads\/2015\/12\/Mont_Ne_la_monte_est.jpg\" data-rel=\"lightbox\" class=\"lightboxhover\"><img loading=\"lazy\" decoding=\"async\" src=\"https:\/\/versautrechose.fr\/portofolio\/wp-content\/uploads\/2015\/12\/Mont_Ne_la_monte_est-300x300.jpg\" width=\"300\" height=\"300\" alt=\"Mont N\u00e9 - La mont\u00e9e du c\u00f4t\u00e9 est\" srcset=\"https:\/\/versautrechose.fr\/portofolio\/wp-content\/uploads\/2015\/12\/Mont_Ne_la_monte_est-300x300.jpg 300w, https:\/\/versautrechose.fr\/portofolio\/wp-content\/uploads\/2015\/12\/Mont_Ne_la_monte_est-150x150.jpg 150w\" sizes=\"auto, (max-width: 300px) 100vw, 300px\" class=\"light-dropshaddow\"\/><\/a><\/div><\/div><div class=\"tcol-lg-3 tcol-md-3 tcol-sm-4 tcol-xs-6 tcol-ss-12 g_item\"><div class=\"grid_item kad_gallery_fade_in gallery_item\"><a href=\"https:\/\/versautrechose.fr\/portofolio\/wp-content\/uploads\/2015\/12\/Hareng-Aspet.jpg\" data-rel=\"lightbox\" class=\"lightboxhover\"><img loading=\"lazy\" decoding=\"async\" src=\"https:\/\/versautrechose.fr\/portofolio\/wp-content\/uploads\/2015\/12\/Hareng-Aspet-300x300.jpg\" width=\"300\" height=\"300\" alt=\"Areng et Aspet - La montagne d\u2019Areng (2 079 m) et le pic de mont Aspet (1 849 m) vus du mont N\u00e9\" srcset=\"https:\/\/versautrechose.fr\/portofolio\/wp-content\/uploads\/2015\/12\/Hareng-Aspet-300x300.jpg 300w, https:\/\/versautrechose.fr\/portofolio\/wp-content\/uploads\/2015\/12\/Hareng-Aspet-150x150.jpg 150w\" sizes=\"auto, (max-width: 300px) 100vw, 300px\" class=\"light-dropshaddow\"\/><\/a><\/div><\/div><div class=\"tcol-lg-3 tcol-md-3 tcol-sm-4 tcol-xs-6 tcol-ss-12 g_item\"><div class=\"grid_item kad_gallery_fade_in gallery_item\"><a href=\"https:\/\/versautrechose.fr\/portofolio\/wp-content\/uploads\/2015\/12\/Cap_Nestes.jpg\" data-rel=\"lightbox\" class=\"lightboxhover\"><img loading=\"lazy\" decoding=\"async\" src=\"https:\/\/versautrechose.fr\/portofolio\/wp-content\/uploads\/2015\/12\/Cap_Nestes-300x300.jpg\" width=\"300\" height=\"300\" alt=\"Cap de Nestes 1 805 m - Vue nord-ouest du mont N\u00e9\" srcset=\"https:\/\/versautrechose.fr\/portofolio\/wp-content\/uploads\/2015\/12\/Cap_Nestes-300x300.jpg 300w, https:\/\/versautrechose.fr\/portofolio\/wp-content\/uploads\/2015\/12\/Cap_Nestes-150x150.jpg 150w\" sizes=\"auto, (max-width: 300px) 100vw, 300px\" class=\"light-dropshaddow\"\/><\/a><\/div><\/div><div class=\"tcol-lg-3 tcol-md-3 tcol-sm-4 tcol-xs-6 tcol-ss-12 g_item\"><div class=\"grid_item kad_gallery_fade_in gallery_item\"><a href=\"https:\/\/versautrechose.fr\/portofolio\/wp-content\/uploads\/2015\/12\/Pics_Burat_et_Bacanere.jpg\" data-rel=\"lightbox\" class=\"lightboxhover\"><img loading=\"lazy\" decoding=\"async\" src=\"https:\/\/versautrechose.fr\/portofolio\/wp-content\/uploads\/2015\/12\/Pics_Burat_et_Bacanere-300x300.jpg\" width=\"300\" height=\"300\" alt=\"Pics Burat et Bacan\u00e8re - Vue au levant du mont N\u00e9, les pics de Burat et de Bacan\u00e8re (2 193 m)\" srcset=\"https:\/\/versautrechose.fr\/portofolio\/wp-content\/uploads\/2015\/12\/Pics_Burat_et_Bacanere-300x300.jpg 300w, https:\/\/versautrechose.fr\/portofolio\/wp-content\/uploads\/2015\/12\/Pics_Burat_et_Bacanere-150x150.jpg 150w\" sizes=\"auto, (max-width: 300px) 100vw, 300px\" class=\"light-dropshaddow\"\/><\/a><\/div><\/div><div class=\"tcol-lg-3 tcol-md-3 tcol-sm-4 tcol-xs-6 tcol-ss-12 g_item\"><div class=\"grid_item kad_gallery_fade_in gallery_item\"><a href=\"https:\/\/versautrechose.fr\/portofolio\/wp-content\/uploads\/2015\/12\/Tuc_Bidur-Montlude.jpg\" data-rel=\"lightbox\" class=\"lightboxhover\"><img loading=\"lazy\" decoding=\"async\" src=\"https:\/\/versautrechose.fr\/portofolio\/wp-content\/uploads\/2015\/12\/Tuc_Bidur-Montlude-300x300.jpg\" width=\"300\" height=\"300\" alt=\"Le Montlude 2 512 m - Au-del\u00e0 du Tuc de Bidur (2 019 m), vers l\u2019est le Montlude dans le Val d\u2019Aran en Espagne\" srcset=\"https:\/\/versautrechose.fr\/portofolio\/wp-content\/uploads\/2015\/12\/Tuc_Bidur-Montlude-300x300.jpg 300w, https:\/\/versautrechose.fr\/portofolio\/wp-content\/uploads\/2015\/12\/Tuc_Bidur-Montlude-150x150.jpg 150w\" sizes=\"auto, (max-width: 300px) 100vw, 300px\" class=\"light-dropshaddow\"\/><\/a><\/div><\/div><div class=\"tcol-lg-3 tcol-md-3 tcol-sm-4 tcol-xs-6 tcol-ss-12 g_item\"><div class=\"grid_item kad_gallery_fade_in gallery_item\"><a href=\"https:\/\/versautrechose.fr\/portofolio\/wp-content\/uploads\/2015\/12\/Maupas.jpg\" data-rel=\"lightbox\" class=\"lightboxhover\"><img loading=\"lazy\" decoding=\"async\" src=\"https:\/\/versautrechose.fr\/portofolio\/wp-content\/uploads\/2015\/12\/Maupas-300x300.jpg\" width=\"300\" height=\"300\" alt=\"Pic de Maupas 3 109 m - Au sud le pic de Maupas, (devant, Superbagn\u00e8res)\" srcset=\"https:\/\/versautrechose.fr\/portofolio\/wp-content\/uploads\/2015\/12\/Maupas-300x300.jpg 300w, https:\/\/versautrechose.fr\/portofolio\/wp-content\/uploads\/2015\/12\/Maupas-150x150.jpg 150w\" sizes=\"auto, (max-width: 300px) 100vw, 300px\" class=\"light-dropshaddow\"\/><\/a><\/div><\/div><div class=\"tcol-lg-3 tcol-md-3 tcol-sm-4 tcol-xs-6 tcol-ss-12 g_item\"><div class=\"grid_item kad_gallery_fade_in gallery_item\"><a href=\"https:\/\/versautrechose.fr\/portofolio\/wp-content\/uploads\/2015\/12\/Pics_Perdiguere-Gourgs_Blanc.jpg\" data-rel=\"lightbox\" class=\"lightboxhover\"><img loading=\"lazy\" decoding=\"async\" src=\"https:\/\/versautrechose.fr\/portofolio\/wp-content\/uploads\/2015\/12\/Pics_Perdiguere-Gourgs_Blanc-300x300.jpg\" width=\"300\" height=\"300\" alt=\"Pics Perdigu\u00e8re, Portillon... La vue sur le sud... les pics des Crabioules (3 116 m), Perdigu\u00e8re (3 222 m), du Portillon d\u2019O\u00f4 (3 050 m)\" srcset=\"https:\/\/versautrechose.fr\/portofolio\/wp-content\/uploads\/2015\/12\/Pics_Perdiguere-Gourgs_Blanc-300x300.jpg 300w, https:\/\/versautrechose.fr\/portofolio\/wp-content\/uploads\/2015\/12\/Pics_Perdiguere-Gourgs_Blanc-150x150.jpg 150w\" sizes=\"auto, (max-width: 300px) 100vw, 300px\" class=\"light-dropshaddow\"\/><\/a><\/div><\/div><div class=\"tcol-lg-3 tcol-md-3 tcol-sm-4 tcol-xs-6 tcol-ss-12 g_item\"><div class=\"grid_item kad_gallery_fade_in gallery_item\"><a href=\"https:\/\/versautrechose.fr\/portofolio\/wp-content\/uploads\/2015\/12\/L-_Bareilles-Pic_Shrader.jpg\" data-rel=\"lightbox\" class=\"lightboxhover\"><img loading=\"lazy\" decoding=\"async\" src=\"https:\/\/versautrechose.fr\/portofolio\/wp-content\/uploads\/2015\/12\/L-_Bareilles-Pic_Shrader-300x300.jpg\" width=\"300\" height=\"300\" alt=\"Le lac de Bareilles - Situ\u00e9 au sud du mont N\u00e9, \u00e0 1 765 m d\u2019altitude, au pied du Tech comme dans un \u00e9crin... \" srcset=\"https:\/\/versautrechose.fr\/portofolio\/wp-content\/uploads\/2015\/12\/L-_Bareilles-Pic_Shrader-300x300.jpg 300w, https:\/\/versautrechose.fr\/portofolio\/wp-content\/uploads\/2015\/12\/L-_Bareilles-Pic_Shrader-150x150.jpg 150w\" sizes=\"auto, (max-width: 300px) 100vw, 300px\" class=\"light-dropshaddow\"\/><\/a><\/div><\/div><div class=\"tcol-lg-3 tcol-md-3 tcol-sm-4 tcol-xs-6 tcol-ss-12 g_item\"><div class=\"grid_item kad_gallery_fade_in gallery_item\"><a href=\"https:\/\/versautrechose.fr\/portofolio\/wp-content\/uploads\/2015\/12\/L-_Bareilles-Tech.jpg\" data-rel=\"lightbox\" class=\"lightboxhover\"><img loading=\"lazy\" decoding=\"async\" src=\"https:\/\/versautrechose.fr\/portofolio\/wp-content\/uploads\/2015\/12\/L-_Bareilles-Tech-300x300.jpg\" width=\"300\" height=\"300\" alt=\"Lac de Bareilles et sommet du Tech - Le sommet du Tech, \u00e0 2 138 m, versant nord surplombant le lac\" srcset=\"https:\/\/versautrechose.fr\/portofolio\/wp-content\/uploads\/2015\/12\/L-_Bareilles-Tech-300x300.jpg 300w, https:\/\/versautrechose.fr\/portofolio\/wp-content\/uploads\/2015\/12\/L-_Bareilles-Tech-150x150.jpg 150w\" sizes=\"auto, (max-width: 300px) 100vw, 300px\" class=\"light-dropshaddow\"\/><\/a><\/div><\/div><div class=\"tcol-lg-3 tcol-md-3 tcol-sm-4 tcol-xs-6 tcol-ss-12 g_item\"><div class=\"grid_item kad_gallery_fade_in gallery_item\"><a href=\"https:\/\/versautrechose.fr\/portofolio\/wp-content\/uploads\/2015\/12\/L-_Bareilles.jpg\" data-rel=\"lightbox\" class=\"lightboxhover\"><img loading=\"lazy\" decoding=\"async\" src=\"https:\/\/versautrechose.fr\/portofolio\/wp-content\/uploads\/2015\/12\/L-_Bareilles-300x300.jpg\" width=\"300\" height=\"300\" alt=\"Lac de Bareilles - Lac \u00e9meraude... \" srcset=\"https:\/\/versautrechose.fr\/portofolio\/wp-content\/uploads\/2015\/12\/L-_Bareilles-300x300.jpg 300w, https:\/\/versautrechose.fr\/portofolio\/wp-content\/uploads\/2015\/12\/L-_Bareilles-150x150.jpg 150w\" sizes=\"auto, (max-width: 300px) 100vw, 300px\" class=\"light-dropshaddow\"\/><\/a><\/div><\/div><div class=\"tcol-lg-3 tcol-md-3 tcol-sm-4 tcol-xs-6 tcol-ss-12 g_item\"><div class=\"grid_item kad_gallery_fade_in gallery_item\"><a href=\"https:\/\/versautrechose.fr\/portofolio\/wp-content\/uploads\/2015\/12\/L-_Bareilles_contre-jour.jpg\" data-rel=\"lightbox\" class=\"lightboxhover\"><img loading=\"lazy\" decoding=\"async\" src=\"https:\/\/versautrechose.fr\/portofolio\/wp-content\/uploads\/2015\/12\/L-_Bareilles_contre-jour-300x300.jpg\" width=\"300\" height=\"300\" alt=\"Lac de Bareilles... Contre-jour qui met en valeur ce lac comme un joyau au pied de la face nord du Tech\" srcset=\"https:\/\/versautrechose.fr\/portofolio\/wp-content\/uploads\/2015\/12\/L-_Bareilles_contre-jour-300x300.jpg 300w, https:\/\/versautrechose.fr\/portofolio\/wp-content\/uploads\/2015\/12\/L-_Bareilles_contre-jour-150x150.jpg 150w\" sizes=\"auto, (max-width: 300px) 100vw, 300px\" class=\"light-dropshaddow\"\/><\/a><\/div><\/div><div class=\"tcol-lg-3 tcol-md-3 tcol-sm-4 tcol-xs-6 tcol-ss-12 g_item\"><div class=\"grid_item kad_gallery_fade_in gallery_item\"><a href=\"https:\/\/versautrechose.fr\/portofolio\/wp-content\/uploads\/2015\/12\/Lac_Bareilles-Pic_Lion.jpg\" data-rel=\"lightbox\" class=\"lightboxhover\"><img loading=\"lazy\" decoding=\"async\" src=\"https:\/\/versautrechose.fr\/portofolio\/wp-content\/uploads\/2015\/12\/Lac_Bareilles-Pic_Lion-300x300.jpg\" width=\"300\" height=\"300\" alt=\" Sur l\u2019est du Tech, le pic du Lion (2 102 m), et en arri\u00e8re le pic de Shrader, 3 174 m, pics de l\u2019Abeille (3 029 m), de Bacou (2 975 m), de Lustou (3 023 m)\" srcset=\"https:\/\/versautrechose.fr\/portofolio\/wp-content\/uploads\/2015\/12\/Lac_Bareilles-Pic_Lion-300x300.jpg 300w, https:\/\/versautrechose.fr\/portofolio\/wp-content\/uploads\/2015\/12\/Lac_Bareilles-Pic_Lion-150x150.jpg 150w\" sizes=\"auto, (max-width: 300px) 100vw, 300px\" class=\"light-dropshaddow\"\/><\/a><\/div><\/div><div class=\"tcol-lg-3 tcol-md-3 tcol-sm-4 tcol-xs-6 tcol-ss-12 g_item\"><div class=\"grid_item kad_gallery_fade_in gallery_item\"><a href=\"https:\/\/versautrechose.fr\/portofolio\/wp-content\/uploads\/2015\/12\/Crete_Calamagne.jpg\" data-rel=\"lightbox\" class=\"lightboxhover\"><img loading=\"lazy\" decoding=\"async\" src=\"https:\/\/versautrechose.fr\/portofolio\/wp-content\/uploads\/2015\/12\/Crete_Calamagne-300x300.jpg\" width=\"300\" height=\"300\" alt=\"Cr\u00e8te de Calamagne - Cr\u00e8te (1 680 m) \u00e0 l\u2019ouest du mont N\u00e9, effleur\u00e9 par un vautour, en arri\u00e8re pics de Tramezaigues (2 572 m), d\u2019Aret (2 939 m)\" srcset=\"https:\/\/versautrechose.fr\/portofolio\/wp-content\/uploads\/2015\/12\/Crete_Calamagne-300x300.jpg 300w, https:\/\/versautrechose.fr\/portofolio\/wp-content\/uploads\/2015\/12\/Crete_Calamagne-150x150.jpg 150w\" sizes=\"auto, (max-width: 300px) 100vw, 300px\" class=\"light-dropshaddow\"\/><\/a><\/div><\/div><div class=\"tcol-lg-3 tcol-md-3 tcol-sm-4 tcol-xs-6 tcol-ss-12 g_item\"><div class=\"grid_item kad_gallery_fade_in gallery_item\"><a href=\"https:\/\/versautrechose.fr\/portofolio\/wp-content\/uploads\/2015\/12\/L_Arbizon.jpg\" data-rel=\"lightbox\" class=\"lightboxhover\"><img loading=\"lazy\" decoding=\"async\" src=\"https:\/\/versautrechose.fr\/portofolio\/wp-content\/uploads\/2015\/12\/L_Arbizon-300x300.jpg\" width=\"300\" height=\"300\" alt=\"L\u2019Arbizon, pic de Montfaucon - Toujours \u00e0 l\u2019ouest, l\u2019Arbizon \u00e0 2 381 m, et le pic de Montfaucon, lui \u00e0 2 712 m d\u2019altitude \" srcset=\"https:\/\/versautrechose.fr\/portofolio\/wp-content\/uploads\/2015\/12\/L_Arbizon-300x300.jpg 300w, https:\/\/versautrechose.fr\/portofolio\/wp-content\/uploads\/2015\/12\/L_Arbizon-150x150.jpg 150w\" sizes=\"auto, (max-width: 300px) 100vw, 300px\" class=\"light-dropshaddow\"\/><\/a><\/div><\/div><div class=\"tcol-lg-3 tcol-md-3 tcol-sm-4 tcol-xs-6 tcol-ss-12 g_item\"><div class=\"grid_item kad_gallery_fade_in gallery_item\"><a href=\"https:\/\/versautrechose.fr\/portofolio\/wp-content\/uploads\/2015\/12\/Vautours-fauves.jpg\" data-rel=\"lightbox\" class=\"lightboxhover\"><img loading=\"lazy\" decoding=\"async\" src=\"https:\/\/versautrechose.fr\/portofolio\/wp-content\/uploads\/2015\/12\/Vautours-fauves-300x300.jpg\" width=\"300\" height=\"300\" alt=\"Vautours fauves - Passage au-dessus du mont N\u00e9 de vautours fauves... \" srcset=\"https:\/\/versautrechose.fr\/portofolio\/wp-content\/uploads\/2015\/12\/Vautours-fauves-300x300.jpg 300w, https:\/\/versautrechose.fr\/portofolio\/wp-content\/uploads\/2015\/12\/Vautours-fauves-150x150.jpg 150w\" sizes=\"auto, (max-width: 300px) 100vw, 300px\" class=\"light-dropshaddow\"\/><\/a><\/div><\/div><div class=\"tcol-lg-3 tcol-md-3 tcol-sm-4 tcol-xs-6 tcol-ss-12 g_item\"><div class=\"grid_item kad_gallery_fade_in gallery_item\"><a href=\"https:\/\/versautrechose.fr\/portofolio\/wp-content\/uploads\/2015\/12\/Pic_du_Midi.jpg\" data-rel=\"lightbox\" class=\"lightboxhover\"><img loading=\"lazy\" decoding=\"async\" src=\"https:\/\/versautrechose.fr\/portofolio\/wp-content\/uploads\/2015\/12\/Pic_du_Midi-300x300.jpg\" width=\"300\" height=\"300\" alt=\"Pic du Midi de Bigorre - \u00c0 2 876 m d\u2019alt, le pic du Midi, au-devant le Plo Del Naou (1 754 m), vers le col d\u2019Aspin\" srcset=\"https:\/\/versautrechose.fr\/portofolio\/wp-content\/uploads\/2015\/12\/Pic_du_Midi-300x300.jpg 300w, https:\/\/versautrechose.fr\/portofolio\/wp-content\/uploads\/2015\/12\/Pic_du_Midi-150x150.jpg 150w\" sizes=\"auto, (max-width: 300px) 100vw, 300px\" class=\"light-dropshaddow\"\/><\/a><\/div><\/div><div class=\"tcol-lg-3 tcol-md-3 tcol-sm-4 tcol-xs-6 tcol-ss-12 g_item\"><div class=\"grid_item kad_gallery_fade_in gallery_item\"><a href=\"https:\/\/versautrechose.fr\/portofolio\/wp-content\/uploads\/2015\/12\/Bareilles-vallee.jpg\" data-rel=\"lightbox\" class=\"lightboxhover\"><img loading=\"lazy\" decoding=\"async\" src=\"https:\/\/versautrechose.fr\/portofolio\/wp-content\/uploads\/2015\/12\/Bareilles-vallee-300x300.jpg\" width=\"300\" height=\"300\" alt=\"Bareilles - Vue du mont N\u00e9, \u00e0 l\u2019ouest ; la tr\u00e8s jolie vall\u00e9e de Bareilles situ\u00e9e \u00e0 1 250 m d\u2019altitude\" srcset=\"https:\/\/versautrechose.fr\/portofolio\/wp-content\/uploads\/2015\/12\/Bareilles-vallee-300x300.jpg 300w, https:\/\/versautrechose.fr\/portofolio\/wp-content\/uploads\/2015\/12\/Bareilles-vallee-150x150.jpg 150w\" sizes=\"auto, (max-width: 300px) 100vw, 300px\" class=\"light-dropshaddow\"\/><\/a><\/div><\/div><div class=\"tcol-lg-3 tcol-md-3 tcol-sm-4 tcol-xs-6 tcol-ss-12 g_item\"><div class=\"grid_item kad_gallery_fade_in gallery_item\"><a href=\"https:\/\/versautrechose.fr\/portofolio\/wp-content\/uploads\/2015\/12\/vallee_d_Oueil.jpg\" data-rel=\"lightbox\" class=\"lightboxhover\"><img loading=\"lazy\" decoding=\"async\" src=\"https:\/\/versautrechose.fr\/portofolio\/wp-content\/uploads\/2015\/12\/vallee_d_Oueil-300x300.jpg\" width=\"300\" height=\"300\" alt=\"Vall\u00e9e d\u2019Oueil - Panorama au couchant vers le sud-est, sur la vall\u00e9e d\u2019Oueil (1 300 m), en fond le massif du Val d\u2019Aran en Espagne\" srcset=\"https:\/\/versautrechose.fr\/portofolio\/wp-content\/uploads\/2015\/12\/vallee_d_Oueil-300x300.jpg 300w, https:\/\/versautrechose.fr\/portofolio\/wp-content\/uploads\/2015\/12\/vallee_d_Oueil-150x150.jpg 150w\" sizes=\"auto, (max-width: 300px) 100vw, 300px\" class=\"light-dropshaddow\"\/><\/a><\/div><\/div><div class=\"tcol-lg-3 tcol-md-3 tcol-sm-4 tcol-xs-6 tcol-ss-12 g_item\"><div class=\"grid_item kad_gallery_fade_in gallery_item\"><a href=\"https:\/\/versautrechose.fr\/portofolio\/wp-content\/uploads\/2015\/12\/Montagne_d_Espiau.jpg\" data-rel=\"lightbox\" class=\"lightboxhover\"><img loading=\"lazy\" decoding=\"async\" src=\"https:\/\/versautrechose.fr\/portofolio\/wp-content\/uploads\/2015\/12\/Montagne_d_Espiau-300x300.jpg\" width=\"300\" height=\"300\" alt=\"La Montagne d\u2019Espiau - Dans le soleil du couchant au sud, la montagne d\u2019Espiau (1900 m), plus au loin les pics du Maupas, des Cabrioules, Perdigu\u00e8re, des Gourgs Blancs (pour les principaux)\" srcset=\"https:\/\/versautrechose.fr\/portofolio\/wp-content\/uploads\/2015\/12\/Montagne_d_Espiau-300x300.jpg 300w, https:\/\/versautrechose.fr\/portofolio\/wp-content\/uploads\/2015\/12\/Montagne_d_Espiau-150x150.jpg 150w\" sizes=\"auto, (max-width: 300px) 100vw, 300px\" class=\"light-dropshaddow\"\/><\/a><\/div><\/div><div class=\"tcol-lg-3 tcol-md-3 tcol-sm-4 tcol-xs-6 tcol-ss-12 g_item\"><div class=\"grid_item kad_gallery_fade_in gallery_item\"><a href=\"https:\/\/versautrechose.fr\/portofolio\/wp-content\/uploads\/2015\/12\/Jardin_d_hiver.jpg\" data-rel=\"lightbox\" class=\"lightboxhover\"><img loading=\"lazy\" decoding=\"async\" src=\"https:\/\/versautrechose.fr\/portofolio\/wp-content\/uploads\/2015\/12\/Jardin_d_hiver-300x300.jpg\" width=\"300\" height=\"300\" alt=\"Jardin d\u2019hiver - Composition naturelle, premi\u00e8res neiges d\u2019automne \u00e0 Serre de mont Cassan (1 850 m)\" srcset=\"https:\/\/versautrechose.fr\/portofolio\/wp-content\/uploads\/2015\/12\/Jardin_d_hiver-300x300.jpg 300w, https:\/\/versautrechose.fr\/portofolio\/wp-content\/uploads\/2015\/12\/Jardin_d_hiver-150x150.jpg 150w\" sizes=\"auto, (max-width: 300px) 100vw, 300px\" class=\"light-dropshaddow\"\/><\/a><\/div><\/div><div class=\"tcol-lg-3 tcol-md-3 tcol-sm-4 tcol-xs-6 tcol-ss-12 g_item\"><div class=\"grid_item kad_gallery_fade_in gallery_item\"><a href=\"https:\/\/versautrechose.fr\/portofolio\/wp-content\/uploads\/2015\/12\/Mont_Las-couchant.jpg\" data-rel=\"lightbox\" class=\"lightboxhover\"><img loading=\"lazy\" decoding=\"async\" src=\"https:\/\/versautrechose.fr\/portofolio\/wp-content\/uploads\/2015\/12\/Mont_Las-couchant-300x300.jpg\" width=\"300\" height=\"300\" alt=\"Le Mont Las au couchant\" srcset=\"https:\/\/versautrechose.fr\/portofolio\/wp-content\/uploads\/2015\/12\/Mont_Las-couchant-300x300.jpg 300w, https:\/\/versautrechose.fr\/portofolio\/wp-content\/uploads\/2015\/12\/Mont_Las-couchant-150x150.jpg 150w\" sizes=\"auto, (max-width: 300px) 100vw, 300px\" class=\"light-dropshaddow\"\/><\/a><\/div><\/div><div class=\"tcol-lg-3 tcol-md-3 tcol-sm-4 tcol-xs-6 tcol-ss-12 g_item\"><div class=\"grid_item kad_gallery_fade_in gallery_item\"><a href=\"https:\/\/versautrechose.fr\/portofolio\/wp-content\/uploads\/2015\/12\/vautour_fauve.jpg\" data-rel=\"lightbox\" class=\"lightboxhover\"><img loading=\"lazy\" decoding=\"async\" src=\"https:\/\/versautrechose.fr\/portofolio\/wp-content\/uploads\/2015\/12\/vautour_fauve-300x300.jpg\" width=\"300\" height=\"300\" alt=\"Vautour fauve - Dernier vol avant le coucher du jour... \" srcset=\"https:\/\/versautrechose.fr\/portofolio\/wp-content\/uploads\/2015\/12\/vautour_fauve-300x300.jpg 300w, https:\/\/versautrechose.fr\/portofolio\/wp-content\/uploads\/2015\/12\/vautour_fauve-150x150.jpg 150w\" sizes=\"auto, (max-width: 300px) 100vw, 300px\" class=\"light-dropshaddow\"\/><\/a><\/div><\/div><div class=\"tcol-lg-3 tcol-md-3 tcol-sm-4 tcol-xs-6 tcol-ss-12 g_item\"><div class=\"grid_item kad_gallery_fade_in gallery_item\"><a href=\"https:\/\/versautrechose.fr\/portofolio\/wp-content\/uploads\/2015\/12\/DSCN2646.jpg\" data-rel=\"lightbox\" class=\"lightboxhover\"><img loading=\"lazy\" decoding=\"async\" src=\"https:\/\/versautrechose.fr\/portofolio\/wp-content\/uploads\/2015\/12\/DSCN2646-300x300.jpg\" width=\"300\" height=\"300\" alt=\"Pic de Calabasse (alt. 2210m.) et Pic de Pi\u00e8le de Mil (alt. 2128m.), vu de Soulan, Le Mourtis\" srcset=\"https:\/\/versautrechose.fr\/portofolio\/wp-content\/uploads\/2015\/12\/DSCN2646-300x300.jpg 300w, https:\/\/versautrechose.fr\/portofolio\/wp-content\/uploads\/2015\/12\/DSCN2646-150x150.jpg 150w\" sizes=\"auto, (max-width: 300px) 100vw, 300px\" class=\"light-dropshaddow\"\/><\/a><\/div><\/div><div class=\"tcol-lg-3 tcol-md-3 tcol-sm-4 tcol-xs-6 tcol-ss-12 g_item\"><div class=\"grid_item kad_gallery_fade_in gallery_item\"><a href=\"https:\/\/versautrechose.fr\/portofolio\/wp-content\/uploads\/2015\/12\/DSCN2642.jpg\" data-rel=\"lightbox\" class=\"lightboxhover\"><img loading=\"lazy\" decoding=\"async\" src=\"https:\/\/versautrechose.fr\/portofolio\/wp-content\/uploads\/2015\/12\/DSCN2642-300x300.jpg\" width=\"300\" height=\"300\" alt=\"Pic de Pale Bidau (alt. 1974m.) et Pic de Pale de Rase (alt. 2140m.), vu de Soulan, Le Mourtis\" srcset=\"https:\/\/versautrechose.fr\/portofolio\/wp-content\/uploads\/2015\/12\/DSCN2642-300x300.jpg 300w, https:\/\/versautrechose.fr\/portofolio\/wp-content\/uploads\/2015\/12\/DSCN2642-150x150.jpg 150w\" sizes=\"auto, (max-width: 300px) 100vw, 300px\" class=\"light-dropshaddow\"\/><\/a><\/div><\/div><div class=\"tcol-lg-3 tcol-md-3 tcol-sm-4 tcol-xs-6 tcol-ss-12 g_item\"><div class=\"grid_item kad_gallery_fade_in gallery_item\"><a href=\"https:\/\/versautrechose.fr\/portofolio\/wp-content\/uploads\/2015\/12\/DSCN2634.jpg\" data-rel=\"lightbox\" class=\"lightboxhover\"><img loading=\"lazy\" decoding=\"async\" src=\"https:\/\/versautrechose.fr\/portofolio\/wp-content\/uploads\/2015\/12\/DSCN2634-300x300.jpg\" width=\"300\" height=\"300\" alt=\"Mail de la Toue, vue sur la vall\u00e9e de St-B\u00e9at (Cabane de l&#039;Escalette) Le Mourtis\" srcset=\"https:\/\/versautrechose.fr\/portofolio\/wp-content\/uploads\/2015\/12\/DSCN2634-300x300.jpg 300w, https:\/\/versautrechose.fr\/portofolio\/wp-content\/uploads\/2015\/12\/DSCN2634-150x150.jpg 150w\" sizes=\"auto, (max-width: 300px) 100vw, 300px\" class=\"light-dropshaddow\"\/><\/a><\/div><\/div><div class=\"tcol-lg-3 tcol-md-3 tcol-sm-4 tcol-xs-6 tcol-ss-12 g_item\"><div class=\"grid_item kad_gallery_fade_in gallery_item\"><a href=\"https:\/\/versautrechose.fr\/portofolio\/wp-content\/uploads\/2015\/12\/DSCN2629.jpg\" data-rel=\"lightbox\" class=\"lightboxhover\"><img loading=\"lazy\" decoding=\"async\" src=\"https:\/\/versautrechose.fr\/portofolio\/wp-content\/uploads\/2015\/12\/DSCN2629-300x300.jpg\" width=\"300\" height=\"300\" alt=\"Mail de la Toue (Cabane de l&#039;Escalette) Le Mourtis\" srcset=\"https:\/\/versautrechose.fr\/portofolio\/wp-content\/uploads\/2015\/12\/DSCN2629-300x300.jpg 300w, https:\/\/versautrechose.fr\/portofolio\/wp-content\/uploads\/2015\/12\/DSCN2629-150x150.jpg 150w\" sizes=\"auto, (max-width: 300px) 100vw, 300px\" class=\"light-dropshaddow\"\/><\/a><\/div><\/div><div class=\"tcol-lg-3 tcol-md-3 tcol-sm-4 tcol-xs-6 tcol-ss-12 g_item\"><div class=\"grid_item kad_gallery_fade_in gallery_item\"><a href=\"https:\/\/versautrechose.fr\/portofolio\/wp-content\/uploads\/2015\/12\/DSCN2627.jpg\" data-rel=\"lightbox\" class=\"lightboxhover\"><img loading=\"lazy\" decoding=\"async\" src=\"https:\/\/versautrechose.fr\/portofolio\/wp-content\/uploads\/2015\/12\/DSCN2627-300x300.jpg\" width=\"300\" height=\"300\" alt=\"Sommet des Parets (alt. 1726m.) Le Mourtis\" srcset=\"https:\/\/versautrechose.fr\/portofolio\/wp-content\/uploads\/2015\/12\/DSCN2627-300x300.jpg 300w, https:\/\/versautrechose.fr\/portofolio\/wp-content\/uploads\/2015\/12\/DSCN2627-150x150.jpg 150w\" sizes=\"auto, (max-width: 300px) 100vw, 300px\" class=\"light-dropshaddow\"\/><\/a><\/div><\/div><div class=\"tcol-lg-3 tcol-md-3 tcol-sm-4 tcol-xs-6 tcol-ss-12 g_item\"><div class=\"grid_item kad_gallery_fade_in gallery_item\"><a href=\"https:\/\/versautrechose.fr\/portofolio\/wp-content\/uploads\/2015\/12\/DSCN2626.jpg\" data-rel=\"lightbox\" class=\"lightboxhover\"><img loading=\"lazy\" decoding=\"async\" src=\"https:\/\/versautrechose.fr\/portofolio\/wp-content\/uploads\/2015\/12\/DSCN2626-300x300.jpg\" width=\"300\" height=\"300\" alt=\"Pic de Pale Bidau (alt. 1974m.) et Pic de Pale de Rase (alt. 2140m.), vu de Soulan, Le Mourtis\" srcset=\"https:\/\/versautrechose.fr\/portofolio\/wp-content\/uploads\/2015\/12\/DSCN2626-300x300.jpg 300w, https:\/\/versautrechose.fr\/portofolio\/wp-content\/uploads\/2015\/12\/DSCN2626-150x150.jpg 150w\" sizes=\"auto, (max-width: 300px) 100vw, 300px\" class=\"light-dropshaddow\"\/><\/a><\/div><\/div><div class=\"tcol-lg-3 tcol-md-3 tcol-sm-4 tcol-xs-6 tcol-ss-12 g_item\"><div class=\"grid_item kad_gallery_fade_in gallery_item\"><a href=\"https:\/\/versautrechose.fr\/portofolio\/wp-content\/uploads\/2015\/12\/DSCN2625.jpg\" data-rel=\"lightbox\" class=\"lightboxhover\"><img loading=\"lazy\" decoding=\"async\" src=\"https:\/\/versautrechose.fr\/portofolio\/wp-content\/uploads\/2015\/12\/DSCN2625-300x300.jpg\" width=\"300\" height=\"300\" alt=\"Vue sur la for\u00eat de St-Lary (Cabane de l&#039;Escalette) Le Mourtis\" srcset=\"https:\/\/versautrechose.fr\/portofolio\/wp-content\/uploads\/2015\/12\/DSCN2625-300x300.jpg 300w, https:\/\/versautrechose.fr\/portofolio\/wp-content\/uploads\/2015\/12\/DSCN2625-150x150.jpg 150w\" sizes=\"auto, (max-width: 300px) 100vw, 300px\" class=\"light-dropshaddow\"\/><\/a><\/div><\/div><div class=\"tcol-lg-3 tcol-md-3 tcol-sm-4 tcol-xs-6 tcol-ss-12 g_item\"><div class=\"grid_item kad_gallery_fade_in gallery_item\"><a href=\"https:\/\/versautrechose.fr\/portofolio\/wp-content\/uploads\/2015\/12\/DSCN2620.jpg\" data-rel=\"lightbox\" class=\"lightboxhover\"><img loading=\"lazy\" decoding=\"async\" src=\"https:\/\/versautrechose.fr\/portofolio\/wp-content\/uploads\/2015\/12\/DSCN2620-300x300.jpg\" width=\"300\" height=\"300\" alt=\"Pic de l&#039;Escalette (alt. 1856m.) Le Mourtis\" srcset=\"https:\/\/versautrechose.fr\/portofolio\/wp-content\/uploads\/2015\/12\/DSCN2620-300x300.jpg 300w, https:\/\/versautrechose.fr\/portofolio\/wp-content\/uploads\/2015\/12\/DSCN2620-150x150.jpg 150w\" sizes=\"auto, (max-width: 300px) 100vw, 300px\" class=\"light-dropshaddow\"\/><\/a><\/div><\/div><div class=\"tcol-lg-3 tcol-md-3 tcol-sm-4 tcol-xs-6 tcol-ss-12 g_item\"><div class=\"grid_item kad_gallery_fade_in gallery_item\"><a href=\"https:\/\/versautrechose.fr\/portofolio\/wp-content\/uploads\/2015\/12\/DSCN2614.jpg\" data-rel=\"lightbox\" class=\"lightboxhover\"><img loading=\"lazy\" decoding=\"async\" src=\"https:\/\/versautrechose.fr\/portofolio\/wp-content\/uploads\/2015\/12\/DSCN2614-300x300.jpg\" width=\"300\" height=\"300\" alt=\"vue du Bois de Soulan, &quot;le Bazet, le Puech&quot; (alt. 1669m.) - Le Mourtis\" srcset=\"https:\/\/versautrechose.fr\/portofolio\/wp-content\/uploads\/2015\/12\/DSCN2614-300x300.jpg 300w, https:\/\/versautrechose.fr\/portofolio\/wp-content\/uploads\/2015\/12\/DSCN2614-150x150.jpg 150w\" sizes=\"auto, (max-width: 300px) 100vw, 300px\" class=\"light-dropshaddow\"\/><\/a><\/div><\/div><div class=\"tcol-lg-3 tcol-md-3 tcol-sm-4 tcol-xs-6 tcol-ss-12 g_item\"><div class=\"grid_item kad_gallery_fade_in gallery_item\"><a href=\"https:\/\/versautrechose.fr\/portofolio\/wp-content\/uploads\/2015\/12\/DSCN2612.jpg\" data-rel=\"lightbox\" class=\"lightboxhover\"><img loading=\"lazy\" decoding=\"async\" src=\"https:\/\/versautrechose.fr\/portofolio\/wp-content\/uploads\/2015\/12\/DSCN2612-300x300.jpg\" width=\"300\" height=\"300\" alt=\"Dans les nuages (Bois de Soulan) Le Mourtis\" srcset=\"https:\/\/versautrechose.fr\/portofolio\/wp-content\/uploads\/2015\/12\/DSCN2612-300x300.jpg 300w, https:\/\/versautrechose.fr\/portofolio\/wp-content\/uploads\/2015\/12\/DSCN2612-150x150.jpg 150w\" sizes=\"auto, (max-width: 300px) 100vw, 300px\" class=\"light-dropshaddow\"\/><\/a><\/div><\/div><div class=\"tcol-lg-3 tcol-md-3 tcol-sm-4 tcol-xs-6 tcol-ss-12 g_item\"><div class=\"grid_item kad_gallery_fade_in gallery_item\"><a href=\"https:\/\/versautrechose.fr\/portofolio\/wp-content\/uploads\/2015\/12\/DSCN2609.jpg\" data-rel=\"lightbox\" class=\"lightboxhover\"><img loading=\"lazy\" decoding=\"async\" src=\"https:\/\/versautrechose.fr\/portofolio\/wp-content\/uploads\/2015\/12\/DSCN2609-300x300.jpg\" width=\"300\" height=\"300\" alt=\"h\u00eatres enneig\u00e9s - Bois de Soulan, Le Mourtis\" srcset=\"https:\/\/versautrechose.fr\/portofolio\/wp-content\/uploads\/2015\/12\/DSCN2609-300x300.jpg 300w, https:\/\/versautrechose.fr\/portofolio\/wp-content\/uploads\/2015\/12\/DSCN2609-150x150.jpg 150w\" sizes=\"auto, (max-width: 300px) 100vw, 300px\" class=\"light-dropshaddow\"\/><\/a><\/div><\/div><div class=\"tcol-lg-3 tcol-md-3 tcol-sm-4 tcol-xs-6 tcol-ss-12 g_item\"><div class=\"grid_item kad_gallery_fade_in gallery_item\"><a href=\"https:\/\/versautrechose.fr\/portofolio\/wp-content\/uploads\/2015\/12\/DSCN2658.jpg\" data-rel=\"lightbox\" class=\"lightboxhover\"><img loading=\"lazy\" decoding=\"async\" src=\"https:\/\/versautrechose.fr\/portofolio\/wp-content\/uploads\/2015\/12\/DSCN2658-300x300.jpg\" width=\"300\" height=\"300\" alt=\"Cap de la Pique (alt. 1878m.) vu des &quot;Granges de Bouygues&quot; (Burat)\" srcset=\"https:\/\/versautrechose.fr\/portofolio\/wp-content\/uploads\/2015\/12\/DSCN2658-300x300.jpg 300w, https:\/\/versautrechose.fr\/portofolio\/wp-content\/uploads\/2015\/12\/DSCN2658-150x150.jpg 150w\" sizes=\"auto, (max-width: 300px) 100vw, 300px\" class=\"light-dropshaddow\"\/><\/a><\/div><\/div><div class=\"tcol-lg-3 tcol-md-3 tcol-sm-4 tcol-xs-6 tcol-ss-12 g_item\"><div class=\"grid_item kad_gallery_fade_in gallery_item\"><a href=\"https:\/\/versautrechose.fr\/portofolio\/wp-content\/uploads\/2015\/12\/DSCN2655.jpg\" data-rel=\"lightbox\" class=\"lightboxhover\"><img loading=\"lazy\" decoding=\"async\" src=\"https:\/\/versautrechose.fr\/portofolio\/wp-content\/uploads\/2015\/12\/DSCN2655-300x300.jpg\" width=\"300\" height=\"300\" alt=\"Pic du Gard (alt. 1785m.), vall\u00e9e de Fronsac\" srcset=\"https:\/\/versautrechose.fr\/portofolio\/wp-content\/uploads\/2015\/12\/DSCN2655-300x300.jpg 300w, https:\/\/versautrechose.fr\/portofolio\/wp-content\/uploads\/2015\/12\/DSCN2655-150x150.jpg 150w\" sizes=\"auto, (max-width: 300px) 100vw, 300px\" class=\"light-dropshaddow\"\/><\/a><\/div><\/div><div class=\"tcol-lg-3 tcol-md-3 tcol-sm-4 tcol-xs-6 tcol-ss-12 g_item\"><div class=\"grid_item kad_gallery_fade_in gallery_item\"><a href=\"https:\/\/versautrechose.fr\/portofolio\/wp-content\/uploads\/2015\/12\/DSCN2653.jpg\" data-rel=\"lightbox\" class=\"lightboxhover\"><img loading=\"lazy\" decoding=\"async\" src=\"https:\/\/versautrechose.fr\/portofolio\/wp-content\/uploads\/2015\/12\/DSCN2653-300x300.jpg\" width=\"300\" height=\"300\" alt=\"Pic du Gard (alt. 1785m.),et Pic du Prat Dessus (alt. 1756m.) vall\u00e9e de Fronsac\" srcset=\"https:\/\/versautrechose.fr\/portofolio\/wp-content\/uploads\/2015\/12\/DSCN2653-300x300.jpg 300w, https:\/\/versautrechose.fr\/portofolio\/wp-content\/uploads\/2015\/12\/DSCN2653-150x150.jpg 150w\" sizes=\"auto, (max-width: 300px) 100vw, 300px\" class=\"light-dropshaddow\"\/><\/a><\/div><\/div><div class=\"tcol-lg-3 tcol-md-3 tcol-sm-4 tcol-xs-6 tcol-ss-12 g_item\"><div class=\"grid_item kad_gallery_fade_in gallery_item\"><a href=\"https:\/\/versautrechose.fr\/portofolio\/wp-content\/uploads\/2015\/12\/DSCN2649.jpg\" data-rel=\"lightbox\" class=\"lightboxhover\"><img loading=\"lazy\" decoding=\"async\" src=\"https:\/\/versautrechose.fr\/portofolio\/wp-content\/uploads\/2015\/12\/DSCN2649-300x300.jpg\" width=\"300\" height=\"300\" alt=\"Le Pic de Burat (alt. 2154m.) vu de Fronsac\" srcset=\"https:\/\/versautrechose.fr\/portofolio\/wp-content\/uploads\/2015\/12\/DSCN2649-300x300.jpg 300w, https:\/\/versautrechose.fr\/portofolio\/wp-content\/uploads\/2015\/12\/DSCN2649-150x150.jpg 150w\" sizes=\"auto, (max-width: 300px) 100vw, 300px\" class=\"light-dropshaddow\"\/><\/a><\/div><\/div><div class=\"tcol-lg-3 tcol-md-3 tcol-sm-4 tcol-xs-6 tcol-ss-12 g_item\"><div class=\"grid_item kad_gallery_fade_in gallery_item\"><a href=\"https:\/\/versautrechose.fr\/portofolio\/wp-content\/uploads\/2015\/12\/DSCN2608.jpg\" data-rel=\"lightbox\" class=\"lightboxhover\"><img loading=\"lazy\" decoding=\"async\" src=\"https:\/\/versautrechose.fr\/portofolio\/wp-content\/uploads\/2015\/12\/DSCN2608-300x300.jpg\" width=\"300\" height=\"300\" alt=\"for\u00eat enneig\u00e9s - Bois de Soulan, Le Mourtis\" srcset=\"https:\/\/versautrechose.fr\/portofolio\/wp-content\/uploads\/2015\/12\/DSCN2608-300x300.jpg 300w, https:\/\/versautrechose.fr\/portofolio\/wp-content\/uploads\/2015\/12\/DSCN2608-150x150.jpg 150w\" sizes=\"auto, (max-width: 300px) 100vw, 300px\" class=\"light-dropshaddow\"\/><\/a><\/div><\/div><div class=\"tcol-lg-3 tcol-md-3 tcol-sm-4 tcol-xs-6 tcol-ss-12 g_item\"><div class=\"grid_item kad_gallery_fade_in gallery_item\"><a href=\"https:\/\/versautrechose.fr\/portofolio\/wp-content\/uploads\/2015\/12\/DSCN4680.jpg\" data-rel=\"lightbox\" class=\"lightboxhover\"><img loading=\"lazy\" decoding=\"async\" src=\"https:\/\/versautrechose.fr\/portofolio\/wp-content\/uploads\/2015\/12\/DSCN4680-300x300.jpg\" width=\"300\" height=\"300\" alt=\"pic du Petit Quayrat (atl. 2847m.) Pyr\u00e9nn\u00e9es, Luchonnais\" srcset=\"https:\/\/versautrechose.fr\/portofolio\/wp-content\/uploads\/2015\/12\/DSCN4680-300x300.jpg 300w, https:\/\/versautrechose.fr\/portofolio\/wp-content\/uploads\/2015\/12\/DSCN4680-150x150.jpg 150w\" sizes=\"auto, (max-width: 300px) 100vw, 300px\" class=\"light-dropshaddow\"\/><\/a><\/div><\/div><div class=\"tcol-lg-3 tcol-md-3 tcol-sm-4 tcol-xs-6 tcol-ss-12 g_item\"><div class=\"grid_item kad_gallery_fade_in gallery_item\"><a href=\"https:\/\/versautrechose.fr\/portofolio\/wp-content\/uploads\/2015\/12\/DSCN4678.jpg\" data-rel=\"lightbox\" class=\"lightboxhover\"><img loading=\"lazy\" decoding=\"async\" src=\"https:\/\/versautrechose.fr\/portofolio\/wp-content\/uploads\/2015\/12\/DSCN4678-300x300.jpg\" width=\"300\" height=\"300\" alt=\"Cha\u00eene ennuag\u00e9e du Pic L\u00e9zat (alt. 3107m.) Pyr\u00e9nn\u00e9es du Haut-Luchonnais \" srcset=\"https:\/\/versautrechose.fr\/portofolio\/wp-content\/uploads\/2015\/12\/DSCN4678-300x300.jpg 300w, https:\/\/versautrechose.fr\/portofolio\/wp-content\/uploads\/2015\/12\/DSCN4678-150x150.jpg 150w\" sizes=\"auto, (max-width: 300px) 100vw, 300px\" class=\"light-dropshaddow\"\/><\/a><\/div><\/div><div class=\"tcol-lg-3 tcol-md-3 tcol-sm-4 tcol-xs-6 tcol-ss-12 g_item\"><div class=\"grid_item kad_gallery_fade_in gallery_item\"><a href=\"https:\/\/versautrechose.fr\/portofolio\/wp-content\/uploads\/2015\/12\/DSCN4677.jpg\" data-rel=\"lightbox\" class=\"lightboxhover\"><img loading=\"lazy\" decoding=\"async\" src=\"https:\/\/versautrechose.fr\/portofolio\/wp-content\/uploads\/2015\/12\/DSCN4677-300x300.jpg\" width=\"300\" height=\"300\" alt=\"Cha\u00eene ennuag\u00e9e des Pics des Crabioules, L\u00e9zat, Quayrats, vu de Hont-N\u00e8re (alt. 1977m.)\" srcset=\"https:\/\/versautrechose.fr\/portofolio\/wp-content\/uploads\/2015\/12\/DSCN4677-300x300.jpg 300w, https:\/\/versautrechose.fr\/portofolio\/wp-content\/uploads\/2015\/12\/DSCN4677-150x150.jpg 150w\" sizes=\"auto, (max-width: 300px) 100vw, 300px\" class=\"light-dropshaddow\"\/><\/a><\/div><\/div><div class=\"tcol-lg-3 tcol-md-3 tcol-sm-4 tcol-xs-6 tcol-ss-12 g_item\"><div class=\"grid_item kad_gallery_fade_in gallery_item\"><a href=\"https:\/\/versautrechose.fr\/portofolio\/wp-content\/uploads\/2015\/12\/DSCN4676.jpg\" data-rel=\"lightbox\" class=\"lightboxhover\"><img loading=\"lazy\" decoding=\"async\" src=\"https:\/\/versautrechose.fr\/portofolio\/wp-content\/uploads\/2015\/12\/DSCN4676-300x300.jpg\" width=\"300\" height=\"300\" alt=\"Cha\u00eene ennuag\u00e9e des Pics L\u00e9zat et Quayrats, vu de Hont-N\u00e8re (alt. 1977m.)\" srcset=\"https:\/\/versautrechose.fr\/portofolio\/wp-content\/uploads\/2015\/12\/DSCN4676-300x300.jpg 300w, https:\/\/versautrechose.fr\/portofolio\/wp-content\/uploads\/2015\/12\/DSCN4676-150x150.jpg 150w\" sizes=\"auto, (max-width: 300px) 100vw, 300px\" class=\"light-dropshaddow\"\/><\/a><\/div><\/div><div class=\"tcol-lg-3 tcol-md-3 tcol-sm-4 tcol-xs-6 tcol-ss-12 g_item\"><div class=\"grid_item kad_gallery_fade_in gallery_item\"><a href=\"https:\/\/versautrechose.fr\/portofolio\/wp-content\/uploads\/2015\/12\/DSCN4672.jpg\" data-rel=\"lightbox\" class=\"lightboxhover\"><img loading=\"lazy\" decoding=\"async\" src=\"https:\/\/versautrechose.fr\/portofolio\/wp-content\/uploads\/2015\/12\/DSCN4672-300x300.jpg\" width=\"300\" height=\"300\" alt=\"Rocs du Pic de C\u00e9cir\u00e9 (alt. 2403m.)  Pyr\u00e9nn\u00e9es du Haut-Luchonnais\" srcset=\"https:\/\/versautrechose.fr\/portofolio\/wp-content\/uploads\/2015\/12\/DSCN4672-300x300.jpg 300w, https:\/\/versautrechose.fr\/portofolio\/wp-content\/uploads\/2015\/12\/DSCN4672-150x150.jpg 150w\" sizes=\"auto, (max-width: 300px) 100vw, 300px\" class=\"light-dropshaddow\"\/><\/a><\/div><\/div><div class=\"tcol-lg-3 tcol-md-3 tcol-sm-4 tcol-xs-6 tcol-ss-12 g_item\"><div class=\"grid_item kad_gallery_fade_in gallery_item\"><a href=\"https:\/\/versautrechose.fr\/portofolio\/wp-content\/uploads\/2015\/12\/DSCN4671.jpg\" data-rel=\"lightbox\" class=\"lightboxhover\"><img loading=\"lazy\" decoding=\"async\" src=\"https:\/\/versautrechose.fr\/portofolio\/wp-content\/uploads\/2015\/12\/DSCN4671-300x300.jpg\" width=\"300\" height=\"300\" alt=\"vers Hont-N\u00e8re (alt. 1977m.) Pyr\u00e9nn\u00e9es du Haut-Luchonnais \" srcset=\"https:\/\/versautrechose.fr\/portofolio\/wp-content\/uploads\/2015\/12\/DSCN4671-300x300.jpg 300w, https:\/\/versautrechose.fr\/portofolio\/wp-content\/uploads\/2015\/12\/DSCN4671-150x150.jpg 150w\" sizes=\"auto, (max-width: 300px) 100vw, 300px\" class=\"light-dropshaddow\"\/><\/a><\/div><\/div><div class=\"tcol-lg-3 tcol-md-3 tcol-sm-4 tcol-xs-6 tcol-ss-12 g_item\"><div class=\"grid_item kad_gallery_fade_in gallery_item\"><a href=\"https:\/\/versautrechose.fr\/portofolio\/wp-content\/uploads\/2015\/12\/DSCN4670.jpg\" data-rel=\"lightbox\" class=\"lightboxhover\"><img loading=\"lazy\" decoding=\"async\" src=\"https:\/\/versautrechose.fr\/portofolio\/wp-content\/uploads\/2015\/12\/DSCN4670-300x300.jpg\" width=\"300\" height=\"300\" alt=\"Cr\u00eate de Subescale, alt. 1991m., Haut-Luchonnais \" srcset=\"https:\/\/versautrechose.fr\/portofolio\/wp-content\/uploads\/2015\/12\/DSCN4670-300x300.jpg 300w, https:\/\/versautrechose.fr\/portofolio\/wp-content\/uploads\/2015\/12\/DSCN4670-150x150.jpg 150w\" sizes=\"auto, (max-width: 300px) 100vw, 300px\" class=\"light-dropshaddow\"\/><\/a><\/div><\/div><div class=\"tcol-lg-3 tcol-md-3 tcol-sm-4 tcol-xs-6 tcol-ss-12 g_item\"><div class=\"grid_item kad_gallery_fade_in gallery_item\"><a href=\"https:\/\/versautrechose.fr\/portofolio\/wp-content\/uploads\/2015\/12\/DSCN4686.jpg\" data-rel=\"lightbox\" class=\"lightboxhover\"><img loading=\"lazy\" decoding=\"async\" src=\"https:\/\/versautrechose.fr\/portofolio\/wp-content\/uploads\/2015\/12\/DSCN4686-300x300.jpg\" width=\"300\" height=\"300\" alt=\"Sarrou\u00e8g\u00e8re, et le Pic de Burat \u00e0 2154m. d&#039;alt. (Luchonnais)\" srcset=\"https:\/\/versautrechose.fr\/portofolio\/wp-content\/uploads\/2015\/12\/DSCN4686-300x300.jpg 300w, https:\/\/versautrechose.fr\/portofolio\/wp-content\/uploads\/2015\/12\/DSCN4686-150x150.jpg 150w\" sizes=\"auto, (max-width: 300px) 100vw, 300px\" class=\"light-dropshaddow\"\/><\/a><\/div><\/div><div class=\"tcol-lg-3 tcol-md-3 tcol-sm-4 tcol-xs-6 tcol-ss-12 g_item\"><div class=\"grid_item kad_gallery_fade_in gallery_item\"><a href=\"https:\/\/versautrechose.fr\/portofolio\/wp-content\/uploads\/2015\/12\/DSCN4690.jpg\" data-rel=\"lightbox\" class=\"lightboxhover\"><img loading=\"lazy\" decoding=\"async\" src=\"https:\/\/versautrechose.fr\/portofolio\/wp-content\/uploads\/2015\/12\/DSCN4690-300x300.jpg\" width=\"300\" height=\"300\" alt=\"panorama sur le Sommet d&#039;Antenac (alt. 1990m.), et au loin vers le Shrader, vu de Sarrou\u00e8g\u00e8re (Luchonnais) \" srcset=\"https:\/\/versautrechose.fr\/portofolio\/wp-content\/uploads\/2015\/12\/DSCN4690-300x300.jpg 300w, https:\/\/versautrechose.fr\/portofolio\/wp-content\/uploads\/2015\/12\/DSCN4690-150x150.jpg 150w\" sizes=\"auto, (max-width: 300px) 100vw, 300px\" class=\"light-dropshaddow\"\/><\/a><\/div><\/div><div class=\"tcol-lg-3 tcol-md-3 tcol-sm-4 tcol-xs-6 tcol-ss-12 g_item\"><div class=\"grid_item kad_gallery_fade_in gallery_item\"><a href=\"https:\/\/versautrechose.fr\/portofolio\/wp-content\/uploads\/2015\/12\/IMG_0003.jpg\" data-rel=\"lightbox\" class=\"lightboxhover\"><img loading=\"lazy\" decoding=\"async\" src=\"https:\/\/versautrechose.fr\/portofolio\/wp-content\/uploads\/2015\/12\/IMG_0003-300x300.jpg\" width=\"300\" height=\"300\" alt=\"vautour fauve au dessus de Sarrou\u00e8g\u00e8re\" srcset=\"https:\/\/versautrechose.fr\/portofolio\/wp-content\/uploads\/2015\/12\/IMG_0003-300x300.jpg 300w, https:\/\/versautrechose.fr\/portofolio\/wp-content\/uploads\/2015\/12\/IMG_0003-150x150.jpg 150w\" sizes=\"auto, (max-width: 300px) 100vw, 300px\" class=\"light-dropshaddow\"\/><\/a><\/div><\/div><div class=\"tcol-lg-3 tcol-md-3 tcol-sm-4 tcol-xs-6 tcol-ss-12 g_item\"><div class=\"grid_item kad_gallery_fade_in gallery_item\"><a href=\"https:\/\/versautrechose.fr\/portofolio\/wp-content\/uploads\/2015\/12\/DSCN4698.jpg\" data-rel=\"lightbox\" class=\"lightboxhover\"><img loading=\"lazy\" decoding=\"async\" src=\"https:\/\/versautrechose.fr\/portofolio\/wp-content\/uploads\/2015\/12\/DSCN4698-300x300.jpg\" width=\"300\" height=\"300\" alt=\"Hont Arrouye, flanc ouest du Pic de Bacan\u00e8re - Luchonnais\" srcset=\"https:\/\/versautrechose.fr\/portofolio\/wp-content\/uploads\/2015\/12\/DSCN4698-300x300.jpg 300w, https:\/\/versautrechose.fr\/portofolio\/wp-content\/uploads\/2015\/12\/DSCN4698-150x150.jpg 150w\" sizes=\"auto, (max-width: 300px) 100vw, 300px\" class=\"light-dropshaddow\"\/><\/a><\/div><\/div><div class=\"tcol-lg-3 tcol-md-3 tcol-sm-4 tcol-xs-6 tcol-ss-12 g_item\"><div class=\"grid_item kad_gallery_fade_in gallery_item\"><a href=\"https:\/\/versautrechose.fr\/portofolio\/wp-content\/uploads\/2015\/12\/DSCN4699.jpg\" data-rel=\"lightbox\" class=\"lightboxhover\"><img loading=\"lazy\" decoding=\"async\" src=\"https:\/\/versautrechose.fr\/portofolio\/wp-content\/uploads\/2015\/12\/DSCN4699-300x300.jpg\" width=\"300\" height=\"300\" alt=\"Hont Arrouye (atl. 2024m.) flanc ouest du Pic de Bacan\u00e8re  \" srcset=\"https:\/\/versautrechose.fr\/portofolio\/wp-content\/uploads\/2015\/12\/DSCN4699-300x300.jpg 300w, https:\/\/versautrechose.fr\/portofolio\/wp-content\/uploads\/2015\/12\/DSCN4699-150x150.jpg 150w\" sizes=\"auto, (max-width: 300px) 100vw, 300px\" class=\"light-dropshaddow\"\/><\/a><\/div><\/div><div class=\"tcol-lg-3 tcol-md-3 tcol-sm-4 tcol-xs-6 tcol-ss-12 g_item\"><div class=\"grid_item kad_gallery_fade_in gallery_item\"><a href=\"https:\/\/versautrechose.fr\/portofolio\/wp-content\/uploads\/2015\/12\/DSCN4696.jpg\" data-rel=\"lightbox\" class=\"lightboxhover\"><img loading=\"lazy\" decoding=\"async\" src=\"https:\/\/versautrechose.fr\/portofolio\/wp-content\/uploads\/2015\/12\/DSCN4696-300x300.jpg\" width=\"300\" height=\"300\" alt=\"Hont Arrouye (atl. 2024m.) flanc ouest du Pic de Bacan\u00e8re\" srcset=\"https:\/\/versautrechose.fr\/portofolio\/wp-content\/uploads\/2015\/12\/DSCN4696-300x300.jpg 300w, https:\/\/versautrechose.fr\/portofolio\/wp-content\/uploads\/2015\/12\/DSCN4696-150x150.jpg 150w\" sizes=\"auto, (max-width: 300px) 100vw, 300px\" class=\"light-dropshaddow\"\/><\/a><\/div><\/div><div class=\"tcol-lg-3 tcol-md-3 tcol-sm-4 tcol-xs-6 tcol-ss-12 g_item\"><div class=\"grid_item kad_gallery_fade_in gallery_item\"><a href=\"https:\/\/versautrechose.fr\/portofolio\/wp-content\/uploads\/2015\/12\/DSCN4695.jpg\" data-rel=\"lightbox\" class=\"lightboxhover\"><img loading=\"lazy\" decoding=\"async\" src=\"https:\/\/versautrechose.fr\/portofolio\/wp-content\/uploads\/2015\/12\/DSCN4695-300x300.jpg\" width=\"300\" height=\"300\" alt=\"Pic de Bassiques (alt. 2093m.) pr\u00e8s du Burat au sud\" srcset=\"https:\/\/versautrechose.fr\/portofolio\/wp-content\/uploads\/2015\/12\/DSCN4695-300x300.jpg 300w, https:\/\/versautrechose.fr\/portofolio\/wp-content\/uploads\/2015\/12\/DSCN4695-150x150.jpg 150w\" sizes=\"auto, (max-width: 300px) 100vw, 300px\" class=\"light-dropshaddow\"\/><\/a><\/div><\/div><div class=\"tcol-lg-3 tcol-md-3 tcol-sm-4 tcol-xs-6 tcol-ss-12 g_item\"><div class=\"grid_item kad_gallery_fade_in gallery_item\"><a href=\"https:\/\/versautrechose.fr\/portofolio\/wp-content\/uploads\/2015\/12\/IMG1.jpg\" data-rel=\"lightbox\" class=\"lightboxhover\"><img loading=\"lazy\" decoding=\"async\" src=\"https:\/\/versautrechose.fr\/portofolio\/wp-content\/uploads\/2015\/12\/IMG1-300x300.jpg\" width=\"300\" height=\"300\" alt=\"vautour fauve au Col d&#039;Esclot d&#039;Aou\" srcset=\"https:\/\/versautrechose.fr\/portofolio\/wp-content\/uploads\/2015\/12\/IMG1-300x300.jpg 300w, https:\/\/versautrechose.fr\/portofolio\/wp-content\/uploads\/2015\/12\/IMG1-150x150.jpg 150w\" sizes=\"auto, (max-width: 300px) 100vw, 300px\" class=\"light-dropshaddow\"\/><\/a><\/div><\/div><div class=\"tcol-lg-3 tcol-md-3 tcol-sm-4 tcol-xs-6 tcol-ss-12 g_item\"><div class=\"grid_item kad_gallery_fade_in gallery_item\"><a href=\"https:\/\/versautrechose.fr\/portofolio\/wp-content\/uploads\/2015\/12\/18.Burat_.1.jpg\" data-rel=\"lightbox\" class=\"lightboxhover\"><img loading=\"lazy\" decoding=\"async\" src=\"https:\/\/versautrechose.fr\/portofolio\/wp-content\/uploads\/2015\/12\/18.Burat_.1-300x300.jpg\" width=\"300\" height=\"300\" alt=\"au Pic de Burat ! (altitude 2154m.)\" srcset=\"https:\/\/versautrechose.fr\/portofolio\/wp-content\/uploads\/2015\/12\/18.Burat_.1-300x300.jpg 300w, https:\/\/versautrechose.fr\/portofolio\/wp-content\/uploads\/2015\/12\/18.Burat_.1-150x150.jpg 150w\" sizes=\"auto, (max-width: 300px) 100vw, 300px\" class=\"light-dropshaddow\"\/><\/a><\/div><\/div><div class=\"tcol-lg-3 tcol-md-3 tcol-sm-4 tcol-xs-6 tcol-ss-12 g_item\"><div class=\"grid_item kad_gallery_fade_in gallery_item\"><a href=\"https:\/\/versautrechose.fr\/portofolio\/wp-content\/uploads\/2015\/12\/IMG_0001.jpg\" data-rel=\"lightbox\" class=\"lightboxhover\"><img loading=\"lazy\" decoding=\"async\" src=\"https:\/\/versautrechose.fr\/portofolio\/wp-content\/uploads\/2015\/12\/IMG_0001-300x300.jpg\" width=\"300\" height=\"300\" alt=\"vautour fauve, au Burat\" srcset=\"https:\/\/versautrechose.fr\/portofolio\/wp-content\/uploads\/2015\/12\/IMG_0001-300x300.jpg 300w, https:\/\/versautrechose.fr\/portofolio\/wp-content\/uploads\/2015\/12\/IMG_0001-150x150.jpg 150w\" sizes=\"auto, (max-width: 300px) 100vw, 300px\" class=\"light-dropshaddow\"\/><\/a><\/div><\/div><div class=\"tcol-lg-3 tcol-md-3 tcol-sm-4 tcol-xs-6 tcol-ss-12 g_item\"><div class=\"grid_item kad_gallery_fade_in gallery_item\"><a href=\"https:\/\/versautrechose.fr\/portofolio\/wp-content\/uploads\/2015\/12\/IMG_0002.jpg\" data-rel=\"lightbox\" class=\"lightboxhover\"><img loading=\"lazy\" decoding=\"async\" src=\"https:\/\/versautrechose.fr\/portofolio\/wp-content\/uploads\/2015\/12\/IMG_0002-300x300.jpg\" width=\"300\" height=\"300\" alt=\"Pic du Gar (alt. 1785m.) Luchonnais\" srcset=\"https:\/\/versautrechose.fr\/portofolio\/wp-content\/uploads\/2015\/12\/IMG_0002-300x300.jpg 300w, https:\/\/versautrechose.fr\/portofolio\/wp-content\/uploads\/2015\/12\/IMG_0002-150x150.jpg 150w\" sizes=\"auto, (max-width: 300px) 100vw, 300px\" class=\"light-dropshaddow\"\/><\/a><\/div><\/div><div class=\"tcol-lg-3 tcol-md-3 tcol-sm-4 tcol-xs-6 tcol-ss-12 g_item\"><div class=\"grid_item kad_gallery_fade_in gallery_item\"><a href=\"https:\/\/versautrechose.fr\/portofolio\/wp-content\/uploads\/2015\/12\/DSCN4724.jpg\" data-rel=\"lightbox\" class=\"lightboxhover\"><img loading=\"lazy\" decoding=\"async\" src=\"https:\/\/versautrechose.fr\/portofolio\/wp-content\/uploads\/2015\/12\/DSCN4724-300x300.jpg\" width=\"300\" height=\"300\" alt=\"vu du Burat, Pic du Gar  Luchonnais\" srcset=\"https:\/\/versautrechose.fr\/portofolio\/wp-content\/uploads\/2015\/12\/DSCN4724-300x300.jpg 300w, https:\/\/versautrechose.fr\/portofolio\/wp-content\/uploads\/2015\/12\/DSCN4724-150x150.jpg 150w\" sizes=\"auto, (max-width: 300px) 100vw, 300px\" class=\"light-dropshaddow\"\/><\/a><\/div><\/div><div class=\"tcol-lg-3 tcol-md-3 tcol-sm-4 tcol-xs-6 tcol-ss-12 g_item\"><div class=\"grid_item kad_gallery_fade_in gallery_item\"><a href=\"https:\/\/versautrechose.fr\/portofolio\/wp-content\/uploads\/2015\/12\/DSCN4723.jpg\" data-rel=\"lightbox\" class=\"lightboxhover\"><img loading=\"lazy\" decoding=\"async\" src=\"https:\/\/versautrechose.fr\/portofolio\/wp-content\/uploads\/2015\/12\/DSCN4723-300x300.jpg\" width=\"300\" height=\"300\" alt=\"vu du Col d&#039;Esclot d&#039;Aou, Pics de, Pale Bidau, Pale de Rase, de la Calabasse\" srcset=\"https:\/\/versautrechose.fr\/portofolio\/wp-content\/uploads\/2015\/12\/DSCN4723-300x300.jpg 300w, https:\/\/versautrechose.fr\/portofolio\/wp-content\/uploads\/2015\/12\/DSCN4723-150x150.jpg 150w\" sizes=\"auto, (max-width: 300px) 100vw, 300px\" class=\"light-dropshaddow\"\/><\/a><\/div><\/div><div class=\"tcol-lg-3 tcol-md-3 tcol-sm-4 tcol-xs-6 tcol-ss-12 g_item\"><div class=\"grid_item kad_gallery_fade_in gallery_item\"><a href=\"https:\/\/versautrechose.fr\/portofolio\/wp-content\/uploads\/2015\/12\/DSCN4720.jpg\" data-rel=\"lightbox\" class=\"lightboxhover\"><img loading=\"lazy\" decoding=\"async\" src=\"https:\/\/versautrechose.fr\/portofolio\/wp-content\/uploads\/2015\/12\/DSCN4720-300x300.jpg\" width=\"300\" height=\"300\" alt=\"Mali\u00e8de de Bassiqu\u00e8s (alt. 1860m.), versant nord-est du Burat\" srcset=\"https:\/\/versautrechose.fr\/portofolio\/wp-content\/uploads\/2015\/12\/DSCN4720-300x300.jpg 300w, https:\/\/versautrechose.fr\/portofolio\/wp-content\/uploads\/2015\/12\/DSCN4720-150x150.jpg 150w\" sizes=\"auto, (max-width: 300px) 100vw, 300px\" class=\"light-dropshaddow\"\/><\/a><\/div><\/div><div class=\"tcol-lg-3 tcol-md-3 tcol-sm-4 tcol-xs-6 tcol-ss-12 g_item\"><div class=\"grid_item kad_gallery_fade_in gallery_item\"><a href=\"https:\/\/versautrechose.fr\/portofolio\/wp-content\/uploads\/2015\/12\/DSCN4719.jpg\" data-rel=\"lightbox\" class=\"lightboxhover\"><img loading=\"lazy\" decoding=\"async\" src=\"https:\/\/versautrechose.fr\/portofolio\/wp-content\/uploads\/2015\/12\/DSCN4719-300x300.jpg\" width=\"300\" height=\"300\" alt=\"Pic de Palarqu\u00e8re (alt. 1858m.), vu du Col d&#039;Esclot d&#039;Aou - Luchonnais\" srcset=\"https:\/\/versautrechose.fr\/portofolio\/wp-content\/uploads\/2015\/12\/DSCN4719-300x300.jpg 300w, https:\/\/versautrechose.fr\/portofolio\/wp-content\/uploads\/2015\/12\/DSCN4719-150x150.jpg 150w\" sizes=\"auto, (max-width: 300px) 100vw, 300px\" class=\"light-dropshaddow\"\/><\/a><\/div><\/div><div class=\"tcol-lg-3 tcol-md-3 tcol-sm-4 tcol-xs-6 tcol-ss-12 g_item\"><div class=\"grid_item kad_gallery_fade_in gallery_item\"><a href=\"https:\/\/versautrechose.fr\/portofolio\/wp-content\/uploads\/2015\/12\/18.Burat_.2.jpg\" data-rel=\"lightbox\" class=\"lightboxhover\"><img loading=\"lazy\" decoding=\"async\" src=\"https:\/\/versautrechose.fr\/portofolio\/wp-content\/uploads\/2015\/12\/18.Burat_.2-300x300.jpg\" width=\"300\" height=\"300\" alt=\"Col d&#039;Esclot d&#039;Aou et Cr\u00eate de Cigal\u00e8res vers le sommet du Burat\" srcset=\"https:\/\/versautrechose.fr\/portofolio\/wp-content\/uploads\/2015\/12\/18.Burat_.2-300x300.jpg 300w, https:\/\/versautrechose.fr\/portofolio\/wp-content\/uploads\/2015\/12\/18.Burat_.2-150x150.jpg 150w\" sizes=\"auto, (max-width: 300px) 100vw, 300px\" class=\"light-dropshaddow\"\/><\/a><\/div><\/div><div class=\"tcol-lg-3 tcol-md-3 tcol-sm-4 tcol-xs-6 tcol-ss-12 g_item\"><div class=\"grid_item kad_gallery_fade_in gallery_item\"><a href=\"https:\/\/versautrechose.fr\/portofolio\/wp-content\/uploads\/2015\/12\/DSCN4717.jpg\" data-rel=\"lightbox\" class=\"lightboxhover\"><img loading=\"lazy\" decoding=\"async\" src=\"https:\/\/versautrechose.fr\/portofolio\/wp-content\/uploads\/2015\/12\/DSCN4717-300x300.jpg\" width=\"300\" height=\"300\" alt=\"vu du Col d&#039;Esclot d&#039;Aou, le Pic de Cagire (alt. 1912m.)\" srcset=\"https:\/\/versautrechose.fr\/portofolio\/wp-content\/uploads\/2015\/12\/DSCN4717-300x300.jpg 300w, https:\/\/versautrechose.fr\/portofolio\/wp-content\/uploads\/2015\/12\/DSCN4717-150x150.jpg 150w\" sizes=\"auto, (max-width: 300px) 100vw, 300px\" class=\"light-dropshaddow\"\/><\/a><\/div><\/div><div class=\"tcol-lg-3 tcol-md-3 tcol-sm-4 tcol-xs-6 tcol-ss-12 g_item\"><div class=\"grid_item kad_gallery_fade_in gallery_item\"><a href=\"https:\/\/versautrechose.fr\/portofolio\/wp-content\/uploads\/2015\/12\/DSCN4729.jpg\" data-rel=\"lightbox\" class=\"lightboxhover\"><img loading=\"lazy\" decoding=\"async\" src=\"https:\/\/versautrechose.fr\/portofolio\/wp-content\/uploads\/2015\/12\/DSCN4729-300x300.jpg\" width=\"300\" height=\"300\" alt=\"Pic de Bacan\u00e8re (alt. 2193m.), vu du Col d&#039;Esclot d&#039;Aou\" srcset=\"https:\/\/versautrechose.fr\/portofolio\/wp-content\/uploads\/2015\/12\/DSCN4729-300x300.jpg 300w, https:\/\/versautrechose.fr\/portofolio\/wp-content\/uploads\/2015\/12\/DSCN4729-150x150.jpg 150w\" sizes=\"auto, (max-width: 300px) 100vw, 300px\" class=\"light-dropshaddow\"\/><\/a><\/div><\/div><div class=\"tcol-lg-3 tcol-md-3 tcol-sm-4 tcol-xs-6 tcol-ss-12 g_item\"><div class=\"grid_item kad_gallery_fade_in gallery_item\"><a href=\"https:\/\/versautrechose.fr\/portofolio\/wp-content\/uploads\/2015\/12\/DSCN4730.jpg\" data-rel=\"lightbox\" class=\"lightboxhover\"><img loading=\"lazy\" decoding=\"async\" src=\"https:\/\/versautrechose.fr\/portofolio\/wp-content\/uploads\/2015\/12\/DSCN4730-300x300.jpg\" width=\"300\" height=\"300\" alt=\"\u00c9tang de Dessus (atl. 2018m.)\" srcset=\"https:\/\/versautrechose.fr\/portofolio\/wp-content\/uploads\/2015\/12\/DSCN4730-300x300.jpg 300w, https:\/\/versautrechose.fr\/portofolio\/wp-content\/uploads\/2015\/12\/DSCN4730-150x150.jpg 150w\" sizes=\"auto, (max-width: 300px) 100vw, 300px\" class=\"light-dropshaddow\"\/><\/a><\/div><\/div><div class=\"tcol-lg-3 tcol-md-3 tcol-sm-4 tcol-xs-6 tcol-ss-12 g_item\"><div class=\"grid_item kad_gallery_fade_in gallery_item\"><a href=\"https:\/\/versautrechose.fr\/portofolio\/wp-content\/uploads\/2015\/12\/DSCN4741.jpg\" data-rel=\"lightbox\" class=\"lightboxhover\"><img loading=\"lazy\" decoding=\"async\" src=\"https:\/\/versautrechose.fr\/portofolio\/wp-content\/uploads\/2015\/12\/DSCN4741-300x300.jpg\" width=\"300\" height=\"300\" alt=\"Hont Arrouye, flanc ouest du Pic de Bacan\u00e8re - Luchonnais\" srcset=\"https:\/\/versautrechose.fr\/portofolio\/wp-content\/uploads\/2015\/12\/DSCN4741-300x300.jpg 300w, https:\/\/versautrechose.fr\/portofolio\/wp-content\/uploads\/2015\/12\/DSCN4741-150x150.jpg 150w\" sizes=\"auto, (max-width: 300px) 100vw, 300px\" class=\"light-dropshaddow\"\/><\/a><\/div><\/div><div class=\"tcol-lg-3 tcol-md-3 tcol-sm-4 tcol-xs-6 tcol-ss-12 g_item\"><div class=\"grid_item kad_gallery_fade_in gallery_item\"><a href=\"https:\/\/versautrechose.fr\/portofolio\/wp-content\/uploads\/2015\/12\/DSCN4740.jpg\" data-rel=\"lightbox\" class=\"lightboxhover\"><img loading=\"lazy\" decoding=\"async\" src=\"https:\/\/versautrechose.fr\/portofolio\/wp-content\/uploads\/2015\/12\/DSCN4740-300x300.jpg\" width=\"300\" height=\"300\" alt=\"Hont Arrouye, flanc ouest du Pic de Bacan\u00e8re - Luchonnais\" srcset=\"https:\/\/versautrechose.fr\/portofolio\/wp-content\/uploads\/2015\/12\/DSCN4740-300x300.jpg 300w, https:\/\/versautrechose.fr\/portofolio\/wp-content\/uploads\/2015\/12\/DSCN4740-150x150.jpg 150w\" sizes=\"auto, (max-width: 300px) 100vw, 300px\" class=\"light-dropshaddow\"\/><\/a><\/div><\/div><div class=\"tcol-lg-3 tcol-md-3 tcol-sm-4 tcol-xs-6 tcol-ss-12 g_item\"><div class=\"grid_item kad_gallery_fade_in gallery_item\"><a href=\"https:\/\/versautrechose.fr\/portofolio\/wp-content\/uploads\/2015\/12\/DSCN4738.jpg\" data-rel=\"lightbox\" class=\"lightboxhover\"><img loading=\"lazy\" decoding=\"async\" src=\"https:\/\/versautrechose.fr\/portofolio\/wp-content\/uploads\/2015\/12\/DSCN4738-300x300.jpg\" width=\"300\" height=\"300\" alt=\"Hont Arrouye, flanc ouest du Pic de Bacan\u00e8re - Luchonnais\" srcset=\"https:\/\/versautrechose.fr\/portofolio\/wp-content\/uploads\/2015\/12\/DSCN4738-300x300.jpg 300w, https:\/\/versautrechose.fr\/portofolio\/wp-content\/uploads\/2015\/12\/DSCN4738-150x150.jpg 150w\" sizes=\"auto, (max-width: 300px) 100vw, 300px\" class=\"light-dropshaddow\"\/><\/a><\/div><\/div><div class=\"tcol-lg-3 tcol-md-3 tcol-sm-4 tcol-xs-6 tcol-ss-12 g_item\"><div class=\"grid_item kad_gallery_fade_in gallery_item\"><a href=\"https:\/\/versautrechose.fr\/portofolio\/wp-content\/uploads\/2015\/12\/DSCN2724.jpg\" data-rel=\"lightbox\" class=\"lightboxhover\"><img loading=\"lazy\" decoding=\"async\" src=\"https:\/\/versautrechose.fr\/portofolio\/wp-content\/uploads\/2015\/12\/DSCN2724-300x300.jpg\" width=\"300\" height=\"300\" alt=\"Le Pic de Burat (alt. 2154m.) vu de Fronsac\" srcset=\"https:\/\/versautrechose.fr\/portofolio\/wp-content\/uploads\/2015\/12\/DSCN2724-300x300.jpg 300w, https:\/\/versautrechose.fr\/portofolio\/wp-content\/uploads\/2015\/12\/DSCN2724-150x150.jpg 150w\" sizes=\"auto, (max-width: 300px) 100vw, 300px\" class=\"light-dropshaddow\"\/><\/a><\/div><\/div><div class=\"tcol-lg-3 tcol-md-3 tcol-sm-4 tcol-xs-6 tcol-ss-12 g_item\"><div class=\"grid_item kad_gallery_fade_in gallery_item\"><a href=\"https:\/\/versautrechose.fr\/portofolio\/wp-content\/uploads\/2015\/12\/DSCN2735.jpg\" data-rel=\"lightbox\" class=\"lightboxhover\"><img loading=\"lazy\" decoding=\"async\" src=\"https:\/\/versautrechose.fr\/portofolio\/wp-content\/uploads\/2015\/12\/DSCN2735-300x300.jpg\" width=\"300\" height=\"300\" alt=\"Pic de Mont Las - Versant sud\" srcset=\"https:\/\/versautrechose.fr\/portofolio\/wp-content\/uploads\/2015\/12\/DSCN2735-300x300.jpg 300w, https:\/\/versautrechose.fr\/portofolio\/wp-content\/uploads\/2015\/12\/DSCN2735-150x150.jpg 150w\" sizes=\"auto, (max-width: 300px) 100vw, 300px\" class=\"light-dropshaddow\"\/><\/a><\/div><\/div><div class=\"tcol-lg-3 tcol-md-3 tcol-sm-4 tcol-xs-6 tcol-ss-12 g_item\"><div class=\"grid_item kad_gallery_fade_in gallery_item\"><a href=\"https:\/\/versautrechose.fr\/portofolio\/wp-content\/uploads\/2015\/12\/DSCN2736.jpg\" data-rel=\"lightbox\" class=\"lightboxhover\"><img loading=\"lazy\" decoding=\"async\" src=\"https:\/\/versautrechose.fr\/portofolio\/wp-content\/uploads\/2015\/12\/DSCN2736-300x300.jpg\" width=\"300\" height=\"300\" alt=\"Le Mont N\u00e9\" srcset=\"https:\/\/versautrechose.fr\/portofolio\/wp-content\/uploads\/2015\/12\/DSCN2736-300x300.jpg 300w, https:\/\/versautrechose.fr\/portofolio\/wp-content\/uploads\/2015\/12\/DSCN2736-150x150.jpg 150w\" sizes=\"auto, (max-width: 300px) 100vw, 300px\" class=\"light-dropshaddow\"\/><\/a><\/div><\/div><div class=\"tcol-lg-3 tcol-md-3 tcol-sm-4 tcol-xs-6 tcol-ss-12 g_item\"><div class=\"grid_item kad_gallery_fade_in gallery_item\"><a href=\"https:\/\/versautrechose.fr\/portofolio\/wp-content\/uploads\/2015\/12\/DSCN2738.jpg\" data-rel=\"lightbox\" class=\"lightboxhover\"><img loading=\"lazy\" decoding=\"async\" src=\"https:\/\/versautrechose.fr\/portofolio\/wp-content\/uploads\/2015\/12\/DSCN2738-300x300.jpg\" width=\"300\" height=\"300\" alt=\"Le Mont N\u00e9 - \u00e0 2147m. d\u2019altitude\" srcset=\"https:\/\/versautrechose.fr\/portofolio\/wp-content\/uploads\/2015\/12\/DSCN2738-300x300.jpg 300w, https:\/\/versautrechose.fr\/portofolio\/wp-content\/uploads\/2015\/12\/DSCN2738-150x150.jpg 150w\" sizes=\"auto, (max-width: 300px) 100vw, 300px\" class=\"light-dropshaddow\"\/><\/a><\/div><\/div><div class=\"tcol-lg-3 tcol-md-3 tcol-sm-4 tcol-xs-6 tcol-ss-12 g_item\"><div class=\"grid_item kad_gallery_fade_in gallery_item\"><a href=\"https:\/\/versautrechose.fr\/portofolio\/wp-content\/uploads\/2015\/12\/DSCN2739.jpg\" data-rel=\"lightbox\" class=\"lightboxhover\"><img loading=\"lazy\" decoding=\"async\" src=\"https:\/\/versautrechose.fr\/portofolio\/wp-content\/uploads\/2015\/12\/DSCN2739-300x300.jpg\" width=\"300\" height=\"300\" alt=\"Port de Bal\u00e8s (alt. 1755m.)\" srcset=\"https:\/\/versautrechose.fr\/portofolio\/wp-content\/uploads\/2015\/12\/DSCN2739-300x300.jpg 300w, https:\/\/versautrechose.fr\/portofolio\/wp-content\/uploads\/2015\/12\/DSCN2739-150x150.jpg 150w\" sizes=\"auto, (max-width: 300px) 100vw, 300px\" class=\"light-dropshaddow\"\/><\/a><\/div><\/div><div class=\"tcol-lg-3 tcol-md-3 tcol-sm-4 tcol-xs-6 tcol-ss-12 g_item\"><div class=\"grid_item kad_gallery_fade_in gallery_item\"><a href=\"https:\/\/versautrechose.fr\/portofolio\/wp-content\/uploads\/2015\/12\/DSCN2744.jpg\" data-rel=\"lightbox\" class=\"lightboxhover\"><img loading=\"lazy\" decoding=\"async\" src=\"https:\/\/versautrechose.fr\/portofolio\/wp-content\/uploads\/2015\/12\/DSCN2744-300x300.jpg\" width=\"300\" height=\"300\" alt=\"Le Mont N\u00e9 - \u00c0 2 147 m d\u2019altitude, ici sa face est au matin\" srcset=\"https:\/\/versautrechose.fr\/portofolio\/wp-content\/uploads\/2015\/12\/DSCN2744-300x300.jpg 300w, https:\/\/versautrechose.fr\/portofolio\/wp-content\/uploads\/2015\/12\/DSCN2744-150x150.jpg 150w\" sizes=\"auto, (max-width: 300px) 100vw, 300px\" class=\"light-dropshaddow\"\/><\/a><\/div><\/div><div class=\"tcol-lg-3 tcol-md-3 tcol-sm-4 tcol-xs-6 tcol-ss-12 g_item\"><div class=\"grid_item kad_gallery_fade_in gallery_item\"><a href=\"https:\/\/versautrechose.fr\/portofolio\/wp-content\/uploads\/2015\/12\/07.Bales_.3.jpg\" data-rel=\"lightbox\" class=\"lightboxhover\"><img loading=\"lazy\" decoding=\"async\" src=\"https:\/\/versautrechose.fr\/portofolio\/wp-content\/uploads\/2015\/12\/07.Bales_.3-300x300.jpg\" width=\"300\" height=\"300\" alt=\"sur le flanc sud-est du Mont N\u00e9\" srcset=\"https:\/\/versautrechose.fr\/portofolio\/wp-content\/uploads\/2015\/12\/07.Bales_.3-300x300.jpg 300w, https:\/\/versautrechose.fr\/portofolio\/wp-content\/uploads\/2015\/12\/07.Bales_.3-150x150.jpg 150w\" sizes=\"auto, (max-width: 300px) 100vw, 300px\" class=\"light-dropshaddow\"\/><\/a><\/div><\/div><div class=\"tcol-lg-3 tcol-md-3 tcol-sm-4 tcol-xs-6 tcol-ss-12 g_item\"><div class=\"grid_item kad_gallery_fade_in gallery_item\"><a href=\"https:\/\/versautrechose.fr\/portofolio\/wp-content\/uploads\/2015\/12\/DSCN2766.jpg\" data-rel=\"lightbox\" class=\"lightboxhover\"><img loading=\"lazy\" decoding=\"async\" src=\"https:\/\/versautrechose.fr\/portofolio\/wp-content\/uploads\/2015\/12\/DSCN2766-300x300.jpg\" width=\"300\" height=\"300\" alt=\"Le Mont N\u00e9 vu de Port de Pierrefite (1855m.)\" srcset=\"https:\/\/versautrechose.fr\/portofolio\/wp-content\/uploads\/2015\/12\/DSCN2766-300x300.jpg 300w, https:\/\/versautrechose.fr\/portofolio\/wp-content\/uploads\/2015\/12\/DSCN2766-150x150.jpg 150w\" sizes=\"auto, (max-width: 300px) 100vw, 300px\" class=\"light-dropshaddow\"\/><\/a><\/div><\/div><div class=\"tcol-lg-3 tcol-md-3 tcol-sm-4 tcol-xs-6 tcol-ss-12 g_item\"><div class=\"grid_item kad_gallery_fade_in gallery_item\"><a href=\"https:\/\/versautrechose.fr\/portofolio\/wp-content\/uploads\/2015\/12\/07.Bales_.4.jpg\" data-rel=\"lightbox\" class=\"lightboxhover\"><img loading=\"lazy\" decoding=\"async\" src=\"https:\/\/versautrechose.fr\/portofolio\/wp-content\/uploads\/2015\/12\/07.Bales_.4-300x300.jpg\" width=\"300\" height=\"300\" alt=\"Port de Pierrefite (1855m.)\" srcset=\"https:\/\/versautrechose.fr\/portofolio\/wp-content\/uploads\/2015\/12\/07.Bales_.4-300x300.jpg 300w, https:\/\/versautrechose.fr\/portofolio\/wp-content\/uploads\/2015\/12\/07.Bales_.4-150x150.jpg 150w\" sizes=\"auto, (max-width: 300px) 100vw, 300px\" class=\"light-dropshaddow\"\/><\/a><\/div><\/div><div class=\"tcol-lg-3 tcol-md-3 tcol-sm-4 tcol-xs-6 tcol-ss-12 g_item\"><div class=\"grid_item kad_gallery_fade_in gallery_item\"><a href=\"https:\/\/versautrechose.fr\/portofolio\/wp-content\/uploads\/2015\/12\/DSCN2759.jpg\" data-rel=\"lightbox\" class=\"lightboxhover\"><img loading=\"lazy\" decoding=\"async\" src=\"https:\/\/versautrechose.fr\/portofolio\/wp-content\/uploads\/2015\/12\/DSCN2759-300x300.jpg\" width=\"300\" height=\"300\" alt=\"Lac de Bareille (1765m.), vu de Port de Pierrefite\" srcset=\"https:\/\/versautrechose.fr\/portofolio\/wp-content\/uploads\/2015\/12\/DSCN2759-300x300.jpg 300w, https:\/\/versautrechose.fr\/portofolio\/wp-content\/uploads\/2015\/12\/DSCN2759-150x150.jpg 150w\" sizes=\"auto, (max-width: 300px) 100vw, 300px\" class=\"light-dropshaddow\"\/><\/a><\/div><\/div><div class=\"tcol-lg-3 tcol-md-3 tcol-sm-4 tcol-xs-6 tcol-ss-12 g_item\"><div class=\"grid_item kad_gallery_fade_in gallery_item\"><a href=\"https:\/\/versautrechose.fr\/portofolio\/wp-content\/uploads\/2015\/12\/DSCN2754.jpg\" data-rel=\"lightbox\" class=\"lightboxhover\"><img loading=\"lazy\" decoding=\"async\" src=\"https:\/\/versautrechose.fr\/portofolio\/wp-content\/uploads\/2015\/12\/DSCN2754-300x300.jpg\" width=\"300\" height=\"300\" alt=\"Pics d&#039;Estaragnes (2922m.), vu de Port de Pierrefite\" srcset=\"https:\/\/versautrechose.fr\/portofolio\/wp-content\/uploads\/2015\/12\/DSCN2754-300x300.jpg 300w, https:\/\/versautrechose.fr\/portofolio\/wp-content\/uploads\/2015\/12\/DSCN2754-150x150.jpg 150w\" sizes=\"auto, (max-width: 300px) 100vw, 300px\" class=\"light-dropshaddow\"\/><\/a><\/div><\/div><div class=\"tcol-lg-3 tcol-md-3 tcol-sm-4 tcol-xs-6 tcol-ss-12 g_item\"><div class=\"grid_item kad_gallery_fade_in gallery_item\"><a href=\"https:\/\/versautrechose.fr\/portofolio\/wp-content\/uploads\/2015\/12\/DSCN2753.jpg\" data-rel=\"lightbox\" class=\"lightboxhover\"><img loading=\"lazy\" decoding=\"async\" src=\"https:\/\/versautrechose.fr\/portofolio\/wp-content\/uploads\/2015\/12\/DSCN2753-300x300.jpg\" width=\"300\" height=\"300\" alt=\"Pics d&#039;Estaragnes et Pic du Midi de Bigorre, vu de Port de Pierrefite\" srcset=\"https:\/\/versautrechose.fr\/portofolio\/wp-content\/uploads\/2015\/12\/DSCN2753-300x300.jpg 300w, https:\/\/versautrechose.fr\/portofolio\/wp-content\/uploads\/2015\/12\/DSCN2753-150x150.jpg 150w\" sizes=\"auto, (max-width: 300px) 100vw, 300px\" class=\"light-dropshaddow\"\/><\/a><\/div><\/div><div class=\"tcol-lg-3 tcol-md-3 tcol-sm-4 tcol-xs-6 tcol-ss-12 g_item\"><div class=\"grid_item kad_gallery_fade_in gallery_item\"><a href=\"https:\/\/versautrechose.fr\/portofolio\/wp-content\/uploads\/2015\/12\/DSCN2745.jpg\" data-rel=\"lightbox\" class=\"lightboxhover\"><img loading=\"lazy\" decoding=\"async\" src=\"https:\/\/versautrechose.fr\/portofolio\/wp-content\/uploads\/2015\/12\/DSCN2745-300x300.jpg\" width=\"300\" height=\"300\" alt=\"cha\u00eene du Maupas (alt. 3109m.) vu de Port de Pierrefite (1855m.)\" srcset=\"https:\/\/versautrechose.fr\/portofolio\/wp-content\/uploads\/2015\/12\/DSCN2745-300x300.jpg 300w, https:\/\/versautrechose.fr\/portofolio\/wp-content\/uploads\/2015\/12\/DSCN2745-150x150.jpg 150w\" sizes=\"auto, (max-width: 300px) 100vw, 300px\" class=\"light-dropshaddow\"\/><\/a><\/div><\/div><div class=\"tcol-lg-3 tcol-md-3 tcol-sm-4 tcol-xs-6 tcol-ss-12 g_item\"><div class=\"grid_item kad_gallery_fade_in gallery_item\"><a href=\"https:\/\/versautrechose.fr\/portofolio\/wp-content\/uploads\/2015\/12\/DSCN2761.jpg\" data-rel=\"lightbox\" class=\"lightboxhover\"><img loading=\"lazy\" decoding=\"async\" src=\"https:\/\/versautrechose.fr\/portofolio\/wp-content\/uploads\/2015\/12\/DSCN2761-300x300.jpg\" width=\"300\" height=\"300\" alt=\"cha\u00eene du Maupas (alt. 3109m.) vu de Port de Pierrefite\" srcset=\"https:\/\/versautrechose.fr\/portofolio\/wp-content\/uploads\/2015\/12\/DSCN2761-300x300.jpg 300w, https:\/\/versautrechose.fr\/portofolio\/wp-content\/uploads\/2015\/12\/DSCN2761-150x150.jpg 150w\" sizes=\"auto, (max-width: 300px) 100vw, 300px\" class=\"light-dropshaddow\"\/><\/a><\/div><\/div><div class=\"tcol-lg-3 tcol-md-3 tcol-sm-4 tcol-xs-6 tcol-ss-12 g_item\"><div class=\"grid_item kad_gallery_fade_in gallery_item\"><a href=\"https:\/\/versautrechose.fr\/portofolio\/wp-content\/uploads\/2015\/12\/DSCN2763.jpg\" data-rel=\"lightbox\" class=\"lightboxhover\"><img loading=\"lazy\" decoding=\"async\" src=\"https:\/\/versautrechose.fr\/portofolio\/wp-content\/uploads\/2015\/12\/DSCN2763-300x300.jpg\" width=\"300\" height=\"300\" alt=\"cha\u00eene du Maupas (alt. 3109m.) vu de Port de Pierrefite\" srcset=\"https:\/\/versautrechose.fr\/portofolio\/wp-content\/uploads\/2015\/12\/DSCN2763-300x300.jpg 300w, https:\/\/versautrechose.fr\/portofolio\/wp-content\/uploads\/2015\/12\/DSCN2763-150x150.jpg 150w\" sizes=\"auto, (max-width: 300px) 100vw, 300px\" class=\"light-dropshaddow\"\/><\/a><\/div><\/div><div class=\"tcol-lg-3 tcol-md-3 tcol-sm-4 tcol-xs-6 tcol-ss-12 g_item\"><div class=\"grid_item kad_gallery_fade_in gallery_item\"><a href=\"https:\/\/versautrechose.fr\/portofolio\/wp-content\/uploads\/2015\/12\/DSCN2762.jpg\" data-rel=\"lightbox\" class=\"lightboxhover\"><img loading=\"lazy\" decoding=\"async\" src=\"https:\/\/versautrechose.fr\/portofolio\/wp-content\/uploads\/2015\/12\/DSCN2762-300x300.jpg\" width=\"300\" height=\"300\" alt=\"cha\u00eene du Maupas (alt. 3109m.) vu de Port de Pierrefite\" srcset=\"https:\/\/versautrechose.fr\/portofolio\/wp-content\/uploads\/2015\/12\/DSCN2762-300x300.jpg 300w, https:\/\/versautrechose.fr\/portofolio\/wp-content\/uploads\/2015\/12\/DSCN2762-150x150.jpg 150w\" sizes=\"auto, (max-width: 300px) 100vw, 300px\" class=\"light-dropshaddow\"\/><\/a><\/div><\/div><div class=\"tcol-lg-3 tcol-md-3 tcol-sm-4 tcol-xs-6 tcol-ss-12 g_item\"><div class=\"grid_item kad_gallery_fade_in gallery_item\"><a href=\"https:\/\/versautrechose.fr\/portofolio\/wp-content\/uploads\/2015\/12\/DSCN2746.jpg\" data-rel=\"lightbox\" class=\"lightboxhover\"><img loading=\"lazy\" decoding=\"async\" src=\"https:\/\/versautrechose.fr\/portofolio\/wp-content\/uploads\/2015\/12\/DSCN2746-300x300.jpg\" width=\"300\" height=\"300\" alt=\"Vall\u00e9e d&#039;Oueil - Haut Luchonnais\" srcset=\"https:\/\/versautrechose.fr\/portofolio\/wp-content\/uploads\/2015\/12\/DSCN2746-300x300.jpg 300w, https:\/\/versautrechose.fr\/portofolio\/wp-content\/uploads\/2015\/12\/DSCN2746-150x150.jpg 150w\" sizes=\"auto, (max-width: 300px) 100vw, 300px\" class=\"light-dropshaddow\"\/><\/a><\/div><\/div><div class=\"tcol-lg-3 tcol-md-3 tcol-sm-4 tcol-xs-6 tcol-ss-12 g_item\"><div class=\"grid_item kad_gallery_fade_in gallery_item\"><a href=\"https:\/\/versautrechose.fr\/portofolio\/wp-content\/uploads\/2015\/12\/DSCN2777.jpg\" data-rel=\"lightbox\" class=\"lightboxhover\"><img loading=\"lazy\" decoding=\"async\" src=\"https:\/\/versautrechose.fr\/portofolio\/wp-content\/uploads\/2015\/12\/DSCN2777-300x300.jpg\" width=\"300\" height=\"300\" alt=\"cervid\u00e9s au cr\u00e9puscule, Montagne de s\u00e8ves 1750m. (Haut-Luchonnais)\" srcset=\"https:\/\/versautrechose.fr\/portofolio\/wp-content\/uploads\/2015\/12\/DSCN2777-300x300.jpg 300w, https:\/\/versautrechose.fr\/portofolio\/wp-content\/uploads\/2015\/12\/DSCN2777-150x150.jpg 150w\" sizes=\"auto, (max-width: 300px) 100vw, 300px\" class=\"light-dropshaddow\"\/><\/a><\/div><\/div><div class=\"tcol-lg-3 tcol-md-3 tcol-sm-4 tcol-xs-6 tcol-ss-12 g_item\"><div class=\"grid_item kad_gallery_fade_in gallery_item\"><a href=\"https:\/\/versautrechose.fr\/portofolio\/wp-content\/uploads\/2015\/12\/DSCN2780.jpg\" data-rel=\"lightbox\" class=\"lightboxhover\"><img loading=\"lazy\" decoding=\"async\" src=\"https:\/\/versautrechose.fr\/portofolio\/wp-content\/uploads\/2015\/12\/DSCN2780-300x300.jpg\" width=\"300\" height=\"300\" alt=\"Pics de Sarou\u00e8s (2835m.), d&#039;Aret (2939m.), de Tramezaigues (2572m.), vu de la Fot\u00eat de Peyresourde.\" srcset=\"https:\/\/versautrechose.fr\/portofolio\/wp-content\/uploads\/2015\/12\/DSCN2780-300x300.jpg 300w, https:\/\/versautrechose.fr\/portofolio\/wp-content\/uploads\/2015\/12\/DSCN2780-150x150.jpg 150w\" sizes=\"auto, (max-width: 300px) 100vw, 300px\" class=\"light-dropshaddow\"\/><\/a><\/div><\/div><div class=\"tcol-lg-3 tcol-md-3 tcol-sm-4 tcol-xs-6 tcol-ss-12 g_item\"><div class=\"grid_item kad_gallery_fade_in gallery_item\"><a href=\"https:\/\/versautrechose.fr\/portofolio\/wp-content\/uploads\/2015\/12\/DSCN2781.jpg\" data-rel=\"lightbox\" class=\"lightboxhover\"><img loading=\"lazy\" decoding=\"async\" src=\"https:\/\/versautrechose.fr\/portofolio\/wp-content\/uploads\/2015\/12\/DSCN2781-300x300.jpg\" width=\"300\" height=\"300\" alt=\"Pic d&#039;Arrouyette (2803m.) et Pic de Lustou (3020m.), vu du Pic Arrouy \" srcset=\"https:\/\/versautrechose.fr\/portofolio\/wp-content\/uploads\/2015\/12\/DSCN2781-300x300.jpg 300w, https:\/\/versautrechose.fr\/portofolio\/wp-content\/uploads\/2015\/12\/DSCN2781-150x150.jpg 150w\" sizes=\"auto, (max-width: 300px) 100vw, 300px\" class=\"light-dropshaddow\"\/><\/a><\/div><\/div><div class=\"tcol-lg-3 tcol-md-3 tcol-sm-4 tcol-xs-6 tcol-ss-12 g_item\"><div class=\"grid_item kad_gallery_fade_in gallery_item\"><a href=\"https:\/\/versautrechose.fr\/portofolio\/wp-content\/uploads\/2015\/12\/DSCN2782.jpg\" data-rel=\"lightbox\" class=\"lightboxhover\"><img loading=\"lazy\" decoding=\"async\" src=\"https:\/\/versautrechose.fr\/portofolio\/wp-content\/uploads\/2015\/12\/DSCN2782-300x300.jpg\" width=\"300\" height=\"300\" alt=\"L&#039;Arbizon (2381m.) vu du Pic Arrouy (1850m.) \" srcset=\"https:\/\/versautrechose.fr\/portofolio\/wp-content\/uploads\/2015\/12\/DSCN2782-300x300.jpg 300w, https:\/\/versautrechose.fr\/portofolio\/wp-content\/uploads\/2015\/12\/DSCN2782-150x150.jpg 150w\" sizes=\"auto, (max-width: 300px) 100vw, 300px\" class=\"light-dropshaddow\"\/><\/a><\/div><\/div><div class=\"tcol-lg-3 tcol-md-3 tcol-sm-4 tcol-xs-6 tcol-ss-12 g_item\"><div class=\"grid_item kad_gallery_fade_in gallery_item\"><a href=\"https:\/\/versautrechose.fr\/portofolio\/wp-content\/uploads\/2015\/12\/DSCN2783.jpg\" data-rel=\"lightbox\" class=\"lightboxhover\"><img loading=\"lazy\" decoding=\"async\" src=\"https:\/\/versautrechose.fr\/portofolio\/wp-content\/uploads\/2015\/12\/DSCN2783-300x300.jpg\" width=\"300\" height=\"300\" alt=\"vu du Pic Arrouy, Cap de Hont-N\u00e8re (1916m.), Sommet de Pouyau\u00e9 (2062m.), Sommet de l&#039;Aigle (2078m.) et Sommet de Pouy-Louby  \" srcset=\"https:\/\/versautrechose.fr\/portofolio\/wp-content\/uploads\/2015\/12\/DSCN2783-300x300.jpg 300w, https:\/\/versautrechose.fr\/portofolio\/wp-content\/uploads\/2015\/12\/DSCN2783-150x150.jpg 150w\" sizes=\"auto, (max-width: 300px) 100vw, 300px\" class=\"light-dropshaddow\"\/><\/a><\/div><\/div><div class=\"tcol-lg-3 tcol-md-3 tcol-sm-4 tcol-xs-6 tcol-ss-12 g_item\"><div class=\"grid_item kad_gallery_fade_in gallery_item\"><a href=\"https:\/\/versautrechose.fr\/portofolio\/wp-content\/uploads\/2015\/12\/DSCN2788.jpg\" data-rel=\"lightbox\" class=\"lightboxhover\"><img loading=\"lazy\" decoding=\"async\" src=\"https:\/\/versautrechose.fr\/portofolio\/wp-content\/uploads\/2015\/12\/DSCN2788-300x300.jpg\" width=\"300\" height=\"300\" alt=\"cha\u00eene de l&#039;Arbizon vu du Sommet de l&#039;Aigle (2078m.) Haut-Luchonnais \" srcset=\"https:\/\/versautrechose.fr\/portofolio\/wp-content\/uploads\/2015\/12\/DSCN2788-300x300.jpg 300w, https:\/\/versautrechose.fr\/portofolio\/wp-content\/uploads\/2015\/12\/DSCN2788-150x150.jpg 150w\" sizes=\"auto, (max-width: 300px) 100vw, 300px\" class=\"light-dropshaddow\"\/><\/a><\/div><\/div><div class=\"tcol-lg-3 tcol-md-3 tcol-sm-4 tcol-xs-6 tcol-ss-12 g_item\"><div class=\"grid_item kad_gallery_fade_in gallery_item\"><a href=\"https:\/\/versautrechose.fr\/portofolio\/wp-content\/uploads\/2015\/12\/DSCN2789.jpg\" data-rel=\"lightbox\" class=\"lightboxhover\"><img loading=\"lazy\" decoding=\"async\" src=\"https:\/\/versautrechose.fr\/portofolio\/wp-content\/uploads\/2015\/12\/DSCN2789-300x300.jpg\" width=\"300\" height=\"300\" alt=\"Pic de Lustou (?) 3020m. , vu du Pic Arrouy  \" srcset=\"https:\/\/versautrechose.fr\/portofolio\/wp-content\/uploads\/2015\/12\/DSCN2789-300x300.jpg 300w, https:\/\/versautrechose.fr\/portofolio\/wp-content\/uploads\/2015\/12\/DSCN2789-150x150.jpg 150w\" sizes=\"auto, (max-width: 300px) 100vw, 300px\" class=\"light-dropshaddow\"\/><\/a><\/div><\/div><div class=\"tcol-lg-3 tcol-md-3 tcol-sm-4 tcol-xs-6 tcol-ss-12 g_item\"><div class=\"grid_item kad_gallery_fade_in gallery_item\"><a href=\"https:\/\/versautrechose.fr\/portofolio\/wp-content\/uploads\/2015\/12\/DSCN2790.jpg\" data-rel=\"lightbox\" class=\"lightboxhover\"><img loading=\"lazy\" decoding=\"async\" src=\"https:\/\/versautrechose.fr\/portofolio\/wp-content\/uploads\/2015\/12\/DSCN2790-300x300.jpg\" width=\"300\" height=\"300\" alt=\"Pic Schrader (?) alt. 3174m., vu du Sommet de l&#039;Aigle\" srcset=\"https:\/\/versautrechose.fr\/portofolio\/wp-content\/uploads\/2015\/12\/DSCN2790-300x300.jpg 300w, https:\/\/versautrechose.fr\/portofolio\/wp-content\/uploads\/2015\/12\/DSCN2790-150x150.jpg 150w\" sizes=\"auto, (max-width: 300px) 100vw, 300px\" class=\"light-dropshaddow\"\/><\/a><\/div><\/div><div class=\"tcol-lg-3 tcol-md-3 tcol-sm-4 tcol-xs-6 tcol-ss-12 g_item\"><div class=\"grid_item kad_gallery_fade_in gallery_item\"><a href=\"https:\/\/versautrechose.fr\/portofolio\/wp-content\/uploads\/2015\/12\/DSCN2796.jpg\" data-rel=\"lightbox\" class=\"lightboxhover\"><img loading=\"lazy\" decoding=\"async\" src=\"https:\/\/versautrechose.fr\/portofolio\/wp-content\/uploads\/2015\/12\/DSCN2796-300x300.jpg\" width=\"300\" height=\"300\" alt=\"vu du Sommet de l&#039;Aigle, le Pic du lion (2102m.), Sommet du Tech (2138m.), Sommet du Jambet (2121m.), et le Montious (2171m.)\" srcset=\"https:\/\/versautrechose.fr\/portofolio\/wp-content\/uploads\/2015\/12\/DSCN2796-300x300.jpg 300w, https:\/\/versautrechose.fr\/portofolio\/wp-content\/uploads\/2015\/12\/DSCN2796-150x150.jpg 150w\" sizes=\"auto, (max-width: 300px) 100vw, 300px\" class=\"light-dropshaddow\"\/><\/a><\/div><\/div><div class=\"tcol-lg-3 tcol-md-3 tcol-sm-4 tcol-xs-6 tcol-ss-12 g_item\"><div class=\"grid_item kad_gallery_fade_in gallery_item\"><a href=\"https:\/\/versautrechose.fr\/portofolio\/wp-content\/uploads\/2015\/12\/DSCN2797.jpg\" data-rel=\"lightbox\" class=\"lightboxhover\"><img loading=\"lazy\" decoding=\"async\" src=\"https:\/\/versautrechose.fr\/portofolio\/wp-content\/uploads\/2015\/12\/DSCN2797-300x300.jpg\" width=\"300\" height=\"300\" alt=\"le Sommet du Tech (2138m.), vu du Sommet de Pouy-Louby \" srcset=\"https:\/\/versautrechose.fr\/portofolio\/wp-content\/uploads\/2015\/12\/DSCN2797-300x300.jpg 300w, https:\/\/versautrechose.fr\/portofolio\/wp-content\/uploads\/2015\/12\/DSCN2797-150x150.jpg 150w\" sizes=\"auto, (max-width: 300px) 100vw, 300px\" class=\"light-dropshaddow\"\/><\/a><\/div><\/div><div class=\"tcol-lg-3 tcol-md-3 tcol-sm-4 tcol-xs-6 tcol-ss-12 g_item\"><div class=\"grid_item kad_gallery_fade_in gallery_item\"><a href=\"https:\/\/versautrechose.fr\/portofolio\/wp-content\/uploads\/2015\/12\/DSCN2805.jpg\" data-rel=\"lightbox\" class=\"lightboxhover\"><img loading=\"lazy\" decoding=\"async\" src=\"https:\/\/versautrechose.fr\/portofolio\/wp-content\/uploads\/2015\/12\/DSCN2805-300x300.jpg\" width=\"300\" height=\"300\" alt=\"le Pic du lion (2102m.), vu du Col de Louron (2001m.)\" srcset=\"https:\/\/versautrechose.fr\/portofolio\/wp-content\/uploads\/2015\/12\/DSCN2805-300x300.jpg 300w, https:\/\/versautrechose.fr\/portofolio\/wp-content\/uploads\/2015\/12\/DSCN2805-150x150.jpg 150w\" sizes=\"auto, (max-width: 300px) 100vw, 300px\" class=\"light-dropshaddow\"\/><\/a><\/div><\/div><div class=\"tcol-lg-3 tcol-md-3 tcol-sm-4 tcol-xs-6 tcol-ss-12 g_item\"><div class=\"grid_item kad_gallery_fade_in gallery_item\"><a href=\"https:\/\/versautrechose.fr\/portofolio\/wp-content\/uploads\/2015\/12\/DSCN2806.jpg\" data-rel=\"lightbox\" class=\"lightboxhover\"><img loading=\"lazy\" decoding=\"async\" src=\"https:\/\/versautrechose.fr\/portofolio\/wp-content\/uploads\/2015\/12\/DSCN2806-300x300.jpg\" width=\"300\" height=\"300\" alt=\"Cr\u00eate de la Coume du Lion (2084m.), vu du Col de Louron\" srcset=\"https:\/\/versautrechose.fr\/portofolio\/wp-content\/uploads\/2015\/12\/DSCN2806-300x300.jpg 300w, https:\/\/versautrechose.fr\/portofolio\/wp-content\/uploads\/2015\/12\/DSCN2806-150x150.jpg 150w\" sizes=\"auto, (max-width: 300px) 100vw, 300px\" class=\"light-dropshaddow\"\/><\/a><\/div><\/div><div class=\"tcol-lg-3 tcol-md-3 tcol-sm-4 tcol-xs-6 tcol-ss-12 g_item\"><div class=\"grid_item kad_gallery_fade_in gallery_item\"><a href=\"https:\/\/versautrechose.fr\/portofolio\/wp-content\/uploads\/2015\/12\/DSCN2807.jpg\" data-rel=\"lightbox\" class=\"lightboxhover\"><img loading=\"lazy\" decoding=\"async\" src=\"https:\/\/versautrechose.fr\/portofolio\/wp-content\/uploads\/2015\/12\/DSCN2807-300x300.jpg\" width=\"300\" height=\"300\" alt=\"Le Lac de Bareilles gel\u00e9, vu du Pic du lion\" srcset=\"https:\/\/versautrechose.fr\/portofolio\/wp-content\/uploads\/2015\/12\/DSCN2807-300x300.jpg 300w, https:\/\/versautrechose.fr\/portofolio\/wp-content\/uploads\/2015\/12\/DSCN2807-150x150.jpg 150w\" sizes=\"auto, (max-width: 300px) 100vw, 300px\" class=\"light-dropshaddow\"\/><\/a><\/div><\/div><div class=\"tcol-lg-3 tcol-md-3 tcol-sm-4 tcol-xs-6 tcol-ss-12 g_item\"><div class=\"grid_item kad_gallery_fade_in gallery_item\"><a href=\"https:\/\/versautrechose.fr\/portofolio\/wp-content\/uploads\/2015\/12\/DSCN2808.jpg\" data-rel=\"lightbox\" class=\"lightboxhover\"><img loading=\"lazy\" decoding=\"async\" src=\"https:\/\/versautrechose.fr\/portofolio\/wp-content\/uploads\/2015\/12\/DSCN2808-300x300.jpg\" width=\"300\" height=\"300\" alt=\"Cr\u00eate de la Coume du Lion vu du Pic du lion (2102m.)\" srcset=\"https:\/\/versautrechose.fr\/portofolio\/wp-content\/uploads\/2015\/12\/DSCN2808-300x300.jpg 300w, https:\/\/versautrechose.fr\/portofolio\/wp-content\/uploads\/2015\/12\/DSCN2808-150x150.jpg 150w\" sizes=\"auto, (max-width: 300px) 100vw, 300px\" class=\"light-dropshaddow\"\/><\/a><\/div><\/div><div class=\"tcol-lg-3 tcol-md-3 tcol-sm-4 tcol-xs-6 tcol-ss-12 g_item\"><div class=\"grid_item kad_gallery_fade_in gallery_item\"><a href=\"https:\/\/versautrechose.fr\/portofolio\/wp-content\/uploads\/2015\/12\/DSCN2811.jpg\" data-rel=\"lightbox\" class=\"lightboxhover\"><img loading=\"lazy\" decoding=\"async\" src=\"https:\/\/versautrechose.fr\/portofolio\/wp-content\/uploads\/2015\/12\/DSCN2811-300x300.jpg\" width=\"300\" height=\"300\" alt=\"le Sommet du Tech (2138m.), et Sommet du Jambet, vu du Pic du Lion\" srcset=\"https:\/\/versautrechose.fr\/portofolio\/wp-content\/uploads\/2015\/12\/DSCN2811-300x300.jpg 300w, https:\/\/versautrechose.fr\/portofolio\/wp-content\/uploads\/2015\/12\/DSCN2811-150x150.jpg 150w\" sizes=\"auto, (max-width: 300px) 100vw, 300px\" class=\"light-dropshaddow\"\/><\/a><\/div><\/div><div class=\"tcol-lg-3 tcol-md-3 tcol-sm-4 tcol-xs-6 tcol-ss-12 g_item\"><div class=\"grid_item kad_gallery_fade_in gallery_item\"><a href=\"https:\/\/versautrechose.fr\/portofolio\/wp-content\/uploads\/2015\/12\/DSCN2812.jpg\" data-rel=\"lightbox\" class=\"lightboxhover\"><img loading=\"lazy\" decoding=\"async\" src=\"https:\/\/versautrechose.fr\/portofolio\/wp-content\/uploads\/2015\/12\/DSCN2812-300x300.jpg\" width=\"300\" height=\"300\" alt=\"Fontaine de Nauets, vu du Pic du Lion\" srcset=\"https:\/\/versautrechose.fr\/portofolio\/wp-content\/uploads\/2015\/12\/DSCN2812-300x300.jpg 300w, https:\/\/versautrechose.fr\/portofolio\/wp-content\/uploads\/2015\/12\/DSCN2812-150x150.jpg 150w\" sizes=\"auto, (max-width: 300px) 100vw, 300px\" class=\"light-dropshaddow\"\/><\/a><\/div><\/div><div class=\"tcol-lg-3 tcol-md-3 tcol-sm-4 tcol-xs-6 tcol-ss-12 g_item\"><div class=\"grid_item kad_gallery_fade_in gallery_item\"><a href=\"https:\/\/versautrechose.fr\/portofolio\/wp-content\/uploads\/2015\/12\/DSCN2815.jpg\" data-rel=\"lightbox\" class=\"lightboxhover\"><img loading=\"lazy\" decoding=\"async\" src=\"https:\/\/versautrechose.fr\/portofolio\/wp-content\/uploads\/2015\/12\/DSCN2815-300x300.jpg\" width=\"300\" height=\"300\" alt=\"le Sommet de Pouy-Louby (2091m.), vu du Pic du Lion\" srcset=\"https:\/\/versautrechose.fr\/portofolio\/wp-content\/uploads\/2015\/12\/DSCN2815-300x300.jpg 300w, https:\/\/versautrechose.fr\/portofolio\/wp-content\/uploads\/2015\/12\/DSCN2815-150x150.jpg 150w\" sizes=\"auto, (max-width: 300px) 100vw, 300px\" class=\"light-dropshaddow\"\/><\/a><\/div><\/div><div class=\"tcol-lg-3 tcol-md-3 tcol-sm-4 tcol-xs-6 tcol-ss-12 g_item\"><div class=\"grid_item kad_gallery_fade_in gallery_item\"><a href=\"https:\/\/versautrechose.fr\/portofolio\/wp-content\/uploads\/2015\/12\/DSCN2816.jpg\" data-rel=\"lightbox\" class=\"lightboxhover\"><img loading=\"lazy\" decoding=\"async\" src=\"https:\/\/versautrechose.fr\/portofolio\/wp-content\/uploads\/2015\/12\/DSCN2816-300x300.jpg\" width=\"300\" height=\"300\" alt=\"vu du Pic du Lion, le Sommet de l&#039;Aigle, Sommet de Pouyau\u00e9, Cap de Hont-N\u00e8re  \" srcset=\"https:\/\/versautrechose.fr\/portofolio\/wp-content\/uploads\/2015\/12\/DSCN2816-300x300.jpg 300w, https:\/\/versautrechose.fr\/portofolio\/wp-content\/uploads\/2015\/12\/DSCN2816-150x150.jpg 150w\" sizes=\"auto, (max-width: 300px) 100vw, 300px\" class=\"light-dropshaddow\"\/><\/a><\/div><\/div><div class=\"tcol-lg-3 tcol-md-3 tcol-sm-4 tcol-xs-6 tcol-ss-12 g_item\"><div class=\"grid_item kad_gallery_fade_in gallery_item\"><a href=\"https:\/\/versautrechose.fr\/portofolio\/wp-content\/uploads\/2015\/12\/DSCN2819.jpg\" data-rel=\"lightbox\" class=\"lightboxhover\"><img loading=\"lazy\" decoding=\"async\" src=\"https:\/\/versautrechose.fr\/portofolio\/wp-content\/uploads\/2015\/12\/DSCN2819-300x300.jpg\" width=\"300\" height=\"300\" alt=\" lumi\u00e8re du soir, vu du Cap de Hont-N\u00e8re sur le Sommet de Pouyau\u00e9 et le Sommet de l&#039;Aigle\" srcset=\"https:\/\/versautrechose.fr\/portofolio\/wp-content\/uploads\/2015\/12\/DSCN2819-300x300.jpg 300w, https:\/\/versautrechose.fr\/portofolio\/wp-content\/uploads\/2015\/12\/DSCN2819-150x150.jpg 150w\" sizes=\"auto, (max-width: 300px) 100vw, 300px\" class=\"light-dropshaddow\"\/><\/a><\/div><\/div><div class=\"tcol-lg-3 tcol-md-3 tcol-sm-4 tcol-xs-6 tcol-ss-12 g_item\"><div class=\"grid_item kad_gallery_fade_in gallery_item\"><a href=\"https:\/\/versautrechose.fr\/portofolio\/wp-content\/uploads\/2015\/12\/DSCN2823.jpg\" data-rel=\"lightbox\" class=\"lightboxhover\"><img loading=\"lazy\" decoding=\"async\" src=\"https:\/\/versautrechose.fr\/portofolio\/wp-content\/uploads\/2015\/12\/DSCN2823-300x300.jpg\" width=\"300\" height=\"300\" alt=\"au couchant la Montagne  de l&#039;Ourtiga, Pic de Hourgade (2964m.), Pic de N\u00e8re (2794m.)\" srcset=\"https:\/\/versautrechose.fr\/portofolio\/wp-content\/uploads\/2015\/12\/DSCN2823-300x300.jpg 300w, https:\/\/versautrechose.fr\/portofolio\/wp-content\/uploads\/2015\/12\/DSCN2823-150x150.jpg 150w\" sizes=\"auto, (max-width: 300px) 100vw, 300px\" class=\"light-dropshaddow\"\/><\/a><\/div><\/div><div class=\"tcol-lg-3 tcol-md-3 tcol-sm-4 tcol-xs-6 tcol-ss-12 g_item\"><div class=\"grid_item kad_gallery_fade_in gallery_item\"><a href=\"https:\/\/versautrechose.fr\/portofolio\/wp-content\/uploads\/2015\/12\/DSCN2829.jpg\" data-rel=\"lightbox\" class=\"lightboxhover\"><img loading=\"lazy\" decoding=\"async\" src=\"https:\/\/versautrechose.fr\/portofolio\/wp-content\/uploads\/2015\/12\/DSCN2829-300x300.jpg\" width=\"300\" height=\"300\" alt=\"derniers rayons du soir sur le Pic de Hourgade (2964m.)\" srcset=\"https:\/\/versautrechose.fr\/portofolio\/wp-content\/uploads\/2015\/12\/DSCN2829-300x300.jpg 300w, https:\/\/versautrechose.fr\/portofolio\/wp-content\/uploads\/2015\/12\/DSCN2829-150x150.jpg 150w\" sizes=\"auto, (max-width: 300px) 100vw, 300px\" class=\"light-dropshaddow\"\/><\/a><\/div><\/div><div class=\"tcol-lg-3 tcol-md-3 tcol-sm-4 tcol-xs-6 tcol-ss-12 g_item\"><div class=\"grid_item kad_gallery_fade_in gallery_item\"><a href=\"https:\/\/versautrechose.fr\/portofolio\/wp-content\/uploads\/2015\/12\/DSCN2865.jpg\" data-rel=\"lightbox\" class=\"lightboxhover\"><img loading=\"lazy\" decoding=\"async\" src=\"https:\/\/versautrechose.fr\/portofolio\/wp-content\/uploads\/2015\/12\/DSCN2865-300x300.jpg\" width=\"300\" height=\"300\" alt=\"Cap de la Pique (alt. 1878m.) vu Sarrou\u00e8g\u00e8re\" srcset=\"https:\/\/versautrechose.fr\/portofolio\/wp-content\/uploads\/2015\/12\/DSCN2865-300x300.jpg 300w, https:\/\/versautrechose.fr\/portofolio\/wp-content\/uploads\/2015\/12\/DSCN2865-150x150.jpg 150w\" sizes=\"auto, (max-width: 300px) 100vw, 300px\" class=\"light-dropshaddow\"\/><\/a><\/div><\/div><div class=\"tcol-lg-3 tcol-md-3 tcol-sm-4 tcol-xs-6 tcol-ss-12 g_item\"><div class=\"grid_item kad_gallery_fade_in gallery_item\"><a href=\"https:\/\/versautrechose.fr\/portofolio\/wp-content\/uploads\/2015\/12\/DSCN2873.jpg\" data-rel=\"lightbox\" class=\"lightboxhover\"><img loading=\"lazy\" decoding=\"async\" src=\"https:\/\/versautrechose.fr\/portofolio\/wp-content\/uploads\/2015\/12\/DSCN2873-300x300.jpg\" width=\"300\" height=\"300\" alt=\"Sarrou\u00e8g\u00e8re, et le Pic de Burat \u00e0 2154m. d&#039;alt. (Luchonnais)\" srcset=\"https:\/\/versautrechose.fr\/portofolio\/wp-content\/uploads\/2015\/12\/DSCN2873-300x300.jpg 300w, https:\/\/versautrechose.fr\/portofolio\/wp-content\/uploads\/2015\/12\/DSCN2873-150x150.jpg 150w\" sizes=\"auto, (max-width: 300px) 100vw, 300px\" class=\"light-dropshaddow\"\/><\/a><\/div><\/div><div class=\"tcol-lg-3 tcol-md-3 tcol-sm-4 tcol-xs-6 tcol-ss-12 g_item\"><div class=\"grid_item kad_gallery_fade_in gallery_item\"><a href=\"https:\/\/versautrechose.fr\/portofolio\/wp-content\/uploads\/2015\/12\/DSCN2874.jpg\" data-rel=\"lightbox\" class=\"lightboxhover\"><img loading=\"lazy\" decoding=\"async\" src=\"https:\/\/versautrechose.fr\/portofolio\/wp-content\/uploads\/2015\/12\/DSCN2874-300x300.jpg\" width=\"300\" height=\"300\" alt=\"vu de Sarrou\u00e8g\u00e8re, le Pic de la Hage (2018m.) - Luchonnais\" srcset=\"https:\/\/versautrechose.fr\/portofolio\/wp-content\/uploads\/2015\/12\/DSCN2874-300x300.jpg 300w, https:\/\/versautrechose.fr\/portofolio\/wp-content\/uploads\/2015\/12\/DSCN2874-150x150.jpg 150w\" sizes=\"auto, (max-width: 300px) 100vw, 300px\" class=\"light-dropshaddow\"\/><\/a><\/div><\/div><div class=\"tcol-lg-3 tcol-md-3 tcol-sm-4 tcol-xs-6 tcol-ss-12 g_item\"><div class=\"grid_item kad_gallery_fade_in gallery_item\"><a href=\"https:\/\/versautrechose.fr\/portofolio\/wp-content\/uploads\/2015\/12\/DSCN2875.jpg\" data-rel=\"lightbox\" class=\"lightboxhover\"><img loading=\"lazy\" decoding=\"async\" src=\"https:\/\/versautrechose.fr\/portofolio\/wp-content\/uploads\/2015\/12\/DSCN2875-300x300.jpg\" width=\"300\" height=\"300\" alt=\"vu de Sarrou\u00e8g\u00e8re, le Pic de la Hage (2018m.) - Luchonnais\" srcset=\"https:\/\/versautrechose.fr\/portofolio\/wp-content\/uploads\/2015\/12\/DSCN2875-300x300.jpg 300w, https:\/\/versautrechose.fr\/portofolio\/wp-content\/uploads\/2015\/12\/DSCN2875-150x150.jpg 150w\" sizes=\"auto, (max-width: 300px) 100vw, 300px\" class=\"light-dropshaddow\"\/><\/a><\/div><\/div><div class=\"tcol-lg-3 tcol-md-3 tcol-sm-4 tcol-xs-6 tcol-ss-12 g_item\"><div class=\"grid_item kad_gallery_fade_in gallery_item\"><a href=\"https:\/\/versautrechose.fr\/portofolio\/wp-content\/uploads\/2015\/12\/DSCN2877.jpg\" data-rel=\"lightbox\" class=\"lightboxhover\"><img loading=\"lazy\" decoding=\"async\" src=\"https:\/\/versautrechose.fr\/portofolio\/wp-content\/uploads\/2015\/12\/DSCN2877-300x300.jpg\" width=\"300\" height=\"300\" alt=\"Hont Arrouye, flanc ouest du Pic de Bacan\u00e8re - Luchonnais\" srcset=\"https:\/\/versautrechose.fr\/portofolio\/wp-content\/uploads\/2015\/12\/DSCN2877-300x300.jpg 300w, https:\/\/versautrechose.fr\/portofolio\/wp-content\/uploads\/2015\/12\/DSCN2877-150x150.jpg 150w\" sizes=\"auto, (max-width: 300px) 100vw, 300px\" class=\"light-dropshaddow\"\/><\/a><\/div><\/div><div class=\"tcol-lg-3 tcol-md-3 tcol-sm-4 tcol-xs-6 tcol-ss-12 g_item\"><div class=\"grid_item kad_gallery_fade_in gallery_item\"><a href=\"https:\/\/versautrechose.fr\/portofolio\/wp-content\/uploads\/2015\/12\/DSCN2879.jpg\" data-rel=\"lightbox\" class=\"lightboxhover\"><img loading=\"lazy\" decoding=\"async\" src=\"https:\/\/versautrechose.fr\/portofolio\/wp-content\/uploads\/2015\/12\/DSCN2879-300x300.jpg\" width=\"300\" height=\"300\" alt=\"Pic de Bacan\u00e8re, vu de Sarrou\u00e8g\u00e8re - Luchonnais\" srcset=\"https:\/\/versautrechose.fr\/portofolio\/wp-content\/uploads\/2015\/12\/DSCN2879-300x300.jpg 300w, https:\/\/versautrechose.fr\/portofolio\/wp-content\/uploads\/2015\/12\/DSCN2879-150x150.jpg 150w\" sizes=\"auto, (max-width: 300px) 100vw, 300px\" class=\"light-dropshaddow\"\/><\/a><\/div><\/div><div class=\"tcol-lg-3 tcol-md-3 tcol-sm-4 tcol-xs-6 tcol-ss-12 g_item\"><div class=\"grid_item kad_gallery_fade_in gallery_item\"><a href=\"https:\/\/versautrechose.fr\/portofolio\/wp-content\/uploads\/2015\/12\/DSCN2888.jpg\" data-rel=\"lightbox\" class=\"lightboxhover\"><img loading=\"lazy\" decoding=\"async\" src=\"https:\/\/versautrechose.fr\/portofolio\/wp-content\/uploads\/2015\/12\/DSCN2888-300x300.jpg\" width=\"300\" height=\"300\" alt=\"le Pic de la Hage (2018m.), vu de Sarrou\u00e8g\u00e8re - Luchonnais\" srcset=\"https:\/\/versautrechose.fr\/portofolio\/wp-content\/uploads\/2015\/12\/DSCN2888-300x300.jpg 300w, https:\/\/versautrechose.fr\/portofolio\/wp-content\/uploads\/2015\/12\/DSCN2888-150x150.jpg 150w\" sizes=\"auto, (max-width: 300px) 100vw, 300px\" class=\"light-dropshaddow\"\/><\/a><\/div><\/div><div class=\"tcol-lg-3 tcol-md-3 tcol-sm-4 tcol-xs-6 tcol-ss-12 g_item\"><div class=\"grid_item kad_gallery_fade_in gallery_item\"><a href=\"https:\/\/versautrechose.fr\/portofolio\/wp-content\/uploads\/2015\/12\/DSCN3244.jpg\" data-rel=\"lightbox\" class=\"lightboxhover\"><img loading=\"lazy\" decoding=\"async\" src=\"https:\/\/versautrechose.fr\/portofolio\/wp-content\/uploads\/2015\/12\/DSCN3244-300x300.jpg\" width=\"300\" height=\"300\" alt=\"rhododendrons \u00e0 Port de Pierrefite (1855m.) Haut Luchonnais\" srcset=\"https:\/\/versautrechose.fr\/portofolio\/wp-content\/uploads\/2015\/12\/DSCN3244-300x300.jpg 300w, https:\/\/versautrechose.fr\/portofolio\/wp-content\/uploads\/2015\/12\/DSCN3244-150x150.jpg 150w\" sizes=\"auto, (max-width: 300px) 100vw, 300px\" class=\"light-dropshaddow\"\/><\/a><\/div><\/div><div class=\"tcol-lg-3 tcol-md-3 tcol-sm-4 tcol-xs-6 tcol-ss-12 g_item\"><div class=\"grid_item kad_gallery_fade_in gallery_item\"><a href=\"https:\/\/versautrechose.fr\/portofolio\/wp-content\/uploads\/2015\/12\/DSCN3281.jpg\" data-rel=\"lightbox\" class=\"lightboxhover\"><img loading=\"lazy\" decoding=\"async\" src=\"https:\/\/versautrechose.fr\/portofolio\/wp-content\/uploads\/2015\/12\/DSCN3281-300x300.jpg\" width=\"300\" height=\"300\" alt=\"de la rive ouest du Lac de Bareilles, vu sur le mont N\u00e9\" srcset=\"https:\/\/versautrechose.fr\/portofolio\/wp-content\/uploads\/2015\/12\/DSCN3281-300x300.jpg 300w, https:\/\/versautrechose.fr\/portofolio\/wp-content\/uploads\/2015\/12\/DSCN3281-150x150.jpg 150w\" sizes=\"auto, (max-width: 300px) 100vw, 300px\" class=\"light-dropshaddow\"\/><\/a><\/div><\/div><div class=\"tcol-lg-3 tcol-md-3 tcol-sm-4 tcol-xs-6 tcol-ss-12 g_item\"><div class=\"grid_item kad_gallery_fade_in gallery_item\"><a href=\"https:\/\/versautrechose.fr\/portofolio\/wp-content\/uploads\/2015\/12\/DSCN3285.jpg\" data-rel=\"lightbox\" class=\"lightboxhover\"><img loading=\"lazy\" decoding=\"async\" src=\"https:\/\/versautrechose.fr\/portofolio\/wp-content\/uploads\/2015\/12\/DSCN3285-300x300.jpg\" width=\"300\" height=\"300\" alt=\"rive ouest du Lac de Bareilles\" srcset=\"https:\/\/versautrechose.fr\/portofolio\/wp-content\/uploads\/2015\/12\/DSCN3285-300x300.jpg 300w, https:\/\/versautrechose.fr\/portofolio\/wp-content\/uploads\/2015\/12\/DSCN3285-150x150.jpg 150w\" sizes=\"auto, (max-width: 300px) 100vw, 300px\" class=\"light-dropshaddow\"\/><\/a><\/div><\/div><div class=\"tcol-lg-3 tcol-md-3 tcol-sm-4 tcol-xs-6 tcol-ss-12 g_item\"><div class=\"grid_item kad_gallery_fade_in gallery_item\"><a href=\"https:\/\/versautrechose.fr\/portofolio\/wp-content\/uploads\/2015\/12\/DSCN3292.jpg\" data-rel=\"lightbox\" class=\"lightboxhover\"><img loading=\"lazy\" decoding=\"async\" src=\"https:\/\/versautrechose.fr\/portofolio\/wp-content\/uploads\/2015\/12\/DSCN3292-300x300.jpg\" width=\"300\" height=\"300\" alt=\"rive sud du Lac de Bareilles\" srcset=\"https:\/\/versautrechose.fr\/portofolio\/wp-content\/uploads\/2015\/12\/DSCN3292-300x300.jpg 300w, https:\/\/versautrechose.fr\/portofolio\/wp-content\/uploads\/2015\/12\/DSCN3292-150x150.jpg 150w\" sizes=\"auto, (max-width: 300px) 100vw, 300px\" class=\"light-dropshaddow\"\/><\/a><\/div><\/div><div class=\"tcol-lg-3 tcol-md-3 tcol-sm-4 tcol-xs-6 tcol-ss-12 g_item\"><div class=\"grid_item kad_gallery_fade_in gallery_item\"><a href=\"https:\/\/versautrechose.fr\/portofolio\/wp-content\/uploads\/2015\/12\/DSCN3296.jpg\" data-rel=\"lightbox\" class=\"lightboxhover\"><img loading=\"lazy\" decoding=\"async\" src=\"https:\/\/versautrechose.fr\/portofolio\/wp-content\/uploads\/2015\/12\/DSCN3296-300x300.jpg\" width=\"300\" height=\"300\" alt=\" Lac de Bareilles vu de la rive nord\" srcset=\"https:\/\/versautrechose.fr\/portofolio\/wp-content\/uploads\/2015\/12\/DSCN3296-300x300.jpg 300w, https:\/\/versautrechose.fr\/portofolio\/wp-content\/uploads\/2015\/12\/DSCN3296-150x150.jpg 150w\" sizes=\"auto, (max-width: 300px) 100vw, 300px\" class=\"light-dropshaddow\"\/><\/a><\/div><\/div><div class=\"tcol-lg-3 tcol-md-3 tcol-sm-4 tcol-xs-6 tcol-ss-12 g_item\"><div class=\"grid_item kad_gallery_fade_in gallery_item\"><a href=\"https:\/\/versautrechose.fr\/portofolio\/wp-content\/uploads\/2015\/12\/DSCN3306.jpg\" data-rel=\"lightbox\" class=\"lightboxhover\"><img loading=\"lazy\" decoding=\"async\" src=\"https:\/\/versautrechose.fr\/portofolio\/wp-content\/uploads\/2015\/12\/DSCN3306-300x300.jpg\" width=\"300\" height=\"300\" alt=\"cervid\u00e9s (biches) au Lac de Bareilles\" srcset=\"https:\/\/versautrechose.fr\/portofolio\/wp-content\/uploads\/2015\/12\/DSCN3306-300x300.jpg 300w, https:\/\/versautrechose.fr\/portofolio\/wp-content\/uploads\/2015\/12\/DSCN3306-150x150.jpg 150w\" sizes=\"auto, (max-width: 300px) 100vw, 300px\" class=\"light-dropshaddow\"\/><\/a><\/div><\/div><div class=\"tcol-lg-3 tcol-md-3 tcol-sm-4 tcol-xs-6 tcol-ss-12 g_item\"><div class=\"grid_item kad_gallery_fade_in gallery_item\"><a href=\"https:\/\/versautrechose.fr\/portofolio\/wp-content\/uploads\/2015\/12\/DSCN3319.jpg\" data-rel=\"lightbox\" class=\"lightboxhover\"><img loading=\"lazy\" decoding=\"async\" src=\"https:\/\/versautrechose.fr\/portofolio\/wp-content\/uploads\/2015\/12\/DSCN3319-300x300.jpg\" width=\"300\" height=\"300\" alt=\"en montant aux Etangs de la Fr\u00eache\" srcset=\"https:\/\/versautrechose.fr\/portofolio\/wp-content\/uploads\/2015\/12\/DSCN3319-300x300.jpg 300w, https:\/\/versautrechose.fr\/portofolio\/wp-content\/uploads\/2015\/12\/DSCN3319-150x150.jpg 150w\" sizes=\"auto, (max-width: 300px) 100vw, 300px\" class=\"light-dropshaddow\"\/><\/a><\/div><\/div><div class=\"tcol-lg-3 tcol-md-3 tcol-sm-4 tcol-xs-6 tcol-ss-12 g_item\"><div class=\"grid_item kad_gallery_fade_in gallery_item\"><a href=\"https:\/\/versautrechose.fr\/portofolio\/wp-content\/uploads\/2015\/12\/DSCN3320.jpg\" data-rel=\"lightbox\" class=\"lightboxhover\"><img loading=\"lazy\" decoding=\"async\" src=\"https:\/\/versautrechose.fr\/portofolio\/wp-content\/uploads\/2015\/12\/DSCN3320-300x300.jpg\" width=\"300\" height=\"300\" alt=\"rhododendrons en montant aux Etangs de la Fr\u00eache\" srcset=\"https:\/\/versautrechose.fr\/portofolio\/wp-content\/uploads\/2015\/12\/DSCN3320-300x300.jpg 300w, https:\/\/versautrechose.fr\/portofolio\/wp-content\/uploads\/2015\/12\/DSCN3320-150x150.jpg 150w\" sizes=\"auto, (max-width: 300px) 100vw, 300px\" class=\"light-dropshaddow\"\/><\/a><\/div><\/div><div class=\"tcol-lg-3 tcol-md-3 tcol-sm-4 tcol-xs-6 tcol-ss-12 g_item\"><div class=\"grid_item kad_gallery_fade_in gallery_item\"><a href=\"https:\/\/versautrechose.fr\/portofolio\/wp-content\/uploads\/2015\/12\/DSCN3325.jpg\" data-rel=\"lightbox\" class=\"lightboxhover\"><img loading=\"lazy\" decoding=\"async\" src=\"https:\/\/versautrechose.fr\/portofolio\/wp-content\/uploads\/2015\/12\/DSCN3325-300x300.jpg\" width=\"300\" height=\"300\" alt=\"Vall\u00e9e de la Fr\u00eache - Haut Luchonnais\" srcset=\"https:\/\/versautrechose.fr\/portofolio\/wp-content\/uploads\/2015\/12\/DSCN3325-300x300.jpg 300w, https:\/\/versautrechose.fr\/portofolio\/wp-content\/uploads\/2015\/12\/DSCN3325-150x150.jpg 150w\" sizes=\"auto, (max-width: 300px) 100vw, 300px\" class=\"light-dropshaddow\"\/><\/a><\/div><\/div><div class=\"tcol-lg-3 tcol-md-3 tcol-sm-4 tcol-xs-6 tcol-ss-12 g_item\"><div class=\"grid_item kad_gallery_fade_in gallery_item\"><a href=\"https:\/\/versautrechose.fr\/portofolio\/wp-content\/uploads\/2015\/12\/DSCN3326.jpg\" data-rel=\"lightbox\" class=\"lightboxhover\"><img loading=\"lazy\" decoding=\"async\" src=\"https:\/\/versautrechose.fr\/portofolio\/wp-content\/uploads\/2015\/12\/DSCN3326-300x300.jpg\" width=\"300\" height=\"300\" alt=\"la Vall\u00e9e de la Fr\u00eache - Haut Luchonnais\" srcset=\"https:\/\/versautrechose.fr\/portofolio\/wp-content\/uploads\/2015\/12\/DSCN3326-300x300.jpg 300w, https:\/\/versautrechose.fr\/portofolio\/wp-content\/uploads\/2015\/12\/DSCN3326-150x150.jpg 150w\" sizes=\"auto, (max-width: 300px) 100vw, 300px\" class=\"light-dropshaddow\"\/><\/a><\/div><\/div><div class=\"tcol-lg-3 tcol-md-3 tcol-sm-4 tcol-xs-6 tcol-ss-12 g_item\"><div class=\"grid_item kad_gallery_fade_in gallery_item\"><a href=\"https:\/\/versautrechose.fr\/portofolio\/wp-content\/uploads\/2015\/12\/DSCN3327.jpg\" data-rel=\"lightbox\" class=\"lightboxhover\"><img loading=\"lazy\" decoding=\"async\" src=\"https:\/\/versautrechose.fr\/portofolio\/wp-content\/uploads\/2015\/12\/DSCN3327-300x300.jpg\" width=\"300\" height=\"300\" alt=\"arriv\u00e9e aux Etangs de la Fr\u00eache\" srcset=\"https:\/\/versautrechose.fr\/portofolio\/wp-content\/uploads\/2015\/12\/DSCN3327-300x300.jpg 300w, https:\/\/versautrechose.fr\/portofolio\/wp-content\/uploads\/2015\/12\/DSCN3327-150x150.jpg 150w\" sizes=\"auto, (max-width: 300px) 100vw, 300px\" class=\"light-dropshaddow\"\/><\/a><\/div><\/div><div class=\"tcol-lg-3 tcol-md-3 tcol-sm-4 tcol-xs-6 tcol-ss-12 g_item\"><div class=\"grid_item kad_gallery_fade_in gallery_item\"><a href=\"https:\/\/versautrechose.fr\/portofolio\/wp-content\/uploads\/2015\/12\/DSCN3333.jpg\" data-rel=\"lightbox\" class=\"lightboxhover\"><img loading=\"lazy\" decoding=\"async\" src=\"https:\/\/versautrechose.fr\/portofolio\/wp-content\/uploads\/2015\/12\/DSCN3333-300x300.jpg\" width=\"300\" height=\"300\" alt=\"le plus grand des Etangs de la Fr\u00eache\" srcset=\"https:\/\/versautrechose.fr\/portofolio\/wp-content\/uploads\/2015\/12\/DSCN3333-300x300.jpg 300w, https:\/\/versautrechose.fr\/portofolio\/wp-content\/uploads\/2015\/12\/DSCN3333-150x150.jpg 150w\" sizes=\"auto, (max-width: 300px) 100vw, 300px\" class=\"light-dropshaddow\"\/><\/a><\/div><\/div><div class=\"tcol-lg-3 tcol-md-3 tcol-sm-4 tcol-xs-6 tcol-ss-12 g_item\"><div class=\"grid_item kad_gallery_fade_in gallery_item\"><a href=\"https:\/\/versautrechose.fr\/portofolio\/wp-content\/uploads\/2015\/12\/DSCN3349.jpg\" data-rel=\"lightbox\" class=\"lightboxhover\"><img loading=\"lazy\" decoding=\"async\" src=\"https:\/\/versautrechose.fr\/portofolio\/wp-content\/uploads\/2015\/12\/DSCN3349-300x300.jpg\" width=\"300\" height=\"300\" alt=\"le moins profond ... \" srcset=\"https:\/\/versautrechose.fr\/portofolio\/wp-content\/uploads\/2015\/12\/DSCN3349-300x300.jpg 300w, https:\/\/versautrechose.fr\/portofolio\/wp-content\/uploads\/2015\/12\/DSCN3349-150x150.jpg 150w\" sizes=\"auto, (max-width: 300px) 100vw, 300px\" class=\"light-dropshaddow\"\/><\/a><\/div><\/div><div class=\"tcol-lg-3 tcol-md-3 tcol-sm-4 tcol-xs-6 tcol-ss-12 g_item\"><div class=\"grid_item kad_gallery_fade_in gallery_item\"><a href=\"https:\/\/versautrechose.fr\/portofolio\/wp-content\/uploads\/2015\/12\/DSCN3350.jpg\" data-rel=\"lightbox\" class=\"lightboxhover\"><img loading=\"lazy\" decoding=\"async\" src=\"https:\/\/versautrechose.fr\/portofolio\/wp-content\/uploads\/2015\/12\/DSCN3350-300x300.jpg\" width=\"300\" height=\"300\" alt=\"Etang de la Fr\u00eache\" srcset=\"https:\/\/versautrechose.fr\/portofolio\/wp-content\/uploads\/2015\/12\/DSCN3350-300x300.jpg 300w, https:\/\/versautrechose.fr\/portofolio\/wp-content\/uploads\/2015\/12\/DSCN3350-150x150.jpg 150w\" sizes=\"auto, (max-width: 300px) 100vw, 300px\" class=\"light-dropshaddow\"\/><\/a><\/div><\/div><div class=\"tcol-lg-3 tcol-md-3 tcol-sm-4 tcol-xs-6 tcol-ss-12 g_item\"><div class=\"grid_item kad_gallery_fade_in gallery_item\"><a href=\"https:\/\/versautrechose.fr\/portofolio\/wp-content\/uploads\/2015\/12\/DSCN3352.jpg\" data-rel=\"lightbox\" class=\"lightboxhover\"><img loading=\"lazy\" decoding=\"async\" src=\"https:\/\/versautrechose.fr\/portofolio\/wp-content\/uploads\/2015\/12\/DSCN3352-300x300.jpg\" width=\"300\" height=\"300\" alt=\"Etang de la Fr\u00eache\" srcset=\"https:\/\/versautrechose.fr\/portofolio\/wp-content\/uploads\/2015\/12\/DSCN3352-300x300.jpg 300w, https:\/\/versautrechose.fr\/portofolio\/wp-content\/uploads\/2015\/12\/DSCN3352-150x150.jpg 150w\" sizes=\"auto, (max-width: 300px) 100vw, 300px\" class=\"light-dropshaddow\"\/><\/a><\/div><\/div><div class=\"tcol-lg-3 tcol-md-3 tcol-sm-4 tcol-xs-6 tcol-ss-12 g_item\"><div class=\"grid_item kad_gallery_fade_in gallery_item\"><a href=\"https:\/\/versautrechose.fr\/portofolio\/wp-content\/uploads\/2015\/12\/DSCN3353.jpg\" data-rel=\"lightbox\" class=\"lightboxhover\"><img loading=\"lazy\" decoding=\"async\" src=\"https:\/\/versautrechose.fr\/portofolio\/wp-content\/uploads\/2015\/12\/DSCN3353-300x300.jpg\" width=\"300\" height=\"300\" alt=\"la Vall\u00e9e de la Fr\u00eache - Haut Luchonnais\" srcset=\"https:\/\/versautrechose.fr\/portofolio\/wp-content\/uploads\/2015\/12\/DSCN3353-300x300.jpg 300w, https:\/\/versautrechose.fr\/portofolio\/wp-content\/uploads\/2015\/12\/DSCN3353-150x150.jpg 150w\" sizes=\"auto, (max-width: 300px) 100vw, 300px\" class=\"light-dropshaddow\"\/><\/a><\/div><\/div><div class=\"tcol-lg-3 tcol-md-3 tcol-sm-4 tcol-xs-6 tcol-ss-12 g_item\"><div class=\"grid_item kad_gallery_fade_in gallery_item\"><a href=\"https:\/\/versautrechose.fr\/portofolio\/wp-content\/uploads\/2015\/12\/DSCN3354.jpg\" data-rel=\"lightbox\" class=\"lightboxhover\"><img loading=\"lazy\" decoding=\"async\" src=\"https:\/\/versautrechose.fr\/portofolio\/wp-content\/uploads\/2015\/12\/DSCN3354-300x300.jpg\" width=\"300\" height=\"300\" alt=\"rhododendrons, le Pic de Pique (2 394 m) Vall\u00e9e de la Fr\u00eache\" srcset=\"https:\/\/versautrechose.fr\/portofolio\/wp-content\/uploads\/2015\/12\/DSCN3354-300x300.jpg 300w, https:\/\/versautrechose.fr\/portofolio\/wp-content\/uploads\/2015\/12\/DSCN3354-150x150.jpg 150w\" sizes=\"auto, (max-width: 300px) 100vw, 300px\" class=\"light-dropshaddow\"\/><\/a><\/div><\/div><div class=\"tcol-lg-3 tcol-md-3 tcol-sm-4 tcol-xs-6 tcol-ss-12 g_item\"><div class=\"grid_item kad_gallery_fade_in gallery_item\"><a href=\"https:\/\/versautrechose.fr\/portofolio\/wp-content\/uploads\/2015\/12\/DSCN3362.jpg\" data-rel=\"lightbox\" class=\"lightboxhover\"><img loading=\"lazy\" decoding=\"async\" src=\"https:\/\/versautrechose.fr\/portofolio\/wp-content\/uploads\/2015\/12\/DSCN3362-300x300.jpg\" width=\"300\" height=\"300\" alt=\"au fond de la Vall\u00e9e de la Fr\u00eache \" srcset=\"https:\/\/versautrechose.fr\/portofolio\/wp-content\/uploads\/2015\/12\/DSCN3362-300x300.jpg 300w, https:\/\/versautrechose.fr\/portofolio\/wp-content\/uploads\/2015\/12\/DSCN3362-150x150.jpg 150w\" sizes=\"auto, (max-width: 300px) 100vw, 300px\" class=\"light-dropshaddow\"\/><\/a><\/div><\/div><div class=\"tcol-lg-3 tcol-md-3 tcol-sm-4 tcol-xs-6 tcol-ss-12 g_item\"><div class=\"grid_item kad_gallery_fade_in gallery_item\"><a href=\"https:\/\/versautrechose.fr\/portofolio\/wp-content\/uploads\/2015\/12\/DSCN3371.jpg\" data-rel=\"lightbox\" class=\"lightboxhover\"><img loading=\"lazy\" decoding=\"async\" src=\"https:\/\/versautrechose.fr\/portofolio\/wp-content\/uploads\/2015\/12\/DSCN3371-300x300.jpg\" width=\"300\" height=\"300\" alt=\"Pic de Roye (2162m.) Vall\u00e9e de la Fr\u00eache\" srcset=\"https:\/\/versautrechose.fr\/portofolio\/wp-content\/uploads\/2015\/12\/DSCN3371-300x300.jpg 300w, https:\/\/versautrechose.fr\/portofolio\/wp-content\/uploads\/2015\/12\/DSCN3371-150x150.jpg 150w\" sizes=\"auto, (max-width: 300px) 100vw, 300px\" class=\"light-dropshaddow\"\/><\/a><\/div><\/div><div class=\"tcol-lg-3 tcol-md-3 tcol-sm-4 tcol-xs-6 tcol-ss-12 g_item\"><div class=\"grid_item kad_gallery_fade_in gallery_item\"><a href=\"https:\/\/versautrechose.fr\/portofolio\/wp-content\/uploads\/2015\/12\/DSCN3366.jpg\" data-rel=\"lightbox\" class=\"lightboxhover\"><img loading=\"lazy\" decoding=\"async\" src=\"https:\/\/versautrechose.fr\/portofolio\/wp-content\/uploads\/2015\/12\/DSCN3366-300x300.jpg\" width=\"300\" height=\"300\" alt=\"vu sur Soum de l&#039;Escalette (2466m.)\" srcset=\"https:\/\/versautrechose.fr\/portofolio\/wp-content\/uploads\/2015\/12\/DSCN3366-300x300.jpg 300w, https:\/\/versautrechose.fr\/portofolio\/wp-content\/uploads\/2015\/12\/DSCN3366-150x150.jpg 150w\" sizes=\"auto, (max-width: 300px) 100vw, 300px\" class=\"light-dropshaddow\"\/><\/a><\/div><\/div><div class=\"tcol-lg-3 tcol-md-3 tcol-sm-4 tcol-xs-6 tcol-ss-12 g_item\"><div class=\"grid_item kad_gallery_fade_in gallery_item\"><a href=\"https:\/\/versautrechose.fr\/portofolio\/wp-content\/uploads\/2015\/12\/DSCN3465.jpg\" data-rel=\"lightbox\" class=\"lightboxhover\"><img loading=\"lazy\" decoding=\"async\" src=\"https:\/\/versautrechose.fr\/portofolio\/wp-content\/uploads\/2015\/12\/DSCN3465-300x300.jpg\" width=\"300\" height=\"300\" alt=\"vautour fauve au Pic de l&#039;Escalette (1856m.)\" srcset=\"https:\/\/versautrechose.fr\/portofolio\/wp-content\/uploads\/2015\/12\/DSCN3465-300x300.jpg 300w, https:\/\/versautrechose.fr\/portofolio\/wp-content\/uploads\/2015\/12\/DSCN3465-150x150.jpg 150w\" sizes=\"auto, (max-width: 300px) 100vw, 300px\" class=\"light-dropshaddow\"\/><\/a><\/div><\/div><div class=\"tcol-lg-3 tcol-md-3 tcol-sm-4 tcol-xs-6 tcol-ss-12 g_item\"><div class=\"grid_item kad_gallery_fade_in gallery_item\"><a href=\"https:\/\/versautrechose.fr\/portofolio\/wp-content\/uploads\/2015\/12\/DSCN3468.jpg\" data-rel=\"lightbox\" class=\"lightboxhover\"><img loading=\"lazy\" decoding=\"async\" src=\"https:\/\/versautrechose.fr\/portofolio\/wp-content\/uploads\/2015\/12\/DSCN3468-300x300.jpg\" width=\"300\" height=\"300\" alt=\"vautour fauve au Pic de l&#039;Escalette - Luchonnais\" srcset=\"https:\/\/versautrechose.fr\/portofolio\/wp-content\/uploads\/2015\/12\/DSCN3468-300x300.jpg 300w, https:\/\/versautrechose.fr\/portofolio\/wp-content\/uploads\/2015\/12\/DSCN3468-150x150.jpg 150w\" sizes=\"auto, (max-width: 300px) 100vw, 300px\" class=\"light-dropshaddow\"\/><\/a><\/div><\/div><div class=\"tcol-lg-3 tcol-md-3 tcol-sm-4 tcol-xs-6 tcol-ss-12 g_item\"><div class=\"grid_item kad_gallery_fade_in gallery_item\"><a href=\"https:\/\/versautrechose.fr\/portofolio\/wp-content\/uploads\/2015\/12\/DSCN3470.jpg\" data-rel=\"lightbox\" class=\"lightboxhover\"><img loading=\"lazy\" decoding=\"async\" src=\"https:\/\/versautrechose.fr\/portofolio\/wp-content\/uploads\/2015\/12\/DSCN3470-300x300.jpg\" width=\"300\" height=\"300\" alt=\"vautour fauve - vu du Pic de l&#039;Escalette\" srcset=\"https:\/\/versautrechose.fr\/portofolio\/wp-content\/uploads\/2015\/12\/DSCN3470-300x300.jpg 300w, https:\/\/versautrechose.fr\/portofolio\/wp-content\/uploads\/2015\/12\/DSCN3470-150x150.jpg 150w\" sizes=\"auto, (max-width: 300px) 100vw, 300px\" class=\"light-dropshaddow\"\/><\/a><\/div><\/div><div class=\"tcol-lg-3 tcol-md-3 tcol-sm-4 tcol-xs-6 tcol-ss-12 g_item\"><div class=\"grid_item kad_gallery_fade_in gallery_item\"><a href=\"https:\/\/versautrechose.fr\/portofolio\/wp-content\/uploads\/2015\/12\/DSCN3476.jpg\" data-rel=\"lightbox\" class=\"lightboxhover\"><img loading=\"lazy\" decoding=\"async\" src=\"https:\/\/versautrechose.fr\/portofolio\/wp-content\/uploads\/2015\/12\/DSCN3476-300x300.jpg\" width=\"300\" height=\"300\" alt=\"vautour fauve au dessus du Pic du Gar, l&#039;Arbizon \u00e0 l&#039;horizon\" srcset=\"https:\/\/versautrechose.fr\/portofolio\/wp-content\/uploads\/2015\/12\/DSCN3476-300x300.jpg 300w, https:\/\/versautrechose.fr\/portofolio\/wp-content\/uploads\/2015\/12\/DSCN3476-150x150.jpg 150w\" sizes=\"auto, (max-width: 300px) 100vw, 300px\" class=\"light-dropshaddow\"\/><\/a><\/div><\/div><div class=\"tcol-lg-3 tcol-md-3 tcol-sm-4 tcol-xs-6 tcol-ss-12 g_item\"><div class=\"grid_item kad_gallery_fade_in gallery_item\"><a href=\"https:\/\/versautrechose.fr\/portofolio\/wp-content\/uploads\/2015\/12\/DSCN3477.jpg\" data-rel=\"lightbox\" class=\"lightboxhover\"><img loading=\"lazy\" decoding=\"async\" src=\"https:\/\/versautrechose.fr\/portofolio\/wp-content\/uploads\/2015\/12\/DSCN3477-300x300.jpg\" width=\"300\" height=\"300\" alt=\"vautour fauve - l&#039;Escalette (Luchonnais)\" srcset=\"https:\/\/versautrechose.fr\/portofolio\/wp-content\/uploads\/2015\/12\/DSCN3477-300x300.jpg 300w, https:\/\/versautrechose.fr\/portofolio\/wp-content\/uploads\/2015\/12\/DSCN3477-150x150.jpg 150w\" sizes=\"auto, (max-width: 300px) 100vw, 300px\" class=\"light-dropshaddow\"\/><\/a><\/div><\/div><div class=\"tcol-lg-3 tcol-md-3 tcol-sm-4 tcol-xs-6 tcol-ss-12 g_item\"><div class=\"grid_item kad_gallery_fade_in gallery_item\"><a href=\"https:\/\/versautrechose.fr\/portofolio\/wp-content\/uploads\/2015\/12\/DSCN3478.jpg\" data-rel=\"lightbox\" class=\"lightboxhover\"><img loading=\"lazy\" decoding=\"async\" src=\"https:\/\/versautrechose.fr\/portofolio\/wp-content\/uploads\/2015\/12\/DSCN3478-300x300.jpg\" width=\"300\" height=\"300\" alt=\"vue du Pic de l&#039;Escalette, le Pic du Gar\" srcset=\"https:\/\/versautrechose.fr\/portofolio\/wp-content\/uploads\/2015\/12\/DSCN3478-300x300.jpg 300w, https:\/\/versautrechose.fr\/portofolio\/wp-content\/uploads\/2015\/12\/DSCN3478-150x150.jpg 150w\" sizes=\"auto, (max-width: 300px) 100vw, 300px\" class=\"light-dropshaddow\"\/><\/a><\/div><\/div><div class=\"tcol-lg-3 tcol-md-3 tcol-sm-4 tcol-xs-6 tcol-ss-12 g_item\"><div class=\"grid_item kad_gallery_fade_in gallery_item\"><a href=\"https:\/\/versautrechose.fr\/portofolio\/wp-content\/uploads\/2015\/12\/DSCN3480.jpg\" data-rel=\"lightbox\" class=\"lightboxhover\"><img loading=\"lazy\" decoding=\"async\" src=\"https:\/\/versautrechose.fr\/portofolio\/wp-content\/uploads\/2015\/12\/DSCN3480-300x300.jpg\" width=\"300\" height=\"300\" alt=\"le Pic de Cagire (1912m.), du Pic de l&#039;Escalette\" srcset=\"https:\/\/versautrechose.fr\/portofolio\/wp-content\/uploads\/2015\/12\/DSCN3480-300x300.jpg 300w, https:\/\/versautrechose.fr\/portofolio\/wp-content\/uploads\/2015\/12\/DSCN3480-150x150.jpg 150w\" sizes=\"auto, (max-width: 300px) 100vw, 300px\" class=\"light-dropshaddow\"\/><\/a><\/div><\/div><div class=\"tcol-lg-3 tcol-md-3 tcol-sm-4 tcol-xs-6 tcol-ss-12 g_item\"><div class=\"grid_item kad_gallery_fade_in gallery_item\"><a href=\"https:\/\/versautrechose.fr\/portofolio\/wp-content\/uploads\/2015\/12\/DSCN3485.jpg\" data-rel=\"lightbox\" class=\"lightboxhover\"><img loading=\"lazy\" decoding=\"async\" src=\"https:\/\/versautrechose.fr\/portofolio\/wp-content\/uploads\/2015\/12\/DSCN3485-300x300.jpg\" width=\"300\" height=\"300\" alt=\"vu du Cagire l&#039;Arbizon et la cha\u00eene du Shrader ...\" srcset=\"https:\/\/versautrechose.fr\/portofolio\/wp-content\/uploads\/2015\/12\/DSCN3485-300x300.jpg 300w, https:\/\/versautrechose.fr\/portofolio\/wp-content\/uploads\/2015\/12\/DSCN3485-150x150.jpg 150w\" sizes=\"auto, (max-width: 300px) 100vw, 300px\" class=\"light-dropshaddow\"\/><\/a><\/div><\/div><div class=\"tcol-lg-3 tcol-md-3 tcol-sm-4 tcol-xs-6 tcol-ss-12 g_item\"><div class=\"grid_item kad_gallery_fade_in gallery_item\"><a href=\"https:\/\/versautrechose.fr\/portofolio\/wp-content\/uploads\/2015\/12\/DSCN3487.jpg\" data-rel=\"lightbox\" class=\"lightboxhover\"><img loading=\"lazy\" decoding=\"async\" src=\"https:\/\/versautrechose.fr\/portofolio\/wp-content\/uploads\/2015\/12\/DSCN3487-300x300.jpg\" width=\"300\" height=\"300\" alt=\"le Pic du Gar et son petit nuage ... vu du Cagire\" srcset=\"https:\/\/versautrechose.fr\/portofolio\/wp-content\/uploads\/2015\/12\/DSCN3487-300x300.jpg 300w, https:\/\/versautrechose.fr\/portofolio\/wp-content\/uploads\/2015\/12\/DSCN3487-150x150.jpg 150w\" sizes=\"auto, (max-width: 300px) 100vw, 300px\" class=\"light-dropshaddow\"\/><\/a><\/div><\/div><div class=\"tcol-lg-3 tcol-md-3 tcol-sm-4 tcol-xs-6 tcol-ss-12 g_item\"><div class=\"grid_item kad_gallery_fade_in gallery_item\"><a href=\"https:\/\/versautrechose.fr\/portofolio\/wp-content\/uploads\/2015\/12\/DSCN3488.jpg\" data-rel=\"lightbox\" class=\"lightboxhover\"><img loading=\"lazy\" decoding=\"async\" src=\"https:\/\/versautrechose.fr\/portofolio\/wp-content\/uploads\/2015\/12\/DSCN3488-300x300.jpg\" width=\"300\" height=\"300\" alt=\"le Pic du Gar et son petit nuage ... vu du Cagire\" srcset=\"https:\/\/versautrechose.fr\/portofolio\/wp-content\/uploads\/2015\/12\/DSCN3488-300x300.jpg 300w, https:\/\/versautrechose.fr\/portofolio\/wp-content\/uploads\/2015\/12\/DSCN3488-150x150.jpg 150w\" sizes=\"auto, (max-width: 300px) 100vw, 300px\" class=\"light-dropshaddow\"\/><\/a><\/div><\/div><div class=\"tcol-lg-3 tcol-md-3 tcol-sm-4 tcol-xs-6 tcol-ss-12 g_item\"><div class=\"grid_item kad_gallery_fade_in gallery_item\"><a href=\"https:\/\/versautrechose.fr\/portofolio\/wp-content\/uploads\/2015\/12\/DSCN3489.jpg\" data-rel=\"lightbox\" class=\"lightboxhover\"><img loading=\"lazy\" decoding=\"async\" src=\"https:\/\/versautrechose.fr\/portofolio\/wp-content\/uploads\/2015\/12\/DSCN3489-300x300.jpg\" width=\"300\" height=\"300\" alt=\" vu du Cagire le Pic  de la Calabasse (2210m.)\" srcset=\"https:\/\/versautrechose.fr\/portofolio\/wp-content\/uploads\/2015\/12\/DSCN3489-300x300.jpg 300w, https:\/\/versautrechose.fr\/portofolio\/wp-content\/uploads\/2015\/12\/DSCN3489-150x150.jpg 150w\" sizes=\"auto, (max-width: 300px) 100vw, 300px\" class=\"light-dropshaddow\"\/><\/a><\/div><\/div><div class=\"tcol-lg-3 tcol-md-3 tcol-sm-4 tcol-xs-6 tcol-ss-12 g_item\"><div class=\"grid_item kad_gallery_fade_in gallery_item\"><a href=\"https:\/\/versautrechose.fr\/portofolio\/wp-content\/uploads\/2015\/12\/DSCN3500.jpg\" data-rel=\"lightbox\" class=\"lightboxhover\"><img loading=\"lazy\" decoding=\"async\" src=\"https:\/\/versautrechose.fr\/portofolio\/wp-content\/uploads\/2015\/12\/DSCN3500-300x300.jpg\" width=\"300\" height=\"300\" alt=\"descente du Cagire sur vers le Col de Coume Ossan\" srcset=\"https:\/\/versautrechose.fr\/portofolio\/wp-content\/uploads\/2015\/12\/DSCN3500-300x300.jpg 300w, https:\/\/versautrechose.fr\/portofolio\/wp-content\/uploads\/2015\/12\/DSCN3500-150x150.jpg 150w\" sizes=\"auto, (max-width: 300px) 100vw, 300px\" class=\"light-dropshaddow\"\/><\/a><\/div><\/div><\/div>\n<p>&nbsp;<\/p>\n<p>&nbsp;<\/p>\n<p>&nbsp;<\/p>\n","protected":false},"excerpt":{"rendered":"<p>&nbsp; &nbsp; &nbsp; &nbsp; &nbsp;<\/p>\n","protected":false},"author":1,"featured_media":0,"comment_status":"open","ping_status":"open","sticky":false,"template":"","format":"standard","meta":{"kt_blocks_editor_width":"","footnotes":""},"categories":[1],"tags":[],"class_list":["post-449","post","type-post","status-publish","format-standard","hentry","category-non-classe"],"_links":{"self":[{"href":"https:\/\/versautrechose.fr\/portofolio\/index.php\/wp-json\/wp\/v2\/posts\/449","targetHints":{"allow":["GET"]}}],"collection":[{"href":"https:\/\/versautrechose.fr\/portofolio\/index.php\/wp-json\/wp\/v2\/posts"}],"about":[{"href":"https:\/\/versautrechose.fr\/portofolio\/index.php\/wp-json\/wp\/v2\/types\/post"}],"author":[{"embeddable":true,"href":"https:\/\/versautrechose.fr\/portofolio\/index.php\/wp-json\/wp\/v2\/users\/1"}],"replies":[{"embeddable":true,"href":"https:\/\/versautrechose.fr\/portofolio\/index.php\/wp-json\/wp\/v2\/comments?post=449"}],"version-history":[{"count":24,"href":"https:\/\/versautrechose.fr\/portofolio\/index.php\/wp-json\/wp\/v2\/posts\/449\/revisions"}],"predecessor-version":[{"id":1970,"href":"https:\/\/versautrechose.fr\/portofolio\/index.php\/wp-json\/wp\/v2\/posts\/449\/revisions\/1970"}],"wp:attachment":[{"href":"https:\/\/versautrechose.fr\/portofolio\/index.php\/wp-json\/wp\/v2\/media?parent=449"}],"wp:term":[{"taxonomy":"category","embeddable":true,"href":"https:\/\/versautrechose.fr\/portofolio\/index.php\/wp-json\/wp\/v2\/categories?post=449"},{"taxonomy":"post_tag","embeddable":true,"href":"https:\/\/versautrechose.fr\/portofolio\/index.php\/wp-json\/wp\/v2\/tags?post=449"}],"curies":[{"name":"wp","href":"https:\/\/api.w.org\/{rel}","templated":true}]}}