{"id":640,"date":"2015-12-24T14:56:12","date_gmt":"2015-12-24T13:56:12","guid":{"rendered":"http:\/\/versautrechose.fr\/portofolio\/?p=640"},"modified":"2024-04-24T09:41:29","modified_gmt":"2024-04-24T08:41:29","slug":"pyrenees-col-des-gentianes-et-lacs-destibe-aute","status":"publish","type":"post","link":"https:\/\/versautrechose.fr\/portofolio\/index.php\/2015\/12\/24\/pyrenees-col-des-gentianes-et-lacs-destibe-aute\/","title":{"rendered":"Pyr\u00e9n\u00e9es&#8230; Col des Gentianes et Lacs d\u2019Estibe Aute&#8230;"},"content":{"rendered":"<p>&nbsp;<\/p>\n<div class=\"pullquote pullquote-center\">\n<p>Le dernier volet de ce p\u00e9riple, sera consacr\u00e9 au \u00ab\u00a0Col des Gentianes\u00a0\u00bb \u00e0 2 729 m d\u2019altitude et les \u00ab\u00a0Lacs d\u2019Estibe Aute\u00a0\u00bb (2 328 m). Ces deux randonn\u00e9es au caract\u00e8re plus exceptionnel se firent \u00e0 partir du Refuge d\u2019Estom, o\u00f9 l\u2019accueil de Marie-Claude Puyo a \u00e9t\u00e9 des plus chaleureux, pyr\u00e9n\u00e9enne \u00ab\u00a0solide\u00a0\u00bb et enthousiaste, aux conseils pr\u00e9cieux pour les randonn\u00e9es qui demandent d\u2019\u00eatre aguerri et au mieux de sa forme&#8230; Je garde d\u2019elle un souvenir que l\u2019on aimerait toujours avoir dans les refuges&#8230; Ces deux parcours fin juin, m\u2019ont fait entrer dans l\u2019intimit\u00e9 de la grande montagne et demandent une gestion rigoureuse quand on est solitaire&#8230; moyennant quoi j\u2019y ai v\u00e9cu des moments inoubliables&#8230; des \u00e9tats de conscience \u00e9largies&#8230; un rapport \u00e0 la fois \u00ab\u00a0tellurique\u00a0\u00bb et d\u2019espace sans limite&#8230; ma gratitude fut grande d\u2019avoir pu vivre cela&#8230;<\/p>\n<\/div>\n<p>&nbsp;<\/p>\n<div id=\"kad-wp-gallery99\" class=\"kad-wp-gallery kad-light-wp-gallery clearfix kt-gallery-column-4 rowtight\"><div class=\"tcol-lg-3 tcol-md-3 tcol-sm-4 tcol-xs-6 tcol-ss-12 g_item\"><div class=\"grid_item kad_gallery_fade_in gallery_item\"><a href=\"https:\/\/versautrechose.fr\/portofolio\/wp-content\/uploads\/2015\/12\/Refuge_d_Estom.jpg\" data-rel=\"lightbox\" class=\"lightboxhover\"><img loading=\"lazy\" decoding=\"async\" src=\"https:\/\/versautrechose.fr\/portofolio\/wp-content\/uploads\/2015\/12\/Refuge_d_Estom-300x300.jpg\" width=\"300\" height=\"300\" alt=\"Refuge du lac d\u2019Estom - Ce refuge, tenu par Marie-Claude et J.-P. PuyO (d\u2019Adast-65206), je le recommande pour son accueil chaleureux, et les conseils avis\u00e9s...\" srcset=\"https:\/\/versautrechose.fr\/portofolio\/wp-content\/uploads\/2015\/12\/Refuge_d_Estom-300x300.jpg 300w, https:\/\/versautrechose.fr\/portofolio\/wp-content\/uploads\/2015\/12\/Refuge_d_Estom-150x150.jpg 150w\" sizes=\"auto, (max-width: 300px) 100vw, 300px\" class=\"light-dropshaddow\"\/><\/a><\/div><\/div><div class=\"tcol-lg-3 tcol-md-3 tcol-sm-4 tcol-xs-6 tcol-ss-12 g_item\"><div class=\"grid_item kad_gallery_fade_in gallery_item\"><a href=\"https:\/\/versautrechose.fr\/portofolio\/wp-content\/uploads\/2015\/12\/Lac_de_Labas-2281.jpg\" data-rel=\"lightbox\" class=\"lightboxhover\"><img loading=\"lazy\" decoding=\"async\" src=\"https:\/\/versautrechose.fr\/portofolio\/wp-content\/uploads\/2015\/12\/Lac_de_Labas-2281-300x300.jpg\" width=\"300\" height=\"300\" alt=\"Lac de Labas - \u00c0 2 281 m, au pied du pic d\u2019Estom\" srcset=\"https:\/\/versautrechose.fr\/portofolio\/wp-content\/uploads\/2015\/12\/Lac_de_Labas-2281-300x300.jpg 300w, https:\/\/versautrechose.fr\/portofolio\/wp-content\/uploads\/2015\/12\/Lac_de_Labas-2281-150x150.jpg 150w\" sizes=\"auto, (max-width: 300px) 100vw, 300px\" class=\"light-dropshaddow\"\/><\/a><\/div><\/div><div class=\"tcol-lg-3 tcol-md-3 tcol-sm-4 tcol-xs-6 tcol-ss-12 g_item\"><div class=\"grid_item kad_gallery_fade_in gallery_item\"><a href=\"https:\/\/versautrechose.fr\/portofolio\/wp-content\/uploads\/2015\/12\/Lac_de_Labas.jpg\" data-rel=\"lightbox\" class=\"lightboxhover\"><img loading=\"lazy\" decoding=\"async\" src=\"https:\/\/versautrechose.fr\/portofolio\/wp-content\/uploads\/2015\/12\/Lac_de_Labas-300x300.jpg\" width=\"300\" height=\"300\" alt=\"Lac de Labas et le pic d\u2019Estom - Le lac au petit matin, et le pic d\u2019Estom Soubiran (2 829 m)\" srcset=\"https:\/\/versautrechose.fr\/portofolio\/wp-content\/uploads\/2015\/12\/Lac_de_Labas-300x300.jpg 300w, https:\/\/versautrechose.fr\/portofolio\/wp-content\/uploads\/2015\/12\/Lac_de_Labas-150x150.jpg 150w\" sizes=\"auto, (max-width: 300px) 100vw, 300px\" class=\"light-dropshaddow\"\/><\/a><\/div><\/div><div class=\"tcol-lg-3 tcol-md-3 tcol-sm-4 tcol-xs-6 tcol-ss-12 g_item\"><div class=\"grid_item kad_gallery_fade_in gallery_item\"><a href=\"https:\/\/versautrechose.fr\/portofolio\/wp-content\/uploads\/2015\/12\/Lac_des_Oulettes.jpg\" data-rel=\"lightbox\" class=\"lightboxhover\"><img loading=\"lazy\" decoding=\"async\" src=\"https:\/\/versautrechose.fr\/portofolio\/wp-content\/uploads\/2015\/12\/Lac_des_Oulettes-300x300.jpg\" width=\"300\" height=\"300\" alt=\"D\u00e9versoir du Lac des Oulettes\" srcset=\"https:\/\/versautrechose.fr\/portofolio\/wp-content\/uploads\/2015\/12\/Lac_des_Oulettes-300x300.jpg 300w, https:\/\/versautrechose.fr\/portofolio\/wp-content\/uploads\/2015\/12\/Lac_des_Oulettes-150x150.jpg 150w\" sizes=\"auto, (max-width: 300px) 100vw, 300px\" class=\"light-dropshaddow\"\/><\/a><\/div><\/div><div class=\"tcol-lg-3 tcol-md-3 tcol-sm-4 tcol-xs-6 tcol-ss-12 g_item\"><div class=\"grid_item kad_gallery_fade_in gallery_item\"><a href=\"https:\/\/versautrechose.fr\/portofolio\/wp-content\/uploads\/2015\/12\/Lac_des_O-_d_Est-_Soubiran-2360.jpg\" data-rel=\"lightbox\" class=\"lightboxhover\"><img loading=\"lazy\" decoding=\"async\" src=\"https:\/\/versautrechose.fr\/portofolio\/wp-content\/uploads\/2015\/12\/Lac_des_O-_d_Est-_Soubiran-2360-300x300.jpg\" width=\"300\" height=\"300\" alt=\"Lac des Oulettes d\u2019Estom Soubiran - Juste au-dessus du lac de Labas, \u00e0 l\u2019est, se trouve ce tr\u00e8s joli lac, \u00e0 2 360 m d\u2019altitude\" srcset=\"https:\/\/versautrechose.fr\/portofolio\/wp-content\/uploads\/2015\/12\/Lac_des_O-_d_Est-_Soubiran-2360-300x300.jpg 300w, https:\/\/versautrechose.fr\/portofolio\/wp-content\/uploads\/2015\/12\/Lac_des_O-_d_Est-_Soubiran-2360-150x150.jpg 150w\" sizes=\"auto, (max-width: 300px) 100vw, 300px\" class=\"light-dropshaddow\"\/><\/a><\/div><\/div><div class=\"tcol-lg-3 tcol-md-3 tcol-sm-4 tcol-xs-6 tcol-ss-12 g_item\"><div class=\"grid_item kad_gallery_fade_in gallery_item\"><a href=\"https:\/\/versautrechose.fr\/portofolio\/wp-content\/uploads\/2015\/12\/Lac_Couy_deversoir_2445.jpg\" data-rel=\"lightbox\" class=\"lightboxhover\"><img loading=\"lazy\" decoding=\"async\" src=\"https:\/\/versautrechose.fr\/portofolio\/wp-content\/uploads\/2015\/12\/Lac_Couy_deversoir_2445-300x300.jpg\" width=\"300\" height=\"300\" alt=\"D\u00e9versoir du Lac Couy\" srcset=\"https:\/\/versautrechose.fr\/portofolio\/wp-content\/uploads\/2015\/12\/Lac_Couy_deversoir_2445-300x300.jpg 300w, https:\/\/versautrechose.fr\/portofolio\/wp-content\/uploads\/2015\/12\/Lac_Couy_deversoir_2445-150x150.jpg 150w\" sizes=\"auto, (max-width: 300px) 100vw, 300px\" class=\"light-dropshaddow\"\/><\/a><\/div><\/div><div class=\"tcol-lg-3 tcol-md-3 tcol-sm-4 tcol-xs-6 tcol-ss-12 g_item\"><div class=\"grid_item kad_gallery_fade_in gallery_item\"><a href=\"https:\/\/versautrechose.fr\/portofolio\/wp-content\/uploads\/2015\/12\/L-_Couy.jpg\" data-rel=\"lightbox\" class=\"lightboxhover\"><img loading=\"lazy\" decoding=\"async\" src=\"https:\/\/versautrechose.fr\/portofolio\/wp-content\/uploads\/2015\/12\/L-_Couy-300x300.jpg\" width=\"300\" height=\"300\" alt=\"Lac Couy - Le lac au pied du Malh Arrouy (2 965 m)\" srcset=\"https:\/\/versautrechose.fr\/portofolio\/wp-content\/uploads\/2015\/12\/L-_Couy-300x300.jpg 300w, https:\/\/versautrechose.fr\/portofolio\/wp-content\/uploads\/2015\/12\/L-_Couy-150x150.jpg 150w\" sizes=\"auto, (max-width: 300px) 100vw, 300px\" class=\"light-dropshaddow\"\/><\/a><\/div><\/div><div class=\"tcol-lg-3 tcol-md-3 tcol-sm-4 tcol-xs-6 tcol-ss-12 g_item\"><div class=\"grid_item kad_gallery_fade_in gallery_item\"><a href=\"https:\/\/versautrechose.fr\/portofolio\/wp-content\/uploads\/2015\/12\/L-_de_Couy.jpg\" data-rel=\"lightbox\" class=\"lightboxhover\"><img loading=\"lazy\" decoding=\"async\" src=\"https:\/\/versautrechose.fr\/portofolio\/wp-content\/uploads\/2015\/12\/L-_de_Couy-300x300.jpg\" width=\"300\" height=\"300\" alt=\"Le Lac Couy - Vu vers le d\u00e9versoir au nord..., et le pic de P\u00e9bigneau\" srcset=\"https:\/\/versautrechose.fr\/portofolio\/wp-content\/uploads\/2015\/12\/L-_de_Couy-300x300.jpg 300w, https:\/\/versautrechose.fr\/portofolio\/wp-content\/uploads\/2015\/12\/L-_de_Couy-150x150.jpg 150w\" sizes=\"auto, (max-width: 300px) 100vw, 300px\" class=\"light-dropshaddow\"\/><\/a><\/div><\/div><div class=\"tcol-lg-3 tcol-md-3 tcol-sm-4 tcol-xs-6 tcol-ss-12 g_item\"><div class=\"grid_item kad_gallery_fade_in gallery_item\"><a href=\"https:\/\/versautrechose.fr\/portofolio\/wp-content\/uploads\/2015\/12\/Lac_Couy-2445.jpg\" data-rel=\"lightbox\" class=\"lightboxhover\"><img loading=\"lazy\" decoding=\"async\" src=\"https:\/\/versautrechose.fr\/portofolio\/wp-content\/uploads\/2015\/12\/Lac_Couy-2445-300x300.jpg\" width=\"300\" height=\"300\" alt=\"Le Lac Couy, 2 445 m\" srcset=\"https:\/\/versautrechose.fr\/portofolio\/wp-content\/uploads\/2015\/12\/Lac_Couy-2445-300x300.jpg 300w, https:\/\/versautrechose.fr\/portofolio\/wp-content\/uploads\/2015\/12\/Lac_Couy-2445-150x150.jpg 150w\" sizes=\"auto, (max-width: 300px) 100vw, 300px\" class=\"light-dropshaddow\"\/><\/a><\/div><\/div><div class=\"tcol-lg-3 tcol-md-3 tcol-sm-4 tcol-xs-6 tcol-ss-12 g_item\"><div class=\"grid_item kad_gallery_fade_in gallery_item\"><a href=\"https:\/\/versautrechose.fr\/portofolio\/wp-content\/uploads\/2015\/12\/Laquet.jpg\" data-rel=\"lightbox\" class=\"lightboxhover\"><img loading=\"lazy\" decoding=\"async\" src=\"https:\/\/versautrechose.fr\/portofolio\/wp-content\/uploads\/2015\/12\/Laquet-300x300.jpg\" width=\"300\" height=\"300\" alt=\"Laquet \u00e0 2 500 m\" srcset=\"https:\/\/versautrechose.fr\/portofolio\/wp-content\/uploads\/2015\/12\/Laquet-300x300.jpg 300w, https:\/\/versautrechose.fr\/portofolio\/wp-content\/uploads\/2015\/12\/Laquet-150x150.jpg 150w\" sizes=\"auto, (max-width: 300px) 100vw, 300px\" class=\"light-dropshaddow\"\/><\/a><\/div><\/div><div class=\"tcol-lg-3 tcol-md-3 tcol-sm-4 tcol-xs-6 tcol-ss-12 g_item\"><div class=\"grid_item kad_gallery_fade_in gallery_item\"><a href=\"https:\/\/versautrechose.fr\/portofolio\/wp-content\/uploads\/2015\/12\/Pic_Pe_bignau-2895.jpg\" data-rel=\"lightbox\" class=\"lightboxhover\"><img loading=\"lazy\" decoding=\"async\" src=\"https:\/\/versautrechose.fr\/portofolio\/wp-content\/uploads\/2015\/12\/Pic_Pe_bignau-2895-300x300.jpg\" width=\"300\" height=\"300\" alt=\"Le pic de P\u00e9bignau... \u00c0 2 895 m, dans l\u2019Estom Soubiran...\" srcset=\"https:\/\/versautrechose.fr\/portofolio\/wp-content\/uploads\/2015\/12\/Pic_Pe_bignau-2895-300x300.jpg 300w, https:\/\/versautrechose.fr\/portofolio\/wp-content\/uploads\/2015\/12\/Pic_Pe_bignau-2895-150x150.jpg 150w\" sizes=\"auto, (max-width: 300px) 100vw, 300px\" class=\"light-dropshaddow\"\/><\/a><\/div><\/div><div class=\"tcol-lg-3 tcol-md-3 tcol-sm-4 tcol-xs-6 tcol-ss-12 g_item\"><div class=\"grid_item kad_gallery_fade_in gallery_item\"><a href=\"https:\/\/versautrechose.fr\/portofolio\/wp-content\/uploads\/2015\/12\/ariv-L-_Glace_.jpg\" data-rel=\"lightbox\" class=\"lightboxhover\"><img loading=\"lazy\" decoding=\"async\" src=\"https:\/\/versautrechose.fr\/portofolio\/wp-content\/uploads\/2015\/12\/ariv-L-_Glace_-300x300.jpg\" width=\"300\" height=\"300\" alt=\"Arriv\u00e9e au lac Glac\u00e9 - Le d\u00e9versoir du lac... \" srcset=\"https:\/\/versautrechose.fr\/portofolio\/wp-content\/uploads\/2015\/12\/ariv-L-_Glace_-300x300.jpg 300w, https:\/\/versautrechose.fr\/portofolio\/wp-content\/uploads\/2015\/12\/ariv-L-_Glace_-150x150.jpg 150w\" sizes=\"auto, (max-width: 300px) 100vw, 300px\" class=\"light-dropshaddow\"\/><\/a><\/div><\/div><div class=\"tcol-lg-3 tcol-md-3 tcol-sm-4 tcol-xs-6 tcol-ss-12 g_item\"><div class=\"grid_item kad_gallery_fade_in gallery_item\"><a href=\"https:\/\/versautrechose.fr\/portofolio\/wp-content\/uploads\/2015\/12\/Lac_Glace_.jpg\" data-rel=\"lightbox\" class=\"lightboxhover\"><img loading=\"lazy\" decoding=\"async\" src=\"https:\/\/versautrechose.fr\/portofolio\/wp-content\/uploads\/2015\/12\/Lac_Glace_-300x300.jpg\" width=\"300\" height=\"300\" alt=\"Le lac Glac\u00e9 - Le c\u00f4t\u00e9 sud du lac... \" srcset=\"https:\/\/versautrechose.fr\/portofolio\/wp-content\/uploads\/2015\/12\/Lac_Glace_-300x300.jpg 300w, https:\/\/versautrechose.fr\/portofolio\/wp-content\/uploads\/2015\/12\/Lac_Glace_-150x150.jpg 150w\" sizes=\"auto, (max-width: 300px) 100vw, 300px\" class=\"light-dropshaddow\"\/><\/a><\/div><\/div><div class=\"tcol-lg-3 tcol-md-3 tcol-sm-4 tcol-xs-6 tcol-ss-12 g_item\"><div class=\"grid_item kad_gallery_fade_in gallery_item\"><a href=\"https:\/\/versautrechose.fr\/portofolio\/wp-content\/uploads\/2015\/12\/Le_Lac_Glace_.jpg\" data-rel=\"lightbox\" class=\"lightboxhover\"><img loading=\"lazy\" decoding=\"async\" src=\"https:\/\/versautrechose.fr\/portofolio\/wp-content\/uploads\/2015\/12\/Le_Lac_Glace_-300x300.jpg\" width=\"300\" height=\"300\" alt=\"Pris par les glaces... Fin juin le lac Glac\u00e9 porte bien son nom... ! \" srcset=\"https:\/\/versautrechose.fr\/portofolio\/wp-content\/uploads\/2015\/12\/Le_Lac_Glace_-300x300.jpg 300w, https:\/\/versautrechose.fr\/portofolio\/wp-content\/uploads\/2015\/12\/Le_Lac_Glace_-150x150.jpg 150w\" sizes=\"auto, (max-width: 300px) 100vw, 300px\" class=\"light-dropshaddow\"\/><\/a><\/div><\/div><div class=\"tcol-lg-3 tcol-md-3 tcol-sm-4 tcol-xs-6 tcol-ss-12 g_item\"><div class=\"grid_item kad_gallery_fade_in gallery_item\"><a href=\"https:\/\/versautrechose.fr\/portofolio\/wp-content\/uploads\/2015\/12\/IMG_20240409_0013-Copie.jpg\" data-rel=\"lightbox\" class=\"lightboxhover\"><img loading=\"lazy\" decoding=\"async\" src=\"https:\/\/versautrechose.fr\/portofolio\/wp-content\/uploads\/2015\/12\/IMG_20240409_0013-Copie-300x300.jpg\" width=\"300\" height=\"300\" alt=\"\" srcset=\"https:\/\/versautrechose.fr\/portofolio\/wp-content\/uploads\/2015\/12\/IMG_20240409_0013-Copie-300x300.jpg 300w, https:\/\/versautrechose.fr\/portofolio\/wp-content\/uploads\/2015\/12\/IMG_20240409_0013-Copie-150x150.jpg 150w\" sizes=\"auto, (max-width: 300px) 100vw, 300px\" class=\"light-dropshaddow\"\/><\/a><\/div><\/div><div class=\"tcol-lg-3 tcol-md-3 tcol-sm-4 tcol-xs-6 tcol-ss-12 g_item\"><div class=\"grid_item kad_gallery_fade_in gallery_item\"><a href=\"https:\/\/versautrechose.fr\/portofolio\/wp-content\/uploads\/2015\/12\/IMG_20240413_0002-Copie.jpg\" data-rel=\"lightbox\" class=\"lightboxhover\"><img loading=\"lazy\" decoding=\"async\" src=\"https:\/\/versautrechose.fr\/portofolio\/wp-content\/uploads\/2015\/12\/IMG_20240413_0002-Copie-300x300.jpg\" width=\"300\" height=\"300\" alt=\"\" srcset=\"https:\/\/versautrechose.fr\/portofolio\/wp-content\/uploads\/2015\/12\/IMG_20240413_0002-Copie-300x300.jpg 300w, https:\/\/versautrechose.fr\/portofolio\/wp-content\/uploads\/2015\/12\/IMG_20240413_0002-Copie-150x150.jpg 150w\" sizes=\"auto, (max-width: 300px) 100vw, 300px\" class=\"light-dropshaddow\"\/><\/a><\/div><\/div><div class=\"tcol-lg-3 tcol-md-3 tcol-sm-4 tcol-xs-6 tcol-ss-12 g_item\"><div class=\"grid_item kad_gallery_fade_in gallery_item\"><a href=\"https:\/\/versautrechose.fr\/portofolio\/wp-content\/uploads\/2015\/12\/IMG_20240409_0011-Copie.jpg\" data-rel=\"lightbox\" class=\"lightboxhover\"><img loading=\"lazy\" decoding=\"async\" src=\"https:\/\/versautrechose.fr\/portofolio\/wp-content\/uploads\/2015\/12\/IMG_20240409_0011-Copie-300x300.jpg\" width=\"300\" height=\"300\" alt=\"\" srcset=\"https:\/\/versautrechose.fr\/portofolio\/wp-content\/uploads\/2015\/12\/IMG_20240409_0011-Copie-300x300.jpg 300w, https:\/\/versautrechose.fr\/portofolio\/wp-content\/uploads\/2015\/12\/IMG_20240409_0011-Copie-150x150.jpg 150w\" sizes=\"auto, (max-width: 300px) 100vw, 300px\" class=\"light-dropshaddow\"\/><\/a><\/div><\/div><div class=\"tcol-lg-3 tcol-md-3 tcol-sm-4 tcol-xs-6 tcol-ss-12 g_item\"><div class=\"grid_item kad_gallery_fade_in gallery_item\"><a href=\"https:\/\/versautrechose.fr\/portofolio\/wp-content\/uploads\/2015\/12\/Le_Lac_Glace_-2565.jpg\" data-rel=\"lightbox\" class=\"lightboxhover\"><img loading=\"lazy\" decoding=\"async\" src=\"https:\/\/versautrechose.fr\/portofolio\/wp-content\/uploads\/2015\/12\/Le_Lac_Glace_-2565-300x300.jpg\" width=\"300\" height=\"300\" alt=\"Lac Glac\u00e9 et col des Gentianes - Situ\u00e9s respectivement pour l\u2019un, \u00e0 2 565 m d\u2019altitude et l\u2019autre \u00e0 2 729 m\" srcset=\"https:\/\/versautrechose.fr\/portofolio\/wp-content\/uploads\/2015\/12\/Le_Lac_Glace_-2565-300x300.jpg 300w, https:\/\/versautrechose.fr\/portofolio\/wp-content\/uploads\/2015\/12\/Le_Lac_Glace_-2565-150x150.jpg 150w\" sizes=\"auto, (max-width: 300px) 100vw, 300px\" class=\"light-dropshaddow\"\/><\/a><\/div><\/div><div class=\"tcol-lg-3 tcol-md-3 tcol-sm-4 tcol-xs-6 tcol-ss-12 g_item\"><div class=\"grid_item kad_gallery_fade_in gallery_item\"><a href=\"https:\/\/versautrechose.fr\/portofolio\/wp-content\/uploads\/2015\/12\/IMG_20240413_0001-Copie.jpg\" data-rel=\"lightbox\" class=\"lightboxhover\"><img loading=\"lazy\" decoding=\"async\" src=\"https:\/\/versautrechose.fr\/portofolio\/wp-content\/uploads\/2015\/12\/IMG_20240413_0001-Copie-300x300.jpg\" width=\"300\" height=\"300\" alt=\"Nord du lac Glac\u00e9\" srcset=\"https:\/\/versautrechose.fr\/portofolio\/wp-content\/uploads\/2015\/12\/IMG_20240413_0001-Copie-300x300.jpg 300w, https:\/\/versautrechose.fr\/portofolio\/wp-content\/uploads\/2015\/12\/IMG_20240413_0001-Copie-150x150.jpg 150w\" sizes=\"auto, (max-width: 300px) 100vw, 300px\" class=\"light-dropshaddow\"\/><\/a><\/div><\/div><div class=\"tcol-lg-3 tcol-md-3 tcol-sm-4 tcol-xs-6 tcol-ss-12 g_item\"><div class=\"grid_item kad_gallery_fade_in gallery_item\"><a href=\"https:\/\/versautrechose.fr\/portofolio\/wp-content\/uploads\/2015\/12\/IMG_20240413_0003-Copie.jpg\" data-rel=\"lightbox\" class=\"lightboxhover\"><img loading=\"lazy\" decoding=\"async\" src=\"https:\/\/versautrechose.fr\/portofolio\/wp-content\/uploads\/2015\/12\/IMG_20240413_0003-Copie-300x300.jpg\" width=\"300\" height=\"300\" alt=\"L\u2019\u00eele du lac Glac\u00e9\" srcset=\"https:\/\/versautrechose.fr\/portofolio\/wp-content\/uploads\/2015\/12\/IMG_20240413_0003-Copie-300x300.jpg 300w, https:\/\/versautrechose.fr\/portofolio\/wp-content\/uploads\/2015\/12\/IMG_20240413_0003-Copie-150x150.jpg 150w\" sizes=\"auto, (max-width: 300px) 100vw, 300px\" class=\"light-dropshaddow\"\/><\/a><\/div><\/div><div class=\"tcol-lg-3 tcol-md-3 tcol-sm-4 tcol-xs-6 tcol-ss-12 g_item\"><div class=\"grid_item kad_gallery_fade_in gallery_item\"><a href=\"https:\/\/versautrechose.fr\/portofolio\/wp-content\/uploads\/2015\/12\/Lac-Glace_.jpg\" data-rel=\"lightbox\" class=\"lightboxhover\"><img loading=\"lazy\" decoding=\"async\" src=\"https:\/\/versautrechose.fr\/portofolio\/wp-content\/uploads\/2015\/12\/Lac-Glace_-300x300.jpg\" width=\"300\" height=\"300\" alt=\"Au-dessus du lac Glac\u00e9\" srcset=\"https:\/\/versautrechose.fr\/portofolio\/wp-content\/uploads\/2015\/12\/Lac-Glace_-300x300.jpg 300w, https:\/\/versautrechose.fr\/portofolio\/wp-content\/uploads\/2015\/12\/Lac-Glace_-150x150.jpg 150w\" sizes=\"auto, (max-width: 300px) 100vw, 300px\" class=\"light-dropshaddow\"\/><\/a><\/div><\/div><div class=\"tcol-lg-3 tcol-md-3 tcol-sm-4 tcol-xs-6 tcol-ss-12 g_item\"><div class=\"grid_item kad_gallery_fade_in gallery_item\"><a href=\"https:\/\/versautrechose.fr\/portofolio\/wp-content\/uploads\/2015\/12\/L-_Glace_i_le.jpg\" data-rel=\"lightbox\" class=\"lightboxhover\"><img loading=\"lazy\" decoding=\"async\" src=\"https:\/\/versautrechose.fr\/portofolio\/wp-content\/uploads\/2015\/12\/L-_Glace_i_le-300x300.jpg\" width=\"300\" height=\"300\" alt=\"Le lac Glac\u00e9... l\u2019\u00eele\" srcset=\"https:\/\/versautrechose.fr\/portofolio\/wp-content\/uploads\/2015\/12\/L-_Glace_i_le-300x300.jpg 300w, https:\/\/versautrechose.fr\/portofolio\/wp-content\/uploads\/2015\/12\/L-_Glace_i_le-150x150.jpg 150w\" sizes=\"auto, (max-width: 300px) 100vw, 300px\" class=\"light-dropshaddow\"\/><\/a><\/div><\/div><div class=\"tcol-lg-3 tcol-md-3 tcol-sm-4 tcol-xs-6 tcol-ss-12 g_item\"><div class=\"grid_item kad_gallery_fade_in gallery_item\"><a href=\"https:\/\/versautrechose.fr\/portofolio\/wp-content\/uploads\/2015\/12\/L_i_le_du_L-_Glace_.jpg\" data-rel=\"lightbox\" class=\"lightboxhover\"><img loading=\"lazy\" decoding=\"async\" src=\"https:\/\/versautrechose.fr\/portofolio\/wp-content\/uploads\/2015\/12\/L_i_le_du_L-_Glace_-300x300.jpg\" width=\"300\" height=\"300\" alt=\"Est du lac, vers le d\u00e9versoir\" srcset=\"https:\/\/versautrechose.fr\/portofolio\/wp-content\/uploads\/2015\/12\/L_i_le_du_L-_Glace_-300x300.jpg 300w, https:\/\/versautrechose.fr\/portofolio\/wp-content\/uploads\/2015\/12\/L_i_le_du_L-_Glace_-150x150.jpg 150w\" sizes=\"auto, (max-width: 300px) 100vw, 300px\" class=\"light-dropshaddow\"\/><\/a><\/div><\/div><div class=\"tcol-lg-3 tcol-md-3 tcol-sm-4 tcol-xs-6 tcol-ss-12 g_item\"><div class=\"grid_item kad_gallery_fade_in gallery_item\"><a href=\"https:\/\/versautrechose.fr\/portofolio\/wp-content\/uploads\/2015\/12\/Vallee-Estibe_Aute-2755.jpg\" data-rel=\"lightbox\" class=\"lightboxhover\"><img loading=\"lazy\" decoding=\"async\" src=\"https:\/\/versautrechose.fr\/portofolio\/wp-content\/uploads\/2015\/12\/Vallee-Estibe_Aute-2755-300x300.jpg\" width=\"300\" height=\"300\" alt=\"Pic de l\u2019Estibet d\u2019Estom, 2 620 m - Vue du lac du Col, vers la vall\u00e9e du lac d\u2019Estom\" srcset=\"https:\/\/versautrechose.fr\/portofolio\/wp-content\/uploads\/2015\/12\/Vallee-Estibe_Aute-2755-300x300.jpg 300w, https:\/\/versautrechose.fr\/portofolio\/wp-content\/uploads\/2015\/12\/Vallee-Estibe_Aute-2755-150x150.jpg 150w\" sizes=\"auto, (max-width: 300px) 100vw, 300px\" class=\"light-dropshaddow\"\/><\/a><\/div><\/div><div class=\"tcol-lg-3 tcol-md-3 tcol-sm-4 tcol-xs-6 tcol-ss-12 g_item\"><div class=\"grid_item kad_gallery_fade_in gallery_item\"><a href=\"https:\/\/versautrechose.fr\/portofolio\/wp-content\/uploads\/2015\/12\/Col_d_Estom-2652.jpg\" data-rel=\"lightbox\" class=\"lightboxhover\"><img loading=\"lazy\" decoding=\"async\" src=\"https:\/\/versautrechose.fr\/portofolio\/wp-content\/uploads\/2015\/12\/Col_d_Estom-2652-300x300.jpg\" width=\"300\" height=\"300\" alt=\"Col d\u2019Estom Soubiran, 2 652 m - Entre le lac Glac\u00e9, avant d\u2019arriver au lac du Col, le Vignemale dans l\u2019\u00e9chancrure du col... \" srcset=\"https:\/\/versautrechose.fr\/portofolio\/wp-content\/uploads\/2015\/12\/Col_d_Estom-2652-300x300.jpg 300w, https:\/\/versautrechose.fr\/portofolio\/wp-content\/uploads\/2015\/12\/Col_d_Estom-2652-150x150.jpg 150w\" sizes=\"auto, (max-width: 300px) 100vw, 300px\" class=\"light-dropshaddow\"\/><\/a><\/div><\/div><div class=\"tcol-lg-3 tcol-md-3 tcol-sm-4 tcol-xs-6 tcol-ss-12 g_item\"><div class=\"grid_item kad_gallery_fade_in gallery_item\"><a href=\"https:\/\/versautrechose.fr\/portofolio\/wp-content\/uploads\/2015\/12\/L-_Col_et_Pic_d_Estom-2829.jpg\" data-rel=\"lightbox\" class=\"lightboxhover\"><img loading=\"lazy\" decoding=\"async\" src=\"https:\/\/versautrechose.fr\/portofolio\/wp-content\/uploads\/2015\/12\/L-_Col_et_Pic_d_Estom-2829-300x300.jpg\" width=\"300\" height=\"300\" alt=\"Pic d\u2019Estom Soubiran - Le lac du Col, au pied du pic d\u2019Estom \u00e0 2 829 m d\u2019altitude\" srcset=\"https:\/\/versautrechose.fr\/portofolio\/wp-content\/uploads\/2015\/12\/L-_Col_et_Pic_d_Estom-2829-300x300.jpg 300w, https:\/\/versautrechose.fr\/portofolio\/wp-content\/uploads\/2015\/12\/L-_Col_et_Pic_d_Estom-2829-150x150.jpg 150w\" sizes=\"auto, (max-width: 300px) 100vw, 300px\" class=\"light-dropshaddow\"\/><\/a><\/div><\/div><div class=\"tcol-lg-3 tcol-md-3 tcol-sm-4 tcol-xs-6 tcol-ss-12 g_item\"><div class=\"grid_item kad_gallery_fade_in gallery_item\"><a href=\"https:\/\/versautrechose.fr\/portofolio\/wp-content\/uploads\/2015\/12\/Lac_du_Col.jpg\" data-rel=\"lightbox\" class=\"lightboxhover\"><img loading=\"lazy\" decoding=\"async\" src=\"https:\/\/versautrechose.fr\/portofolio\/wp-content\/uploads\/2015\/12\/Lac_du_Col-300x300.jpg\" width=\"300\" height=\"300\" alt=\"Arriv\u00e9e au lac du Col\" srcset=\"https:\/\/versautrechose.fr\/portofolio\/wp-content\/uploads\/2015\/12\/Lac_du_Col-300x300.jpg 300w, https:\/\/versautrechose.fr\/portofolio\/wp-content\/uploads\/2015\/12\/Lac_du_Col-150x150.jpg 150w\" sizes=\"auto, (max-width: 300px) 100vw, 300px\" class=\"light-dropshaddow\"\/><\/a><\/div><\/div><div class=\"tcol-lg-3 tcol-md-3 tcol-sm-4 tcol-xs-6 tcol-ss-12 g_item\"><div class=\"grid_item kad_gallery_fade_in gallery_item\"><a href=\"https:\/\/versautrechose.fr\/portofolio\/wp-content\/uploads\/2015\/12\/L-_d-_Col.jpg\" data-rel=\"lightbox\" class=\"lightboxhover\"><img loading=\"lazy\" decoding=\"async\" src=\"https:\/\/versautrechose.fr\/portofolio\/wp-content\/uploads\/2015\/12\/L-_d-_Col-300x300.jpg\" width=\"300\" height=\"300\" alt=\"Nord du lac du Col\" srcset=\"https:\/\/versautrechose.fr\/portofolio\/wp-content\/uploads\/2015\/12\/L-_d-_Col-300x300.jpg 300w, https:\/\/versautrechose.fr\/portofolio\/wp-content\/uploads\/2015\/12\/L-_d-_Col-150x150.jpg 150w\" sizes=\"auto, (max-width: 300px) 100vw, 300px\" class=\"light-dropshaddow\"\/><\/a><\/div><\/div><div class=\"tcol-lg-3 tcol-md-3 tcol-sm-4 tcol-xs-6 tcol-ss-12 g_item\"><div class=\"grid_item kad_gallery_fade_in gallery_item\"><a href=\"https:\/\/versautrechose.fr\/portofolio\/wp-content\/uploads\/2015\/12\/IMG_20240413_0005-Copie.jpg\" data-rel=\"lightbox\" class=\"lightboxhover\"><img loading=\"lazy\" decoding=\"async\" src=\"https:\/\/versautrechose.fr\/portofolio\/wp-content\/uploads\/2015\/12\/IMG_20240413_0005-Copie-300x300.jpg\" width=\"300\" height=\"300\" alt=\"\" srcset=\"https:\/\/versautrechose.fr\/portofolio\/wp-content\/uploads\/2015\/12\/IMG_20240413_0005-Copie-300x300.jpg 300w, https:\/\/versautrechose.fr\/portofolio\/wp-content\/uploads\/2015\/12\/IMG_20240413_0005-Copie-150x150.jpg 150w\" sizes=\"auto, (max-width: 300px) 100vw, 300px\" class=\"light-dropshaddow\"\/><\/a><\/div><\/div><div class=\"tcol-lg-3 tcol-md-3 tcol-sm-4 tcol-xs-6 tcol-ss-12 g_item\"><div class=\"grid_item kad_gallery_fade_in gallery_item\"><a href=\"https:\/\/versautrechose.fr\/portofolio\/wp-content\/uploads\/2015\/12\/L-_Col_et_Gentianes.jpg\" data-rel=\"lightbox\" class=\"lightboxhover\"><img loading=\"lazy\" decoding=\"async\" src=\"https:\/\/versautrechose.fr\/portofolio\/wp-content\/uploads\/2015\/12\/L-_Col_et_Gentianes-300x300.jpg\" width=\"300\" height=\"300\" alt=\"Lac du Col, Pouey Mourou... Le petit lac du Col, le col des Gentianes (ou br\u00e8che d\u2019Estom Soubiran), au pied du Pouey Mourou (2 848 m)\" srcset=\"https:\/\/versautrechose.fr\/portofolio\/wp-content\/uploads\/2015\/12\/L-_Col_et_Gentianes-300x300.jpg 300w, https:\/\/versautrechose.fr\/portofolio\/wp-content\/uploads\/2015\/12\/L-_Col_et_Gentianes-150x150.jpg 150w\" sizes=\"auto, (max-width: 300px) 100vw, 300px\" class=\"light-dropshaddow\"\/><\/a><\/div><\/div><div class=\"tcol-lg-3 tcol-md-3 tcol-sm-4 tcol-xs-6 tcol-ss-12 g_item\"><div class=\"grid_item kad_gallery_fade_in gallery_item\"><a href=\"https:\/\/versautrechose.fr\/portofolio\/wp-content\/uploads\/2015\/12\/Le_Lac_du_Col.jpg\" data-rel=\"lightbox\" class=\"lightboxhover\"><img loading=\"lazy\" decoding=\"async\" src=\"https:\/\/versautrechose.fr\/portofolio\/wp-content\/uploads\/2015\/12\/Le_Lac_du_Col-300x300.jpg\" width=\"300\" height=\"300\" alt=\"Petit lac du Col\" srcset=\"https:\/\/versautrechose.fr\/portofolio\/wp-content\/uploads\/2015\/12\/Le_Lac_du_Col-300x300.jpg 300w, https:\/\/versautrechose.fr\/portofolio\/wp-content\/uploads\/2015\/12\/Le_Lac_du_Col-150x150.jpg 150w\" sizes=\"auto, (max-width: 300px) 100vw, 300px\" class=\"light-dropshaddow\"\/><\/a><\/div><\/div><div class=\"tcol-lg-3 tcol-md-3 tcol-sm-4 tcol-xs-6 tcol-ss-12 g_item\"><div class=\"grid_item kad_gallery_fade_in gallery_item\"><a href=\"https:\/\/versautrechose.fr\/portofolio\/wp-content\/uploads\/2015\/12\/Le_Lac_du_Col-2650.jpg\" data-rel=\"lightbox\" class=\"lightboxhover\"><img loading=\"lazy\" decoding=\"async\" src=\"https:\/\/versautrechose.fr\/portofolio\/wp-content\/uploads\/2015\/12\/Le_Lac_du_Col-2650-300x300.jpg\" width=\"300\" height=\"300\" alt=\"\u00c0 2 650 m, le lac du Col - En arri\u00e8re, le pic et la br\u00e8che de P\u00e9bigneau\" srcset=\"https:\/\/versautrechose.fr\/portofolio\/wp-content\/uploads\/2015\/12\/Le_Lac_du_Col-2650-300x300.jpg 300w, https:\/\/versautrechose.fr\/portofolio\/wp-content\/uploads\/2015\/12\/Le_Lac_du_Col-2650-150x150.jpg 150w\" sizes=\"auto, (max-width: 300px) 100vw, 300px\" class=\"light-dropshaddow\"\/><\/a><\/div><\/div><div class=\"tcol-lg-3 tcol-md-3 tcol-sm-4 tcol-xs-6 tcol-ss-12 g_item\"><div class=\"grid_item kad_gallery_fade_in gallery_item\"><a href=\"https:\/\/versautrechose.fr\/portofolio\/wp-content\/uploads\/2015\/12\/IMG_20240413_0008-Copie.jpg\" data-rel=\"lightbox\" class=\"lightboxhover\"><img loading=\"lazy\" decoding=\"async\" src=\"https:\/\/versautrechose.fr\/portofolio\/wp-content\/uploads\/2015\/12\/IMG_20240413_0008-Copie-300x300.jpg\" width=\"300\" height=\"300\" alt=\"\" srcset=\"https:\/\/versautrechose.fr\/portofolio\/wp-content\/uploads\/2015\/12\/IMG_20240413_0008-Copie-300x300.jpg 300w, https:\/\/versautrechose.fr\/portofolio\/wp-content\/uploads\/2015\/12\/IMG_20240413_0008-Copie-150x150.jpg 150w\" sizes=\"auto, (max-width: 300px) 100vw, 300px\" class=\"light-dropshaddow\"\/><\/a><\/div><\/div><div class=\"tcol-lg-3 tcol-md-3 tcol-sm-4 tcol-xs-6 tcol-ss-12 g_item\"><div class=\"grid_item kad_gallery_fade_in gallery_item\"><a href=\"https:\/\/versautrechose.fr\/portofolio\/wp-content\/uploads\/2015\/12\/Lacs_Glace_et_du_Col.jpg\" data-rel=\"lightbox\" class=\"lightboxhover\"><img loading=\"lazy\" decoding=\"async\" src=\"https:\/\/versautrechose.fr\/portofolio\/wp-content\/uploads\/2015\/12\/Lacs_Glace_et_du_Col-300x300.jpg\" width=\"300\" height=\"300\" alt=\"Les lacs du Col, et Glac\u00e9\" srcset=\"https:\/\/versautrechose.fr\/portofolio\/wp-content\/uploads\/2015\/12\/Lacs_Glace_et_du_Col-300x300.jpg 300w, https:\/\/versautrechose.fr\/portofolio\/wp-content\/uploads\/2015\/12\/Lacs_Glace_et_du_Col-150x150.jpg 150w\" sizes=\"auto, (max-width: 300px) 100vw, 300px\" class=\"light-dropshaddow\"\/><\/a><\/div><\/div><div class=\"tcol-lg-3 tcol-md-3 tcol-sm-4 tcol-xs-6 tcol-ss-12 g_item\"><div class=\"grid_item kad_gallery_fade_in gallery_item\"><a href=\"https:\/\/versautrechose.fr\/portofolio\/wp-content\/uploads\/2015\/12\/Lac_glace_du_Col.jpg\" data-rel=\"lightbox\" class=\"lightboxhover\"><img loading=\"lazy\" decoding=\"async\" src=\"https:\/\/versautrechose.fr\/portofolio\/wp-content\/uploads\/2015\/12\/Lac_glace_du_Col-300x300.jpg\" width=\"300\" height=\"300\" alt=\"Lac du Col - Encore glac\u00e9 fin juin, le petit lac du Col avec en fond le pic de P\u00e9bigneau\" srcset=\"https:\/\/versautrechose.fr\/portofolio\/wp-content\/uploads\/2015\/12\/Lac_glace_du_Col-300x300.jpg 300w, https:\/\/versautrechose.fr\/portofolio\/wp-content\/uploads\/2015\/12\/Lac_glace_du_Col-150x150.jpg 150w\" sizes=\"auto, (max-width: 300px) 100vw, 300px\" class=\"light-dropshaddow\"\/><\/a><\/div><\/div><div class=\"tcol-lg-3 tcol-md-3 tcol-sm-4 tcol-xs-6 tcol-ss-12 g_item\"><div class=\"grid_item kad_gallery_fade_in gallery_item\"><a href=\"https:\/\/versautrechose.fr\/portofolio\/wp-content\/uploads\/2015\/12\/Lac_glace_-2571.jpg\" data-rel=\"lightbox\" class=\"lightboxhover\"><img loading=\"lazy\" decoding=\"async\" src=\"https:\/\/versautrechose.fr\/portofolio\/wp-content\/uploads\/2015\/12\/Lac_glace_-2571-300x300.jpg\" width=\"300\" height=\"300\" alt=\"Le lac Glac\u00e9, 2 565 m\" srcset=\"https:\/\/versautrechose.fr\/portofolio\/wp-content\/uploads\/2015\/12\/Lac_glace_-2571-300x300.jpg 300w, https:\/\/versautrechose.fr\/portofolio\/wp-content\/uploads\/2015\/12\/Lac_glace_-2571-150x150.jpg 150w\" sizes=\"auto, (max-width: 300px) 100vw, 300px\" class=\"light-dropshaddow\"\/><\/a><\/div><\/div><div class=\"tcol-lg-3 tcol-md-3 tcol-sm-4 tcol-xs-6 tcol-ss-12 g_item\"><div class=\"grid_item kad_gallery_fade_in gallery_item\"><a href=\"https:\/\/versautrechose.fr\/portofolio\/wp-content\/uploads\/2015\/12\/Gl-_d_Ossoue-L-Gent.jpg\" data-rel=\"lightbox\" class=\"lightboxhover\"><img loading=\"lazy\" decoding=\"async\" src=\"https:\/\/versautrechose.fr\/portofolio\/wp-content\/uploads\/2015\/12\/Gl-_d_Ossoue-L-Gent-300x300.jpg\" width=\"300\" height=\"300\" alt=\"Lac des Gentianes et glacier d\u2019Ossoue - Vue de la br\u00e8che d\u2019Estom Soubiran, 2 729 m (col des Gentianes)\" srcset=\"https:\/\/versautrechose.fr\/portofolio\/wp-content\/uploads\/2015\/12\/Gl-_d_Ossoue-L-Gent-300x300.jpg 300w, https:\/\/versautrechose.fr\/portofolio\/wp-content\/uploads\/2015\/12\/Gl-_d_Ossoue-L-Gent-150x150.jpg 150w\" sizes=\"auto, (max-width: 300px) 100vw, 300px\" class=\"light-dropshaddow\"\/><\/a><\/div><\/div><div class=\"tcol-lg-3 tcol-md-3 tcol-sm-4 tcol-xs-6 tcol-ss-12 g_item\"><div class=\"grid_item kad_gallery_fade_in gallery_item\"><a href=\"https:\/\/versautrechose.fr\/portofolio\/wp-content\/uploads\/2015\/12\/IMG_20240410_0001-Copie7.jpg\" data-rel=\"lightbox\" class=\"lightboxhover\"><img loading=\"lazy\" decoding=\"async\" src=\"https:\/\/versautrechose.fr\/portofolio\/wp-content\/uploads\/2015\/12\/IMG_20240410_0001-Copie7-300x300.jpg\" width=\"300\" height=\"300\" alt=\"\" srcset=\"https:\/\/versautrechose.fr\/portofolio\/wp-content\/uploads\/2015\/12\/IMG_20240410_0001-Copie7-300x300.jpg 300w, https:\/\/versautrechose.fr\/portofolio\/wp-content\/uploads\/2015\/12\/IMG_20240410_0001-Copie7-150x150.jpg 150w\" sizes=\"auto, (max-width: 300px) 100vw, 300px\" class=\"light-dropshaddow\"\/><\/a><\/div><\/div><div class=\"tcol-lg-3 tcol-md-3 tcol-sm-4 tcol-xs-6 tcol-ss-12 g_item\"><div class=\"grid_item kad_gallery_fade_in gallery_item\"><a href=\"https:\/\/versautrechose.fr\/portofolio\/wp-content\/uploads\/2015\/12\/Vignemale-L-Genti.jpg\" data-rel=\"lightbox\" class=\"lightboxhover\"><img loading=\"lazy\" decoding=\"async\" src=\"https:\/\/versautrechose.fr\/portofolio\/wp-content\/uploads\/2015\/12\/Vignemale-L-Genti-300x300.jpg\" width=\"300\" height=\"300\" alt=\"Vignemale et lac des Gentianes\" srcset=\"https:\/\/versautrechose.fr\/portofolio\/wp-content\/uploads\/2015\/12\/Vignemale-L-Genti-300x300.jpg 300w, https:\/\/versautrechose.fr\/portofolio\/wp-content\/uploads\/2015\/12\/Vignemale-L-Genti-150x150.jpg 150w\" sizes=\"auto, (max-width: 300px) 100vw, 300px\" class=\"light-dropshaddow\"\/><\/a><\/div><\/div><div class=\"tcol-lg-3 tcol-md-3 tcol-sm-4 tcol-xs-6 tcol-ss-12 g_item\"><div class=\"grid_item kad_gallery_fade_in gallery_item\"><a href=\"https:\/\/versautrechose.fr\/portofolio\/wp-content\/uploads\/2015\/12\/IMG_20240413_0006-Copie.jpg\" data-rel=\"lightbox\" class=\"lightboxhover\"><img loading=\"lazy\" decoding=\"async\" src=\"https:\/\/versautrechose.fr\/portofolio\/wp-content\/uploads\/2015\/12\/IMG_20240413_0006-Copie-300x300.jpg\" width=\"300\" height=\"300\" alt=\"\" srcset=\"https:\/\/versautrechose.fr\/portofolio\/wp-content\/uploads\/2015\/12\/IMG_20240413_0006-Copie-300x300.jpg 300w, https:\/\/versautrechose.fr\/portofolio\/wp-content\/uploads\/2015\/12\/IMG_20240413_0006-Copie-150x150.jpg 150w\" sizes=\"auto, (max-width: 300px) 100vw, 300px\" class=\"light-dropshaddow\"\/><\/a><\/div><\/div><div class=\"tcol-lg-3 tcol-md-3 tcol-sm-4 tcol-xs-6 tcol-ss-12 g_item\"><div class=\"grid_item kad_gallery_fade_in gallery_item\"><a href=\"https:\/\/versautrechose.fr\/portofolio\/wp-content\/uploads\/2015\/12\/Lac_des_Gentianes2642.jpg\" data-rel=\"lightbox\" class=\"lightboxhover\"><img loading=\"lazy\" decoding=\"async\" src=\"https:\/\/versautrechose.fr\/portofolio\/wp-content\/uploads\/2015\/12\/Lac_des_Gentianes2642-300x300.jpg\" width=\"300\" height=\"300\" alt=\"Le lac des Gentianes, 2 642 m\" srcset=\"https:\/\/versautrechose.fr\/portofolio\/wp-content\/uploads\/2015\/12\/Lac_des_Gentianes2642-300x300.jpg 300w, https:\/\/versautrechose.fr\/portofolio\/wp-content\/uploads\/2015\/12\/Lac_des_Gentianes2642-150x150.jpg 150w\" sizes=\"auto, (max-width: 300px) 100vw, 300px\" class=\"light-dropshaddow\"\/><\/a><\/div><\/div><div class=\"tcol-lg-3 tcol-md-3 tcol-sm-4 tcol-xs-6 tcol-ss-12 g_item\"><div class=\"grid_item kad_gallery_fade_in gallery_item\"><a href=\"https:\/\/versautrechose.fr\/portofolio\/wp-content\/uploads\/2015\/12\/IMG_20240409_0016-Copie.jpg\" data-rel=\"lightbox\" class=\"lightboxhover\"><img loading=\"lazy\" decoding=\"async\" src=\"https:\/\/versautrechose.fr\/portofolio\/wp-content\/uploads\/2015\/12\/IMG_20240409_0016-Copie-300x300.jpg\" width=\"300\" height=\"300\" alt=\"Gentianes de Koch\" srcset=\"https:\/\/versautrechose.fr\/portofolio\/wp-content\/uploads\/2015\/12\/IMG_20240409_0016-Copie-300x300.jpg 300w, https:\/\/versautrechose.fr\/portofolio\/wp-content\/uploads\/2015\/12\/IMG_20240409_0016-Copie-150x150.jpg 150w\" sizes=\"auto, (max-width: 300px) 100vw, 300px\" class=\"light-dropshaddow\"\/><\/a><\/div><\/div><div class=\"tcol-lg-3 tcol-md-3 tcol-sm-4 tcol-xs-6 tcol-ss-12 g_item\"><div class=\"grid_item kad_gallery_fade_in gallery_item\"><a href=\"https:\/\/versautrechose.fr\/portofolio\/wp-content\/uploads\/2015\/12\/Lac_Gentianes-est.jpg\" data-rel=\"lightbox\" class=\"lightboxhover\"><img loading=\"lazy\" decoding=\"async\" src=\"https:\/\/versautrechose.fr\/portofolio\/wp-content\/uploads\/2015\/12\/Lac_Gentianes-est-300x300.jpg\" width=\"300\" height=\"300\" alt=\"Langue de glace... Au pied du col, le c\u00f4t\u00e9 est du lac des Gentianes\" srcset=\"https:\/\/versautrechose.fr\/portofolio\/wp-content\/uploads\/2015\/12\/Lac_Gentianes-est-300x300.jpg 300w, https:\/\/versautrechose.fr\/portofolio\/wp-content\/uploads\/2015\/12\/Lac_Gentianes-est-150x150.jpg 150w\" sizes=\"auto, (max-width: 300px) 100vw, 300px\" class=\"light-dropshaddow\"\/><\/a><\/div><\/div><div class=\"tcol-lg-3 tcol-md-3 tcol-sm-4 tcol-xs-6 tcol-ss-12 g_item\"><div class=\"grid_item kad_gallery_fade_in gallery_item\"><a href=\"https:\/\/versautrechose.fr\/portofolio\/wp-content\/uploads\/2015\/12\/Glacier_d_Ossoue.jpg\" data-rel=\"lightbox\" class=\"lightboxhover\"><img loading=\"lazy\" decoding=\"async\" src=\"https:\/\/versautrechose.fr\/portofolio\/wp-content\/uploads\/2015\/12\/Glacier_d_Ossoue-300x300.jpg\" width=\"300\" height=\"300\" alt=\"Le glacier d\u2019Ossoue - Entre le Montferrat, 3 219 m, et le Vignemale (\u00e0 droite), 3 298 m, le glacier se situe \u00e0 2 419 m \u00e0 sa base et \u00e0 3 195 m \u00e0 son sommet\" srcset=\"https:\/\/versautrechose.fr\/portofolio\/wp-content\/uploads\/2015\/12\/Glacier_d_Ossoue-300x300.jpg 300w, https:\/\/versautrechose.fr\/portofolio\/wp-content\/uploads\/2015\/12\/Glacier_d_Ossoue-150x150.jpg 150w\" sizes=\"auto, (max-width: 300px) 100vw, 300px\" class=\"light-dropshaddow\"\/><\/a><\/div><\/div><div class=\"tcol-lg-3 tcol-md-3 tcol-sm-4 tcol-xs-6 tcol-ss-12 g_item\"><div class=\"grid_item kad_gallery_fade_in gallery_item\"><a href=\"https:\/\/versautrechose.fr\/portofolio\/wp-content\/uploads\/2015\/12\/L-Gentia-P-_Labas.jpg\" data-rel=\"lightbox\" class=\"lightboxhover\"><img loading=\"lazy\" decoding=\"async\" src=\"https:\/\/versautrechose.fr\/portofolio\/wp-content\/uploads\/2015\/12\/L-Gentia-P-_Labas-300x300.jpg\" width=\"300\" height=\"300\" alt=\"Lac des Gentianes et pic de Labas - Vue du col, la vall\u00e9e vers le refuge de Bayssellance\" srcset=\"https:\/\/versautrechose.fr\/portofolio\/wp-content\/uploads\/2015\/12\/L-Gentia-P-_Labas-300x300.jpg 300w, https:\/\/versautrechose.fr\/portofolio\/wp-content\/uploads\/2015\/12\/L-Gentia-P-_Labas-150x150.jpg 150w\" sizes=\"auto, (max-width: 300px) 100vw, 300px\" class=\"light-dropshaddow\"\/><\/a><\/div><\/div><div class=\"tcol-lg-3 tcol-md-3 tcol-sm-4 tcol-xs-6 tcol-ss-12 g_item\"><div class=\"grid_item kad_gallery_fade_in gallery_item\"><a href=\"https:\/\/versautrechose.fr\/portofolio\/wp-content\/uploads\/2015\/12\/Col_d_Estom-Soubiran-2829.jpg\" data-rel=\"lightbox\" class=\"lightboxhover\"><img loading=\"lazy\" decoding=\"async\" src=\"https:\/\/versautrechose.fr\/portofolio\/wp-content\/uploads\/2015\/12\/Col_d_Estom-Soubiran-2829-300x300.jpg\" width=\"300\" height=\"300\" alt=\"Col d\u2019Estom Soubiran - Situ\u00e9 \u00e0 2 829 m d\u2019altitude. Vue entre le lac Glac\u00e9 et le lac du Col\" srcset=\"https:\/\/versautrechose.fr\/portofolio\/wp-content\/uploads\/2015\/12\/Col_d_Estom-Soubiran-2829-300x300.jpg 300w, https:\/\/versautrechose.fr\/portofolio\/wp-content\/uploads\/2015\/12\/Col_d_Estom-Soubiran-2829-150x150.jpg 150w\" sizes=\"auto, (max-width: 300px) 100vw, 300px\" class=\"light-dropshaddow\"\/><\/a><\/div><\/div><div class=\"tcol-lg-3 tcol-md-3 tcol-sm-4 tcol-xs-6 tcol-ss-12 g_item\"><div class=\"grid_item kad_gallery_fade_in gallery_item\"><a href=\"https:\/\/versautrechose.fr\/portofolio\/wp-content\/uploads\/2015\/12\/Estibet_de_Pebignau.jpg\" data-rel=\"lightbox\" class=\"lightboxhover\"><img loading=\"lazy\" decoding=\"async\" src=\"https:\/\/versautrechose.fr\/portofolio\/wp-content\/uploads\/2015\/12\/Estibet_de_Pebignau-300x300.jpg\" width=\"300\" height=\"300\" alt=\"Estibet de Pebignau\" srcset=\"https:\/\/versautrechose.fr\/portofolio\/wp-content\/uploads\/2015\/12\/Estibet_de_Pebignau-300x300.jpg 300w, https:\/\/versautrechose.fr\/portofolio\/wp-content\/uploads\/2015\/12\/Estibet_de_Pebignau-150x150.jpg 150w\" sizes=\"auto, (max-width: 300px) 100vw, 300px\" class=\"light-dropshaddow\"\/><\/a><\/div><\/div><div class=\"tcol-lg-3 tcol-md-3 tcol-sm-4 tcol-xs-6 tcol-ss-12 g_item\"><div class=\"grid_item kad_gallery_fade_in gallery_item\"><a href=\"https:\/\/versautrechose.fr\/portofolio\/wp-content\/uploads\/2015\/12\/Gentianes.jpg\" data-rel=\"lightbox\" class=\"lightboxhover\"><img loading=\"lazy\" decoding=\"async\" src=\"https:\/\/versautrechose.fr\/portofolio\/wp-content\/uploads\/2015\/12\/Gentianes-300x300.jpg\" width=\"300\" height=\"300\" alt=\"Gentianes des Pyr\u00e9n\u00e9es - Comme l\u2019indique le nom du col... \" srcset=\"https:\/\/versautrechose.fr\/portofolio\/wp-content\/uploads\/2015\/12\/Gentianes-300x300.jpg 300w, https:\/\/versautrechose.fr\/portofolio\/wp-content\/uploads\/2015\/12\/Gentianes-150x150.jpg 150w\" sizes=\"auto, (max-width: 300px) 100vw, 300px\" class=\"light-dropshaddow\"\/><\/a><\/div><\/div><div class=\"tcol-lg-3 tcol-md-3 tcol-sm-4 tcol-xs-6 tcol-ss-12 g_item\"><div class=\"grid_item kad_gallery_fade_in gallery_item\"><a href=\"https:\/\/versautrechose.fr\/portofolio\/wp-content\/uploads\/2015\/12\/Primula-villosa.jpg\" data-rel=\"lightbox\" class=\"lightboxhover\"><img loading=\"lazy\" decoding=\"async\" src=\"https:\/\/versautrechose.fr\/portofolio\/wp-content\/uploads\/2015\/12\/Primula-villosa-300x300.jpg\" width=\"300\" height=\"300\" alt=\"Primula villosa - Jolies petites fleurs de haute altitude comme les gentianes de Koch, ici \u00e0 2 700 m\" srcset=\"https:\/\/versautrechose.fr\/portofolio\/wp-content\/uploads\/2015\/12\/Primula-villosa-300x300.jpg 300w, https:\/\/versautrechose.fr\/portofolio\/wp-content\/uploads\/2015\/12\/Primula-villosa-150x150.jpg 150w\" sizes=\"auto, (max-width: 300px) 100vw, 300px\" class=\"light-dropshaddow\"\/><\/a><\/div><\/div><div class=\"tcol-lg-3 tcol-md-3 tcol-sm-4 tcol-xs-6 tcol-ss-12 g_item\"><div class=\"grid_item kad_gallery_fade_in gallery_item\"><a href=\"https:\/\/versautrechose.fr\/portofolio\/wp-content\/uploads\/2015\/12\/Lac-Couy.jpg\" data-rel=\"lightbox\" class=\"lightboxhover\"><img loading=\"lazy\" decoding=\"async\" src=\"https:\/\/versautrechose.fr\/portofolio\/wp-content\/uploads\/2015\/12\/Lac-Couy-300x300.jpg\" width=\"300\" height=\"300\" alt=\"Lac Couy et pic d\u2019Estibe Aute\" srcset=\"https:\/\/versautrechose.fr\/portofolio\/wp-content\/uploads\/2015\/12\/Lac-Couy-300x300.jpg 300w, https:\/\/versautrechose.fr\/portofolio\/wp-content\/uploads\/2015\/12\/Lac-Couy-150x150.jpg 150w\" sizes=\"auto, (max-width: 300px) 100vw, 300px\" class=\"light-dropshaddow\"\/><\/a><\/div><\/div><div class=\"tcol-lg-3 tcol-md-3 tcol-sm-4 tcol-xs-6 tcol-ss-12 g_item\"><div class=\"grid_item kad_gallery_fade_in gallery_item\"><a href=\"https:\/\/versautrechose.fr\/portofolio\/wp-content\/uploads\/2015\/12\/Malh_Arrouy-2965.jpg\" data-rel=\"lightbox\" class=\"lightboxhover\"><img loading=\"lazy\" decoding=\"async\" src=\"https:\/\/versautrechose.fr\/portofolio\/wp-content\/uploads\/2015\/12\/Malh_Arrouy-2965-300x300.jpg\" width=\"300\" height=\"300\" alt=\"Malh Arrouy - Au sud du lac de Couy, le Malh Arrouy \u00e0 2 965 m d\u2019altitude\" srcset=\"https:\/\/versautrechose.fr\/portofolio\/wp-content\/uploads\/2015\/12\/Malh_Arrouy-2965-300x300.jpg 300w, https:\/\/versautrechose.fr\/portofolio\/wp-content\/uploads\/2015\/12\/Malh_Arrouy-2965-150x150.jpg 150w\" sizes=\"auto, (max-width: 300px) 100vw, 300px\" class=\"light-dropshaddow\"\/><\/a><\/div><\/div><div class=\"tcol-lg-3 tcol-md-3 tcol-sm-4 tcol-xs-6 tcol-ss-12 g_item\"><div class=\"grid_item kad_gallery_fade_in gallery_item\"><a href=\"https:\/\/versautrechose.fr\/portofolio\/wp-content\/uploads\/2015\/12\/Lac_des_Oulettes_d_Estom.jpg\" data-rel=\"lightbox\" class=\"lightboxhover\"><img loading=\"lazy\" decoding=\"async\" src=\"https:\/\/versautrechose.fr\/portofolio\/wp-content\/uploads\/2015\/12\/Lac_des_Oulettes_d_Estom-300x300.jpg\" width=\"300\" height=\"300\" alt=\"Lac des Oulettes d\u2019Estom - Vue \u00e0 2 495 m, au-dessus du pont Naturel\" srcset=\"https:\/\/versautrechose.fr\/portofolio\/wp-content\/uploads\/2015\/12\/Lac_des_Oulettes_d_Estom-300x300.jpg 300w, https:\/\/versautrechose.fr\/portofolio\/wp-content\/uploads\/2015\/12\/Lac_des_Oulettes_d_Estom-150x150.jpg 150w\" sizes=\"auto, (max-width: 300px) 100vw, 300px\" class=\"light-dropshaddow\"\/><\/a><\/div><\/div><div class=\"tcol-lg-3 tcol-md-3 tcol-sm-4 tcol-xs-6 tcol-ss-12 g_item\"><div class=\"grid_item kad_gallery_fade_in gallery_item\"><a href=\"https:\/\/versautrechose.fr\/portofolio\/wp-content\/uploads\/2015\/12\/IMG_20240413_0007-Copie.jpg\" data-rel=\"lightbox\" class=\"lightboxhover\"><img loading=\"lazy\" decoding=\"async\" src=\"https:\/\/versautrechose.fr\/portofolio\/wp-content\/uploads\/2015\/12\/IMG_20240413_0007-Copie-300x300.jpg\" width=\"300\" height=\"300\" alt=\"\" srcset=\"https:\/\/versautrechose.fr\/portofolio\/wp-content\/uploads\/2015\/12\/IMG_20240413_0007-Copie-300x300.jpg 300w, https:\/\/versautrechose.fr\/portofolio\/wp-content\/uploads\/2015\/12\/IMG_20240413_0007-Copie-150x150.jpg 150w\" sizes=\"auto, (max-width: 300px) 100vw, 300px\" class=\"light-dropshaddow\"\/><\/a><\/div><\/div><div class=\"tcol-lg-3 tcol-md-3 tcol-sm-4 tcol-xs-6 tcol-ss-12 g_item\"><div class=\"grid_item kad_gallery_fade_in gallery_item\"><a href=\"https:\/\/versautrechose.fr\/portofolio\/wp-content\/uploads\/2015\/12\/Lac_Soubiran-P-_Estibe_Aute.jpg\" data-rel=\"lightbox\" class=\"lightboxhover\"><img loading=\"lazy\" decoding=\"async\" src=\"https:\/\/versautrechose.fr\/portofolio\/wp-content\/uploads\/2015\/12\/Lac_Soubiran-P-_Estibe_Aute-300x300.jpg\" width=\"300\" height=\"300\" alt=\"Lac Soubiran et pic d\u2019Estibe Aute\" srcset=\"https:\/\/versautrechose.fr\/portofolio\/wp-content\/uploads\/2015\/12\/Lac_Soubiran-P-_Estibe_Aute-300x300.jpg 300w, https:\/\/versautrechose.fr\/portofolio\/wp-content\/uploads\/2015\/12\/Lac_Soubiran-P-_Estibe_Aute-150x150.jpg 150w\" sizes=\"auto, (max-width: 300px) 100vw, 300px\" class=\"light-dropshaddow\"\/><\/a><\/div><\/div><div class=\"tcol-lg-3 tcol-md-3 tcol-sm-4 tcol-xs-6 tcol-ss-12 g_item\"><div class=\"grid_item kad_gallery_fade_in gallery_item\"><a href=\"https:\/\/versautrechose.fr\/portofolio\/wp-content\/uploads\/2015\/12\/Lac_des_Oulettes-Soubiran-2360.jpg\" data-rel=\"lightbox\" class=\"lightboxhover\"><img loading=\"lazy\" decoding=\"async\" src=\"https:\/\/versautrechose.fr\/portofolio\/wp-content\/uploads\/2015\/12\/Lac_des_Oulettes-Soubiran-2360-300x300.jpg\" width=\"300\" height=\"300\" alt=\"D\u00e9versoir du lac des Oulettes\" srcset=\"https:\/\/versautrechose.fr\/portofolio\/wp-content\/uploads\/2015\/12\/Lac_des_Oulettes-Soubiran-2360-300x300.jpg 300w, https:\/\/versautrechose.fr\/portofolio\/wp-content\/uploads\/2015\/12\/Lac_des_Oulettes-Soubiran-2360-150x150.jpg 150w\" sizes=\"auto, (max-width: 300px) 100vw, 300px\" class=\"light-dropshaddow\"\/><\/a><\/div><\/div><div class=\"tcol-lg-3 tcol-md-3 tcol-sm-4 tcol-xs-6 tcol-ss-12 g_item\"><div class=\"grid_item kad_gallery_fade_in gallery_item\"><a href=\"https:\/\/versautrechose.fr\/portofolio\/wp-content\/uploads\/2015\/12\/Lac_Labas-2.jpg\" data-rel=\"lightbox\" class=\"lightboxhover\"><img loading=\"lazy\" decoding=\"async\" src=\"https:\/\/versautrechose.fr\/portofolio\/wp-content\/uploads\/2015\/12\/Lac_Labas-2-300x300.jpg\" width=\"300\" height=\"300\" alt=\"Lac de Labas... en fin d\u2019apr\u00e8s-midi\" srcset=\"https:\/\/versautrechose.fr\/portofolio\/wp-content\/uploads\/2015\/12\/Lac_Labas-2-300x300.jpg 300w, https:\/\/versautrechose.fr\/portofolio\/wp-content\/uploads\/2015\/12\/Lac_Labas-2-150x150.jpg 150w\" sizes=\"auto, (max-width: 300px) 100vw, 300px\" class=\"light-dropshaddow\"\/><\/a><\/div><\/div><div class=\"tcol-lg-3 tcol-md-3 tcol-sm-4 tcol-xs-6 tcol-ss-12 g_item\"><div class=\"grid_item kad_gallery_fade_in gallery_item\"><a href=\"https:\/\/versautrechose.fr\/portofolio\/wp-content\/uploads\/2015\/12\/Est_du_Lac_d_Estom_Soubiran.jpg\" data-rel=\"lightbox\" class=\"lightboxhover\"><img loading=\"lazy\" decoding=\"async\" src=\"https:\/\/versautrechose.fr\/portofolio\/wp-content\/uploads\/2015\/12\/Est_du_Lac_d_Estom_Soubiran-300x300.jpg\" width=\"300\" height=\"300\" alt=\"\u00c0 l\u2019Est du lac des Oulettes d\u2019Estom\" srcset=\"https:\/\/versautrechose.fr\/portofolio\/wp-content\/uploads\/2015\/12\/Est_du_Lac_d_Estom_Soubiran-300x300.jpg 300w, https:\/\/versautrechose.fr\/portofolio\/wp-content\/uploads\/2015\/12\/Est_du_Lac_d_Estom_Soubiran-150x150.jpg 150w\" sizes=\"auto, (max-width: 300px) 100vw, 300px\" class=\"light-dropshaddow\"\/><\/a><\/div><\/div><div class=\"tcol-lg-3 tcol-md-3 tcol-sm-4 tcol-xs-6 tcol-ss-12 g_item\"><div class=\"grid_item kad_gallery_fade_in gallery_item\"><a href=\"https:\/\/versautrechose.fr\/portofolio\/wp-content\/uploads\/2015\/12\/Lac_Soubiran_et_Soum_H-_Herede.jpg\" data-rel=\"lightbox\" class=\"lightboxhover\"><img loading=\"lazy\" decoding=\"async\" src=\"https:\/\/versautrechose.fr\/portofolio\/wp-content\/uploads\/2015\/12\/Lac_Soubiran_et_Soum_H-_Herede-300x300.jpg\" width=\"300\" height=\"300\" alt=\"Lac Soubiran et Soum Hount H\u00e9r\u00e8de\" srcset=\"https:\/\/versautrechose.fr\/portofolio\/wp-content\/uploads\/2015\/12\/Lac_Soubiran_et_Soum_H-_Herede-300x300.jpg 300w, https:\/\/versautrechose.fr\/portofolio\/wp-content\/uploads\/2015\/12\/Lac_Soubiran_et_Soum_H-_Herede-150x150.jpg 150w\" sizes=\"auto, (max-width: 300px) 100vw, 300px\" class=\"light-dropshaddow\"\/><\/a><\/div><\/div><div class=\"tcol-lg-3 tcol-md-3 tcol-sm-4 tcol-xs-6 tcol-ss-12 g_item\"><div class=\"grid_item kad_gallery_fade_in gallery_item\"><a href=\"https:\/\/versautrechose.fr\/portofolio\/wp-content\/uploads\/2015\/12\/gentianes_de_Koch.jpg\" data-rel=\"lightbox\" class=\"lightboxhover\"><img loading=\"lazy\" decoding=\"async\" src=\"https:\/\/versautrechose.fr\/portofolio\/wp-content\/uploads\/2015\/12\/gentianes_de_Koch-300x300.jpg\" width=\"300\" height=\"300\" alt=\"Gentianes de Koch\" srcset=\"https:\/\/versautrechose.fr\/portofolio\/wp-content\/uploads\/2015\/12\/gentianes_de_Koch-300x300.jpg 300w, https:\/\/versautrechose.fr\/portofolio\/wp-content\/uploads\/2015\/12\/gentianes_de_Koch-150x150.jpg 150w\" sizes=\"auto, (max-width: 300px) 100vw, 300px\" class=\"light-dropshaddow\"\/><\/a><\/div><\/div><div class=\"tcol-lg-3 tcol-md-3 tcol-sm-4 tcol-xs-6 tcol-ss-12 g_item\"><div class=\"grid_item kad_gallery_fade_in gallery_item\"><a href=\"https:\/\/versautrechose.fr\/portofolio\/wp-content\/uploads\/2015\/12\/Deversoir_Lac_Labas.jpg\" data-rel=\"lightbox\" class=\"lightboxhover\"><img loading=\"lazy\" decoding=\"async\" src=\"https:\/\/versautrechose.fr\/portofolio\/wp-content\/uploads\/2015\/12\/Deversoir_Lac_Labas-300x300.jpg\" width=\"300\" height=\"300\" alt=\"Nord du lac de Labas - Le lac du c\u00f4t\u00e9 du d\u00e9versoir... \" srcset=\"https:\/\/versautrechose.fr\/portofolio\/wp-content\/uploads\/2015\/12\/Deversoir_Lac_Labas-300x300.jpg 300w, https:\/\/versautrechose.fr\/portofolio\/wp-content\/uploads\/2015\/12\/Deversoir_Lac_Labas-150x150.jpg 150w\" sizes=\"auto, (max-width: 300px) 100vw, 300px\" class=\"light-dropshaddow\"\/><\/a><\/div><\/div><div class=\"tcol-lg-3 tcol-md-3 tcol-sm-4 tcol-xs-6 tcol-ss-12 g_item\"><div class=\"grid_item kad_gallery_fade_in gallery_item\"><a href=\"https:\/\/versautrechose.fr\/portofolio\/wp-content\/uploads\/2015\/12\/Lac_d_Estom-1.jpg\" data-rel=\"lightbox\" class=\"lightboxhover\"><img loading=\"lazy\" decoding=\"async\" src=\"https:\/\/versautrechose.fr\/portofolio\/wp-content\/uploads\/2015\/12\/Lac_d_Estom-1-300x300.jpg\" width=\"300\" height=\"300\" alt=\"Le Lac d\u2019Estom... en rentrant, au soleil de fin de journ\u00e9e, la vue sur la vall\u00e9e glaci\u00e8re de Lutour\" srcset=\"https:\/\/versautrechose.fr\/portofolio\/wp-content\/uploads\/2015\/12\/Lac_d_Estom-1-300x300.jpg 300w, https:\/\/versautrechose.fr\/portofolio\/wp-content\/uploads\/2015\/12\/Lac_d_Estom-1-150x150.jpg 150w\" sizes=\"auto, (max-width: 300px) 100vw, 300px\" class=\"light-dropshaddow\"\/><\/a><\/div><\/div><div class=\"tcol-lg-3 tcol-md-3 tcol-sm-4 tcol-xs-6 tcol-ss-12 g_item\"><div class=\"grid_item kad_gallery_fade_in gallery_item\"><a href=\"https:\/\/versautrechose.fr\/portofolio\/wp-content\/uploads\/2015\/12\/Gave_et_Lac_d_Estom.jpg\" data-rel=\"lightbox\" class=\"lightboxhover\"><img loading=\"lazy\" decoding=\"async\" src=\"https:\/\/versautrechose.fr\/portofolio\/wp-content\/uploads\/2015\/12\/Gave_et_Lac_d_Estom-300x300.jpg\" width=\"300\" height=\"300\" alt=\"Gave et lac d\u2019Estom\" srcset=\"https:\/\/versautrechose.fr\/portofolio\/wp-content\/uploads\/2015\/12\/Gave_et_Lac_d_Estom-300x300.jpg 300w, https:\/\/versautrechose.fr\/portofolio\/wp-content\/uploads\/2015\/12\/Gave_et_Lac_d_Estom-150x150.jpg 150w\" sizes=\"auto, (max-width: 300px) 100vw, 300px\" class=\"light-dropshaddow\"\/><\/a><\/div><\/div><div class=\"tcol-lg-3 tcol-md-3 tcol-sm-4 tcol-xs-6 tcol-ss-12 g_item\"><div class=\"grid_item kad_gallery_fade_in gallery_item\"><a href=\"https:\/\/versautrechose.fr\/portofolio\/wp-content\/uploads\/2015\/12\/Rhododendrons-Lac_d_Estom.jpg\" data-rel=\"lightbox\" class=\"lightboxhover\"><img loading=\"lazy\" decoding=\"async\" src=\"https:\/\/versautrechose.fr\/portofolio\/wp-content\/uploads\/2015\/12\/Rhododendrons-Lac_d_Estom-300x300.jpg\" width=\"300\" height=\"300\" alt=\"Rhododendrons et lac d\u2019Estom\" srcset=\"https:\/\/versautrechose.fr\/portofolio\/wp-content\/uploads\/2015\/12\/Rhododendrons-Lac_d_Estom-300x300.jpg 300w, https:\/\/versautrechose.fr\/portofolio\/wp-content\/uploads\/2015\/12\/Rhododendrons-Lac_d_Estom-150x150.jpg 150w\" sizes=\"auto, (max-width: 300px) 100vw, 300px\" class=\"light-dropshaddow\"\/><\/a><\/div><\/div><div class=\"tcol-lg-3 tcol-md-3 tcol-sm-4 tcol-xs-6 tcol-ss-12 g_item\"><div class=\"grid_item kad_gallery_fade_in gallery_item\"><a href=\"https:\/\/versautrechose.fr\/portofolio\/wp-content\/uploads\/2015\/12\/Lac_d_Estom.jpg\" data-rel=\"lightbox\" class=\"lightboxhover\"><img loading=\"lazy\" decoding=\"async\" src=\"https:\/\/versautrechose.fr\/portofolio\/wp-content\/uploads\/2015\/12\/Lac_d_Estom-300x300.jpg\" width=\"300\" height=\"300\" alt=\"Le Lac d\u2019Estom - Le refuge d\u2019Estom est en haut \u00e0 gauche sur la photo, ici prise de retour le soir sur le sentier du vallon de Labas... \" srcset=\"https:\/\/versautrechose.fr\/portofolio\/wp-content\/uploads\/2015\/12\/Lac_d_Estom-300x300.jpg 300w, https:\/\/versautrechose.fr\/portofolio\/wp-content\/uploads\/2015\/12\/Lac_d_Estom-150x150.jpg 150w\" sizes=\"auto, (max-width: 300px) 100vw, 300px\" class=\"light-dropshaddow\"\/><\/a><\/div><\/div><div class=\"tcol-lg-3 tcol-md-3 tcol-sm-4 tcol-xs-6 tcol-ss-12 g_item\"><div class=\"grid_item kad_gallery_fade_in gallery_item\"><a href=\"https:\/\/versautrechose.fr\/portofolio\/wp-content\/uploads\/2015\/12\/L-_Estom-sentier_d_Estibe.jpg\" data-rel=\"lightbox\" class=\"lightboxhover\"><img loading=\"lazy\" decoding=\"async\" src=\"https:\/\/versautrechose.fr\/portofolio\/wp-content\/uploads\/2015\/12\/L-_Estom-sentier_d_Estibe-300x300.jpg\" width=\"300\" height=\"300\" alt=\"Reflets... Le Lac d\u2019Estom au pied du P\u00e9bignau, au petit matin sur le sentier vers Estibe Aute... \" srcset=\"https:\/\/versautrechose.fr\/portofolio\/wp-content\/uploads\/2015\/12\/L-_Estom-sentier_d_Estibe-300x300.jpg 300w, https:\/\/versautrechose.fr\/portofolio\/wp-content\/uploads\/2015\/12\/L-_Estom-sentier_d_Estibe-150x150.jpg 150w\" sizes=\"auto, (max-width: 300px) 100vw, 300px\" class=\"light-dropshaddow\"\/><\/a><\/div><\/div><div class=\"tcol-lg-3 tcol-md-3 tcol-sm-4 tcol-xs-6 tcol-ss-12 g_item\"><div class=\"grid_item kad_gallery_fade_in gallery_item\"><a href=\"https:\/\/versautrechose.fr\/portofolio\/wp-content\/uploads\/2015\/12\/Marmotte_sentier_d_Estibe.jpg\" data-rel=\"lightbox\" class=\"lightboxhover\"><img loading=\"lazy\" decoding=\"async\" src=\"https:\/\/versautrechose.fr\/portofolio\/wp-content\/uploads\/2015\/12\/Marmotte_sentier_d_Estibe-300x300.jpg\" width=\"300\" height=\"300\" alt=\"Sur le sentier d\u2019Estibe Aute... Marmotte prenant ses premiers rayons de soleil et se r\u00e9chauffer les poils... \" srcset=\"https:\/\/versautrechose.fr\/portofolio\/wp-content\/uploads\/2015\/12\/Marmotte_sentier_d_Estibe-300x300.jpg 300w, https:\/\/versautrechose.fr\/portofolio\/wp-content\/uploads\/2015\/12\/Marmotte_sentier_d_Estibe-150x150.jpg 150w\" sizes=\"auto, (max-width: 300px) 100vw, 300px\" class=\"light-dropshaddow\"\/><\/a><\/div><\/div><div class=\"tcol-lg-3 tcol-md-3 tcol-sm-4 tcol-xs-6 tcol-ss-12 g_item\"><div class=\"grid_item kad_gallery_fade_in gallery_item\"><a href=\"https:\/\/versautrechose.fr\/portofolio\/wp-content\/uploads\/2015\/12\/marmotte-roc.jpg\" data-rel=\"lightbox\" class=\"lightboxhover\"><img loading=\"lazy\" decoding=\"async\" src=\"https:\/\/versautrechose.fr\/portofolio\/wp-content\/uploads\/2015\/12\/marmotte-roc-300x300.jpg\" width=\"300\" height=\"300\" alt=\"On fait du charme... !\" srcset=\"https:\/\/versautrechose.fr\/portofolio\/wp-content\/uploads\/2015\/12\/marmotte-roc-300x300.jpg 300w, https:\/\/versautrechose.fr\/portofolio\/wp-content\/uploads\/2015\/12\/marmotte-roc-150x150.jpg 150w\" sizes=\"auto, (max-width: 300px) 100vw, 300px\" class=\"light-dropshaddow\"\/><\/a><\/div><\/div><div class=\"tcol-lg-3 tcol-md-3 tcol-sm-4 tcol-xs-6 tcol-ss-12 g_item\"><div class=\"grid_item kad_gallery_fade_in gallery_item\"><a href=\"https:\/\/versautrechose.fr\/portofolio\/wp-content\/uploads\/2015\/12\/marmotte-2.jpg\" data-rel=\"lightbox\" class=\"lightboxhover\"><img loading=\"lazy\" decoding=\"async\" src=\"https:\/\/versautrechose.fr\/portofolio\/wp-content\/uploads\/2015\/12\/marmotte-2-300x300.jpg\" width=\"300\" height=\"300\" alt=\"Marmotte des Pyr\u00e9n\u00e9es - Au passage du sentier du lac d\u2019Estom \u00e0 ceux d\u2019Estibe-Aute ... \" srcset=\"https:\/\/versautrechose.fr\/portofolio\/wp-content\/uploads\/2015\/12\/marmotte-2-300x300.jpg 300w, https:\/\/versautrechose.fr\/portofolio\/wp-content\/uploads\/2015\/12\/marmotte-2-150x150.jpg 150w\" sizes=\"auto, (max-width: 300px) 100vw, 300px\" class=\"light-dropshaddow\"\/><\/a><\/div><\/div><div class=\"tcol-lg-3 tcol-md-3 tcol-sm-4 tcol-xs-6 tcol-ss-12 g_item\"><div class=\"grid_item kad_gallery_fade_in gallery_item\"><a href=\"https:\/\/versautrechose.fr\/portofolio\/wp-content\/uploads\/2015\/12\/marmotte.jpg\" data-rel=\"lightbox\" class=\"lightboxhover\"><img loading=\"lazy\" decoding=\"async\" src=\"https:\/\/versautrechose.fr\/portofolio\/wp-content\/uploads\/2015\/12\/marmotte-300x300.jpg\" width=\"300\" height=\"300\" alt=\"Marmotte... Au-dessus du lac d\u2019Estom... \" srcset=\"https:\/\/versautrechose.fr\/portofolio\/wp-content\/uploads\/2015\/12\/marmotte-300x300.jpg 300w, https:\/\/versautrechose.fr\/portofolio\/wp-content\/uploads\/2015\/12\/marmotte-150x150.jpg 150w\" sizes=\"auto, (max-width: 300px) 100vw, 300px\" class=\"light-dropshaddow\"\/><\/a><\/div><\/div><div class=\"tcol-lg-3 tcol-md-3 tcol-sm-4 tcol-xs-6 tcol-ss-12 g_item\"><div class=\"grid_item kad_gallery_fade_in gallery_item\"><a href=\"https:\/\/versautrechose.fr\/portofolio\/wp-content\/uploads\/2015\/12\/Passage_Estibe-Aute.jpg\" data-rel=\"lightbox\" class=\"lightboxhover\"><img loading=\"lazy\" decoding=\"async\" src=\"https:\/\/versautrechose.fr\/portofolio\/wp-content\/uploads\/2015\/12\/Passage_Estibe-Aute-300x300.jpg\" width=\"300\" height=\"300\" alt=\"Passage de l\u2019Estibet d\u2019Estom - Cette prise de vue (du sentier du lac de Hount H\u00e9r\u00e8de) montre l\u2019intin\u00e9raire d\u00e9licat \u00e0 n\u00e9gocier \u00e0 cet endroit... \" srcset=\"https:\/\/versautrechose.fr\/portofolio\/wp-content\/uploads\/2015\/12\/Passage_Estibe-Aute-300x300.jpg 300w, https:\/\/versautrechose.fr\/portofolio\/wp-content\/uploads\/2015\/12\/Passage_Estibe-Aute-150x150.jpg 150w\" sizes=\"auto, (max-width: 300px) 100vw, 300px\" class=\"light-dropshaddow\"\/><\/a><\/div><\/div><div class=\"tcol-lg-3 tcol-md-3 tcol-sm-4 tcol-xs-6 tcol-ss-12 g_item\"><div class=\"grid_item kad_gallery_fade_in gallery_item\"><a href=\"https:\/\/versautrechose.fr\/portofolio\/wp-content\/uploads\/2015\/12\/Estibe-Aute.jpg\" data-rel=\"lightbox\" class=\"lightboxhover\"><img loading=\"lazy\" decoding=\"async\" src=\"https:\/\/versautrechose.fr\/portofolio\/wp-content\/uploads\/2015\/12\/Estibe-Aute-300x300.jpg\" width=\"300\" height=\"300\" alt=\"Grand Pic des Paloum\u00e8res, 2 758 m - Panorama montrant le d\u00e9nivel\u00e9 du sentier qui m\u00e8ne du refuge d\u2019Estom aux lacs d\u2019Estibe Aute... \" srcset=\"https:\/\/versautrechose.fr\/portofolio\/wp-content\/uploads\/2015\/12\/Estibe-Aute-300x300.jpg 300w, https:\/\/versautrechose.fr\/portofolio\/wp-content\/uploads\/2015\/12\/Estibe-Aute-150x150.jpg 150w\" sizes=\"auto, (max-width: 300px) 100vw, 300px\" class=\"light-dropshaddow\"\/><\/a><\/div><\/div><div class=\"tcol-lg-3 tcol-md-3 tcol-sm-4 tcol-xs-6 tcol-ss-12 g_item\"><div class=\"grid_item kad_gallery_fade_in gallery_item\"><a href=\"https:\/\/versautrechose.fr\/portofolio\/wp-content\/uploads\/2015\/12\/Estom_Passage_d_Estibe-Aute.jpg\" data-rel=\"lightbox\" class=\"lightboxhover\"><img loading=\"lazy\" decoding=\"async\" src=\"https:\/\/versautrechose.fr\/portofolio\/wp-content\/uploads\/2015\/12\/Estom_Passage_d_Estibe-Aute-300x300.jpg\" width=\"300\" height=\"300\" alt=\"Passe du sentier d\u2019Estibe Aute\" srcset=\"https:\/\/versautrechose.fr\/portofolio\/wp-content\/uploads\/2015\/12\/Estom_Passage_d_Estibe-Aute-300x300.jpg 300w, https:\/\/versautrechose.fr\/portofolio\/wp-content\/uploads\/2015\/12\/Estom_Passage_d_Estibe-Aute-150x150.jpg 150w\" sizes=\"auto, (max-width: 300px) 100vw, 300px\" class=\"light-dropshaddow\"\/><\/a><\/div><\/div><div class=\"tcol-lg-3 tcol-md-3 tcol-sm-4 tcol-xs-6 tcol-ss-12 g_item\"><div class=\"grid_item kad_gallery_fade_in gallery_item\"><a href=\"https:\/\/versautrechose.fr\/portofolio\/wp-content\/uploads\/2015\/12\/Estom_sentier_Estibe.jpg\" data-rel=\"lightbox\" class=\"lightboxhover\"><img loading=\"lazy\" decoding=\"async\" src=\"https:\/\/versautrechose.fr\/portofolio\/wp-content\/uploads\/2015\/12\/Estom_sentier_Estibe-300x300.jpg\" width=\"300\" height=\"300\" alt=\"Gave d\u2019Estom Soubiran\" srcset=\"https:\/\/versautrechose.fr\/portofolio\/wp-content\/uploads\/2015\/12\/Estom_sentier_Estibe-300x300.jpg 300w, https:\/\/versautrechose.fr\/portofolio\/wp-content\/uploads\/2015\/12\/Estom_sentier_Estibe-150x150.jpg 150w\" sizes=\"auto, (max-width: 300px) 100vw, 300px\" class=\"light-dropshaddow\"\/><\/a><\/div><\/div><div class=\"tcol-lg-3 tcol-md-3 tcol-sm-4 tcol-xs-6 tcol-ss-12 g_item\"><div class=\"grid_item kad_gallery_fade_in gallery_item\"><a href=\"https:\/\/versautrechose.fr\/portofolio\/wp-content\/uploads\/2015\/12\/sentier_Estom-Estibe.jpg\" data-rel=\"lightbox\" class=\"lightboxhover\"><img loading=\"lazy\" decoding=\"async\" src=\"https:\/\/versautrechose.fr\/portofolio\/wp-content\/uploads\/2015\/12\/sentier_Estom-Estibe-300x300.jpg\" width=\"300\" height=\"300\" alt=\"\u00c9boulis de la passe d\u2019Estibet\" srcset=\"https:\/\/versautrechose.fr\/portofolio\/wp-content\/uploads\/2015\/12\/sentier_Estom-Estibe-300x300.jpg 300w, https:\/\/versautrechose.fr\/portofolio\/wp-content\/uploads\/2015\/12\/sentier_Estom-Estibe-150x150.jpg 150w\" sizes=\"auto, (max-width: 300px) 100vw, 300px\" class=\"light-dropshaddow\"\/><\/a><\/div><\/div><div class=\"tcol-lg-3 tcol-md-3 tcol-sm-4 tcol-xs-6 tcol-ss-12 g_item\"><div class=\"grid_item kad_gallery_fade_in gallery_item\"><a href=\"https:\/\/versautrechose.fr\/portofolio\/wp-content\/uploads\/2015\/12\/Marmotte-Hello_.jpg\" data-rel=\"lightbox\" class=\"lightboxhover\"><img loading=\"lazy\" decoding=\"async\" src=\"https:\/\/versautrechose.fr\/portofolio\/wp-content\/uploads\/2015\/12\/Marmotte-Hello_-300x300.jpg\" width=\"300\" height=\"300\" alt=\"Sentinelle au lac d\u2019Estibe Aute\" srcset=\"https:\/\/versautrechose.fr\/portofolio\/wp-content\/uploads\/2015\/12\/Marmotte-Hello_-300x300.jpg 300w, https:\/\/versautrechose.fr\/portofolio\/wp-content\/uploads\/2015\/12\/Marmotte-Hello_-150x150.jpg 150w\" sizes=\"auto, (max-width: 300px) 100vw, 300px\" class=\"light-dropshaddow\"\/><\/a><\/div><\/div><div class=\"tcol-lg-3 tcol-md-3 tcol-sm-4 tcol-xs-6 tcol-ss-12 g_item\"><div class=\"grid_item kad_gallery_fade_in gallery_item\"><a href=\"https:\/\/versautrechose.fr\/portofolio\/wp-content\/uploads\/2015\/12\/Lacs_d_Estibe-Aute.jpg\" data-rel=\"lightbox\" class=\"lightboxhover\"><img loading=\"lazy\" decoding=\"async\" src=\"https:\/\/versautrechose.fr\/portofolio\/wp-content\/uploads\/2015\/12\/Lacs_d_Estibe-Aute-300x300.jpg\" width=\"300\" height=\"300\" alt=\"Arriv\u00e9e aux lacs d\u2019Estibe Aute, 2 360 m\" srcset=\"https:\/\/versautrechose.fr\/portofolio\/wp-content\/uploads\/2015\/12\/Lacs_d_Estibe-Aute-300x300.jpg 300w, https:\/\/versautrechose.fr\/portofolio\/wp-content\/uploads\/2015\/12\/Lacs_d_Estibe-Aute-150x150.jpg 150w\" sizes=\"auto, (max-width: 300px) 100vw, 300px\" class=\"light-dropshaddow\"\/><\/a><\/div><\/div><div class=\"tcol-lg-3 tcol-md-3 tcol-sm-4 tcol-xs-6 tcol-ss-12 g_item\"><div class=\"grid_item kad_gallery_fade_in gallery_item\"><a href=\"https:\/\/versautrechose.fr\/portofolio\/wp-content\/uploads\/2015\/12\/Lac_sud_d_Estibe-Aute.jpg\" data-rel=\"lightbox\" class=\"lightboxhover\"><img loading=\"lazy\" decoding=\"async\" src=\"https:\/\/versautrechose.fr\/portofolio\/wp-content\/uploads\/2015\/12\/Lac_sud_d_Estibe-Aute-300x300.jpg\" width=\"300\" height=\"300\" alt=\"Lac sud d\u2019Estibe - Le lac sud au pied du pic d\u2019Estibe Aute, 2 755 m d\u2019altitude\" srcset=\"https:\/\/versautrechose.fr\/portofolio\/wp-content\/uploads\/2015\/12\/Lac_sud_d_Estibe-Aute-300x300.jpg 300w, https:\/\/versautrechose.fr\/portofolio\/wp-content\/uploads\/2015\/12\/Lac_sud_d_Estibe-Aute-150x150.jpg 150w\" sizes=\"auto, (max-width: 300px) 100vw, 300px\" class=\"light-dropshaddow\"\/><\/a><\/div><\/div><div class=\"tcol-lg-3 tcol-md-3 tcol-sm-4 tcol-xs-6 tcol-ss-12 g_item\"><div class=\"grid_item kad_gallery_fade_in gallery_item\"><a href=\"https:\/\/versautrechose.fr\/portofolio\/wp-content\/uploads\/2015\/12\/L-_sud_Esti-Aute.jpg\" data-rel=\"lightbox\" class=\"lightboxhover\"><img loading=\"lazy\" decoding=\"async\" src=\"https:\/\/versautrechose.fr\/portofolio\/wp-content\/uploads\/2015\/12\/L-_sud_Esti-Aute-300x300.jpg\" width=\"300\" height=\"300\" alt=\"Lac sud d\u2019Estibe Aute, 2 328 m\" srcset=\"https:\/\/versautrechose.fr\/portofolio\/wp-content\/uploads\/2015\/12\/L-_sud_Esti-Aute-300x300.jpg 300w, https:\/\/versautrechose.fr\/portofolio\/wp-content\/uploads\/2015\/12\/L-_sud_Esti-Aute-150x150.jpg 150w\" sizes=\"auto, (max-width: 300px) 100vw, 300px\" class=\"light-dropshaddow\"\/><\/a><\/div><\/div><div class=\"tcol-lg-3 tcol-md-3 tcol-sm-4 tcol-xs-6 tcol-ss-12 g_item\"><div class=\"grid_item kad_gallery_fade_in gallery_item\"><a href=\"https:\/\/versautrechose.fr\/portofolio\/wp-content\/uploads\/2015\/12\/Lac_sud_Estibe_Aute.jpg\" data-rel=\"lightbox\" class=\"lightboxhover\"><img loading=\"lazy\" decoding=\"async\" src=\"https:\/\/versautrechose.fr\/portofolio\/wp-content\/uploads\/2015\/12\/Lac_sud_Estibe_Aute-300x300.jpg\" width=\"300\" height=\"300\" alt=\"Nord du lac sud - Au pied des cr\u00eates d\u2019Estibe Aute (2 716 m), le lac sud... \" srcset=\"https:\/\/versautrechose.fr\/portofolio\/wp-content\/uploads\/2015\/12\/Lac_sud_Estibe_Aute-300x300.jpg 300w, https:\/\/versautrechose.fr\/portofolio\/wp-content\/uploads\/2015\/12\/Lac_sud_Estibe_Aute-150x150.jpg 150w\" sizes=\"auto, (max-width: 300px) 100vw, 300px\" class=\"light-dropshaddow\"\/><\/a><\/div><\/div><div class=\"tcol-lg-3 tcol-md-3 tcol-sm-4 tcol-xs-6 tcol-ss-12 g_item\"><div class=\"grid_item kad_gallery_fade_in gallery_item\"><a href=\"https:\/\/versautrechose.fr\/portofolio\/wp-content\/uploads\/2015\/12\/Lac_Estibe-Aute_S-_-2.jpg\" data-rel=\"lightbox\" class=\"lightboxhover\"><img loading=\"lazy\" decoding=\"async\" src=\"https:\/\/versautrechose.fr\/portofolio\/wp-content\/uploads\/2015\/12\/Lac_Estibe-Aute_S-_-2-300x300.jpg\" width=\"300\" height=\"300\" alt=\"D\u00e9versoir du lac sud dans le lac nord...\" srcset=\"https:\/\/versautrechose.fr\/portofolio\/wp-content\/uploads\/2015\/12\/Lac_Estibe-Aute_S-_-2-300x300.jpg 300w, https:\/\/versautrechose.fr\/portofolio\/wp-content\/uploads\/2015\/12\/Lac_Estibe-Aute_S-_-2-150x150.jpg 150w\" sizes=\"auto, (max-width: 300px) 100vw, 300px\" class=\"light-dropshaddow\"\/><\/a><\/div><\/div><div class=\"tcol-lg-3 tcol-md-3 tcol-sm-4 tcol-xs-6 tcol-ss-12 g_item\"><div class=\"grid_item kad_gallery_fade_in gallery_item\"><a href=\"https:\/\/versautrechose.fr\/portofolio\/wp-content\/uploads\/2015\/12\/Lac_Estibe-Aute_S-_2328.jpg\" data-rel=\"lightbox\" class=\"lightboxhover\"><img loading=\"lazy\" decoding=\"async\" src=\"https:\/\/versautrechose.fr\/portofolio\/wp-content\/uploads\/2015\/12\/Lac_Estibe-Aute_S-_2328-300x300.jpg\" width=\"300\" height=\"300\" alt=\"Lac sud iris\u00e9 par la brise...\" srcset=\"https:\/\/versautrechose.fr\/portofolio\/wp-content\/uploads\/2015\/12\/Lac_Estibe-Aute_S-_2328-300x300.jpg 300w, https:\/\/versautrechose.fr\/portofolio\/wp-content\/uploads\/2015\/12\/Lac_Estibe-Aute_S-_2328-150x150.jpg 150w\" sizes=\"auto, (max-width: 300px) 100vw, 300px\" class=\"light-dropshaddow\"\/><\/a><\/div><\/div><div class=\"tcol-lg-3 tcol-md-3 tcol-sm-4 tcol-xs-6 tcol-ss-12 g_item\"><div class=\"grid_item kad_gallery_fade_in gallery_item\"><a href=\"https:\/\/versautrechose.fr\/portofolio\/wp-content\/uploads\/2015\/12\/Primula-villosa-Estibe_Aut.jpg\" data-rel=\"lightbox\" class=\"lightboxhover\"><img loading=\"lazy\" decoding=\"async\" src=\"https:\/\/versautrechose.fr\/portofolio\/wp-content\/uploads\/2015\/12\/Primula-villosa-Estibe_Aut-300x300.jpg\" width=\"300\" height=\"300\" alt=\"Primula-villosa... dans une faille de roche \u00e0 Estibe Aute\" srcset=\"https:\/\/versautrechose.fr\/portofolio\/wp-content\/uploads\/2015\/12\/Primula-villosa-Estibe_Aut-300x300.jpg 300w, https:\/\/versautrechose.fr\/portofolio\/wp-content\/uploads\/2015\/12\/Primula-villosa-Estibe_Aut-150x150.jpg 150w\" sizes=\"auto, (max-width: 300px) 100vw, 300px\" class=\"light-dropshaddow\"\/><\/a><\/div><\/div><div class=\"tcol-lg-3 tcol-md-3 tcol-sm-4 tcol-xs-6 tcol-ss-12 g_item\"><div class=\"grid_item kad_gallery_fade_in gallery_item\"><a href=\"https:\/\/versautrechose.fr\/portofolio\/wp-content\/uploads\/2015\/12\/Lac_nord_d_Estibe_Aute-3.jpg\" data-rel=\"lightbox\" class=\"lightboxhover\"><img loading=\"lazy\" decoding=\"async\" src=\"https:\/\/versautrechose.fr\/portofolio\/wp-content\/uploads\/2015\/12\/Lac_nord_d_Estibe_Aute-3-300x300.jpg\" width=\"300\" height=\"300\" alt=\"Au pied du grand pic des Paloum\u00e8res, le lac nord\" srcset=\"https:\/\/versautrechose.fr\/portofolio\/wp-content\/uploads\/2015\/12\/Lac_nord_d_Estibe_Aute-3-300x300.jpg 300w, https:\/\/versautrechose.fr\/portofolio\/wp-content\/uploads\/2015\/12\/Lac_nord_d_Estibe_Aute-3-150x150.jpg 150w\" sizes=\"auto, (max-width: 300px) 100vw, 300px\" class=\"light-dropshaddow\"\/><\/a><\/div><\/div><div class=\"tcol-lg-3 tcol-md-3 tcol-sm-4 tcol-xs-6 tcol-ss-12 g_item\"><div class=\"grid_item kad_gallery_fade_in gallery_item\"><a href=\"https:\/\/versautrechose.fr\/portofolio\/wp-content\/uploads\/2015\/12\/Lac_Estibe_Deversoir.jpg\" data-rel=\"lightbox\" class=\"lightboxhover\"><img loading=\"lazy\" decoding=\"async\" src=\"https:\/\/versautrechose.fr\/portofolio\/wp-content\/uploads\/2015\/12\/Lac_Estibe_Deversoir-300x300.jpg\" width=\"300\" height=\"300\" alt=\"D\u00e9versoir du lac nord\" srcset=\"https:\/\/versautrechose.fr\/portofolio\/wp-content\/uploads\/2015\/12\/Lac_Estibe_Deversoir-300x300.jpg 300w, https:\/\/versautrechose.fr\/portofolio\/wp-content\/uploads\/2015\/12\/Lac_Estibe_Deversoir-150x150.jpg 150w\" sizes=\"auto, (max-width: 300px) 100vw, 300px\" class=\"light-dropshaddow\"\/><\/a><\/div><\/div><div class=\"tcol-lg-3 tcol-md-3 tcol-sm-4 tcol-xs-6 tcol-ss-12 g_item\"><div class=\"grid_item kad_gallery_fade_in gallery_item\"><a href=\"https:\/\/versautrechose.fr\/portofolio\/wp-content\/uploads\/2015\/12\/L-_nord_Esti-Aute.jpg\" data-rel=\"lightbox\" class=\"lightboxhover\"><img loading=\"lazy\" decoding=\"async\" src=\"https:\/\/versautrechose.fr\/portofolio\/wp-content\/uploads\/2015\/12\/L-_nord_Esti-Aute-300x300.jpg\" width=\"300\" height=\"300\" alt=\"Le Lac nord d\u2019Estibe Aute, 2 324 m - \u00c0 l\u2019horizon le pic d\u2019Ardiden 2 988 m\" srcset=\"https:\/\/versautrechose.fr\/portofolio\/wp-content\/uploads\/2015\/12\/L-_nord_Esti-Aute-300x300.jpg 300w, https:\/\/versautrechose.fr\/portofolio\/wp-content\/uploads\/2015\/12\/L-_nord_Esti-Aute-150x150.jpg 150w\" sizes=\"auto, (max-width: 300px) 100vw, 300px\" class=\"light-dropshaddow\"\/><\/a><\/div><\/div><div class=\"tcol-lg-3 tcol-md-3 tcol-sm-4 tcol-xs-6 tcol-ss-12 g_item\"><div class=\"grid_item kad_gallery_fade_in gallery_item\"><a href=\"https:\/\/versautrechose.fr\/portofolio\/wp-content\/uploads\/2015\/12\/Lac_Estibe-Aute_N-_2324.jpg\" data-rel=\"lightbox\" class=\"lightboxhover\"><img loading=\"lazy\" decoding=\"async\" src=\"https:\/\/versautrechose.fr\/portofolio\/wp-content\/uploads\/2015\/12\/Lac_Estibe-Aute_N-_2324-300x300.jpg\" width=\"300\" height=\"300\" alt=\"Lac nord d\u2019Estibe Aute\" srcset=\"https:\/\/versautrechose.fr\/portofolio\/wp-content\/uploads\/2015\/12\/Lac_Estibe-Aute_N-_2324-300x300.jpg 300w, https:\/\/versautrechose.fr\/portofolio\/wp-content\/uploads\/2015\/12\/Lac_Estibe-Aute_N-_2324-150x150.jpg 150w\" sizes=\"auto, (max-width: 300px) 100vw, 300px\" class=\"light-dropshaddow\"\/><\/a><\/div><\/div><div class=\"tcol-lg-3 tcol-md-3 tcol-sm-4 tcol-xs-6 tcol-ss-12 g_item\"><div class=\"grid_item kad_gallery_fade_in gallery_item\"><a href=\"https:\/\/versautrechose.fr\/portofolio\/wp-content\/uploads\/2015\/12\/Izard_Estibe-Aute.jpg\" data-rel=\"lightbox\" class=\"lightboxhover\"><img loading=\"lazy\" decoding=\"async\" src=\"https:\/\/versautrechose.fr\/portofolio\/wp-content\/uploads\/2015\/12\/Izard_Estibe-Aute-300x300.jpg\" width=\"300\" height=\"300\" alt=\"Rencontre... Arriv\u00e9 au lac d\u2019Estibe Aute, nous nous sommes rencontr\u00e9s aussi surpris l\u2019un que l\u2019autre ! \" srcset=\"https:\/\/versautrechose.fr\/portofolio\/wp-content\/uploads\/2015\/12\/Izard_Estibe-Aute-300x300.jpg 300w, https:\/\/versautrechose.fr\/portofolio\/wp-content\/uploads\/2015\/12\/Izard_Estibe-Aute-150x150.jpg 150w\" sizes=\"auto, (max-width: 300px) 100vw, 300px\" class=\"light-dropshaddow\"\/><\/a><\/div><\/div><div class=\"tcol-lg-3 tcol-md-3 tcol-sm-4 tcol-xs-6 tcol-ss-12 g_item\"><div class=\"grid_item kad_gallery_fade_in gallery_item\"><a href=\"https:\/\/versautrechose.fr\/portofolio\/wp-content\/uploads\/2015\/12\/Izard-Estibe-1.jpg\" data-rel=\"lightbox\" class=\"lightboxhover\"><img loading=\"lazy\" decoding=\"async\" src=\"https:\/\/versautrechose.fr\/portofolio\/wp-content\/uploads\/2015\/12\/Izard-Estibe-1-300x300.jpg\" width=\"300\" height=\"300\" alt=\"Isard des Pyr\u00e9n\u00e9es... Il m\u2019a fait la gr\u00e2ce de quelques belles figures... \" srcset=\"https:\/\/versautrechose.fr\/portofolio\/wp-content\/uploads\/2015\/12\/Izard-Estibe-1-300x300.jpg 300w, https:\/\/versautrechose.fr\/portofolio\/wp-content\/uploads\/2015\/12\/Izard-Estibe-1-150x150.jpg 150w\" sizes=\"auto, (max-width: 300px) 100vw, 300px\" class=\"light-dropshaddow\"\/><\/a><\/div><\/div><div class=\"tcol-lg-3 tcol-md-3 tcol-sm-4 tcol-xs-6 tcol-ss-12 g_item\"><div class=\"grid_item kad_gallery_fade_in gallery_item\"><a href=\"https:\/\/versautrechose.fr\/portofolio\/wp-content\/uploads\/2015\/12\/Izard-Estibe.jpg\" data-rel=\"lightbox\" class=\"lightboxhover\"><img loading=\"lazy\" decoding=\"async\" src=\"https:\/\/versautrechose.fr\/portofolio\/wp-content\/uploads\/2015\/12\/Izard-Estibe-300x300.jpg\" width=\"300\" height=\"300\" alt=\"Granit, Isard et rhododendrons - La vision de ce majestueux &quot;animal&quot; dans son milieu naturel me restera pour longtemps... ! \" srcset=\"https:\/\/versautrechose.fr\/portofolio\/wp-content\/uploads\/2015\/12\/Izard-Estibe-300x300.jpg 300w, https:\/\/versautrechose.fr\/portofolio\/wp-content\/uploads\/2015\/12\/Izard-Estibe-150x150.jpg 150w\" sizes=\"auto, (max-width: 300px) 100vw, 300px\" class=\"light-dropshaddow\"\/><\/a><\/div><\/div><div class=\"tcol-lg-3 tcol-md-3 tcol-sm-4 tcol-xs-6 tcol-ss-12 g_item\"><div class=\"grid_item kad_gallery_fade_in gallery_item\"><a href=\"https:\/\/versautrechose.fr\/portofolio\/wp-content\/uploads\/2015\/12\/marmotte-Estibe.jpg\" data-rel=\"lightbox\" class=\"lightboxhover\"><img loading=\"lazy\" decoding=\"async\" src=\"https:\/\/versautrechose.fr\/portofolio\/wp-content\/uploads\/2015\/12\/marmotte-Estibe-300x300.jpg\" width=\"300\" height=\"300\" alt=\"Les adieux des cimes...  avant la descente assez vertigineuse, de 700 m\u00e8tres (2 340 m \u00e0 1 640 m), des lacs d\u2019Estibe au fond du val du Lutour... Il est recommand\u00e9 d\u2019\u00eatre extr\u00eamement vigilant ! \" srcset=\"https:\/\/versautrechose.fr\/portofolio\/wp-content\/uploads\/2015\/12\/marmotte-Estibe-300x300.jpg 300w, https:\/\/versautrechose.fr\/portofolio\/wp-content\/uploads\/2015\/12\/marmotte-Estibe-150x150.jpg 150w\" sizes=\"auto, (max-width: 300px) 100vw, 300px\" class=\"light-dropshaddow\"\/><\/a><\/div><\/div><div class=\"tcol-lg-3 tcol-md-3 tcol-sm-4 tcol-xs-6 tcol-ss-12 g_item\"><div class=\"grid_item kad_gallery_fade_in gallery_item\"><a href=\"https:\/\/versautrechose.fr\/portofolio\/wp-content\/uploads\/2015\/12\/Roc_Estibe-Aute-2.jpg\" data-rel=\"lightbox\" class=\"lightboxhover\"><img loading=\"lazy\" decoding=\"async\" src=\"https:\/\/versautrechose.fr\/portofolio\/wp-content\/uploads\/2015\/12\/Roc_Estibe-Aute-2-300x300.jpg\" width=\"300\" height=\"300\" alt=\"Roc... devant Coste de Hount H\u00e9r\u00e8de - Il est absolument recommand\u00e9 pour ce dernier circuit outre une bonne condition physique, de le faire imp\u00e9rativement par beau temps, les risques sont r\u00e9els par intemp\u00e9ries\" srcset=\"https:\/\/versautrechose.fr\/portofolio\/wp-content\/uploads\/2015\/12\/Roc_Estibe-Aute-2-300x300.jpg 300w, https:\/\/versautrechose.fr\/portofolio\/wp-content\/uploads\/2015\/12\/Roc_Estibe-Aute-2-150x150.jpg 150w\" sizes=\"auto, (max-width: 300px) 100vw, 300px\" class=\"light-dropshaddow\"\/><\/a><\/div><\/div><div class=\"tcol-lg-3 tcol-md-3 tcol-sm-4 tcol-xs-6 tcol-ss-12 g_item\"><div class=\"grid_item kad_gallery_fade_in gallery_item\"><a href=\"https:\/\/versautrechose.fr\/portofolio\/wp-content\/uploads\/2015\/12\/Saxifrages.jpg\" data-rel=\"lightbox\" class=\"lightboxhover\"><img loading=\"lazy\" decoding=\"async\" src=\"https:\/\/versautrechose.fr\/portofolio\/wp-content\/uploads\/2015\/12\/Saxifrages-300x300.jpg\" width=\"300\" height=\"300\" alt=\"Saxifrage...  au bord du qave de Lutour 700 m\u00e8tres plus bas ! Et une gamelle aussi ! Heureusement sans incidences...\" srcset=\"https:\/\/versautrechose.fr\/portofolio\/wp-content\/uploads\/2015\/12\/Saxifrages-300x300.jpg 300w, https:\/\/versautrechose.fr\/portofolio\/wp-content\/uploads\/2015\/12\/Saxifrages-150x150.jpg 150w\" sizes=\"auto, (max-width: 300px) 100vw, 300px\" class=\"light-dropshaddow\"\/><\/a><\/div><\/div><\/div>\n<p>&nbsp;<\/p>\n<p>&nbsp;<\/p>\n<p>&nbsp;<\/p>\n","protected":false},"excerpt":{"rendered":"<p>&nbsp; &nbsp; &nbsp; &nbsp; &nbsp;<\/p>\n","protected":false},"author":1,"featured_media":0,"comment_status":"open","ping_status":"open","sticky":false,"template":"","format":"standard","meta":{"kt_blocks_editor_width":"","footnotes":""},"categories":[1],"tags":[],"class_list":["post-640","post","type-post","status-publish","format-standard","hentry","category-non-classe"],"_links":{"self":[{"href":"https:\/\/versautrechose.fr\/portofolio\/index.php\/wp-json\/wp\/v2\/posts\/640","targetHints":{"allow":["GET"]}}],"collection":[{"href":"https:\/\/versautrechose.fr\/portofolio\/index.php\/wp-json\/wp\/v2\/posts"}],"about":[{"href":"https:\/\/versautrechose.fr\/portofolio\/index.php\/wp-json\/wp\/v2\/types\/post"}],"author":[{"embeddable":true,"href":"https:\/\/versautrechose.fr\/portofolio\/index.php\/wp-json\/wp\/v2\/users\/1"}],"replies":[{"embeddable":true,"href":"https:\/\/versautrechose.fr\/portofolio\/index.php\/wp-json\/wp\/v2\/comments?post=640"}],"version-history":[{"count":21,"href":"https:\/\/versautrechose.fr\/portofolio\/index.php\/wp-json\/wp\/v2\/posts\/640\/revisions"}],"predecessor-version":[{"id":4630,"href":"https:\/\/versautrechose.fr\/portofolio\/index.php\/wp-json\/wp\/v2\/posts\/640\/revisions\/4630"}],"wp:attachment":[{"href":"https:\/\/versautrechose.fr\/portofolio\/index.php\/wp-json\/wp\/v2\/media?parent=640"}],"wp:term":[{"taxonomy":"category","embeddable":true,"href":"https:\/\/versautrechose.fr\/portofolio\/index.php\/wp-json\/wp\/v2\/categories?post=640"},{"taxonomy":"post_tag","embeddable":true,"href":"https:\/\/versautrechose.fr\/portofolio\/index.php\/wp-json\/wp\/v2\/tags?post=640"}],"curies":[{"name":"wp","href":"https:\/\/api.w.org\/{rel}","templated":true}]}}