{"id":778,"date":"2015-12-28T16:50:47","date_gmt":"2015-12-28T15:50:47","guid":{"rendered":"http:\/\/versautrechose.fr\/portofolio\/?p=778"},"modified":"2024-04-23T15:36:20","modified_gmt":"2024-04-23T14:36:20","slug":"lac-de-gaube-et-vignemale-marcadau-le-circuit-des-lacs","status":"publish","type":"post","link":"https:\/\/versautrechose.fr\/portofolio\/index.php\/2015\/12\/28\/lac-de-gaube-et-vignemale-marcadau-le-circuit-des-lacs\/","title":{"rendered":"Lac de Gaube et Vignemale&#8230; Marcadau, le circuit des lacs&#8230;"},"content":{"rendered":"<p>&nbsp;<\/p>\n<div class=\"pullquote pullquote-center\">\n<p>Cette seconde galerie des Hautes-Pyr\u00e9n\u00e9es, est un parcours de \u00ab\u00a0grands classiques\u00a0\u00bb, celui du lac de Gaube et les Oulettes du Vignemale, ainsi que celui des lacs \u00e0 partir de la Vall\u00e9e du Marcadau au Pont du Cayan. R\u00e9alis\u00e9 \u00e0 la mi-juin, en partant sur place (Pont d\u2019Espagne) \u00e0 l\u2019aube, vers 6 h du matin, on a le \u00ab\u00a0privil\u00e8ge\u00a0\u00bb de voir une nature merveilleuse et grandiose qui s\u2019\u00e9veille, dans le silence&#8230; car ce sont des randonn\u00e9es tr\u00e8s courues&#8230;\u00a0! La beaut\u00e9 et l\u2019ampleur majestueuse des sites l\u2019explique&#8230; et bien que de 7\/8h de marche environ, aucune difficult\u00e9 importante autre que celle de doser ses efforts (le lac du Pourtet est \u00e0 presque 2500 m d\u2019altitude).<\/p>\n<\/div>\n<p>&nbsp;<\/p>\n<div id=\"kad-wp-gallery28\" class=\"kad-wp-gallery kad-light-wp-gallery clearfix kt-gallery-column-4 rowtight\"><div class=\"tcol-lg-3 tcol-md-3 tcol-sm-4 tcol-xs-6 tcol-ss-12 g_item\"><div class=\"grid_item kad_gallery_fade_in gallery_item\"><a href=\"https:\/\/versautrechose.fr\/portofolio\/wp-content\/uploads\/2015\/12\/cascd-_du_Pas_de_l_Ours.jpg\" data-rel=\"lightbox\" class=\"lightboxhover\"><img loading=\"lazy\" decoding=\"async\" src=\"https:\/\/versautrechose.fr\/portofolio\/wp-content\/uploads\/2015\/12\/cascd-_du_Pas_de_l_Ours-300x300.jpg\" width=\"300\" height=\"300\" alt=\"Cascade du Pas de l\u2019Ours - Remontant par la rive droite le val de Jeret du Pont de Benques (1 048 m) vers pont d\u2019Espagne (1 496 m)\" srcset=\"https:\/\/versautrechose.fr\/portofolio\/wp-content\/uploads\/2015\/12\/cascd-_du_Pas_de_l_Ours-300x300.jpg 300w, https:\/\/versautrechose.fr\/portofolio\/wp-content\/uploads\/2015\/12\/cascd-_du_Pas_de_l_Ours-150x150.jpg 150w\" sizes=\"auto, (max-width: 300px) 100vw, 300px\" class=\"light-dropshaddow\"\/><\/a><\/div><\/div><div class=\"tcol-lg-3 tcol-md-3 tcol-sm-4 tcol-xs-6 tcol-ss-12 g_item\"><div class=\"grid_item kad_gallery_fade_in gallery_item\"><a href=\"https:\/\/versautrechose.fr\/portofolio\/wp-content\/uploads\/2015\/12\/Cascd-Pas-de-l_Ours.jpg\" data-rel=\"lightbox\" class=\"lightboxhover\"><img loading=\"lazy\" decoding=\"async\" src=\"https:\/\/versautrechose.fr\/portofolio\/wp-content\/uploads\/2015\/12\/Cascd-Pas-de-l_Ours-300x300.jpg\" width=\"300\" height=\"300\" alt=\"Cascade du Pas de l\u2019Ours - Situ\u00e9e \u00e0 1 300 m, en aval du pont du m\u00eame nom...\" srcset=\"https:\/\/versautrechose.fr\/portofolio\/wp-content\/uploads\/2015\/12\/Cascd-Pas-de-l_Ours-300x300.jpg 300w, https:\/\/versautrechose.fr\/portofolio\/wp-content\/uploads\/2015\/12\/Cascd-Pas-de-l_Ours-150x150.jpg 150w\" sizes=\"auto, (max-width: 300px) 100vw, 300px\" class=\"light-dropshaddow\"\/><\/a><\/div><\/div><div class=\"tcol-lg-3 tcol-md-3 tcol-sm-4 tcol-xs-6 tcol-ss-12 g_item\"><div class=\"grid_item kad_gallery_fade_in gallery_item\"><a href=\"https:\/\/versautrechose.fr\/portofolio\/wp-content\/uploads\/2015\/12\/casc-de_l_Ours.jpg\" data-rel=\"lightbox\" class=\"lightboxhover\"><img loading=\"lazy\" decoding=\"async\" src=\"https:\/\/versautrechose.fr\/portofolio\/wp-content\/uploads\/2015\/12\/casc-de_l_Ours-300x300.jpg\" width=\"300\" height=\"300\" alt=\"Cascade du Pas de l\u2019Ours - Eaux tumultueuses, aux turbidit\u00e9s limpides... \" srcset=\"https:\/\/versautrechose.fr\/portofolio\/wp-content\/uploads\/2015\/12\/casc-de_l_Ours-300x300.jpg 300w, https:\/\/versautrechose.fr\/portofolio\/wp-content\/uploads\/2015\/12\/casc-de_l_Ours-150x150.jpg 150w\" sizes=\"auto, (max-width: 300px) 100vw, 300px\" class=\"light-dropshaddow\"\/><\/a><\/div><\/div><div class=\"tcol-lg-3 tcol-md-3 tcol-sm-4 tcol-xs-6 tcol-ss-12 g_item\"><div class=\"grid_item kad_gallery_fade_in gallery_item\"><a href=\"https:\/\/versautrechose.fr\/portofolio\/wp-content\/uploads\/2015\/12\/casc-de_l_Ours_1300m.jpg\" data-rel=\"lightbox\" class=\"lightboxhover\"><img loading=\"lazy\" decoding=\"async\" src=\"https:\/\/versautrechose.fr\/portofolio\/wp-content\/uploads\/2015\/12\/casc-de_l_Ours_1300m-300x300.jpg\" width=\"300\" height=\"300\" alt=\"Coul\u00e9e de verre... Le gave du Marcadau est sur cette partie riche en cascades (ici celle de l\u2019Ours)\" srcset=\"https:\/\/versautrechose.fr\/portofolio\/wp-content\/uploads\/2015\/12\/casc-de_l_Ours_1300m-300x300.jpg 300w, https:\/\/versautrechose.fr\/portofolio\/wp-content\/uploads\/2015\/12\/casc-de_l_Ours_1300m-150x150.jpg 150w\" sizes=\"auto, (max-width: 300px) 100vw, 300px\" class=\"light-dropshaddow\"\/><\/a><\/div><\/div><div class=\"tcol-lg-3 tcol-md-3 tcol-sm-4 tcol-xs-6 tcol-ss-12 g_item\"><div class=\"grid_item kad_gallery_fade_in gallery_item\"><a href=\"https:\/\/versautrechose.fr\/portofolio\/wp-content\/uploads\/2015\/12\/Gave_de_Marcadau.jpg\" data-rel=\"lightbox\" class=\"lightboxhover\"><img loading=\"lazy\" decoding=\"async\" src=\"https:\/\/versautrechose.fr\/portofolio\/wp-content\/uploads\/2015\/12\/Gave_de_Marcadau-300x300.jpg\" width=\"300\" height=\"300\" alt=\"Gave du Marcadau - Eaux \u00e9meraudes... \" srcset=\"https:\/\/versautrechose.fr\/portofolio\/wp-content\/uploads\/2015\/12\/Gave_de_Marcadau-300x300.jpg 300w, https:\/\/versautrechose.fr\/portofolio\/wp-content\/uploads\/2015\/12\/Gave_de_Marcadau-150x150.jpg 150w\" sizes=\"auto, (max-width: 300px) 100vw, 300px\" class=\"light-dropshaddow\"\/><\/a><\/div><\/div><div class=\"tcol-lg-3 tcol-md-3 tcol-sm-4 tcol-xs-6 tcol-ss-12 g_item\"><div class=\"grid_item kad_gallery_fade_in gallery_item\"><a href=\"https:\/\/versautrechose.fr\/portofolio\/wp-content\/uploads\/2015\/12\/Gave_de_Marcadau-Val_de_Jeret.jpg\" data-rel=\"lightbox\" class=\"lightboxhover\"><img loading=\"lazy\" decoding=\"async\" src=\"https:\/\/versautrechose.fr\/portofolio\/wp-content\/uploads\/2015\/12\/Gave_de_Marcadau-Val_de_Jeret-300x300.jpg\" width=\"300\" height=\"300\" alt=\"Val de Jeret, le gave\" srcset=\"https:\/\/versautrechose.fr\/portofolio\/wp-content\/uploads\/2015\/12\/Gave_de_Marcadau-Val_de_Jeret-300x300.jpg 300w, https:\/\/versautrechose.fr\/portofolio\/wp-content\/uploads\/2015\/12\/Gave_de_Marcadau-Val_de_Jeret-150x150.jpg 150w\" sizes=\"auto, (max-width: 300px) 100vw, 300px\" class=\"light-dropshaddow\"\/><\/a><\/div><\/div><div class=\"tcol-lg-3 tcol-md-3 tcol-sm-4 tcol-xs-6 tcol-ss-12 g_item\"><div class=\"grid_item kad_gallery_fade_in gallery_item\"><a href=\"https:\/\/versautrechose.fr\/portofolio\/wp-content\/uploads\/2015\/12\/Cascd-de-Bousses_1450m-_.jpg\" data-rel=\"lightbox\" class=\"lightboxhover\"><img loading=\"lazy\" decoding=\"async\" src=\"https:\/\/versautrechose.fr\/portofolio\/wp-content\/uploads\/2015\/12\/Cascd-de-Bousses_1450m-_-300x300.jpg\" width=\"300\" height=\"300\" alt=\"Cascade de Bouss\u00e8s - Situ\u00e9e \u00e0 1 400 m, en aval de pont d\u2019Espagne\" srcset=\"https:\/\/versautrechose.fr\/portofolio\/wp-content\/uploads\/2015\/12\/Cascd-de-Bousses_1450m-_-300x300.jpg 300w, https:\/\/versautrechose.fr\/portofolio\/wp-content\/uploads\/2015\/12\/Cascd-de-Bousses_1450m-_-150x150.jpg 150w\" sizes=\"auto, (max-width: 300px) 100vw, 300px\" class=\"light-dropshaddow\"\/><\/a><\/div><\/div><div class=\"tcol-lg-3 tcol-md-3 tcol-sm-4 tcol-xs-6 tcol-ss-12 g_item\"><div class=\"grid_item kad_gallery_fade_in gallery_item\"><a href=\"https:\/\/versautrechose.fr\/portofolio\/wp-content\/uploads\/2015\/12\/Pont_d_Espagne-1496m.jpg\" data-rel=\"lightbox\" class=\"lightboxhover\"><img loading=\"lazy\" decoding=\"async\" src=\"https:\/\/versautrechose.fr\/portofolio\/wp-content\/uploads\/2015\/12\/Pont_d_Espagne-1496m-300x300.jpg\" width=\"300\" height=\"300\" alt=\"Pont d\u2019Espagne\" srcset=\"https:\/\/versautrechose.fr\/portofolio\/wp-content\/uploads\/2015\/12\/Pont_d_Espagne-1496m-300x300.jpg 300w, https:\/\/versautrechose.fr\/portofolio\/wp-content\/uploads\/2015\/12\/Pont_d_Espagne-1496m-150x150.jpg 150w\" sizes=\"auto, (max-width: 300px) 100vw, 300px\" class=\"light-dropshaddow\"\/><\/a><\/div><\/div><div class=\"tcol-lg-3 tcol-md-3 tcol-sm-4 tcol-xs-6 tcol-ss-12 g_item\"><div class=\"grid_item kad_gallery_fade_in gallery_item\"><a href=\"https:\/\/versautrechose.fr\/portofolio\/wp-content\/uploads\/2015\/12\/casc-Pont_d_Espagne.jpg\" data-rel=\"lightbox\" class=\"lightboxhover\"><img loading=\"lazy\" decoding=\"async\" src=\"https:\/\/versautrechose.fr\/portofolio\/wp-content\/uploads\/2015\/12\/casc-Pont_d_Espagne-300x300.jpg\" width=\"300\" height=\"300\" alt=\"Cascade de pont d\u2019Espagne - Situ\u00e9e \u00e0 1 496 m d\u2019altitude, elle est un lieu touristique tr\u00e8s, tr\u00e8s fr\u00e9quent\u00e9... peut- \u00eatre trop \u00e0 mon go\u00fbt ! \" srcset=\"https:\/\/versautrechose.fr\/portofolio\/wp-content\/uploads\/2015\/12\/casc-Pont_d_Espagne-300x300.jpg 300w, https:\/\/versautrechose.fr\/portofolio\/wp-content\/uploads\/2015\/12\/casc-Pont_d_Espagne-150x150.jpg 150w\" sizes=\"auto, (max-width: 300px) 100vw, 300px\" class=\"light-dropshaddow\"\/><\/a><\/div><\/div><div class=\"tcol-lg-3 tcol-md-3 tcol-sm-4 tcol-xs-6 tcol-ss-12 g_item\"><div class=\"grid_item kad_gallery_fade_in gallery_item\"><a href=\"https:\/\/versautrechose.fr\/portofolio\/wp-content\/uploads\/2015\/12\/casc-Gave_de_Gaube-1540m.jpg\" data-rel=\"lightbox\" class=\"lightboxhover\"><img loading=\"lazy\" decoding=\"async\" src=\"https:\/\/versautrechose.fr\/portofolio\/wp-content\/uploads\/2015\/12\/casc-Gave_de_Gaube-1540m-300x300.jpg\" width=\"300\" height=\"300\" alt=\"Le gave de Gaube - Haut de la cascade de pont d\u2019Espagne (1 540 m), sur le chemin qui m\u00e8ne au lac... de Gaube\" srcset=\"https:\/\/versautrechose.fr\/portofolio\/wp-content\/uploads\/2015\/12\/casc-Gave_de_Gaube-1540m-300x300.jpg 300w, https:\/\/versautrechose.fr\/portofolio\/wp-content\/uploads\/2015\/12\/casc-Gave_de_Gaube-1540m-150x150.jpg 150w\" sizes=\"auto, (max-width: 300px) 100vw, 300px\" class=\"light-dropshaddow\"\/><\/a><\/div><\/div><div class=\"tcol-lg-3 tcol-md-3 tcol-sm-4 tcol-xs-6 tcol-ss-12 g_item\"><div class=\"grid_item kad_gallery_fade_in gallery_item\"><a href=\"https:\/\/versautrechose.fr\/portofolio\/wp-content\/uploads\/2015\/12\/Petit-Vignemale_3032m.jpg\" data-rel=\"lightbox\" class=\"lightboxhover\"><img loading=\"lazy\" decoding=\"async\" src=\"https:\/\/versautrechose.fr\/portofolio\/wp-content\/uploads\/2015\/12\/Petit-Vignemale_3032m-300x300.jpg\" width=\"300\" height=\"300\" alt=\"La pointe Chausenque - En arrivant dans la vall\u00e9e de Gaube, avant le lac, le piton Carr\u00e9 3 197 m et la pointe Chausenque 3 204 m\" srcset=\"https:\/\/versautrechose.fr\/portofolio\/wp-content\/uploads\/2015\/12\/Petit-Vignemale_3032m-300x300.jpg 300w, https:\/\/versautrechose.fr\/portofolio\/wp-content\/uploads\/2015\/12\/Petit-Vignemale_3032m-150x150.jpg 150w\" sizes=\"auto, (max-width: 300px) 100vw, 300px\" class=\"light-dropshaddow\"\/><\/a><\/div><\/div><div class=\"tcol-lg-3 tcol-md-3 tcol-sm-4 tcol-xs-6 tcol-ss-12 g_item\"><div class=\"grid_item kad_gallery_fade_in gallery_item\"><a href=\"https:\/\/versautrechose.fr\/portofolio\/wp-content\/uploads\/2015\/12\/Lac_de_gaube.jpg\" data-rel=\"lightbox\" class=\"lightboxhover\"><img loading=\"lazy\" decoding=\"async\" src=\"https:\/\/versautrechose.fr\/portofolio\/wp-content\/uploads\/2015\/12\/Lac_de_gaube-300x300.jpg\" width=\"300\" height=\"300\" alt=\"Le lac de Gaube - \u00c0 1 725 m ; ... au lever du soleil sur le lac il est encore possible de profiter de sa beaut\u00e9 dans le calme et le silence... \" srcset=\"https:\/\/versautrechose.fr\/portofolio\/wp-content\/uploads\/2015\/12\/Lac_de_gaube-300x300.jpg 300w, https:\/\/versautrechose.fr\/portofolio\/wp-content\/uploads\/2015\/12\/Lac_de_gaube-150x150.jpg 150w\" sizes=\"auto, (max-width: 300px) 100vw, 300px\" class=\"light-dropshaddow\"\/><\/a><\/div><\/div><div class=\"tcol-lg-3 tcol-md-3 tcol-sm-4 tcol-xs-6 tcol-ss-12 g_item\"><div class=\"grid_item kad_gallery_fade_in gallery_item\"><a href=\"https:\/\/versautrechose.fr\/portofolio\/wp-content\/uploads\/2015\/12\/Berge_lac_Gaube.jpg\" data-rel=\"lightbox\" class=\"lightboxhover\"><img loading=\"lazy\" decoding=\"async\" src=\"https:\/\/versautrechose.fr\/portofolio\/wp-content\/uploads\/2015\/12\/Berge_lac_Gaube-300x300.jpg\" width=\"300\" height=\"300\" alt=\"Berge ouest du lac...  Aux premiers rayons du soleil de juin, dans la tranquillit\u00e9 du matin, ce lac est un pur bonheur... ! \" srcset=\"https:\/\/versautrechose.fr\/portofolio\/wp-content\/uploads\/2015\/12\/Berge_lac_Gaube-300x300.jpg 300w, https:\/\/versautrechose.fr\/portofolio\/wp-content\/uploads\/2015\/12\/Berge_lac_Gaube-150x150.jpg 150w\" sizes=\"auto, (max-width: 300px) 100vw, 300px\" class=\"light-dropshaddow\"\/><\/a><\/div><\/div><div class=\"tcol-lg-3 tcol-md-3 tcol-sm-4 tcol-xs-6 tcol-ss-12 g_item\"><div class=\"grid_item kad_gallery_fade_in gallery_item\"><a href=\"https:\/\/versautrechose.fr\/portofolio\/wp-content\/uploads\/2015\/12\/Gaube-berge.jpg\" data-rel=\"lightbox\" class=\"lightboxhover\"><img loading=\"lazy\" decoding=\"async\" src=\"https:\/\/versautrechose.fr\/portofolio\/wp-content\/uploads\/2015\/12\/Gaube-berge-300x300.jpg\" width=\"300\" height=\"300\" alt=\"Vers le sud du lac...\" srcset=\"https:\/\/versautrechose.fr\/portofolio\/wp-content\/uploads\/2015\/12\/Gaube-berge-300x300.jpg 300w, https:\/\/versautrechose.fr\/portofolio\/wp-content\/uploads\/2015\/12\/Gaube-berge-150x150.jpg 150w\" sizes=\"auto, (max-width: 300px) 100vw, 300px\" class=\"light-dropshaddow\"\/><\/a><\/div><\/div><div class=\"tcol-lg-3 tcol-md-3 tcol-sm-4 tcol-xs-6 tcol-ss-12 g_item\"><div class=\"grid_item kad_gallery_fade_in gallery_item\"><a href=\"https:\/\/versautrechose.fr\/portofolio\/wp-content\/uploads\/2015\/12\/Gaube-1725m.jpg\" data-rel=\"lightbox\" class=\"lightboxhover\"><img loading=\"lazy\" decoding=\"async\" src=\"https:\/\/versautrechose.fr\/portofolio\/wp-content\/uploads\/2015\/12\/Gaube-1725m-300x300.jpg\" width=\"300\" height=\"300\" alt=\"Vers le nord... Vue sur le nord du lac\" srcset=\"https:\/\/versautrechose.fr\/portofolio\/wp-content\/uploads\/2015\/12\/Gaube-1725m-300x300.jpg 300w, https:\/\/versautrechose.fr\/portofolio\/wp-content\/uploads\/2015\/12\/Gaube-1725m-150x150.jpg 150w\" sizes=\"auto, (max-width: 300px) 100vw, 300px\" class=\"light-dropshaddow\"\/><\/a><\/div><\/div><div class=\"tcol-lg-3 tcol-md-3 tcol-sm-4 tcol-xs-6 tcol-ss-12 g_item\"><div class=\"grid_item kad_gallery_fade_in gallery_item\"><a href=\"https:\/\/versautrechose.fr\/portofolio\/wp-content\/uploads\/2015\/12\/Gaube_berge-sud.jpg\" data-rel=\"lightbox\" class=\"lightboxhover\"><img loading=\"lazy\" decoding=\"async\" src=\"https:\/\/versautrechose.fr\/portofolio\/wp-content\/uploads\/2015\/12\/Gaube_berge-sud-300x300.jpg\" width=\"300\" height=\"300\" alt=\"La berge sud du lac...\" srcset=\"https:\/\/versautrechose.fr\/portofolio\/wp-content\/uploads\/2015\/12\/Gaube_berge-sud-300x300.jpg 300w, https:\/\/versautrechose.fr\/portofolio\/wp-content\/uploads\/2015\/12\/Gaube_berge-sud-150x150.jpg 150w\" sizes=\"auto, (max-width: 300px) 100vw, 300px\" class=\"light-dropshaddow\"\/><\/a><\/div><\/div><div class=\"tcol-lg-3 tcol-md-3 tcol-sm-4 tcol-xs-6 tcol-ss-12 g_item\"><div class=\"grid_item kad_gallery_fade_in gallery_item\"><a href=\"https:\/\/versautrechose.fr\/portofolio\/wp-content\/uploads\/2015\/12\/Valle_e_de_Gaube-1850m.jpg\" data-rel=\"lightbox\" class=\"lightboxhover\"><img loading=\"lazy\" decoding=\"async\" src=\"https:\/\/versautrechose.fr\/portofolio\/wp-content\/uploads\/2015\/12\/Valle_e_de_Gaube-1850m-300x300.jpg\" width=\"300\" height=\"300\" alt=\"Vall\u00e9e de Gaube - Rhododendrons le long du sentier (\u00e0 1 850 m en amont du lac) qui m\u00e8ne aux Oulettes\" srcset=\"https:\/\/versautrechose.fr\/portofolio\/wp-content\/uploads\/2015\/12\/Valle_e_de_Gaube-1850m-300x300.jpg 300w, https:\/\/versautrechose.fr\/portofolio\/wp-content\/uploads\/2015\/12\/Valle_e_de_Gaube-1850m-150x150.jpg 150w\" sizes=\"auto, (max-width: 300px) 100vw, 300px\" class=\"light-dropshaddow\"\/><\/a><\/div><\/div><div class=\"tcol-lg-3 tcol-md-3 tcol-sm-4 tcol-xs-6 tcol-ss-12 g_item\"><div class=\"grid_item kad_gallery_fade_in gallery_item\"><a href=\"https:\/\/versautrechose.fr\/portofolio\/wp-content\/uploads\/2015\/12\/casc-Esplumouse-1949m.jpg\" data-rel=\"lightbox\" class=\"lightboxhover\"><img loading=\"lazy\" decoding=\"async\" src=\"https:\/\/versautrechose.fr\/portofolio\/wp-content\/uploads\/2015\/12\/casc-Esplumouse-1949m-300x300.jpg\" width=\"300\" height=\"300\" alt=\"Cascade Esplumouse - \u00c0 1 949 m d\u2019altitude\" srcset=\"https:\/\/versautrechose.fr\/portofolio\/wp-content\/uploads\/2015\/12\/casc-Esplumouse-1949m-300x300.jpg 300w, https:\/\/versautrechose.fr\/portofolio\/wp-content\/uploads\/2015\/12\/casc-Esplumouse-1949m-150x150.jpg 150w\" sizes=\"auto, (max-width: 300px) 100vw, 300px\" class=\"light-dropshaddow\"\/><\/a><\/div><\/div><div class=\"tcol-lg-3 tcol-md-3 tcol-sm-4 tcol-xs-6 tcol-ss-12 g_item\"><div class=\"grid_item kad_gallery_fade_in gallery_item\"><a href=\"https:\/\/versautrechose.fr\/portofolio\/wp-content\/uploads\/2015\/12\/casc-_Esplumouse.jpg\" data-rel=\"lightbox\" class=\"lightboxhover\"><img loading=\"lazy\" decoding=\"async\" src=\"https:\/\/versautrechose.fr\/portofolio\/wp-content\/uploads\/2015\/12\/casc-_Esplumouse-300x300.jpg\" width=\"300\" height=\"300\" alt=\"Esplumouse - La cascade vue du sentier... \" srcset=\"https:\/\/versautrechose.fr\/portofolio\/wp-content\/uploads\/2015\/12\/casc-_Esplumouse-300x300.jpg 300w, https:\/\/versautrechose.fr\/portofolio\/wp-content\/uploads\/2015\/12\/casc-_Esplumouse-150x150.jpg 150w\" sizes=\"auto, (max-width: 300px) 100vw, 300px\" class=\"light-dropshaddow\"\/><\/a><\/div><\/div><div class=\"tcol-lg-3 tcol-md-3 tcol-sm-4 tcol-xs-6 tcol-ss-12 g_item\"><div class=\"grid_item kad_gallery_fade_in gallery_item\"><a href=\"https:\/\/versautrechose.fr\/portofolio\/wp-content\/uploads\/2015\/12\/Gave_des_Oulettes-2050m.jpg\" data-rel=\"lightbox\" class=\"lightboxhover\"><img loading=\"lazy\" decoding=\"async\" src=\"https:\/\/versautrechose.fr\/portofolio\/wp-content\/uploads\/2015\/12\/Gave_des_Oulettes-2050m-300x300.jpg\" width=\"300\" height=\"300\" alt=\"Gave des Oulettes de Gaube - Arriv\u00e9e en vue du Vignemale \" srcset=\"https:\/\/versautrechose.fr\/portofolio\/wp-content\/uploads\/2015\/12\/Gave_des_Oulettes-2050m-300x300.jpg 300w, https:\/\/versautrechose.fr\/portofolio\/wp-content\/uploads\/2015\/12\/Gave_des_Oulettes-2050m-150x150.jpg 150w\" sizes=\"auto, (max-width: 300px) 100vw, 300px\" class=\"light-dropshaddow\"\/><\/a><\/div><\/div><div class=\"tcol-lg-3 tcol-md-3 tcol-sm-4 tcol-xs-6 tcol-ss-12 g_item\"><div class=\"grid_item kad_gallery_fade_in gallery_item\"><a href=\"https:\/\/versautrechose.fr\/portofolio\/wp-content\/uploads\/2015\/12\/Gave_Oulettes_de_Gaube.jpg\" data-rel=\"lightbox\" class=\"lightboxhover\"><img loading=\"lazy\" decoding=\"async\" src=\"https:\/\/versautrechose.fr\/portofolio\/wp-content\/uploads\/2015\/12\/Gave_Oulettes_de_Gaube-300x300.jpg\" width=\"300\" height=\"300\" alt=\"Gave et vall\u00e9e de Gaube\" srcset=\"https:\/\/versautrechose.fr\/portofolio\/wp-content\/uploads\/2015\/12\/Gave_Oulettes_de_Gaube-300x300.jpg 300w, https:\/\/versautrechose.fr\/portofolio\/wp-content\/uploads\/2015\/12\/Gave_Oulettes_de_Gaube-150x150.jpg 150w\" sizes=\"auto, (max-width: 300px) 100vw, 300px\" class=\"light-dropshaddow\"\/><\/a><\/div><\/div><div class=\"tcol-lg-3 tcol-md-3 tcol-sm-4 tcol-xs-6 tcol-ss-12 g_item\"><div class=\"grid_item kad_gallery_fade_in gallery_item\"><a href=\"https:\/\/versautrechose.fr\/portofolio\/wp-content\/uploads\/2015\/12\/Pt_et_gd_Vignemale.jpg\" data-rel=\"lightbox\" class=\"lightboxhover\"><img loading=\"lazy\" decoding=\"async\" src=\"https:\/\/versautrechose.fr\/portofolio\/wp-content\/uploads\/2015\/12\/Pt_et_gd_Vignemale-300x300.jpg\" width=\"300\" height=\"300\" alt=\"Cascade Darr\u00e9 Splumouse et le Vignemale\" srcset=\"https:\/\/versautrechose.fr\/portofolio\/wp-content\/uploads\/2015\/12\/Pt_et_gd_Vignemale-300x300.jpg 300w, https:\/\/versautrechose.fr\/portofolio\/wp-content\/uploads\/2015\/12\/Pt_et_gd_Vignemale-150x150.jpg 150w\" sizes=\"auto, (max-width: 300px) 100vw, 300px\" class=\"light-dropshaddow\"\/><\/a><\/div><\/div><div class=\"tcol-lg-3 tcol-md-3 tcol-sm-4 tcol-xs-6 tcol-ss-12 g_item\"><div class=\"grid_item kad_gallery_fade_in gallery_item\"><a href=\"https:\/\/versautrechose.fr\/portofolio\/wp-content\/uploads\/2015\/12\/IMG_20240414_0001-Copie.jpg\" data-rel=\"lightbox\" class=\"lightboxhover\"><img loading=\"lazy\" decoding=\"async\" src=\"https:\/\/versautrechose.fr\/portofolio\/wp-content\/uploads\/2015\/12\/IMG_20240414_0001-Copie-300x300.jpg\" width=\"300\" height=\"300\" alt=\"Cascade Darr\u00e9 Splumouse\" srcset=\"https:\/\/versautrechose.fr\/portofolio\/wp-content\/uploads\/2015\/12\/IMG_20240414_0001-Copie-300x300.jpg 300w, https:\/\/versautrechose.fr\/portofolio\/wp-content\/uploads\/2015\/12\/IMG_20240414_0001-Copie-150x150.jpg 150w\" sizes=\"auto, (max-width: 300px) 100vw, 300px\" class=\"light-dropshaddow\"\/><\/a><\/div><\/div><div class=\"tcol-lg-3 tcol-md-3 tcol-sm-4 tcol-xs-6 tcol-ss-12 g_item\"><div class=\"grid_item kad_gallery_fade_in gallery_item\"><a href=\"https:\/\/versautrechose.fr\/portofolio\/wp-content\/uploads\/2015\/12\/compt_florale.jpg\" data-rel=\"lightbox\" class=\"lightboxhover\"><img loading=\"lazy\" decoding=\"async\" src=\"https:\/\/versautrechose.fr\/portofolio\/wp-content\/uploads\/2015\/12\/compt_florale-300x300.jpg\" width=\"300\" height=\"300\" alt=\"Fleurs des Pyr\u00e9n\u00e9es - Composition florale naturelle \u00e0 2 060 m d\u2019altitude\" srcset=\"https:\/\/versautrechose.fr\/portofolio\/wp-content\/uploads\/2015\/12\/compt_florale-300x300.jpg 300w, https:\/\/versautrechose.fr\/portofolio\/wp-content\/uploads\/2015\/12\/compt_florale-150x150.jpg 150w\" sizes=\"auto, (max-width: 300px) 100vw, 300px\" class=\"light-dropshaddow\"\/><\/a><\/div><\/div><div class=\"tcol-lg-3 tcol-md-3 tcol-sm-4 tcol-xs-6 tcol-ss-12 g_item\"><div class=\"grid_item kad_gallery_fade_in gallery_item\"><a href=\"https:\/\/versautrechose.fr\/portofolio\/wp-content\/uploads\/2015\/12\/Fleurs_Petite-Tortue_2100m.jpg\" data-rel=\"lightbox\" class=\"lightboxhover\"><img loading=\"lazy\" decoding=\"async\" src=\"https:\/\/versautrechose.fr\/portofolio\/wp-content\/uploads\/2015\/12\/Fleurs_Petite-Tortue_2100m-300x300.jpg\" width=\"300\" height=\"300\" alt=\"Papillon petite tortue -  Aux Petites Oulettes... \" srcset=\"https:\/\/versautrechose.fr\/portofolio\/wp-content\/uploads\/2015\/12\/Fleurs_Petite-Tortue_2100m-300x300.jpg 300w, https:\/\/versautrechose.fr\/portofolio\/wp-content\/uploads\/2015\/12\/Fleurs_Petite-Tortue_2100m-150x150.jpg 150w\" sizes=\"auto, (max-width: 300px) 100vw, 300px\" class=\"light-dropshaddow\"\/><\/a><\/div><\/div><div class=\"tcol-lg-3 tcol-md-3 tcol-sm-4 tcol-xs-6 tcol-ss-12 g_item\"><div class=\"grid_item kad_gallery_fade_in gallery_item\"><a href=\"https:\/\/versautrechose.fr\/portofolio\/wp-content\/uploads\/2015\/12\/Chardon.jpg\" data-rel=\"lightbox\" class=\"lightboxhover\"><img loading=\"lazy\" decoding=\"async\" src=\"https:\/\/versautrechose.fr\/portofolio\/wp-content\/uploads\/2015\/12\/Chardon-300x300.jpg\" width=\"300\" height=\"300\" alt=\"Chardon fausse carline\" srcset=\"https:\/\/versautrechose.fr\/portofolio\/wp-content\/uploads\/2015\/12\/Chardon-300x300.jpg 300w, https:\/\/versautrechose.fr\/portofolio\/wp-content\/uploads\/2015\/12\/Chardon-150x150.jpg 150w\" sizes=\"auto, (max-width: 300px) 100vw, 300px\" class=\"light-dropshaddow\"\/><\/a><\/div><\/div><div class=\"tcol-lg-3 tcol-md-3 tcol-sm-4 tcol-xs-6 tcol-ss-12 g_item\"><div class=\"grid_item kad_gallery_fade_in gallery_item\"><a href=\"https:\/\/versautrechose.fr\/portofolio\/wp-content\/uploads\/2015\/12\/arrv_Oulettes-2150.jpg\" data-rel=\"lightbox\" class=\"lightboxhover\"><img loading=\"lazy\" decoding=\"async\" src=\"https:\/\/versautrechose.fr\/portofolio\/wp-content\/uploads\/2015\/12\/arrv_Oulettes-2150-300x300.jpg\" width=\"300\" height=\"300\" alt=\"Arriv\u00e9e aux Oulettes...\" srcset=\"https:\/\/versautrechose.fr\/portofolio\/wp-content\/uploads\/2015\/12\/arrv_Oulettes-2150-300x300.jpg 300w, https:\/\/versautrechose.fr\/portofolio\/wp-content\/uploads\/2015\/12\/arrv_Oulettes-2150-150x150.jpg 150w\" sizes=\"auto, (max-width: 300px) 100vw, 300px\" class=\"light-dropshaddow\"\/><\/a><\/div><\/div><div class=\"tcol-lg-3 tcol-md-3 tcol-sm-4 tcol-xs-6 tcol-ss-12 g_item\"><div class=\"grid_item kad_gallery_fade_in gallery_item\"><a href=\"https:\/\/versautrechose.fr\/portofolio\/wp-content\/uploads\/2015\/12\/IMG_20240409_0019-Copie.jpg\" data-rel=\"lightbox\" class=\"lightboxhover\"><img loading=\"lazy\" decoding=\"async\" src=\"https:\/\/versautrechose.fr\/portofolio\/wp-content\/uploads\/2015\/12\/IMG_20240409_0019-Copie-300x300.jpg\" width=\"300\" height=\"300\" alt=\"\" srcset=\"https:\/\/versautrechose.fr\/portofolio\/wp-content\/uploads\/2015\/12\/IMG_20240409_0019-Copie-300x300.jpg 300w, https:\/\/versautrechose.fr\/portofolio\/wp-content\/uploads\/2015\/12\/IMG_20240409_0019-Copie-150x150.jpg 150w\" sizes=\"auto, (max-width: 300px) 100vw, 300px\" class=\"light-dropshaddow\"\/><\/a><\/div><\/div><div class=\"tcol-lg-3 tcol-md-3 tcol-sm-4 tcol-xs-6 tcol-ss-12 g_item\"><div class=\"grid_item kad_gallery_fade_in gallery_item\"><a href=\"https:\/\/versautrechose.fr\/portofolio\/wp-content\/uploads\/2015\/12\/Sentinelle.jpg\" data-rel=\"lightbox\" class=\"lightboxhover\"><img loading=\"lazy\" decoding=\"async\" src=\"https:\/\/versautrechose.fr\/portofolio\/wp-content\/uploads\/2015\/12\/Sentinelle-300x300.jpg\" width=\"300\" height=\"300\" alt=\"Marmotte... Sentinelle aux Oulettes... \" srcset=\"https:\/\/versautrechose.fr\/portofolio\/wp-content\/uploads\/2015\/12\/Sentinelle-300x300.jpg 300w, https:\/\/versautrechose.fr\/portofolio\/wp-content\/uploads\/2015\/12\/Sentinelle-150x150.jpg 150w\" sizes=\"auto, (max-width: 300px) 100vw, 300px\" class=\"light-dropshaddow\"\/><\/a><\/div><\/div><div class=\"tcol-lg-3 tcol-md-3 tcol-sm-4 tcol-xs-6 tcol-ss-12 g_item\"><div class=\"grid_item kad_gallery_fade_in gallery_item\"><a href=\"https:\/\/versautrechose.fr\/portofolio\/wp-content\/uploads\/2015\/12\/On_gratte.jpg\" data-rel=\"lightbox\" class=\"lightboxhover\"><img loading=\"lazy\" decoding=\"async\" src=\"https:\/\/versautrechose.fr\/portofolio\/wp-content\/uploads\/2015\/12\/On_gratte-300x300.jpg\" width=\"300\" height=\"300\" alt=\"On gratte... Marmotte au poil soyeux\" srcset=\"https:\/\/versautrechose.fr\/portofolio\/wp-content\/uploads\/2015\/12\/On_gratte-300x300.jpg 300w, https:\/\/versautrechose.fr\/portofolio\/wp-content\/uploads\/2015\/12\/On_gratte-150x150.jpg 150w\" sizes=\"auto, (max-width: 300px) 100vw, 300px\" class=\"light-dropshaddow\"\/><\/a><\/div><\/div><div class=\"tcol-lg-3 tcol-md-3 tcol-sm-4 tcol-xs-6 tcol-ss-12 g_item\"><div class=\"grid_item kad_gallery_fade_in gallery_item\"><a href=\"https:\/\/versautrechose.fr\/portofolio\/wp-content\/uploads\/2015\/12\/Oulettes_Vignemale_2360m.jpg\" data-rel=\"lightbox\" class=\"lightboxhover\"><img loading=\"lazy\" decoding=\"async\" src=\"https:\/\/versautrechose.fr\/portofolio\/wp-content\/uploads\/2015\/12\/Oulettes_Vignemale_2360m-300x300.jpg\" width=\"300\" height=\"300\" alt=\"Oulettes du Vignemale - Arriv\u00e9e au refuge des Oulettes \u00e0 2 150 m\" srcset=\"https:\/\/versautrechose.fr\/portofolio\/wp-content\/uploads\/2015\/12\/Oulettes_Vignemale_2360m-300x300.jpg 300w, https:\/\/versautrechose.fr\/portofolio\/wp-content\/uploads\/2015\/12\/Oulettes_Vignemale_2360m-150x150.jpg 150w\" sizes=\"auto, (max-width: 300px) 100vw, 300px\" class=\"light-dropshaddow\"\/><\/a><\/div><\/div><div class=\"tcol-lg-3 tcol-md-3 tcol-sm-4 tcol-xs-6 tcol-ss-12 g_item\"><div class=\"grid_item kad_gallery_fade_in gallery_item\"><a href=\"https:\/\/versautrechose.fr\/portofolio\/wp-content\/uploads\/2015\/12\/IMG_20240410_000-5-Copie6.jpg\" data-rel=\"lightbox\" class=\"lightboxhover\"><img loading=\"lazy\" decoding=\"async\" src=\"https:\/\/versautrechose.fr\/portofolio\/wp-content\/uploads\/2015\/12\/IMG_20240410_000-5-Copie6-300x300.jpg\" width=\"300\" height=\"300\" alt=\"Le Vignemale la face Nord, - \u00e0 3 298 m d\u2019altitude, ce bloc de roche dress\u00e9 vers le ciel, est une force magn\u00e9tique qui impr\u00e8gne de sa puissance\" srcset=\"https:\/\/versautrechose.fr\/portofolio\/wp-content\/uploads\/2015\/12\/IMG_20240410_000-5-Copie6-300x300.jpg 300w, https:\/\/versautrechose.fr\/portofolio\/wp-content\/uploads\/2015\/12\/IMG_20240410_000-5-Copie6-150x150.jpg 150w\" sizes=\"auto, (max-width: 300px) 100vw, 300px\" class=\"light-dropshaddow\"\/><\/a><\/div><\/div><div class=\"tcol-lg-3 tcol-md-3 tcol-sm-4 tcol-xs-6 tcol-ss-12 g_item\"><div class=\"grid_item kad_gallery_fade_in gallery_item\"><a href=\"https:\/\/versautrechose.fr\/portofolio\/wp-content\/uploads\/2015\/12\/IMG_20240410_000-2-Copie4.jpg\" data-rel=\"lightbox\" class=\"lightboxhover\"><img loading=\"lazy\" decoding=\"async\" src=\"https:\/\/versautrechose.fr\/portofolio\/wp-content\/uploads\/2015\/12\/IMG_20240410_000-2-Copie4-300x300.jpg\" width=\"300\" height=\"300\" alt=\"Glacier Pique Longue, glacier au pied du Vignemale en 2007\" srcset=\"https:\/\/versautrechose.fr\/portofolio\/wp-content\/uploads\/2015\/12\/IMG_20240410_000-2-Copie4-300x300.jpg 300w, https:\/\/versautrechose.fr\/portofolio\/wp-content\/uploads\/2015\/12\/IMG_20240410_000-2-Copie4-150x150.jpg 150w\" sizes=\"auto, (max-width: 300px) 100vw, 300px\" class=\"light-dropshaddow\"\/><\/a><\/div><\/div><div class=\"tcol-lg-3 tcol-md-3 tcol-sm-4 tcol-xs-6 tcol-ss-12 g_item\"><div class=\"grid_item kad_gallery_fade_in gallery_item\"><a href=\"https:\/\/versautrechose.fr\/portofolio\/wp-content\/uploads\/2015\/12\/Glacier_des_Oulettes-2509.jpg\" data-rel=\"lightbox\" class=\"lightboxhover\"><img loading=\"lazy\" decoding=\"async\" src=\"https:\/\/versautrechose.fr\/portofolio\/wp-content\/uploads\/2015\/12\/Glacier_des_Oulettes-2509-300x300.jpg\" width=\"300\" height=\"300\" alt=\"Glacier des Oulettes - Glacier au pied du Vignemale \u00e0 2 509 m, qui recule comme tout les glaciers des pays temp\u00e9r\u00e9s... \" srcset=\"https:\/\/versautrechose.fr\/portofolio\/wp-content\/uploads\/2015\/12\/Glacier_des_Oulettes-2509-300x300.jpg 300w, https:\/\/versautrechose.fr\/portofolio\/wp-content\/uploads\/2015\/12\/Glacier_des_Oulettes-2509-150x150.jpg 150w\" sizes=\"auto, (max-width: 300px) 100vw, 300px\" class=\"light-dropshaddow\"\/><\/a><\/div><\/div><div class=\"tcol-lg-3 tcol-md-3 tcol-sm-4 tcol-xs-6 tcol-ss-12 g_item\"><div class=\"grid_item kad_gallery_fade_in gallery_item\"><a href=\"https:\/\/versautrechose.fr\/portofolio\/wp-content\/uploads\/2015\/12\/IMG_20240410_0004-Copie9.jpg\" data-rel=\"lightbox\" class=\"lightboxhover\"><img loading=\"lazy\" decoding=\"async\" src=\"https:\/\/versautrechose.fr\/portofolio\/wp-content\/uploads\/2015\/12\/IMG_20240410_0004-Copie9-300x300.jpg\" width=\"300\" height=\"300\" alt=\"Le Vignemale... Vu sous sa face est, du Col d\u2019Estom Soubiran (2 652 m)\" srcset=\"https:\/\/versautrechose.fr\/portofolio\/wp-content\/uploads\/2015\/12\/IMG_20240410_0004-Copie9-300x300.jpg 300w, https:\/\/versautrechose.fr\/portofolio\/wp-content\/uploads\/2015\/12\/IMG_20240410_0004-Copie9-150x150.jpg 150w\" sizes=\"auto, (max-width: 300px) 100vw, 300px\" class=\"light-dropshaddow\"\/><\/a><\/div><\/div><div class=\"tcol-lg-3 tcol-md-3 tcol-sm-4 tcol-xs-6 tcol-ss-12 g_item\"><div class=\"grid_item kad_gallery_fade_in gallery_item\"><a href=\"https:\/\/versautrechose.fr\/portofolio\/wp-content\/uploads\/2015\/12\/IMG_20240409_0003-Copie3.jpg\" data-rel=\"lightbox\" class=\"lightboxhover\"><img loading=\"lazy\" decoding=\"async\" src=\"https:\/\/versautrechose.fr\/portofolio\/wp-content\/uploads\/2015\/12\/IMG_20240409_0003-Copie3-300x300.jpg\" width=\"300\" height=\"300\" alt=\"Col d\u2019Estom Soubiran - Le Vignemale dans l\u2019\u00e9chancrure sur le sentier qui m\u00e8ne au col des Gentianes...\" srcset=\"https:\/\/versautrechose.fr\/portofolio\/wp-content\/uploads\/2015\/12\/IMG_20240409_0003-Copie3-300x300.jpg 300w, https:\/\/versautrechose.fr\/portofolio\/wp-content\/uploads\/2015\/12\/IMG_20240409_0003-Copie3-150x150.jpg 150w\" sizes=\"auto, (max-width: 300px) 100vw, 300px\" class=\"light-dropshaddow\"\/><\/a><\/div><\/div><div class=\"tcol-lg-3 tcol-md-3 tcol-sm-4 tcol-xs-6 tcol-ss-12 g_item\"><div class=\"grid_item kad_gallery_fade_in gallery_item\"><a href=\"https:\/\/versautrechose.fr\/portofolio\/wp-content\/uploads\/2015\/12\/IMG_20240410_0002-Copie8.jpg\" data-rel=\"lightbox\" class=\"lightboxhover\"><img loading=\"lazy\" decoding=\"async\" src=\"https:\/\/versautrechose.fr\/portofolio\/wp-content\/uploads\/2015\/12\/IMG_20240410_0002-Copie8-300x300.jpg\" width=\"300\" height=\"300\" alt=\"Le Vignemale... Vu du Col des Gentianes (2 729 m)\" srcset=\"https:\/\/versautrechose.fr\/portofolio\/wp-content\/uploads\/2015\/12\/IMG_20240410_0002-Copie8-300x300.jpg 300w, https:\/\/versautrechose.fr\/portofolio\/wp-content\/uploads\/2015\/12\/IMG_20240410_0002-Copie8-150x150.jpg 150w\" sizes=\"auto, (max-width: 300px) 100vw, 300px\" class=\"light-dropshaddow\"\/><\/a><\/div><\/div><div class=\"tcol-lg-3 tcol-md-3 tcol-sm-4 tcol-xs-6 tcol-ss-12 g_item\"><div class=\"grid_item kad_gallery_fade_in gallery_item\"><a href=\"https:\/\/versautrechose.fr\/portofolio\/wp-content\/uploads\/2015\/12\/IMG_20240409_000-3-Copie2.jpg\" data-rel=\"lightbox\" class=\"lightboxhover\"><img loading=\"lazy\" decoding=\"async\" src=\"https:\/\/versautrechose.fr\/portofolio\/wp-content\/uploads\/2015\/12\/IMG_20240409_000-3-Copie2-300x300.jpg\" width=\"300\" height=\"300\" alt=\"Glacier d\u2019Ossue - Entre le Vignemale (\u00e0 droite) et Montferra, 3 219 m (\u00e0 gauche), le glacier \u00e0 3 150 m, vu du Col des Gentianes\" srcset=\"https:\/\/versautrechose.fr\/portofolio\/wp-content\/uploads\/2015\/12\/IMG_20240409_000-3-Copie2-300x300.jpg 300w, https:\/\/versautrechose.fr\/portofolio\/wp-content\/uploads\/2015\/12\/IMG_20240409_000-3-Copie2-150x150.jpg 150w\" sizes=\"auto, (max-width: 300px) 100vw, 300px\" class=\"light-dropshaddow\"\/><\/a><\/div><\/div><div class=\"tcol-lg-3 tcol-md-3 tcol-sm-4 tcol-xs-6 tcol-ss-12 g_item\"><div class=\"grid_item kad_gallery_fade_in gallery_item\"><a href=\"https:\/\/versautrechose.fr\/portofolio\/wp-content\/uploads\/2015\/12\/IMG_20240410_000-4-Copie5.jpg\" data-rel=\"lightbox\" class=\"lightboxhover\"><img loading=\"lazy\" decoding=\"async\" src=\"https:\/\/versautrechose.fr\/portofolio\/wp-content\/uploads\/2015\/12\/IMG_20240410_000-4-Copie5-300x300.jpg\" width=\"300\" height=\"300\" alt=\"Glacier d\u2019Ossue en 2007\" srcset=\"https:\/\/versautrechose.fr\/portofolio\/wp-content\/uploads\/2015\/12\/IMG_20240410_000-4-Copie5-300x300.jpg 300w, https:\/\/versautrechose.fr\/portofolio\/wp-content\/uploads\/2015\/12\/IMG_20240410_000-4-Copie5-150x150.jpg 150w\" sizes=\"auto, (max-width: 300px) 100vw, 300px\" class=\"light-dropshaddow\"\/><\/a><\/div><\/div><div class=\"tcol-lg-3 tcol-md-3 tcol-sm-4 tcol-xs-6 tcol-ss-12 g_item\"><div class=\"grid_item kad_gallery_fade_in gallery_item\"><a href=\"https:\/\/versautrechose.fr\/portofolio\/wp-content\/uploads\/2015\/12\/IMG_20240409_000-1-Copie1.jpg\" data-rel=\"lightbox\" class=\"lightboxhover\"><img loading=\"lazy\" decoding=\"async\" src=\"https:\/\/versautrechose.fr\/portofolio\/wp-content\/uploads\/2015\/12\/IMG_20240409_000-1-Copie1-300x300.jpg\" width=\"300\" height=\"300\" alt=\"Glacier d\u2019Ossue en 2007\" srcset=\"https:\/\/versautrechose.fr\/portofolio\/wp-content\/uploads\/2015\/12\/IMG_20240409_000-1-Copie1-300x300.jpg 300w, https:\/\/versautrechose.fr\/portofolio\/wp-content\/uploads\/2015\/12\/IMG_20240409_000-1-Copie1-150x150.jpg 150w\" sizes=\"auto, (max-width: 300px) 100vw, 300px\" class=\"light-dropshaddow\"\/><\/a><\/div><\/div><div class=\"tcol-lg-3 tcol-md-3 tcol-sm-4 tcol-xs-6 tcol-ss-12 g_item\"><div class=\"grid_item kad_gallery_fade_in gallery_item\"><a href=\"https:\/\/versautrechose.fr\/portofolio\/wp-content\/uploads\/2015\/12\/Vignemale-Ouest.jpg\" data-rel=\"lightbox\" class=\"lightboxhover\"><img loading=\"lazy\" decoding=\"async\" src=\"https:\/\/versautrechose.fr\/portofolio\/wp-content\/uploads\/2015\/12\/Vignemale-Ouest-300x300.jpg\" width=\"300\" height=\"300\" alt=\"Le Vignemale... versant espagnol - Vue sur la face ouest, du sentier au lac de N\u00e8re...\" srcset=\"https:\/\/versautrechose.fr\/portofolio\/wp-content\/uploads\/2015\/12\/Vignemale-Ouest-300x300.jpg 300w, https:\/\/versautrechose.fr\/portofolio\/wp-content\/uploads\/2015\/12\/Vignemale-Ouest-150x150.jpg 150w\" sizes=\"auto, (max-width: 300px) 100vw, 300px\" class=\"light-dropshaddow\"\/><\/a><\/div><\/div><div class=\"tcol-lg-3 tcol-md-3 tcol-sm-4 tcol-xs-6 tcol-ss-12 g_item\"><div class=\"grid_item kad_gallery_fade_in gallery_item\"><a href=\"https:\/\/versautrechose.fr\/portofolio\/wp-content\/uploads\/2015\/12\/nuages-Vignemale.jpg\" data-rel=\"lightbox\" class=\"lightboxhover\"><img loading=\"lazy\" decoding=\"async\" src=\"https:\/\/versautrechose.fr\/portofolio\/wp-content\/uploads\/2015\/12\/nuages-Vignemale-300x300.jpg\" width=\"300\" height=\"300\" alt=\"Vignemale et nuages...\" srcset=\"https:\/\/versautrechose.fr\/portofolio\/wp-content\/uploads\/2015\/12\/nuages-Vignemale-300x300.jpg 300w, https:\/\/versautrechose.fr\/portofolio\/wp-content\/uploads\/2015\/12\/nuages-Vignemale-150x150.jpg 150w\" sizes=\"auto, (max-width: 300px) 100vw, 300px\" class=\"light-dropshaddow\"\/><\/a><\/div><\/div><div class=\"tcol-lg-3 tcol-md-3 tcol-sm-4 tcol-xs-6 tcol-ss-12 g_item\"><div class=\"grid_item kad_gallery_fade_in gallery_item\"><a href=\"https:\/\/versautrechose.fr\/portofolio\/wp-content\/uploads\/2015\/12\/Les_Oulettes.jpg\" data-rel=\"lightbox\" class=\"lightboxhover\"><img loading=\"lazy\" decoding=\"async\" src=\"https:\/\/versautrechose.fr\/portofolio\/wp-content\/uploads\/2015\/12\/Les_Oulettes-300x300.jpg\" width=\"300\" height=\"300\" alt=\"D\u00e9part des Oulettes...\" srcset=\"https:\/\/versautrechose.fr\/portofolio\/wp-content\/uploads\/2015\/12\/Les_Oulettes-300x300.jpg 300w, https:\/\/versautrechose.fr\/portofolio\/wp-content\/uploads\/2015\/12\/Les_Oulettes-150x150.jpg 150w\" sizes=\"auto, (max-width: 300px) 100vw, 300px\" class=\"light-dropshaddow\"\/><\/a><\/div><\/div><div class=\"tcol-lg-3 tcol-md-3 tcol-sm-4 tcol-xs-6 tcol-ss-12 g_item\"><div class=\"grid_item kad_gallery_fade_in gallery_item\"><a href=\"https:\/\/versautrechose.fr\/portofolio\/wp-content\/uploads\/2015\/12\/Oulettes-nuages-Vignemale.jpg\" data-rel=\"lightbox\" class=\"lightboxhover\"><img loading=\"lazy\" decoding=\"async\" src=\"https:\/\/versautrechose.fr\/portofolio\/wp-content\/uploads\/2015\/12\/Oulettes-nuages-Vignemale-300x300.jpg\" width=\"300\" height=\"300\" alt=\"Derniers regards... Quitter la magnificence de ces lieux m\u2019a \u00e9t\u00e9 difficile... \" srcset=\"https:\/\/versautrechose.fr\/portofolio\/wp-content\/uploads\/2015\/12\/Oulettes-nuages-Vignemale-300x300.jpg 300w, https:\/\/versautrechose.fr\/portofolio\/wp-content\/uploads\/2015\/12\/Oulettes-nuages-Vignemale-150x150.jpg 150w\" sizes=\"auto, (max-width: 300px) 100vw, 300px\" class=\"light-dropshaddow\"\/><\/a><\/div><\/div><div class=\"tcol-lg-3 tcol-md-3 tcol-sm-4 tcol-xs-6 tcol-ss-12 g_item\"><div class=\"grid_item kad_gallery_fade_in gallery_item\"><a href=\"https:\/\/versautrechose.fr\/portofolio\/wp-content\/uploads\/2015\/12\/Pic_Araille_2759m.jpg\" data-rel=\"lightbox\" class=\"lightboxhover\"><img loading=\"lazy\" decoding=\"async\" src=\"https:\/\/versautrechose.fr\/portofolio\/wp-content\/uploads\/2015\/12\/Pic_Araille_2759m-300x300.jpg\" width=\"300\" height=\"300\" alt=\"Pic Araill\u00e9 2 759 m\" srcset=\"https:\/\/versautrechose.fr\/portofolio\/wp-content\/uploads\/2015\/12\/Pic_Araille_2759m-300x300.jpg 300w, https:\/\/versautrechose.fr\/portofolio\/wp-content\/uploads\/2015\/12\/Pic_Araille_2759m-150x150.jpg 150w\" sizes=\"auto, (max-width: 300px) 100vw, 300px\" class=\"light-dropshaddow\"\/><\/a><\/div><\/div><div class=\"tcol-lg-3 tcol-md-3 tcol-sm-4 tcol-xs-6 tcol-ss-12 g_item\"><div class=\"grid_item kad_gallery_fade_in gallery_item\"><a href=\"https:\/\/versautrechose.fr\/portofolio\/wp-content\/uploads\/2015\/12\/vallee_Gave_Oulettes_Gaube.jpg\" data-rel=\"lightbox\" class=\"lightboxhover\"><img loading=\"lazy\" decoding=\"async\" src=\"https:\/\/versautrechose.fr\/portofolio\/wp-content\/uploads\/2015\/12\/vallee_Gave_Oulettes_Gaube-300x300.jpg\" width=\"300\" height=\"300\" alt=\"Vall\u00e9e du gave des Oulettes de Gaube\" srcset=\"https:\/\/versautrechose.fr\/portofolio\/wp-content\/uploads\/2015\/12\/vallee_Gave_Oulettes_Gaube-300x300.jpg 300w, https:\/\/versautrechose.fr\/portofolio\/wp-content\/uploads\/2015\/12\/vallee_Gave_Oulettes_Gaube-150x150.jpg 150w\" sizes=\"auto, (max-width: 300px) 100vw, 300px\" class=\"light-dropshaddow\"\/><\/a><\/div><\/div><div class=\"tcol-lg-3 tcol-md-3 tcol-sm-4 tcol-xs-6 tcol-ss-12 g_item\"><div class=\"grid_item kad_gallery_fade_in gallery_item\"><a href=\"https:\/\/versautrechose.fr\/portofolio\/wp-content\/uploads\/2015\/12\/Vallee_et_Lac_de_Gaube.jpg\" data-rel=\"lightbox\" class=\"lightboxhover\"><img loading=\"lazy\" decoding=\"async\" src=\"https:\/\/versautrechose.fr\/portofolio\/wp-content\/uploads\/2015\/12\/Vallee_et_Lac_de_Gaube-300x300.jpg\" width=\"300\" height=\"300\" alt=\"Vall\u00e9e et lac de Gaube\" srcset=\"https:\/\/versautrechose.fr\/portofolio\/wp-content\/uploads\/2015\/12\/Vallee_et_Lac_de_Gaube-300x300.jpg 300w, https:\/\/versautrechose.fr\/portofolio\/wp-content\/uploads\/2015\/12\/Vallee_et_Lac_de_Gaube-150x150.jpg 150w\" sizes=\"auto, (max-width: 300px) 100vw, 300px\" class=\"light-dropshaddow\"\/><\/a><\/div><\/div><div class=\"tcol-lg-3 tcol-md-3 tcol-sm-4 tcol-xs-6 tcol-ss-12 g_item\"><div class=\"grid_item kad_gallery_fade_in gallery_item\"><a href=\"https:\/\/versautrechose.fr\/portofolio\/wp-content\/uploads\/2015\/12\/casc-_V-_Marcadau-1600m.jpg\" data-rel=\"lightbox\" class=\"lightboxhover\"><img loading=\"lazy\" decoding=\"async\" src=\"https:\/\/versautrechose.fr\/portofolio\/wp-content\/uploads\/2015\/12\/casc-_V-_Marcadau-1600m-300x300.jpg\" width=\"300\" height=\"300\" alt=\"Gave du Marcadau 1 600 m\" srcset=\"https:\/\/versautrechose.fr\/portofolio\/wp-content\/uploads\/2015\/12\/casc-_V-_Marcadau-1600m-300x300.jpg 300w, https:\/\/versautrechose.fr\/portofolio\/wp-content\/uploads\/2015\/12\/casc-_V-_Marcadau-1600m-150x150.jpg 150w\" sizes=\"auto, (max-width: 300px) 100vw, 300px\" class=\"light-dropshaddow\"\/><\/a><\/div><\/div><div class=\"tcol-lg-3 tcol-md-3 tcol-sm-4 tcol-xs-6 tcol-ss-12 g_item\"><div class=\"grid_item kad_gallery_fade_in gallery_item\"><a href=\"https:\/\/versautrechose.fr\/portofolio\/wp-content\/uploads\/2015\/12\/Coste_de_Castet_Arbaca-2000m.jpg\" data-rel=\"lightbox\" class=\"lightboxhover\"><img loading=\"lazy\" decoding=\"async\" src=\"https:\/\/versautrechose.fr\/portofolio\/wp-content\/uploads\/2015\/12\/Coste_de_Castet_Arbaca-2000m-300x300.jpg\" width=\"300\" height=\"300\" alt=\"Coste de Castet Arbaca 2 000 m - De la vall\u00e9e du Marcadau\n\" srcset=\"https:\/\/versautrechose.fr\/portofolio\/wp-content\/uploads\/2015\/12\/Coste_de_Castet_Arbaca-2000m-300x300.jpg 300w, https:\/\/versautrechose.fr\/portofolio\/wp-content\/uploads\/2015\/12\/Coste_de_Castet_Arbaca-2000m-150x150.jpg 150w\" sizes=\"auto, (max-width: 300px) 100vw, 300px\" class=\"light-dropshaddow\"\/><\/a><\/div><\/div><div class=\"tcol-lg-3 tcol-md-3 tcol-sm-4 tcol-xs-6 tcol-ss-12 g_item\"><div class=\"grid_item kad_gallery_fade_in gallery_item\"><a href=\"https:\/\/versautrechose.fr\/portofolio\/wp-content\/uploads\/2015\/12\/Vallee_Marcadau-1620.jpg\" data-rel=\"lightbox\" class=\"lightboxhover\"><img loading=\"lazy\" decoding=\"async\" src=\"https:\/\/versautrechose.fr\/portofolio\/wp-content\/uploads\/2015\/12\/Vallee_Marcadau-1620-300x300.jpg\" width=\"300\" height=\"300\" alt=\"Vall\u00e9e du Marcadau (1 620 m)\" srcset=\"https:\/\/versautrechose.fr\/portofolio\/wp-content\/uploads\/2015\/12\/Vallee_Marcadau-1620-300x300.jpg 300w, https:\/\/versautrechose.fr\/portofolio\/wp-content\/uploads\/2015\/12\/Vallee_Marcadau-1620-150x150.jpg 150w\" sizes=\"auto, (max-width: 300px) 100vw, 300px\" class=\"light-dropshaddow\"\/><\/a><\/div><\/div><div class=\"tcol-lg-3 tcol-md-3 tcol-sm-4 tcol-xs-6 tcol-ss-12 g_item\"><div class=\"grid_item kad_gallery_fade_in gallery_item\"><a href=\"https:\/\/versautrechose.fr\/portofolio\/wp-content\/uploads\/2015\/12\/Brumes_vallee_Marcadau.jpg\" data-rel=\"lightbox\" class=\"lightboxhover\"><img loading=\"lazy\" decoding=\"async\" src=\"https:\/\/versautrechose.fr\/portofolio\/wp-content\/uploads\/2015\/12\/Brumes_vallee_Marcadau-300x300.jpg\" width=\"300\" height=\"300\" alt=\"Brumes matinales... Vall\u00e9e du Marcadau vers le pont de Cayan... \n\" srcset=\"https:\/\/versautrechose.fr\/portofolio\/wp-content\/uploads\/2015\/12\/Brumes_vallee_Marcadau-300x300.jpg 300w, https:\/\/versautrechose.fr\/portofolio\/wp-content\/uploads\/2015\/12\/Brumes_vallee_Marcadau-150x150.jpg 150w\" sizes=\"auto, (max-width: 300px) 100vw, 300px\" class=\"light-dropshaddow\"\/><\/a><\/div><\/div><div class=\"tcol-lg-3 tcol-md-3 tcol-sm-4 tcol-xs-6 tcol-ss-12 g_item\"><div class=\"grid_item kad_gallery_fade_in gallery_item\"><a href=\"https:\/\/versautrechose.fr\/portofolio\/wp-content\/uploads\/2015\/12\/Marcadau_Vallee.jpg\" data-rel=\"lightbox\" class=\"lightboxhover\"><img loading=\"lazy\" decoding=\"async\" src=\"https:\/\/versautrechose.fr\/portofolio\/wp-content\/uploads\/2015\/12\/Marcadau_Vallee-300x300.jpg\" width=\"300\" height=\"300\" alt=\"Marcadau, la vall\u00e9e... Vue depuis le sentier qui monte aux lacs de L\u2019Embarrat\" srcset=\"https:\/\/versautrechose.fr\/portofolio\/wp-content\/uploads\/2015\/12\/Marcadau_Vallee-300x300.jpg 300w, https:\/\/versautrechose.fr\/portofolio\/wp-content\/uploads\/2015\/12\/Marcadau_Vallee-150x150.jpg 150w\" sizes=\"auto, (max-width: 300px) 100vw, 300px\" class=\"light-dropshaddow\"\/><\/a><\/div><\/div><div class=\"tcol-lg-3 tcol-md-3 tcol-sm-4 tcol-xs-6 tcol-ss-12 g_item\"><div class=\"grid_item kad_gallery_fade_in gallery_item\"><a href=\"https:\/\/versautrechose.fr\/portofolio\/wp-content\/uploads\/2015\/12\/casc-_Cayan-1800m.jpg\" data-rel=\"lightbox\" class=\"lightboxhover\"><img loading=\"lazy\" decoding=\"async\" src=\"https:\/\/versautrechose.fr\/portofolio\/wp-content\/uploads\/2015\/12\/casc-_Cayan-1800m-300x300.jpg\" width=\"300\" height=\"300\" alt=\"Cascade du Cayan - \u00c0 1 800 m, au bord du sentier..., son acc\u00e8s peut \u00eatre tr\u00e8s dangereux, \u00e0 proscrire par temps de pluie et surtout de gel ou neige... \" srcset=\"https:\/\/versautrechose.fr\/portofolio\/wp-content\/uploads\/2015\/12\/casc-_Cayan-1800m-300x300.jpg 300w, https:\/\/versautrechose.fr\/portofolio\/wp-content\/uploads\/2015\/12\/casc-_Cayan-1800m-150x150.jpg 150w\" sizes=\"auto, (max-width: 300px) 100vw, 300px\" class=\"light-dropshaddow\"\/><\/a><\/div><\/div><div class=\"tcol-lg-3 tcol-md-3 tcol-sm-4 tcol-xs-6 tcol-ss-12 g_item\"><div class=\"grid_item kad_gallery_fade_in gallery_item\"><a href=\"https:\/\/versautrechose.fr\/portofolio\/wp-content\/uploads\/2015\/12\/casc-_Cayan.jpg\" data-rel=\"lightbox\" class=\"lightboxhover\"><img loading=\"lazy\" decoding=\"async\" src=\"https:\/\/versautrechose.fr\/portofolio\/wp-content\/uploads\/2015\/12\/casc-_Cayan-300x300.jpg\" width=\"300\" height=\"300\" alt=\"Cascade du Cayan\" srcset=\"https:\/\/versautrechose.fr\/portofolio\/wp-content\/uploads\/2015\/12\/casc-_Cayan-300x300.jpg 300w, https:\/\/versautrechose.fr\/portofolio\/wp-content\/uploads\/2015\/12\/casc-_Cayan-150x150.jpg 150w\" sizes=\"auto, (max-width: 300px) 100vw, 300px\" class=\"light-dropshaddow\"\/><\/a><\/div><\/div><div class=\"tcol-lg-3 tcol-md-3 tcol-sm-4 tcol-xs-6 tcol-ss-12 g_item\"><div class=\"grid_item kad_gallery_fade_in gallery_item\"><a href=\"https:\/\/versautrechose.fr\/portofolio\/wp-content\/uploads\/2015\/12\/casc-_du_Cayan.jpg\" data-rel=\"lightbox\" class=\"lightboxhover\"><img loading=\"lazy\" decoding=\"async\" src=\"https:\/\/versautrechose.fr\/portofolio\/wp-content\/uploads\/2015\/12\/casc-_du_Cayan-300x300.jpg\" width=\"300\" height=\"300\" alt=\"Cascade du Cayan\" srcset=\"https:\/\/versautrechose.fr\/portofolio\/wp-content\/uploads\/2015\/12\/casc-_du_Cayan-300x300.jpg 300w, https:\/\/versautrechose.fr\/portofolio\/wp-content\/uploads\/2015\/12\/casc-_du_Cayan-150x150.jpg 150w\" sizes=\"auto, (max-width: 300px) 100vw, 300px\" class=\"light-dropshaddow\"\/><\/a><\/div><\/div><div class=\"tcol-lg-3 tcol-md-3 tcol-sm-4 tcol-xs-6 tcol-ss-12 g_item\"><div class=\"grid_item kad_gallery_fade_in gallery_item\"><a href=\"https:\/\/versautrechose.fr\/portofolio\/wp-content\/uploads\/2015\/12\/Lac_Embarrat.jpg\" data-rel=\"lightbox\" class=\"lightboxhover\"><img loading=\"lazy\" decoding=\"async\" src=\"https:\/\/versautrechose.fr\/portofolio\/wp-content\/uploads\/2015\/12\/Lac_Embarrat-300x300.jpg\" width=\"300\" height=\"300\" alt=\"Lac de l\u2019Embarrat - Arriv\u00e9e orient\u00e9e \u00e0 l\u2019est, sur le lac inf\u00e9rieur\" srcset=\"https:\/\/versautrechose.fr\/portofolio\/wp-content\/uploads\/2015\/12\/Lac_Embarrat-300x300.jpg 300w, https:\/\/versautrechose.fr\/portofolio\/wp-content\/uploads\/2015\/12\/Lac_Embarrat-150x150.jpg 150w\" sizes=\"auto, (max-width: 300px) 100vw, 300px\" class=\"light-dropshaddow\"\/><\/a><\/div><\/div><div class=\"tcol-lg-3 tcol-md-3 tcol-sm-4 tcol-xs-6 tcol-ss-12 g_item\"><div class=\"grid_item kad_gallery_fade_in gallery_item\"><a href=\"https:\/\/versautrechose.fr\/portofolio\/wp-content\/uploads\/2015\/12\/Lac_Embarrat-sud.jpg\" data-rel=\"lightbox\" class=\"lightboxhover\"><img loading=\"lazy\" decoding=\"async\" src=\"https:\/\/versautrechose.fr\/portofolio\/wp-content\/uploads\/2015\/12\/Lac_Embarrat-sud-300x300.jpg\" width=\"300\" height=\"300\" alt=\"Lac de l\u2019Embarrat - Le c\u00f4t\u00e9 est du lac inf\u00e9rieur, vers le d\u00e9versoir\" srcset=\"https:\/\/versautrechose.fr\/portofolio\/wp-content\/uploads\/2015\/12\/Lac_Embarrat-sud-300x300.jpg 300w, https:\/\/versautrechose.fr\/portofolio\/wp-content\/uploads\/2015\/12\/Lac_Embarrat-sud-150x150.jpg 150w\" sizes=\"auto, (max-width: 300px) 100vw, 300px\" class=\"light-dropshaddow\"\/><\/a><\/div><\/div><div class=\"tcol-lg-3 tcol-md-3 tcol-sm-4 tcol-xs-6 tcol-ss-12 g_item\"><div class=\"grid_item kad_gallery_fade_in gallery_item\"><a href=\"https:\/\/versautrechose.fr\/portofolio\/wp-content\/uploads\/2015\/12\/Lac_de_l_Embarrat.jpg\" data-rel=\"lightbox\" class=\"lightboxhover\"><img loading=\"lazy\" decoding=\"async\" src=\"https:\/\/versautrechose.fr\/portofolio\/wp-content\/uploads\/2015\/12\/Lac_de_l_Embarrat-300x300.jpg\" width=\"300\" height=\"300\" alt=\"Lac de l\u2019Embarrat 2 076 m\" srcset=\"https:\/\/versautrechose.fr\/portofolio\/wp-content\/uploads\/2015\/12\/Lac_de_l_Embarrat-300x300.jpg 300w, https:\/\/versautrechose.fr\/portofolio\/wp-content\/uploads\/2015\/12\/Lac_de_l_Embarrat-150x150.jpg 150w\" sizes=\"auto, (max-width: 300px) 100vw, 300px\" class=\"light-dropshaddow\"\/><\/a><\/div><\/div><div class=\"tcol-lg-3 tcol-md-3 tcol-sm-4 tcol-xs-6 tcol-ss-12 g_item\"><div class=\"grid_item kad_gallery_fade_in gallery_item\"><a href=\"https:\/\/versautrechose.fr\/portofolio\/wp-content\/uploads\/2015\/12\/Lac_Embarrat-2077m.jpg\" data-rel=\"lightbox\" class=\"lightboxhover\"><img loading=\"lazy\" decoding=\"async\" src=\"https:\/\/versautrechose.fr\/portofolio\/wp-content\/uploads\/2015\/12\/Lac_Embarrat-2077m-300x300.jpg\" width=\"300\" height=\"300\" alt=\"Le lac inf\u00e9rieur de l\u2019Embarrat - Vue du d\u00e9versoir du lac sup\u00e9rieur\" srcset=\"https:\/\/versautrechose.fr\/portofolio\/wp-content\/uploads\/2015\/12\/Lac_Embarrat-2077m-300x300.jpg 300w, https:\/\/versautrechose.fr\/portofolio\/wp-content\/uploads\/2015\/12\/Lac_Embarrat-2077m-150x150.jpg 150w\" sizes=\"auto, (max-width: 300px) 100vw, 300px\" class=\"light-dropshaddow\"\/><\/a><\/div><\/div><div class=\"tcol-lg-3 tcol-md-3 tcol-sm-4 tcol-xs-6 tcol-ss-12 g_item\"><div class=\"grid_item kad_gallery_fade_in gallery_item\"><a href=\"https:\/\/versautrechose.fr\/portofolio\/wp-content\/uploads\/2015\/12\/Lac_Embarrat-Pourtet_2139m.jpg\" data-rel=\"lightbox\" class=\"lightboxhover\"><img loading=\"lazy\" decoding=\"async\" src=\"https:\/\/versautrechose.fr\/portofolio\/wp-content\/uploads\/2015\/12\/Lac_Embarrat-Pourtet_2139m-300x300.jpg\" width=\"300\" height=\"300\" alt=\"Lac de l\u2019Embarrat - Arriv\u00e9e au lac sup\u00e9rieur\" srcset=\"https:\/\/versautrechose.fr\/portofolio\/wp-content\/uploads\/2015\/12\/Lac_Embarrat-Pourtet_2139m-300x300.jpg 300w, https:\/\/versautrechose.fr\/portofolio\/wp-content\/uploads\/2015\/12\/Lac_Embarrat-Pourtet_2139m-150x150.jpg 150w\" sizes=\"auto, (max-width: 300px) 100vw, 300px\" class=\"light-dropshaddow\"\/><\/a><\/div><\/div><div class=\"tcol-lg-3 tcol-md-3 tcol-sm-4 tcol-xs-6 tcol-ss-12 g_item\"><div class=\"grid_item kad_gallery_fade_in gallery_item\"><a href=\"https:\/\/versautrechose.fr\/portofolio\/wp-content\/uploads\/2015\/12\/Lacs_de_l_Embarrat.jpg\" data-rel=\"lightbox\" class=\"lightboxhover\"><img loading=\"lazy\" decoding=\"async\" src=\"https:\/\/versautrechose.fr\/portofolio\/wp-content\/uploads\/2015\/12\/Lacs_de_l_Embarrat-300x300.jpg\" width=\"300\" height=\"300\" alt=\"Le lac de l\u2019Embarrat du Pourtet\" srcset=\"https:\/\/versautrechose.fr\/portofolio\/wp-content\/uploads\/2015\/12\/Lacs_de_l_Embarrat-300x300.jpg 300w, https:\/\/versautrechose.fr\/portofolio\/wp-content\/uploads\/2015\/12\/Lacs_de_l_Embarrat-150x150.jpg 150w\" sizes=\"auto, (max-width: 300px) 100vw, 300px\" class=\"light-dropshaddow\"\/><\/a><\/div><\/div><div class=\"tcol-lg-3 tcol-md-3 tcol-sm-4 tcol-xs-6 tcol-ss-12 g_item\"><div class=\"grid_item kad_gallery_fade_in gallery_item\"><a href=\"https:\/\/versautrechose.fr\/portofolio\/wp-content\/uploads\/2015\/12\/Lacs_l_Embarrat.jpg\" data-rel=\"lightbox\" class=\"lightboxhover\"><img loading=\"lazy\" decoding=\"async\" src=\"https:\/\/versautrechose.fr\/portofolio\/wp-content\/uploads\/2015\/12\/Lacs_l_Embarrat-300x300.jpg\" width=\"300\" height=\"300\" alt=\"Lac de l\u2019Embarrat 2 139 m - Prise de vue sur le sentier vers le lac du Pourtet\" srcset=\"https:\/\/versautrechose.fr\/portofolio\/wp-content\/uploads\/2015\/12\/Lacs_l_Embarrat-300x300.jpg 300w, https:\/\/versautrechose.fr\/portofolio\/wp-content\/uploads\/2015\/12\/Lacs_l_Embarrat-150x150.jpg 150w\" sizes=\"auto, (max-width: 300px) 100vw, 300px\" class=\"light-dropshaddow\"\/><\/a><\/div><\/div><div class=\"tcol-lg-3 tcol-md-3 tcol-sm-4 tcol-xs-6 tcol-ss-12 g_item\"><div class=\"grid_item kad_gallery_fade_in gallery_item\"><a href=\"https:\/\/versautrechose.fr\/portofolio\/wp-content\/uploads\/2015\/12\/Laquets_du_Pourtet-2307m.jpg\" data-rel=\"lightbox\" class=\"lightboxhover\"><img loading=\"lazy\" decoding=\"async\" src=\"https:\/\/versautrechose.fr\/portofolio\/wp-content\/uploads\/2015\/12\/Laquets_du_Pourtet-2307m-300x300.jpg\" width=\"300\" height=\"300\" alt=\"Laquets du Pourtet 2 307 m\" srcset=\"https:\/\/versautrechose.fr\/portofolio\/wp-content\/uploads\/2015\/12\/Laquets_du_Pourtet-2307m-300x300.jpg 300w, https:\/\/versautrechose.fr\/portofolio\/wp-content\/uploads\/2015\/12\/Laquets_du_Pourtet-2307m-150x150.jpg 150w\" sizes=\"auto, (max-width: 300px) 100vw, 300px\" class=\"light-dropshaddow\"\/><\/a><\/div><\/div><div class=\"tcol-lg-3 tcol-md-3 tcol-sm-4 tcol-xs-6 tcol-ss-12 g_item\"><div class=\"grid_item kad_gallery_fade_in gallery_item\"><a href=\"https:\/\/versautrechose.fr\/portofolio\/wp-content\/uploads\/2015\/12\/Laquets2307_vue-Pourtet_.jpg\" data-rel=\"lightbox\" class=\"lightboxhover\"><img loading=\"lazy\" decoding=\"async\" src=\"https:\/\/versautrechose.fr\/portofolio\/wp-content\/uploads\/2015\/12\/Laquets2307_vue-Pourtet_-300x300.jpg\" width=\"300\" height=\"300\" alt=\"Les Laquets - Vue du d\u00e9versoir du lac du Pourtet, les laquets et le lac de l\u2019Embarrat du Pourtet\" srcset=\"https:\/\/versautrechose.fr\/portofolio\/wp-content\/uploads\/2015\/12\/Laquets2307_vue-Pourtet_-300x300.jpg 300w, https:\/\/versautrechose.fr\/portofolio\/wp-content\/uploads\/2015\/12\/Laquets2307_vue-Pourtet_-150x150.jpg 150w\" sizes=\"auto, (max-width: 300px) 100vw, 300px\" class=\"light-dropshaddow\"\/><\/a><\/div><\/div><div class=\"tcol-lg-3 tcol-md-3 tcol-sm-4 tcol-xs-6 tcol-ss-12 g_item\"><div class=\"grid_item kad_gallery_fade_in gallery_item\"><a href=\"https:\/\/versautrechose.fr\/portofolio\/wp-content\/uploads\/2015\/12\/IMG_20240409_0025-Copie.jpg\" data-rel=\"lightbox\" class=\"lightboxhover\"><img loading=\"lazy\" decoding=\"async\" src=\"https:\/\/versautrechose.fr\/portofolio\/wp-content\/uploads\/2015\/12\/IMG_20240409_0025-Copie-300x300.jpg\" width=\"300\" height=\"300\" alt=\"Laquets du Pourtet\" srcset=\"https:\/\/versautrechose.fr\/portofolio\/wp-content\/uploads\/2015\/12\/IMG_20240409_0025-Copie-300x300.jpg 300w, https:\/\/versautrechose.fr\/portofolio\/wp-content\/uploads\/2015\/12\/IMG_20240409_0025-Copie-150x150.jpg 150w\" sizes=\"auto, (max-width: 300px) 100vw, 300px\" class=\"light-dropshaddow\"\/><\/a><\/div><\/div><div class=\"tcol-lg-3 tcol-md-3 tcol-sm-4 tcol-xs-6 tcol-ss-12 g_item\"><div class=\"grid_item kad_gallery_fade_in gallery_item\"><a href=\"https:\/\/versautrechose.fr\/portofolio\/wp-content\/uploads\/2015\/12\/Lac_Pourtet.jpg\" data-rel=\"lightbox\" class=\"lightboxhover\"><img loading=\"lazy\" decoding=\"async\" src=\"https:\/\/versautrechose.fr\/portofolio\/wp-content\/uploads\/2015\/12\/Lac_Pourtet-300x300.jpg\" width=\"300\" height=\"300\" alt=\"Lac du Pourtet -  Arriv\u00e9e au lac par l\u2019est, sentier du pont du Cayan du Marcadau\" srcset=\"https:\/\/versautrechose.fr\/portofolio\/wp-content\/uploads\/2015\/12\/Lac_Pourtet-300x300.jpg 300w, https:\/\/versautrechose.fr\/portofolio\/wp-content\/uploads\/2015\/12\/Lac_Pourtet-150x150.jpg 150w\" sizes=\"auto, (max-width: 300px) 100vw, 300px\" class=\"light-dropshaddow\"\/><\/a><\/div><\/div><div class=\"tcol-lg-3 tcol-md-3 tcol-sm-4 tcol-xs-6 tcol-ss-12 g_item\"><div class=\"grid_item kad_gallery_fade_in gallery_item\"><a href=\"https:\/\/versautrechose.fr\/portofolio\/wp-content\/uploads\/2015\/12\/Soum_Bassia-2758-L-_Pourtet.jpg\" data-rel=\"lightbox\" class=\"lightboxhover\"><img loading=\"lazy\" decoding=\"async\" src=\"https:\/\/versautrechose.fr\/portofolio\/wp-content\/uploads\/2015\/12\/Soum_Bassia-2758-L-_Pourtet-300x300.jpg\" width=\"300\" height=\"300\" alt=\"Soum de Bassia, 2 758 m -  Au pied du Soum de Bassia, le lac du Pourtet\" srcset=\"https:\/\/versautrechose.fr\/portofolio\/wp-content\/uploads\/2015\/12\/Soum_Bassia-2758-L-_Pourtet-300x300.jpg 300w, https:\/\/versautrechose.fr\/portofolio\/wp-content\/uploads\/2015\/12\/Soum_Bassia-2758-L-_Pourtet-150x150.jpg 150w\" sizes=\"auto, (max-width: 300px) 100vw, 300px\" class=\"light-dropshaddow\"\/><\/a><\/div><\/div><div class=\"tcol-lg-3 tcol-md-3 tcol-sm-4 tcol-xs-6 tcol-ss-12 g_item\"><div class=\"grid_item kad_gallery_fade_in gallery_item\"><a href=\"https:\/\/versautrechose.fr\/portofolio\/wp-content\/uploads\/2015\/12\/Aiguilles_Pic_Arrouy-2710.jpg\" data-rel=\"lightbox\" class=\"lightboxhover\"><img loading=\"lazy\" decoding=\"async\" src=\"https:\/\/versautrechose.fr\/portofolio\/wp-content\/uploads\/2015\/12\/Aiguilles_Pic_Arrouy-2710-300x300.jpg\" width=\"300\" height=\"300\" alt=\"Aiguilles du pic Arrouy - Ces aiguilles (\u00e0 2 710 m) au-dessus du lac du Pourtet, sont tr\u00e8s belles a voir. Elles me faisaient penser \u00e0 la dentition d\u2019une m\u00e2choire de saurien ant\u00e9diluvien... !\" srcset=\"https:\/\/versautrechose.fr\/portofolio\/wp-content\/uploads\/2015\/12\/Aiguilles_Pic_Arrouy-2710-300x300.jpg 300w, https:\/\/versautrechose.fr\/portofolio\/wp-content\/uploads\/2015\/12\/Aiguilles_Pic_Arrouy-2710-150x150.jpg 150w\" sizes=\"auto, (max-width: 300px) 100vw, 300px\" class=\"light-dropshaddow\"\/><\/a><\/div><\/div><div class=\"tcol-lg-3 tcol-md-3 tcol-sm-4 tcol-xs-6 tcol-ss-12 g_item\"><div class=\"grid_item kad_gallery_fade_in gallery_item\"><a href=\"https:\/\/versautrechose.fr\/portofolio\/wp-content\/uploads\/2015\/12\/IMG_20240414_0005-Copie.jpg\" data-rel=\"lightbox\" class=\"lightboxhover\"><img loading=\"lazy\" decoding=\"async\" src=\"https:\/\/versautrechose.fr\/portofolio\/wp-content\/uploads\/2015\/12\/IMG_20240414_0005-Copie-300x300.jpg\" width=\"300\" height=\"300\" alt=\"Aiguilles du pic Arrouy - aiguilles (\u00e0 2 710 m), au-dessus du Lac du Pourtet\" srcset=\"https:\/\/versautrechose.fr\/portofolio\/wp-content\/uploads\/2015\/12\/IMG_20240414_0005-Copie-300x300.jpg 300w, https:\/\/versautrechose.fr\/portofolio\/wp-content\/uploads\/2015\/12\/IMG_20240414_0005-Copie-150x150.jpg 150w\" sizes=\"auto, (max-width: 300px) 100vw, 300px\" class=\"light-dropshaddow\"\/><\/a><\/div><\/div><div class=\"tcol-lg-3 tcol-md-3 tcol-sm-4 tcol-xs-6 tcol-ss-12 g_item\"><div class=\"grid_item kad_gallery_fade_in gallery_item\"><a href=\"https:\/\/versautrechose.fr\/portofolio\/wp-content\/uploads\/2015\/12\/IMG_20240414_0002-Copie.jpg\" data-rel=\"lightbox\" class=\"lightboxhover\"><img loading=\"lazy\" decoding=\"async\" src=\"https:\/\/versautrechose.fr\/portofolio\/wp-content\/uploads\/2015\/12\/IMG_20240414_0002-Copie-300x300.jpg\" width=\"300\" height=\"300\" alt=\"Le lac du Pourtet - situ\u00e9 \u00e0 2 420 m d\u2019altitude\" srcset=\"https:\/\/versautrechose.fr\/portofolio\/wp-content\/uploads\/2015\/12\/IMG_20240414_0002-Copie-300x300.jpg 300w, https:\/\/versautrechose.fr\/portofolio\/wp-content\/uploads\/2015\/12\/IMG_20240414_0002-Copie-150x150.jpg 150w\" sizes=\"auto, (max-width: 300px) 100vw, 300px\" class=\"light-dropshaddow\"\/><\/a><\/div><\/div><div class=\"tcol-lg-3 tcol-md-3 tcol-sm-4 tcol-xs-6 tcol-ss-12 g_item\"><div class=\"grid_item kad_gallery_fade_in gallery_item\"><a href=\"https:\/\/versautrechose.fr\/portofolio\/wp-content\/uploads\/2015\/12\/Lac_du_Pourtet-2420m.jpg\" data-rel=\"lightbox\" class=\"lightboxhover\"><img loading=\"lazy\" decoding=\"async\" src=\"https:\/\/versautrechose.fr\/portofolio\/wp-content\/uploads\/2015\/12\/Lac_du_Pourtet-2420m-300x300.jpg\" width=\"300\" height=\"300\" alt=\"Le lac du Pourtet - Ici, vue de la berge nord vers le sud de ce lac vraiment tr\u00e8s beau...\" srcset=\"https:\/\/versautrechose.fr\/portofolio\/wp-content\/uploads\/2015\/12\/Lac_du_Pourtet-2420m-300x300.jpg 300w, https:\/\/versautrechose.fr\/portofolio\/wp-content\/uploads\/2015\/12\/Lac_du_Pourtet-2420m-150x150.jpg 150w\" sizes=\"auto, (max-width: 300px) 100vw, 300px\" class=\"light-dropshaddow\"\/><\/a><\/div><\/div><div class=\"tcol-lg-3 tcol-md-3 tcol-sm-4 tcol-xs-6 tcol-ss-12 g_item\"><div class=\"grid_item kad_gallery_fade_in gallery_item\"><a href=\"https:\/\/versautrechose.fr\/portofolio\/wp-content\/uploads\/2015\/12\/IMG_20240414_0003-Copie.jpg\" data-rel=\"lightbox\" class=\"lightboxhover\"><img loading=\"lazy\" decoding=\"async\" src=\"https:\/\/versautrechose.fr\/portofolio\/wp-content\/uploads\/2015\/12\/IMG_20240414_0003-Copie-300x300.jpg\" width=\"300\" height=\"300\" alt=\"Lac du Pourtet\" srcset=\"https:\/\/versautrechose.fr\/portofolio\/wp-content\/uploads\/2015\/12\/IMG_20240414_0003-Copie-300x300.jpg 300w, https:\/\/versautrechose.fr\/portofolio\/wp-content\/uploads\/2015\/12\/IMG_20240414_0003-Copie-150x150.jpg 150w\" sizes=\"auto, (max-width: 300px) 100vw, 300px\" class=\"light-dropshaddow\"\/><\/a><\/div><\/div><div class=\"tcol-lg-3 tcol-md-3 tcol-sm-4 tcol-xs-6 tcol-ss-12 g_item\"><div class=\"grid_item kad_gallery_fade_in gallery_item\"><a href=\"https:\/\/versautrechose.fr\/portofolio\/wp-content\/uploads\/2015\/12\/Lac_du_Pourtet-2420.jpg\" data-rel=\"lightbox\" class=\"lightboxhover\"><img loading=\"lazy\" decoding=\"async\" src=\"https:\/\/versautrechose.fr\/portofolio\/wp-content\/uploads\/2015\/12\/Lac_du_Pourtet-2420-300x300.jpg\" width=\"300\" height=\"300\" alt=\"Lac du Pourtet - Les deux presqu\u2019\u00eeles sont sur la gauche de la photo. C\u2019est le lac d\u2019altitude le plus haut o\u00f9 j\u2019ai encore os\u00e9 m\u2019immerger enti\u00e8rement... ! \" srcset=\"https:\/\/versautrechose.fr\/portofolio\/wp-content\/uploads\/2015\/12\/Lac_du_Pourtet-2420-300x300.jpg 300w, https:\/\/versautrechose.fr\/portofolio\/wp-content\/uploads\/2015\/12\/Lac_du_Pourtet-2420-150x150.jpg 150w\" sizes=\"auto, (max-width: 300px) 100vw, 300px\" class=\"light-dropshaddow\"\/><\/a><\/div><\/div><div class=\"tcol-lg-3 tcol-md-3 tcol-sm-4 tcol-xs-6 tcol-ss-12 g_item\"><div class=\"grid_item kad_gallery_fade_in gallery_item\"><a href=\"https:\/\/versautrechose.fr\/portofolio\/wp-content\/uploads\/2015\/12\/Laquet-Pourtet_Embarrat.jpg\" data-rel=\"lightbox\" class=\"lightboxhover\"><img loading=\"lazy\" decoding=\"async\" src=\"https:\/\/versautrechose.fr\/portofolio\/wp-content\/uploads\/2015\/12\/Laquet-Pourtet_Embarrat-300x300.jpg\" width=\"300\" height=\"300\" alt=\"Laquets du Pourtet - \u00c0 l\u2019horizon vers le levant le pic de Gaube (2 377 m) Gaube et la cr\u00eate des Counill\u00e8res (2455 m), derri\u00e8re les pics de Labad\u00e8te de Labassa (2 548 m), Mayouret (2 688 m), de Bloundine (2 664 m)\" srcset=\"https:\/\/versautrechose.fr\/portofolio\/wp-content\/uploads\/2015\/12\/Laquet-Pourtet_Embarrat-300x300.jpg 300w, https:\/\/versautrechose.fr\/portofolio\/wp-content\/uploads\/2015\/12\/Laquet-Pourtet_Embarrat-150x150.jpg 150w\" sizes=\"auto, (max-width: 300px) 100vw, 300px\" class=\"light-dropshaddow\"\/><\/a><\/div><\/div><div class=\"tcol-lg-3 tcol-md-3 tcol-sm-4 tcol-xs-6 tcol-ss-12 g_item\"><div class=\"grid_item kad_gallery_fade_in gallery_item\"><a href=\"https:\/\/versautrechose.fr\/portofolio\/wp-content\/uploads\/2015\/12\/Soum_Bassia-L-_Pourtet-Aig-Arrouy.jpg\" data-rel=\"lightbox\" class=\"lightboxhover\"><img loading=\"lazy\" decoding=\"async\" src=\"https:\/\/versautrechose.fr\/portofolio\/wp-content\/uploads\/2015\/12\/Soum_Bassia-L-_Pourtet-Aig-Arrouy-300x300.jpg\" width=\"300\" height=\"300\" alt=\"Le Soum Bassia, le lac du Pourtet, les aiguilles d\u2019Arrouy\" srcset=\"https:\/\/versautrechose.fr\/portofolio\/wp-content\/uploads\/2015\/12\/Soum_Bassia-L-_Pourtet-Aig-Arrouy-300x300.jpg 300w, https:\/\/versautrechose.fr\/portofolio\/wp-content\/uploads\/2015\/12\/Soum_Bassia-L-_Pourtet-Aig-Arrouy-150x150.jpg 150w\" sizes=\"auto, (max-width: 300px) 100vw, 300px\" class=\"light-dropshaddow\"\/><\/a><\/div><\/div><div class=\"tcol-lg-3 tcol-md-3 tcol-sm-4 tcol-xs-6 tcol-ss-12 g_item\"><div class=\"grid_item kad_gallery_fade_in gallery_item\"><a href=\"https:\/\/versautrechose.fr\/portofolio\/wp-content\/uploads\/2015\/12\/Lac_du_Pourtet.jpg\" data-rel=\"lightbox\" class=\"lightboxhover\"><img loading=\"lazy\" decoding=\"async\" src=\"https:\/\/versautrechose.fr\/portofolio\/wp-content\/uploads\/2015\/12\/Lac_du_Pourtet-300x300.jpg\" width=\"300\" height=\"300\" alt=\"Lac du Pourtet - Vu de la berge sud, sur l\u2019ouest au pied du Soum de Bassia\" srcset=\"https:\/\/versautrechose.fr\/portofolio\/wp-content\/uploads\/2015\/12\/Lac_du_Pourtet-300x300.jpg 300w, https:\/\/versautrechose.fr\/portofolio\/wp-content\/uploads\/2015\/12\/Lac_du_Pourtet-150x150.jpg 150w\" sizes=\"auto, (max-width: 300px) 100vw, 300px\" class=\"light-dropshaddow\"\/><\/a><\/div><\/div><div class=\"tcol-lg-3 tcol-md-3 tcol-sm-4 tcol-xs-6 tcol-ss-12 g_item\"><div class=\"grid_item kad_gallery_fade_in gallery_item\"><a href=\"https:\/\/versautrechose.fr\/portofolio\/wp-content\/uploads\/2015\/12\/L-_Pourtet_Aig-Arrouy.jpg\" data-rel=\"lightbox\" class=\"lightboxhover\"><img loading=\"lazy\" decoding=\"async\" src=\"https:\/\/versautrechose.fr\/portofolio\/wp-content\/uploads\/2015\/12\/L-_Pourtet_Aig-Arrouy-300x300.jpg\" width=\"300\" height=\"300\" alt=\"Le lac du Pourtet et les Aiguilles d\u2019Arrouy - Vue du sud du lac, vers le d\u00e9versoir, sur le sentier qui m\u00e8ne au lac N\u00e8re en aval\" srcset=\"https:\/\/versautrechose.fr\/portofolio\/wp-content\/uploads\/2015\/12\/L-_Pourtet_Aig-Arrouy-300x300.jpg 300w, https:\/\/versautrechose.fr\/portofolio\/wp-content\/uploads\/2015\/12\/L-_Pourtet_Aig-Arrouy-150x150.jpg 150w\" sizes=\"auto, (max-width: 300px) 100vw, 300px\" class=\"light-dropshaddow\"\/><\/a><\/div><\/div><div class=\"tcol-lg-3 tcol-md-3 tcol-sm-4 tcol-xs-6 tcol-ss-12 g_item\"><div class=\"grid_item kad_gallery_fade_in gallery_item\"><a href=\"https:\/\/versautrechose.fr\/portofolio\/wp-content\/uploads\/2015\/12\/Lac_Nere-2309m.jpg\" data-rel=\"lightbox\" class=\"lightboxhover\"><img loading=\"lazy\" decoding=\"async\" src=\"https:\/\/versautrechose.fr\/portofolio\/wp-content\/uploads\/2015\/12\/Lac_Nere-2309m-300x300.jpg\" width=\"300\" height=\"300\" alt=\"Le lac N\u00e8re - Arriv\u00e9e en surplomb du lac du Pourtet au lac N\u00e8re situ\u00e9 \u00e0 2 309 m, \u00e0 l\u2019horizon au sud, le grand pic de P\u00e9terneille (2 764 m) et la pointe de La Muga (2 727 m)\" srcset=\"https:\/\/versautrechose.fr\/portofolio\/wp-content\/uploads\/2015\/12\/Lac_Nere-2309m-300x300.jpg 300w, https:\/\/versautrechose.fr\/portofolio\/wp-content\/uploads\/2015\/12\/Lac_Nere-2309m-150x150.jpg 150w\" sizes=\"auto, (max-width: 300px) 100vw, 300px\" class=\"light-dropshaddow\"\/><\/a><\/div><\/div><div class=\"tcol-lg-3 tcol-md-3 tcol-sm-4 tcol-xs-6 tcol-ss-12 g_item\"><div class=\"grid_item kad_gallery_fade_in gallery_item\"><a href=\"https:\/\/versautrechose.fr\/portofolio\/wp-content\/uploads\/2015\/12\/Lac_de_Nere-2309.jpg\" data-rel=\"lightbox\" class=\"lightboxhover\"><img loading=\"lazy\" decoding=\"async\" src=\"https:\/\/versautrechose.fr\/portofolio\/wp-content\/uploads\/2015\/12\/Lac_de_Nere-2309-300x300.jpg\" width=\"300\" height=\"300\" alt=\"Le lac N\u00e8re, 2 309 m\" srcset=\"https:\/\/versautrechose.fr\/portofolio\/wp-content\/uploads\/2015\/12\/Lac_de_Nere-2309-300x300.jpg 300w, https:\/\/versautrechose.fr\/portofolio\/wp-content\/uploads\/2015\/12\/Lac_de_Nere-2309-150x150.jpg 150w\" sizes=\"auto, (max-width: 300px) 100vw, 300px\" class=\"light-dropshaddow\"\/><\/a><\/div><\/div><div class=\"tcol-lg-3 tcol-md-3 tcol-sm-4 tcol-xs-6 tcol-ss-12 g_item\"><div class=\"grid_item kad_gallery_fade_in gallery_item\"><a href=\"https:\/\/versautrechose.fr\/portofolio\/wp-content\/uploads\/2015\/12\/L-_Nere.jpg\" data-rel=\"lightbox\" class=\"lightboxhover\"><img loading=\"lazy\" decoding=\"async\" src=\"https:\/\/versautrechose.fr\/portofolio\/wp-content\/uploads\/2015\/12\/L-_Nere-300x300.jpg\" width=\"300\" height=\"300\" alt=\"Lac N\u00e8re - Au sud, le d\u00e9versoir du lac\" srcset=\"https:\/\/versautrechose.fr\/portofolio\/wp-content\/uploads\/2015\/12\/L-_Nere-300x300.jpg 300w, https:\/\/versautrechose.fr\/portofolio\/wp-content\/uploads\/2015\/12\/L-_Nere-150x150.jpg 150w\" sizes=\"auto, (max-width: 300px) 100vw, 300px\" class=\"light-dropshaddow\"\/><\/a><\/div><\/div><div class=\"tcol-lg-3 tcol-md-3 tcol-sm-4 tcol-xs-6 tcol-ss-12 g_item\"><div class=\"grid_item kad_gallery_fade_in gallery_item\"><a href=\"https:\/\/versautrechose.fr\/portofolio\/wp-content\/uploads\/2015\/12\/Vignemale-f-sud.jpg\" data-rel=\"lightbox\" class=\"lightboxhover\"><img loading=\"lazy\" decoding=\"async\" src=\"https:\/\/versautrechose.fr\/portofolio\/wp-content\/uploads\/2015\/12\/Vignemale-f-sud-300x300.jpg\" width=\"300\" height=\"300\" alt=\"Le Vignemale - Prise de vue de P\u00e9-det-malh en aval du lac N\u00e8re, sur le versant sud-ouest espagnol\" srcset=\"https:\/\/versautrechose.fr\/portofolio\/wp-content\/uploads\/2015\/12\/Vignemale-f-sud-300x300.jpg 300w, https:\/\/versautrechose.fr\/portofolio\/wp-content\/uploads\/2015\/12\/Vignemale-f-sud-150x150.jpg 150w\" sizes=\"auto, (max-width: 300px) 100vw, 300px\" class=\"light-dropshaddow\"\/><\/a><\/div><\/div><div class=\"tcol-lg-3 tcol-md-3 tcol-sm-4 tcol-xs-6 tcol-ss-12 g_item\"><div class=\"grid_item kad_gallery_fade_in gallery_item\"><a href=\"https:\/\/versautrechose.fr\/portofolio\/wp-content\/uploads\/2015\/12\/Pe-Det-malh-2053m.jpg\" data-rel=\"lightbox\" class=\"lightboxhover\"><img loading=\"lazy\" decoding=\"async\" src=\"https:\/\/versautrechose.fr\/portofolio\/wp-content\/uploads\/2015\/12\/Pe-Det-malh-2053m-300x300.jpg\" width=\"300\" height=\"300\" alt=\"P\u00e9-det-malh, 2 053 m - De proche en loin, Hount Frido (2 501 m), pic Falisse (2 765 m), Grande Pache (3 005 m)\" srcset=\"https:\/\/versautrechose.fr\/portofolio\/wp-content\/uploads\/2015\/12\/Pe-Det-malh-2053m-300x300.jpg 300w, https:\/\/versautrechose.fr\/portofolio\/wp-content\/uploads\/2015\/12\/Pe-Det-malh-2053m-150x150.jpg 150w\" sizes=\"auto, (max-width: 300px) 100vw, 300px\" class=\"light-dropshaddow\"\/><\/a><\/div><\/div><div class=\"tcol-lg-3 tcol-md-3 tcol-sm-4 tcol-xs-6 tcol-ss-12 g_item\"><div class=\"grid_item kad_gallery_fade_in gallery_item\"><a href=\"https:\/\/versautrechose.fr\/portofolio\/wp-content\/uploads\/2015\/12\/Gave_Marcadau-1720m.jpg\" data-rel=\"lightbox\" class=\"lightboxhover\"><img loading=\"lazy\" decoding=\"async\" src=\"https:\/\/versautrechose.fr\/portofolio\/wp-content\/uploads\/2015\/12\/Gave_Marcadau-1720m-300x300.jpg\" width=\"300\" height=\"300\" alt=\"Gave du Marcadau \u00e0 1 717 m - De retour de ce superbe circuit, je me suis repos\u00e9 l\u00e0, me posant la r\u00e9flexion sur la fin de non-recevoir au refuge Wallon en amont, de ma demande d\u2019avoir un peu d\u2019eau potable... devant la grandeur de cette terre... ces gens de peu me semblaient d\u2019une mis\u00e9rable petitesse mercantile... Me restait un fruit et un fond de bouteille, cela m\u2019a \u00e9t\u00e9 suffisant... reste que c\u2019\u00e9tait un manquement de base \u00e0 une d\u00e9ontologie minimale pour un rando de passage... \" srcset=\"https:\/\/versautrechose.fr\/portofolio\/wp-content\/uploads\/2015\/12\/Gave_Marcadau-1720m-300x300.jpg 300w, https:\/\/versautrechose.fr\/portofolio\/wp-content\/uploads\/2015\/12\/Gave_Marcadau-1720m-150x150.jpg 150w\" sizes=\"auto, (max-width: 300px) 100vw, 300px\" class=\"light-dropshaddow\"\/><\/a><\/div><\/div><\/div>\n<p>&nbsp;<\/p>\n<p>&nbsp;<\/p>\n<p>&nbsp;<\/p>\n","protected":false},"excerpt":{"rendered":"<p>&nbsp; &nbsp; &nbsp; &nbsp; &nbsp;<\/p>\n","protected":false},"author":1,"featured_media":0,"comment_status":"open","ping_status":"open","sticky":false,"template":"","format":"standard","meta":{"kt_blocks_editor_width":"","footnotes":""},"categories":[1],"tags":[],"class_list":["post-778","post","type-post","status-publish","format-standard","hentry","category-non-classe"],"_links":{"self":[{"href":"https:\/\/versautrechose.fr\/portofolio\/index.php\/wp-json\/wp\/v2\/posts\/778","targetHints":{"allow":["GET"]}}],"collection":[{"href":"https:\/\/versautrechose.fr\/portofolio\/index.php\/wp-json\/wp\/v2\/posts"}],"about":[{"href":"https:\/\/versautrechose.fr\/portofolio\/index.php\/wp-json\/wp\/v2\/types\/post"}],"author":[{"embeddable":true,"href":"https:\/\/versautrechose.fr\/portofolio\/index.php\/wp-json\/wp\/v2\/users\/1"}],"replies":[{"embeddable":true,"href":"https:\/\/versautrechose.fr\/portofolio\/index.php\/wp-json\/wp\/v2\/comments?post=778"}],"version-history":[{"count":18,"href":"https:\/\/versautrechose.fr\/portofolio\/index.php\/wp-json\/wp\/v2\/posts\/778\/revisions"}],"predecessor-version":[{"id":4614,"href":"https:\/\/versautrechose.fr\/portofolio\/index.php\/wp-json\/wp\/v2\/posts\/778\/revisions\/4614"}],"wp:attachment":[{"href":"https:\/\/versautrechose.fr\/portofolio\/index.php\/wp-json\/wp\/v2\/media?parent=778"}],"wp:term":[{"taxonomy":"category","embeddable":true,"href":"https:\/\/versautrechose.fr\/portofolio\/index.php\/wp-json\/wp\/v2\/categories?post=778"},{"taxonomy":"post_tag","embeddable":true,"href":"https:\/\/versautrechose.fr\/portofolio\/index.php\/wp-json\/wp\/v2\/tags?post=778"}],"curies":[{"name":"wp","href":"https:\/\/api.w.org\/{rel}","templated":true}]}}