{"id":913,"date":"2015-12-29T17:22:16","date_gmt":"2015-12-29T16:22:16","guid":{"rendered":"http:\/\/versautrechose.fr\/portofolio\/?p=913"},"modified":"2023-10-25T16:28:41","modified_gmt":"2023-10-25T15:28:41","slug":"pyrenees-cauterets-la-vallee-de-lutour-et-lac-destom","status":"publish","type":"post","link":"https:\/\/versautrechose.fr\/portofolio\/index.php\/2015\/12\/29\/pyrenees-cauterets-la-vallee-de-lutour-et-lac-destom\/","title":{"rendered":"Pyr\u00e9n\u00e9es&#8230; Cauterets, la vall\u00e9e de Lutour et lac d\u2019Estom"},"content":{"rendered":"<p>&nbsp;<\/p>\n<div class=\"pullquote pullquote-center\">\n<p>La premi\u00e8re des trois galeries dans les Hautes-Pyr\u00e9n\u00e9es, a \u00e9t\u00e9 un temps d\u2019approche et d\u2019attente circonspecte, la neige tardive en saison engageait \u00e0 la prudence&#8230; cependant de belles journ\u00e9es permirent de voir ce qui serait envisageable&#8230; ult\u00e9rieurement.<\/p>\n<\/div>\n<p>&nbsp;<\/p>\n<div id=\"kad-wp-gallery24\" class=\"kad-wp-gallery kad-light-wp-gallery clearfix kt-gallery-column-4 rowtight\"><div class=\"tcol-lg-3 tcol-md-3 tcol-sm-4 tcol-xs-6 tcol-ss-12 g_item\"><div class=\"grid_item kad_gallery_fade_in gallery_item\"><a href=\"https:\/\/versautrechose.fr\/portofolio\/wp-content\/uploads\/2015\/12\/Pic_PeyreNe_re-1747-2.jpg\" data-rel=\"lightbox\" class=\"lightboxhover\"><img loading=\"lazy\" decoding=\"async\" src=\"https:\/\/versautrechose.fr\/portofolio\/wp-content\/uploads\/2015\/12\/Pic_PeyreNe_re-1747-2-300x300.jpg\" width=\"300\" height=\"300\" alt=\"Pic de Peyren\u00e8re, 1747 m - Vue de la vall\u00e9e de Cauterets, 900 m d\u2019altitude\" srcset=\"https:\/\/versautrechose.fr\/portofolio\/wp-content\/uploads\/2015\/12\/Pic_PeyreNe_re-1747-2-300x300.jpg 300w, https:\/\/versautrechose.fr\/portofolio\/wp-content\/uploads\/2015\/12\/Pic_PeyreNe_re-1747-2-150x150.jpg 150w\" sizes=\"auto, (max-width: 300px) 100vw, 300px\" class=\"light-dropshaddow\"\/><\/a><\/div><\/div><div class=\"tcol-lg-3 tcol-md-3 tcol-sm-4 tcol-xs-6 tcol-ss-12 g_item\"><div class=\"grid_item kad_gallery_fade_in gallery_item\"><a href=\"https:\/\/versautrechose.fr\/portofolio\/wp-content\/uploads\/2015\/12\/Viscos-2141-2.jpg\" data-rel=\"lightbox\" class=\"lightboxhover\"><img loading=\"lazy\" decoding=\"async\" src=\"https:\/\/versautrechose.fr\/portofolio\/wp-content\/uploads\/2015\/12\/Viscos-2141-2-300x300.jpg\" width=\"300\" height=\"300\" alt=\"Pic de Viscos, 2 141 m - Face sud, vue de Cauterets \" srcset=\"https:\/\/versautrechose.fr\/portofolio\/wp-content\/uploads\/2015\/12\/Viscos-2141-2-300x300.jpg 300w, https:\/\/versautrechose.fr\/portofolio\/wp-content\/uploads\/2015\/12\/Viscos-2141-2-150x150.jpg 150w\" sizes=\"auto, (max-width: 300px) 100vw, 300px\" class=\"light-dropshaddow\"\/><\/a><\/div><\/div><div class=\"tcol-lg-3 tcol-md-3 tcol-sm-4 tcol-xs-6 tcol-ss-12 g_item\"><div class=\"grid_item kad_gallery_fade_in gallery_item\"><a href=\"https:\/\/versautrechose.fr\/portofolio\/wp-content\/uploads\/2015\/12\/Pic_Wilsson-2400-2.jpg\" data-rel=\"lightbox\" class=\"lightboxhover\"><img loading=\"lazy\" decoding=\"async\" src=\"https:\/\/versautrechose.fr\/portofolio\/wp-content\/uploads\/2015\/12\/Pic_Wilsson-2400-2-300x300.jpg\" width=\"300\" height=\"300\" alt=\"Pic Wilsson, 2 400 m - C\u00f4t\u00e9 est, vu de Cauterets\" srcset=\"https:\/\/versautrechose.fr\/portofolio\/wp-content\/uploads\/2015\/12\/Pic_Wilsson-2400-2-300x300.jpg 300w, https:\/\/versautrechose.fr\/portofolio\/wp-content\/uploads\/2015\/12\/Pic_Wilsson-2400-2-150x150.jpg 150w\" sizes=\"auto, (max-width: 300px) 100vw, 300px\" class=\"light-dropshaddow\"\/><\/a><\/div><\/div><div class=\"tcol-lg-3 tcol-md-3 tcol-sm-4 tcol-xs-6 tcol-ss-12 g_item\"><div class=\"grid_item kad_gallery_fade_in gallery_item\"><a href=\"https:\/\/versautrechose.fr\/portofolio\/wp-content\/uploads\/2015\/12\/Pic_Liou-2565-2.jpg\" data-rel=\"lightbox\" class=\"lightboxhover\"><img loading=\"lazy\" decoding=\"async\" src=\"https:\/\/versautrechose.fr\/portofolio\/wp-content\/uploads\/2015\/12\/Pic_Liou-2565-2-300x300.jpg\" width=\"300\" height=\"300\" alt=\"Pic de Liou, 2 565 m\" srcset=\"https:\/\/versautrechose.fr\/portofolio\/wp-content\/uploads\/2015\/12\/Pic_Liou-2565-2-300x300.jpg 300w, https:\/\/versautrechose.fr\/portofolio\/wp-content\/uploads\/2015\/12\/Pic_Liou-2565-2-150x150.jpg 150w\" sizes=\"auto, (max-width: 300px) 100vw, 300px\" class=\"light-dropshaddow\"\/><\/a><\/div><\/div><div class=\"tcol-lg-3 tcol-md-3 tcol-sm-4 tcol-xs-6 tcol-ss-12 g_item\"><div class=\"grid_item kad_gallery_fade_in gallery_item\"><a href=\"https:\/\/versautrechose.fr\/portofolio\/wp-content\/uploads\/2015\/12\/Pic_Cabaliros-2334-2.jpg\" data-rel=\"lightbox\" class=\"lightboxhover\"><img loading=\"lazy\" decoding=\"async\" src=\"https:\/\/versautrechose.fr\/portofolio\/wp-content\/uploads\/2015\/12\/Pic_Cabaliros-2334-2-300x300.jpg\" width=\"300\" height=\"300\" alt=\"Pic du Cabaliros, 2 334 m... fin d\u2019apr\u00e8s-midi d\u00e9but juin... ! \" srcset=\"https:\/\/versautrechose.fr\/portofolio\/wp-content\/uploads\/2015\/12\/Pic_Cabaliros-2334-2-300x300.jpg 300w, https:\/\/versautrechose.fr\/portofolio\/wp-content\/uploads\/2015\/12\/Pic_Cabaliros-2334-2-150x150.jpg 150w\" sizes=\"auto, (max-width: 300px) 100vw, 300px\" class=\"light-dropshaddow\"\/><\/a><\/div><\/div><div class=\"tcol-lg-3 tcol-md-3 tcol-sm-4 tcol-xs-6 tcol-ss-12 g_item\"><div class=\"grid_item kad_gallery_fade_in gallery_item\"><a href=\"https:\/\/versautrechose.fr\/portofolio\/wp-content\/uploads\/2015\/12\/Soum_Picarre_-2301-2.jpg\" data-rel=\"lightbox\" class=\"lightboxhover\"><img loading=\"lazy\" decoding=\"async\" src=\"https:\/\/versautrechose.fr\/portofolio\/wp-content\/uploads\/2015\/12\/Soum_Picarre_-2301-2-300x300.jpg\" width=\"300\" height=\"300\" alt=\"Soum de Picarre, 2 301 m... toujours vu de Cauterets... \" srcset=\"https:\/\/versautrechose.fr\/portofolio\/wp-content\/uploads\/2015\/12\/Soum_Picarre_-2301-2-300x300.jpg 300w, https:\/\/versautrechose.fr\/portofolio\/wp-content\/uploads\/2015\/12\/Soum_Picarre_-2301-2-150x150.jpg 150w\" sizes=\"auto, (max-width: 300px) 100vw, 300px\" class=\"light-dropshaddow\"\/><\/a><\/div><\/div><div class=\"tcol-lg-3 tcol-md-3 tcol-sm-4 tcol-xs-6 tcol-ss-12 g_item\"><div class=\"grid_item kad_gallery_fade_in gallery_item\"><a href=\"https:\/\/versautrechose.fr\/portofolio\/wp-content\/uploads\/2015\/12\/Peyre-Ne_re_Tuque_Courbe_2062-2.jpg\" data-rel=\"lightbox\" class=\"lightboxhover\"><img loading=\"lazy\" decoding=\"async\" src=\"https:\/\/versautrechose.fr\/portofolio\/wp-content\/uploads\/2015\/12\/Peyre-Ne_re_Tuque_Courbe_2062-2-300x300.jpg\" width=\"300\" height=\"300\" alt=\"Peyren\u00e8re et Tuque de la Courbe\" srcset=\"https:\/\/versautrechose.fr\/portofolio\/wp-content\/uploads\/2015\/12\/Peyre-Ne_re_Tuque_Courbe_2062-2-300x300.jpg 300w, https:\/\/versautrechose.fr\/portofolio\/wp-content\/uploads\/2015\/12\/Peyre-Ne_re_Tuque_Courbe_2062-2-150x150.jpg 150w\" sizes=\"auto, (max-width: 300px) 100vw, 300px\" class=\"light-dropshaddow\"\/><\/a><\/div><\/div><div class=\"tcol-lg-3 tcol-md-3 tcol-sm-4 tcol-xs-6 tcol-ss-12 g_item\"><div class=\"grid_item kad_gallery_fade_in gallery_item\"><a href=\"https:\/\/versautrechose.fr\/portofolio\/wp-content\/uploads\/2015\/12\/casc-_Sahucs-1481-2.jpg\" data-rel=\"lightbox\" class=\"lightboxhover\"><img loading=\"lazy\" decoding=\"async\" src=\"https:\/\/versautrechose.fr\/portofolio\/wp-content\/uploads\/2015\/12\/casc-_Sahucs-1481-2-300x300.jpg\" width=\"300\" height=\"300\" alt=\"Cascade de Sahucs - Cette tr\u00e8s jolie cascade se situe \u00e0 1 481 m, sur le sentier qui m\u00e8ne au lac Noir et \u00e0 celui d\u2019Ilh\u00e9ou\" srcset=\"https:\/\/versautrechose.fr\/portofolio\/wp-content\/uploads\/2015\/12\/casc-_Sahucs-1481-2-300x300.jpg 300w, https:\/\/versautrechose.fr\/portofolio\/wp-content\/uploads\/2015\/12\/casc-_Sahucs-1481-2-150x150.jpg 150w\" sizes=\"auto, (max-width: 300px) 100vw, 300px\" class=\"light-dropshaddow\"\/><\/a><\/div><\/div><div class=\"tcol-lg-3 tcol-md-3 tcol-sm-4 tcol-xs-6 tcol-ss-12 g_item\"><div class=\"grid_item kad_gallery_fade_in gallery_item\"><a href=\"https:\/\/versautrechose.fr\/portofolio\/wp-content\/uploads\/2015\/12\/Lac_d_Ilhe_ou-2.jpg\" data-rel=\"lightbox\" class=\"lightboxhover\"><img loading=\"lazy\" decoding=\"async\" src=\"https:\/\/versautrechose.fr\/portofolio\/wp-content\/uploads\/2015\/12\/Lac_d_Ilhe_ou-2-300x300.jpg\" width=\"300\" height=\"300\" alt=\"Lac d\u2019Ilh\u00e9ou - Arriv\u00e9e au lac \u00e0 1 975 m\" srcset=\"https:\/\/versautrechose.fr\/portofolio\/wp-content\/uploads\/2015\/12\/Lac_d_Ilhe_ou-2-300x300.jpg 300w, https:\/\/versautrechose.fr\/portofolio\/wp-content\/uploads\/2015\/12\/Lac_d_Ilhe_ou-2-150x150.jpg 150w\" sizes=\"auto, (max-width: 300px) 100vw, 300px\" class=\"light-dropshaddow\"\/><\/a><\/div><\/div><div class=\"tcol-lg-3 tcol-md-3 tcol-sm-4 tcol-xs-6 tcol-ss-12 g_item\"><div class=\"grid_item kad_gallery_fade_in gallery_item\"><a href=\"https:\/\/versautrechose.fr\/portofolio\/wp-content\/uploads\/2015\/12\/Lac_d_Ilhe_ou-1975-2.jpg\" data-rel=\"lightbox\" class=\"lightboxhover\"><img loading=\"lazy\" decoding=\"async\" src=\"https:\/\/versautrechose.fr\/portofolio\/wp-content\/uploads\/2015\/12\/Lac_d_Ilhe_ou-1975-2-300x300.jpg\" width=\"300\" height=\"300\" alt=\"Lac d\u2019Ilh\u00e9ou - Vue du c\u00f4t\u00e9 nord, au loin le pic de Courounalas (2 566 m)\" srcset=\"https:\/\/versautrechose.fr\/portofolio\/wp-content\/uploads\/2015\/12\/Lac_d_Ilhe_ou-1975-2-300x300.jpg 300w, https:\/\/versautrechose.fr\/portofolio\/wp-content\/uploads\/2015\/12\/Lac_d_Ilhe_ou-1975-2-150x150.jpg 150w\" sizes=\"auto, (max-width: 300px) 100vw, 300px\" class=\"light-dropshaddow\"\/><\/a><\/div><\/div><div class=\"tcol-lg-3 tcol-md-3 tcol-sm-4 tcol-xs-6 tcol-ss-12 g_item\"><div class=\"grid_item kad_gallery_fade_in gallery_item\"><a href=\"https:\/\/versautrechose.fr\/portofolio\/wp-content\/uploads\/2015\/12\/Lac_noir-1896-2.jpg\" data-rel=\"lightbox\" class=\"lightboxhover\"><img loading=\"lazy\" decoding=\"async\" src=\"https:\/\/versautrechose.fr\/portofolio\/wp-content\/uploads\/2015\/12\/Lac_noir-1896-2-300x300.jpg\" width=\"300\" height=\"300\" alt=\"Lac Noir, 1 896 m\" srcset=\"https:\/\/versautrechose.fr\/portofolio\/wp-content\/uploads\/2015\/12\/Lac_noir-1896-2-300x300.jpg 300w, https:\/\/versautrechose.fr\/portofolio\/wp-content\/uploads\/2015\/12\/Lac_noir-1896-2-150x150.jpg 150w\" sizes=\"auto, (max-width: 300px) 100vw, 300px\" class=\"light-dropshaddow\"\/><\/a><\/div><\/div><div class=\"tcol-lg-3 tcol-md-3 tcol-sm-4 tcol-xs-6 tcol-ss-12 g_item\"><div class=\"grid_item kad_gallery_fade_in gallery_item\"><a href=\"https:\/\/versautrechose.fr\/portofolio\/wp-content\/uploads\/2015\/12\/breche-Hourat2579-2.jpg\" data-rel=\"lightbox\" class=\"lightboxhover\"><img loading=\"lazy\" decoding=\"async\" src=\"https:\/\/versautrechose.fr\/portofolio\/wp-content\/uploads\/2015\/12\/breche-Hourat2579-2-300x300.jpg\" width=\"300\" height=\"300\" alt=\"Br\u00e8che de Hourat - Se situe au-dessus du lac d\u2019Ilh\u00e9ou (sud-ouest), \u00e0 2 579 m d\u2019altitude\" srcset=\"https:\/\/versautrechose.fr\/portofolio\/wp-content\/uploads\/2015\/12\/breche-Hourat2579-2-300x300.jpg 300w, https:\/\/versautrechose.fr\/portofolio\/wp-content\/uploads\/2015\/12\/breche-Hourat2579-2-150x150.jpg 150w\" sizes=\"auto, (max-width: 300px) 100vw, 300px\" class=\"light-dropshaddow\"\/><\/a><\/div><\/div><div class=\"tcol-lg-3 tcol-md-3 tcol-sm-4 tcol-xs-6 tcol-ss-12 g_item\"><div class=\"grid_item kad_gallery_fade_in gallery_item\"><a href=\"https:\/\/versautrechose.fr\/portofolio\/wp-content\/uploads\/2015\/12\/Lac_Noir-2.jpg\" data-rel=\"lightbox\" class=\"lightboxhover\"><img loading=\"lazy\" decoding=\"async\" src=\"https:\/\/versautrechose.fr\/portofolio\/wp-content\/uploads\/2015\/12\/Lac_Noir-2-300x300.jpg\" width=\"300\" height=\"300\" alt=\"Lac Noir - Petit lac en aval du lac d\u2019Ilh\u00e9ou\" srcset=\"https:\/\/versautrechose.fr\/portofolio\/wp-content\/uploads\/2015\/12\/Lac_Noir-2-300x300.jpg 300w, https:\/\/versautrechose.fr\/portofolio\/wp-content\/uploads\/2015\/12\/Lac_Noir-2-150x150.jpg 150w\" sizes=\"auto, (max-width: 300px) 100vw, 300px\" class=\"light-dropshaddow\"\/><\/a><\/div><\/div><div class=\"tcol-lg-3 tcol-md-3 tcol-sm-4 tcol-xs-6 tcol-ss-12 g_item\"><div class=\"grid_item kad_gallery_fade_in gallery_item\"><a href=\"https:\/\/versautrechose.fr\/portofolio\/wp-content\/uploads\/2015\/12\/Lac_d_Ilhe_ou-nord-2.jpg\" data-rel=\"lightbox\" class=\"lightboxhover\"><img loading=\"lazy\" decoding=\"async\" src=\"https:\/\/versautrechose.fr\/portofolio\/wp-content\/uploads\/2015\/12\/Lac_d_Ilhe_ou-nord-2-300x300.jpg\" width=\"300\" height=\"300\" alt=\"Lac d\u2019Ilh\u00e9ou\" srcset=\"https:\/\/versautrechose.fr\/portofolio\/wp-content\/uploads\/2015\/12\/Lac_d_Ilhe_ou-nord-2-300x300.jpg 300w, https:\/\/versautrechose.fr\/portofolio\/wp-content\/uploads\/2015\/12\/Lac_d_Ilhe_ou-nord-2-150x150.jpg 150w\" sizes=\"auto, (max-width: 300px) 100vw, 300px\" class=\"light-dropshaddow\"\/><\/a><\/div><\/div><div class=\"tcol-lg-3 tcol-md-3 tcol-sm-4 tcol-xs-6 tcol-ss-12 g_item\"><div class=\"grid_item kad_gallery_fade_in gallery_item\"><a href=\"https:\/\/versautrechose.fr\/portofolio\/wp-content\/uploads\/2015\/12\/Lac_d_Ilhe_ou-sud-2.jpg\" data-rel=\"lightbox\" class=\"lightboxhover\"><img loading=\"lazy\" decoding=\"async\" src=\"https:\/\/versautrechose.fr\/portofolio\/wp-content\/uploads\/2015\/12\/Lac_d_Ilhe_ou-sud-2-300x300.jpg\" width=\"300\" height=\"300\" alt=\"Lac d\u2019Ilh\u00e9ou... Au sud du lac... \" srcset=\"https:\/\/versautrechose.fr\/portofolio\/wp-content\/uploads\/2015\/12\/Lac_d_Ilhe_ou-sud-2-300x300.jpg 300w, https:\/\/versautrechose.fr\/portofolio\/wp-content\/uploads\/2015\/12\/Lac_d_Ilhe_ou-sud-2-150x150.jpg 150w\" sizes=\"auto, (max-width: 300px) 100vw, 300px\" class=\"light-dropshaddow\"\/><\/a><\/div><\/div><div class=\"tcol-lg-3 tcol-md-3 tcol-sm-4 tcol-xs-6 tcol-ss-12 g_item\"><div class=\"grid_item kad_gallery_fade_in gallery_item\"><a href=\"https:\/\/versautrechose.fr\/portofolio\/wp-content\/uploads\/2015\/12\/Lac_Langle-2.jpg\" data-rel=\"lightbox\" class=\"lightboxhover\"><img loading=\"lazy\" decoding=\"async\" src=\"https:\/\/versautrechose.fr\/portofolio\/wp-content\/uploads\/2015\/12\/Lac_Langle-2-300x300.jpg\" width=\"300\" height=\"300\" alt=\"Lac de Langle - Arriv\u00e9e au sud du lac\" srcset=\"https:\/\/versautrechose.fr\/portofolio\/wp-content\/uploads\/2015\/12\/Lac_Langle-2-300x300.jpg 300w, https:\/\/versautrechose.fr\/portofolio\/wp-content\/uploads\/2015\/12\/Lac_Langle-2-150x150.jpg 150w\" sizes=\"auto, (max-width: 300px) 100vw, 300px\" class=\"light-dropshaddow\"\/><\/a><\/div><\/div><div class=\"tcol-lg-3 tcol-md-3 tcol-sm-4 tcol-xs-6 tcol-ss-12 g_item\"><div class=\"grid_item kad_gallery_fade_in gallery_item\"><a href=\"https:\/\/versautrechose.fr\/portofolio\/wp-content\/uploads\/2015\/12\/Lac_Langle-1605-2.jpg\" data-rel=\"lightbox\" class=\"lightboxhover\"><img loading=\"lazy\" decoding=\"async\" src=\"https:\/\/versautrechose.fr\/portofolio\/wp-content\/uploads\/2015\/12\/Lac_Langle-1605-2-300x300.jpg\" width=\"300\" height=\"300\" alt=\"Lac de Langle - Petit lac merveilleux aux eaux d\u00e9licieuses, en amont du lac d\u2019Estaing\" srcset=\"https:\/\/versautrechose.fr\/portofolio\/wp-content\/uploads\/2015\/12\/Lac_Langle-1605-2-300x300.jpg 300w, https:\/\/versautrechose.fr\/portofolio\/wp-content\/uploads\/2015\/12\/Lac_Langle-1605-2-150x150.jpg 150w\" sizes=\"auto, (max-width: 300px) 100vw, 300px\" class=\"light-dropshaddow\"\/><\/a><\/div><\/div><div class=\"tcol-lg-3 tcol-md-3 tcol-sm-4 tcol-xs-6 tcol-ss-12 g_item\"><div class=\"grid_item kad_gallery_fade_in gallery_item\"><a href=\"https:\/\/versautrechose.fr\/portofolio\/wp-content\/uploads\/2015\/12\/Lac_de_Langle1605-2.jpg\" data-rel=\"lightbox\" class=\"lightboxhover\"><img loading=\"lazy\" decoding=\"async\" src=\"https:\/\/versautrechose.fr\/portofolio\/wp-content\/uploads\/2015\/12\/Lac_de_Langle1605-2-300x300.jpg\" width=\"300\" height=\"300\" alt=\"Le lac de Langle - \u00c0 1 605 m d\u2019altitude\" srcset=\"https:\/\/versautrechose.fr\/portofolio\/wp-content\/uploads\/2015\/12\/Lac_de_Langle1605-2-300x300.jpg 300w, https:\/\/versautrechose.fr\/portofolio\/wp-content\/uploads\/2015\/12\/Lac_de_Langle1605-2-150x150.jpg 150w\" sizes=\"auto, (max-width: 300px) 100vw, 300px\" class=\"light-dropshaddow\"\/><\/a><\/div><\/div><div class=\"tcol-lg-3 tcol-md-3 tcol-sm-4 tcol-xs-6 tcol-ss-12 g_item\"><div class=\"grid_item kad_gallery_fade_in gallery_item\"><a href=\"https:\/\/versautrechose.fr\/portofolio\/wp-content\/uploads\/2015\/12\/Lac_de_Langle-2.jpg\" data-rel=\"lightbox\" class=\"lightboxhover\"><img loading=\"lazy\" decoding=\"async\" src=\"https:\/\/versautrechose.fr\/portofolio\/wp-content\/uploads\/2015\/12\/Lac_de_Langle-2-300x300.jpg\" width=\"300\" height=\"300\" alt=\"Le lac de Langle - Dans la vall\u00e9e, situ\u00e9 en amont du lac d\u2019Estaing\" srcset=\"https:\/\/versautrechose.fr\/portofolio\/wp-content\/uploads\/2015\/12\/Lac_de_Langle-2-300x300.jpg 300w, https:\/\/versautrechose.fr\/portofolio\/wp-content\/uploads\/2015\/12\/Lac_de_Langle-2-150x150.jpg 150w\" sizes=\"auto, (max-width: 300px) 100vw, 300px\" class=\"light-dropshaddow\"\/><\/a><\/div><\/div><div class=\"tcol-lg-3 tcol-md-3 tcol-sm-4 tcol-xs-6 tcol-ss-12 g_item\"><div class=\"grid_item kad_gallery_fade_in gallery_item\"><a href=\"https:\/\/versautrechose.fr\/portofolio\/wp-content\/uploads\/2015\/12\/Lac_Plaa_de_Prat1656_-2.jpg\" data-rel=\"lightbox\" class=\"lightboxhover\"><img loading=\"lazy\" decoding=\"async\" src=\"https:\/\/versautrechose.fr\/portofolio\/wp-content\/uploads\/2015\/12\/Lac_Plaa_de_Prat1656_-2-300x300.jpg\" width=\"300\" height=\"300\" alt=\"Le lac Plaa de Prat - Lac \u00e0 1 656 m, ici c\u00f4t\u00e9 sud vers l\u2019Espagne (Pic de Cambal\u00e8s, 2 965 m, \u00e0 l\u2019horizon)\" srcset=\"https:\/\/versautrechose.fr\/portofolio\/wp-content\/uploads\/2015\/12\/Lac_Plaa_de_Prat1656_-2-300x300.jpg 300w, https:\/\/versautrechose.fr\/portofolio\/wp-content\/uploads\/2015\/12\/Lac_Plaa_de_Prat1656_-2-150x150.jpg 150w\" sizes=\"auto, (max-width: 300px) 100vw, 300px\" class=\"light-dropshaddow\"\/><\/a><\/div><\/div><div class=\"tcol-lg-3 tcol-md-3 tcol-sm-4 tcol-xs-6 tcol-ss-12 g_item\"><div class=\"grid_item kad_gallery_fade_in gallery_item\"><a href=\"https:\/\/versautrechose.fr\/portofolio\/wp-content\/uploads\/2015\/12\/Lac_Plaa_de_Prat-2.jpg\" data-rel=\"lightbox\" class=\"lightboxhover\"><img loading=\"lazy\" decoding=\"async\" src=\"https:\/\/versautrechose.fr\/portofolio\/wp-content\/uploads\/2015\/12\/Lac_Plaa_de_Prat-2-300x300.jpg\" width=\"300\" height=\"300\" alt=\"Lac Plaa de Prat - Le nord du lac\" srcset=\"https:\/\/versautrechose.fr\/portofolio\/wp-content\/uploads\/2015\/12\/Lac_Plaa_de_Prat-2-300x300.jpg 300w, https:\/\/versautrechose.fr\/portofolio\/wp-content\/uploads\/2015\/12\/Lac_Plaa_de_Prat-2-150x150.jpg 150w\" sizes=\"auto, (max-width: 300px) 100vw, 300px\" class=\"light-dropshaddow\"\/><\/a><\/div><\/div><div class=\"tcol-lg-3 tcol-md-3 tcol-sm-4 tcol-xs-6 tcol-ss-12 g_item\"><div class=\"grid_item kad_gallery_fade_in gallery_item\"><a href=\"https:\/\/versautrechose.fr\/portofolio\/wp-content\/uploads\/2015\/12\/Lac_du_Plaa_de_Prat-2.jpg\" data-rel=\"lightbox\" class=\"lightboxhover\"><img loading=\"lazy\" decoding=\"async\" src=\"https:\/\/versautrechose.fr\/portofolio\/wp-content\/uploads\/2015\/12\/Lac_du_Plaa_de_Prat-2-300x300.jpg\" width=\"300\" height=\"300\" alt=\"Lac Plaa de Prat - Ce lac est juste au-dessus de celui de Langle\" srcset=\"https:\/\/versautrechose.fr\/portofolio\/wp-content\/uploads\/2015\/12\/Lac_du_Plaa_de_Prat-2-300x300.jpg 300w, https:\/\/versautrechose.fr\/portofolio\/wp-content\/uploads\/2015\/12\/Lac_du_Plaa_de_Prat-2-150x150.jpg 150w\" sizes=\"auto, (max-width: 300px) 100vw, 300px\" class=\"light-dropshaddow\"\/><\/a><\/div><\/div><div class=\"tcol-lg-3 tcol-md-3 tcol-sm-4 tcol-xs-6 tcol-ss-12 g_item\"><div class=\"grid_item kad_gallery_fade_in gallery_item\"><a href=\"https:\/\/versautrechose.fr\/portofolio\/wp-content\/uploads\/2015\/12\/casc-Lutour-1134m.jpg\" data-rel=\"lightbox\" class=\"lightboxhover\"><img loading=\"lazy\" decoding=\"async\" src=\"https:\/\/versautrechose.fr\/portofolio\/wp-content\/uploads\/2015\/12\/casc-Lutour-1134m-300x300.jpg\" width=\"300\" height=\"300\" alt=\"Cascade de Lutour - Situ\u00e9e \u00e0 1 134 m, au d\u00e9part de la vall\u00e9e de Lutour... \" srcset=\"https:\/\/versautrechose.fr\/portofolio\/wp-content\/uploads\/2015\/12\/casc-Lutour-1134m-300x300.jpg 300w, https:\/\/versautrechose.fr\/portofolio\/wp-content\/uploads\/2015\/12\/casc-Lutour-1134m-150x150.jpg 150w\" sizes=\"auto, (max-width: 300px) 100vw, 300px\" class=\"light-dropshaddow\"\/><\/a><\/div><\/div><div class=\"tcol-lg-3 tcol-md-3 tcol-sm-4 tcol-xs-6 tcol-ss-12 g_item\"><div class=\"grid_item kad_gallery_fade_in gallery_item\"><a href=\"https:\/\/versautrechose.fr\/portofolio\/wp-content\/uploads\/2015\/12\/Gave_de_Lutour-1320.jpg\" data-rel=\"lightbox\" class=\"lightboxhover\"><img loading=\"lazy\" decoding=\"async\" src=\"https:\/\/versautrechose.fr\/portofolio\/wp-content\/uploads\/2015\/12\/Gave_de_Lutour-1320-300x300.jpg\" width=\"300\" height=\"300\" alt=\"Gave de Lutour - Ici le Gave de Lutour \u00e0 1 259 m, vers le Pradel\" srcset=\"https:\/\/versautrechose.fr\/portofolio\/wp-content\/uploads\/2015\/12\/Gave_de_Lutour-1320-300x300.jpg 300w, https:\/\/versautrechose.fr\/portofolio\/wp-content\/uploads\/2015\/12\/Gave_de_Lutour-1320-150x150.jpg 150w\" sizes=\"auto, (max-width: 300px) 100vw, 300px\" class=\"light-dropshaddow\"\/><\/a><\/div><\/div><div class=\"tcol-lg-3 tcol-md-3 tcol-sm-4 tcol-xs-6 tcol-ss-12 g_item\"><div class=\"grid_item kad_gallery_fade_in gallery_item\"><a href=\"https:\/\/versautrechose.fr\/portofolio\/wp-content\/uploads\/2015\/12\/Gave_de_Lutour-1358m.jpg\" data-rel=\"lightbox\" class=\"lightboxhover\"><img loading=\"lazy\" decoding=\"async\" src=\"https:\/\/versautrechose.fr\/portofolio\/wp-content\/uploads\/2015\/12\/Gave_de_Lutour-1358m-300x300.jpg\" width=\"300\" height=\"300\" alt=\"Rhododendrons - Le Gave de Lutour au printemps \u00e0 1 358 m, vers Arriou Tort\" srcset=\"https:\/\/versautrechose.fr\/portofolio\/wp-content\/uploads\/2015\/12\/Gave_de_Lutour-1358m-300x300.jpg 300w, https:\/\/versautrechose.fr\/portofolio\/wp-content\/uploads\/2015\/12\/Gave_de_Lutour-1358m-150x150.jpg 150w\" sizes=\"auto, (max-width: 300px) 100vw, 300px\" class=\"light-dropshaddow\"\/><\/a><\/div><\/div><div class=\"tcol-lg-3 tcol-md-3 tcol-sm-4 tcol-xs-6 tcol-ss-12 g_item\"><div class=\"grid_item kad_gallery_fade_in gallery_item\"><a href=\"https:\/\/versautrechose.fr\/portofolio\/wp-content\/uploads\/2015\/12\/Valle_e_de_Lutour-1371m.jpg\" data-rel=\"lightbox\" class=\"lightboxhover\"><img loading=\"lazy\" decoding=\"async\" src=\"https:\/\/versautrechose.fr\/portofolio\/wp-content\/uploads\/2015\/12\/Valle_e_de_Lutour-1371m-300x300.jpg\" width=\"300\" height=\"300\" alt=\"Vall\u00e9e de Lutour - Vers 1 370 m, en arrivant \u00e0 la Fruti\u00e8re\" srcset=\"https:\/\/versautrechose.fr\/portofolio\/wp-content\/uploads\/2015\/12\/Valle_e_de_Lutour-1371m-300x300.jpg 300w, https:\/\/versautrechose.fr\/portofolio\/wp-content\/uploads\/2015\/12\/Valle_e_de_Lutour-1371m-150x150.jpg 150w\" sizes=\"auto, (max-width: 300px) 100vw, 300px\" class=\"light-dropshaddow\"\/><\/a><\/div><\/div><div class=\"tcol-lg-3 tcol-md-3 tcol-sm-4 tcol-xs-6 tcol-ss-12 g_item\"><div class=\"grid_item kad_gallery_fade_in gallery_item\"><a href=\"https:\/\/versautrechose.fr\/portofolio\/wp-content\/uploads\/2015\/12\/DSCN3532.Cirse-laineux.jpg\" data-rel=\"lightbox\" class=\"lightboxhover\"><img loading=\"lazy\" decoding=\"async\" src=\"https:\/\/versautrechose.fr\/portofolio\/wp-content\/uploads\/2015\/12\/DSCN3532.Cirse-laineux-300x300.jpg\" width=\"300\" height=\"300\" alt=\"Cirse laineux - Vall\u00e9e de Lutour\" srcset=\"https:\/\/versautrechose.fr\/portofolio\/wp-content\/uploads\/2015\/12\/DSCN3532.Cirse-laineux-300x300.jpg 300w, https:\/\/versautrechose.fr\/portofolio\/wp-content\/uploads\/2015\/12\/DSCN3532.Cirse-laineux-150x150.jpg 150w\" sizes=\"auto, (max-width: 300px) 100vw, 300px\" class=\"light-dropshaddow\"\/><\/a><\/div><\/div><div class=\"tcol-lg-3 tcol-md-3 tcol-sm-4 tcol-xs-6 tcol-ss-12 g_item\"><div class=\"grid_item kad_gallery_fade_in gallery_item\"><a href=\"https:\/\/versautrechose.fr\/portofolio\/wp-content\/uploads\/2015\/12\/Vallee-du-Lutour-Pic-dEstom-Pyrenees-.jpg\" data-rel=\"lightbox\" class=\"lightboxhover\"><img loading=\"lazy\" decoding=\"async\" src=\"https:\/\/versautrechose.fr\/portofolio\/wp-content\/uploads\/2015\/12\/Vallee-du-Lutour-Pic-dEstom-Pyrenees--300x300.jpg\" width=\"300\" height=\"300\" alt=\"Vall\u00e9e du Lutour \u00e0 l&#039;aube - Pic d&#039;Estom :Pour apprendre \u00e0 conna\u00eetre Par son nom une \u00e9toile Et s&#039;en faire un souvenir Serti au m\u00e9tal de la m\u00e9moire,  Il m\u2019a fallu aller Au rendez-vous de la rivi\u00e8re, \u00c0 l&#039;heure o\u00f9 l&#039;aube h\u00e9site \u00c0 devenir le jour.  Pour apprendre que les villages Ne sauraient exposer aux midis D\u2019un soleil trop curieux Une \u00e2me trop fragile \u00e0 mourir de clart\u00e9. p. 19 - \u201cPour Apprendre\u201d - \u00ab\u00a0\u00c9traves\u00a0\u00bb - Gilles Vignault\" srcset=\"https:\/\/versautrechose.fr\/portofolio\/wp-content\/uploads\/2015\/12\/Vallee-du-Lutour-Pic-dEstom-Pyrenees--300x300.jpg 300w, https:\/\/versautrechose.fr\/portofolio\/wp-content\/uploads\/2015\/12\/Vallee-du-Lutour-Pic-dEstom-Pyrenees--150x150.jpg 150w, https:\/\/versautrechose.fr\/portofolio\/wp-content\/uploads\/2015\/12\/Vallee-du-Lutour-Pic-dEstom-Pyrenees--600x600.jpg 600w\" sizes=\"auto, (max-width: 300px) 100vw, 300px\" class=\"light-dropshaddow\"\/><\/a><\/div><\/div><div class=\"tcol-lg-3 tcol-md-3 tcol-sm-4 tcol-xs-6 tcol-ss-12 g_item\"><div class=\"grid_item kad_gallery_fade_in gallery_item\"><a href=\"https:\/\/versautrechose.fr\/portofolio\/wp-content\/uploads\/2015\/12\/Val-Lutour_Estom-Soubiran-2829m.jpg\" data-rel=\"lightbox\" class=\"lightboxhover\"><img loading=\"lazy\" decoding=\"async\" src=\"https:\/\/versautrechose.fr\/portofolio\/wp-content\/uploads\/2015\/12\/Val-Lutour_Estom-Soubiran-2829m-300x300.jpg\" width=\"300\" height=\"300\" alt=\"Val de Lutour et Estom Soubiran - Le matin dans la vall\u00e9e... \" srcset=\"https:\/\/versautrechose.fr\/portofolio\/wp-content\/uploads\/2015\/12\/Val-Lutour_Estom-Soubiran-2829m-300x300.jpg 300w, https:\/\/versautrechose.fr\/portofolio\/wp-content\/uploads\/2015\/12\/Val-Lutour_Estom-Soubiran-2829m-150x150.jpg 150w\" sizes=\"auto, (max-width: 300px) 100vw, 300px\" class=\"light-dropshaddow\"\/><\/a><\/div><\/div><div class=\"tcol-lg-3 tcol-md-3 tcol-sm-4 tcol-xs-6 tcol-ss-12 g_item\"><div class=\"grid_item kad_gallery_fade_in gallery_item\"><a href=\"https:\/\/versautrechose.fr\/portofolio\/wp-content\/uploads\/2015\/12\/casc-Val-Lutour-1488m.jpg\" data-rel=\"lightbox\" class=\"lightboxhover\"><img loading=\"lazy\" decoding=\"async\" src=\"https:\/\/versautrechose.fr\/portofolio\/wp-content\/uploads\/2015\/12\/casc-Val-Lutour-1488m-300x300.jpg\" width=\"300\" height=\"300\" alt=\"Cascade... Dans la Vall\u00e9e de Lutour \u00e0 1 488 m\" srcset=\"https:\/\/versautrechose.fr\/portofolio\/wp-content\/uploads\/2015\/12\/casc-Val-Lutour-1488m-300x300.jpg 300w, https:\/\/versautrechose.fr\/portofolio\/wp-content\/uploads\/2015\/12\/casc-Val-Lutour-1488m-150x150.jpg 150w\" sizes=\"auto, (max-width: 300px) 100vw, 300px\" class=\"light-dropshaddow\"\/><\/a><\/div><\/div><div class=\"tcol-lg-3 tcol-md-3 tcol-sm-4 tcol-xs-6 tcol-ss-12 g_item\"><div class=\"grid_item kad_gallery_fade_in gallery_item\"><a href=\"https:\/\/versautrechose.fr\/portofolio\/wp-content\/uploads\/2015\/12\/Gave_de_Lutour-Pouey-Caut-1552m.jpg\" data-rel=\"lightbox\" class=\"lightboxhover\"><img loading=\"lazy\" decoding=\"async\" src=\"https:\/\/versautrechose.fr\/portofolio\/wp-content\/uploads\/2015\/12\/Gave_de_Lutour-Pouey-Caut-1552m-300x300.jpg\" width=\"300\" height=\"300\" alt=\"Vall\u00e9e de Lutour - Vers Pouey-Caut, 1 552 m, \u00e0 droite le Tuc de Mounges (2 554 m)\" srcset=\"https:\/\/versautrechose.fr\/portofolio\/wp-content\/uploads\/2015\/12\/Gave_de_Lutour-Pouey-Caut-1552m-300x300.jpg 300w, https:\/\/versautrechose.fr\/portofolio\/wp-content\/uploads\/2015\/12\/Gave_de_Lutour-Pouey-Caut-1552m-150x150.jpg 150w\" sizes=\"auto, (max-width: 300px) 100vw, 300px\" class=\"light-dropshaddow\"\/><\/a><\/div><\/div><div class=\"tcol-lg-3 tcol-md-3 tcol-sm-4 tcol-xs-6 tcol-ss-12 g_item\"><div class=\"grid_item kad_gallery_fade_in gallery_item\"><a href=\"https:\/\/versautrechose.fr\/portofolio\/wp-content\/uploads\/2015\/12\/DSCN3584.Crocus.jpg\" data-rel=\"lightbox\" class=\"lightboxhover\"><img loading=\"lazy\" decoding=\"async\" src=\"https:\/\/versautrechose.fr\/portofolio\/wp-content\/uploads\/2015\/12\/DSCN3584.Crocus-300x300.jpg\" width=\"300\" height=\"300\" alt=\"Crocus - Vall\u00e9e de Lutour\" srcset=\"https:\/\/versautrechose.fr\/portofolio\/wp-content\/uploads\/2015\/12\/DSCN3584.Crocus-300x300.jpg 300w, https:\/\/versautrechose.fr\/portofolio\/wp-content\/uploads\/2015\/12\/DSCN3584.Crocus-150x150.jpg 150w\" sizes=\"auto, (max-width: 300px) 100vw, 300px\" class=\"light-dropshaddow\"\/><\/a><\/div><\/div><div class=\"tcol-lg-3 tcol-md-3 tcol-sm-4 tcol-xs-6 tcol-ss-12 g_item\"><div class=\"grid_item kad_gallery_fade_in gallery_item\"><a href=\"https:\/\/versautrechose.fr\/portofolio\/wp-content\/uploads\/2015\/12\/Gave_de_Lutour.jpg\" data-rel=\"lightbox\" class=\"lightboxhover\"><img loading=\"lazy\" decoding=\"async\" src=\"https:\/\/versautrechose.fr\/portofolio\/wp-content\/uploads\/2015\/12\/Gave_de_Lutour-300x300.jpg\" width=\"300\" height=\"300\" alt=\"Gave dans la vall\u00e9e de Lutour\" srcset=\"https:\/\/versautrechose.fr\/portofolio\/wp-content\/uploads\/2015\/12\/Gave_de_Lutour-300x300.jpg 300w, https:\/\/versautrechose.fr\/portofolio\/wp-content\/uploads\/2015\/12\/Gave_de_Lutour-150x150.jpg 150w\" sizes=\"auto, (max-width: 300px) 100vw, 300px\" class=\"light-dropshaddow\"\/><\/a><\/div><\/div><div class=\"tcol-lg-3 tcol-md-3 tcol-sm-4 tcol-xs-6 tcol-ss-12 g_item\"><div class=\"grid_item kad_gallery_fade_in gallery_item\"><a href=\"https:\/\/versautrechose.fr\/portofolio\/wp-content\/uploads\/2015\/12\/casc-_Gave_de_Lutour-1765m.jpg\" data-rel=\"lightbox\" class=\"lightboxhover\"><img loading=\"lazy\" decoding=\"async\" src=\"https:\/\/versautrechose.fr\/portofolio\/wp-content\/uploads\/2015\/12\/casc-_Gave_de_Lutour-1765m-300x300.jpg\" width=\"300\" height=\"300\" alt=\"Cascade... Gave de Lutour, vers 1 765 m\" srcset=\"https:\/\/versautrechose.fr\/portofolio\/wp-content\/uploads\/2015\/12\/casc-_Gave_de_Lutour-1765m-300x300.jpg 300w, https:\/\/versautrechose.fr\/portofolio\/wp-content\/uploads\/2015\/12\/casc-_Gave_de_Lutour-1765m-150x150.jpg 150w\" sizes=\"auto, (max-width: 300px) 100vw, 300px\" class=\"light-dropshaddow\"\/><\/a><\/div><\/div><div class=\"tcol-lg-3 tcol-md-3 tcol-sm-4 tcol-xs-6 tcol-ss-12 g_item\"><div class=\"grid_item kad_gallery_fade_in gallery_item\"><a href=\"https:\/\/versautrechose.fr\/portofolio\/wp-content\/uploads\/2015\/12\/casc-_Gave_de_Lutour-1780m.jpg\" data-rel=\"lightbox\" class=\"lightboxhover\"><img loading=\"lazy\" decoding=\"async\" src=\"https:\/\/versautrechose.fr\/portofolio\/wp-content\/uploads\/2015\/12\/casc-_Gave_de_Lutour-1780m-300x300.jpg\" width=\"300\" height=\"300\" alt=\"Cascade... Sur le Gave de Lutour, vers 1 780 m\" srcset=\"https:\/\/versautrechose.fr\/portofolio\/wp-content\/uploads\/2015\/12\/casc-_Gave_de_Lutour-1780m-300x300.jpg 300w, https:\/\/versautrechose.fr\/portofolio\/wp-content\/uploads\/2015\/12\/casc-_Gave_de_Lutour-1780m-150x150.jpg 150w\" sizes=\"auto, (max-width: 300px) 100vw, 300px\" class=\"light-dropshaddow\"\/><\/a><\/div><\/div><div class=\"tcol-lg-3 tcol-md-3 tcol-sm-4 tcol-xs-6 tcol-ss-12 g_item\"><div class=\"grid_item kad_gallery_fade_in gallery_item\"><a href=\"https:\/\/versautrechose.fr\/portofolio\/wp-content\/uploads\/2015\/12\/casc-Estom-Soubiran_Pic_Labas.jpg\" data-rel=\"lightbox\" class=\"lightboxhover\"><img loading=\"lazy\" decoding=\"async\" src=\"https:\/\/versautrechose.fr\/portofolio\/wp-content\/uploads\/2015\/12\/casc-Estom-Soubiran_Pic_Labas-300x300.jpg\" width=\"300\" height=\"300\" alt=\"Estom Soubiran et pic de Labas - Cascade avant d\u2019arriver au lac, l\u2019Estom Soubiran et le pic de Labas (2 946 m)\" srcset=\"https:\/\/versautrechose.fr\/portofolio\/wp-content\/uploads\/2015\/12\/casc-Estom-Soubiran_Pic_Labas-300x300.jpg 300w, https:\/\/versautrechose.fr\/portofolio\/wp-content\/uploads\/2015\/12\/casc-Estom-Soubiran_Pic_Labas-150x150.jpg 150w\" sizes=\"auto, (max-width: 300px) 100vw, 300px\" class=\"light-dropshaddow\"\/><\/a><\/div><\/div><div class=\"tcol-lg-3 tcol-md-3 tcol-sm-4 tcol-xs-6 tcol-ss-12 g_item\"><div class=\"grid_item kad_gallery_fade_in gallery_item\"><a href=\"https:\/\/versautrechose.fr\/portofolio\/wp-content\/uploads\/2015\/12\/casc-lac_d_Estom-1800m.jpg\" data-rel=\"lightbox\" class=\"lightboxhover\"><img loading=\"lazy\" decoding=\"async\" src=\"https:\/\/versautrechose.fr\/portofolio\/wp-content\/uploads\/2015\/12\/casc-lac_d_Estom-1800m-300x300.jpg\" width=\"300\" height=\"300\" alt=\"Cascade du lac d\u2019Estom - \u00c0 1 800 m, cette cascade suit le d\u00e9versoir du lac d\u2019Estom\" srcset=\"https:\/\/versautrechose.fr\/portofolio\/wp-content\/uploads\/2015\/12\/casc-lac_d_Estom-1800m-300x300.jpg 300w, https:\/\/versautrechose.fr\/portofolio\/wp-content\/uploads\/2015\/12\/casc-lac_d_Estom-1800m-150x150.jpg 150w\" sizes=\"auto, (max-width: 300px) 100vw, 300px\" class=\"light-dropshaddow\"\/><\/a><\/div><\/div><div class=\"tcol-lg-3 tcol-md-3 tcol-sm-4 tcol-xs-6 tcol-ss-12 g_item\"><div class=\"grid_item kad_gallery_fade_in gallery_item\"><a href=\"https:\/\/versautrechose.fr\/portofolio\/wp-content\/uploads\/2015\/12\/Lac_Estom-Soubiran_Pic_Labas-2829-2946m.jpg\" data-rel=\"lightbox\" class=\"lightboxhover\"><img loading=\"lazy\" decoding=\"async\" src=\"https:\/\/versautrechose.fr\/portofolio\/wp-content\/uploads\/2015\/12\/Lac_Estom-Soubiran_Pic_Labas-2829-2946m-300x300.jpg\" width=\"300\" height=\"300\" alt=\"Lac d\u2019Estom - Ici, arriv\u00e9e sur les berges nord du lac d\u2019Estom, au sud le pic d\u2019Estom Soubiran 2 829 m, et le pic de Labas ; c\u2019est sur ces flancs-l\u00e0 que le sentier qui m\u00e8ne au col des Gentianes, passe... et que je parcourrai un peu plus tard en saison, la neige y \u00e9tait encore trop abondante... \" srcset=\"https:\/\/versautrechose.fr\/portofolio\/wp-content\/uploads\/2015\/12\/Lac_Estom-Soubiran_Pic_Labas-2829-2946m-300x300.jpg 300w, https:\/\/versautrechose.fr\/portofolio\/wp-content\/uploads\/2015\/12\/Lac_Estom-Soubiran_Pic_Labas-2829-2946m-150x150.jpg 150w\" sizes=\"auto, (max-width: 300px) 100vw, 300px\" class=\"light-dropshaddow\"\/><\/a><\/div><\/div><div class=\"tcol-lg-3 tcol-md-3 tcol-sm-4 tcol-xs-6 tcol-ss-12 g_item\"><div class=\"grid_item kad_gallery_fade_in gallery_item\"><a href=\"https:\/\/versautrechose.fr\/portofolio\/wp-content\/uploads\/2015\/12\/Lac_d_Estom-1804m.jpg\" data-rel=\"lightbox\" class=\"lightboxhover\"><img loading=\"lazy\" decoding=\"async\" src=\"https:\/\/versautrechose.fr\/portofolio\/wp-content\/uploads\/2015\/12\/Lac_d_Estom-1804m-300x300.jpg\" width=\"300\" height=\"300\" alt=\"Lac d\u2019Estom 1 804 m\" srcset=\"https:\/\/versautrechose.fr\/portofolio\/wp-content\/uploads\/2015\/12\/Lac_d_Estom-1804m-300x300.jpg 300w, https:\/\/versautrechose.fr\/portofolio\/wp-content\/uploads\/2015\/12\/Lac_d_Estom-1804m-150x150.jpg 150w\" sizes=\"auto, (max-width: 300px) 100vw, 300px\" class=\"light-dropshaddow\"\/><\/a><\/div><\/div><div class=\"tcol-lg-3 tcol-md-3 tcol-sm-4 tcol-xs-6 tcol-ss-12 g_item\"><div class=\"grid_item kad_gallery_fade_in gallery_item\"><a href=\"https:\/\/versautrechose.fr\/portofolio\/wp-content\/uploads\/2015\/12\/Lac_d_Estom_sentier_P-_L-Herede_-3.jpg\" data-rel=\"lightbox\" class=\"lightboxhover\"><img loading=\"lazy\" decoding=\"async\" src=\"https:\/\/versautrechose.fr\/portofolio\/wp-content\/uploads\/2015\/12\/Lac_d_Estom_sentier_P-_L-Herede_-3-300x300.jpg\" width=\"300\" height=\"300\" alt=\"Le lac d\u2019Estom - Vu du sentier qui m\u00e8ne au petit lac de Hount H\u00e9r\u00e8de\" srcset=\"https:\/\/versautrechose.fr\/portofolio\/wp-content\/uploads\/2015\/12\/Lac_d_Estom_sentier_P-_L-Herede_-3-300x300.jpg 300w, https:\/\/versautrechose.fr\/portofolio\/wp-content\/uploads\/2015\/12\/Lac_d_Estom_sentier_P-_L-Herede_-3-150x150.jpg 150w\" sizes=\"auto, (max-width: 300px) 100vw, 300px\" class=\"light-dropshaddow\"\/><\/a><\/div><\/div><div class=\"tcol-lg-3 tcol-md-3 tcol-sm-4 tcol-xs-6 tcol-ss-12 g_item\"><div class=\"grid_item kad_gallery_fade_in gallery_item\"><a href=\"https:\/\/versautrechose.fr\/portofolio\/wp-content\/uploads\/2015\/12\/Valle_e_de_Lutour.jpg\" data-rel=\"lightbox\" class=\"lightboxhover\"><img loading=\"lazy\" decoding=\"async\" src=\"https:\/\/versautrechose.fr\/portofolio\/wp-content\/uploads\/2015\/12\/Valle_e_de_Lutour-300x300.jpg\" width=\"300\" height=\"300\" alt=\"Vall\u00e9e de Lutour - La vue sur la vall\u00e9e en montant au lac de Hount H\u00e9r\u00e8de\" srcset=\"https:\/\/versautrechose.fr\/portofolio\/wp-content\/uploads\/2015\/12\/Valle_e_de_Lutour-300x300.jpg 300w, https:\/\/versautrechose.fr\/portofolio\/wp-content\/uploads\/2015\/12\/Valle_e_de_Lutour-150x150.jpg 150w\" sizes=\"auto, (max-width: 300px) 100vw, 300px\" class=\"light-dropshaddow\"\/><\/a><\/div><\/div><div class=\"tcol-lg-3 tcol-md-3 tcol-sm-4 tcol-xs-6 tcol-ss-12 g_item\"><div class=\"grid_item kad_gallery_fade_in gallery_item\"><a href=\"https:\/\/versautrechose.fr\/portofolio\/wp-content\/uploads\/2015\/12\/Lac_Hout-Herede2079.jpg\" data-rel=\"lightbox\" class=\"lightboxhover\"><img loading=\"lazy\" decoding=\"async\" src=\"https:\/\/versautrechose.fr\/portofolio\/wp-content\/uploads\/2015\/12\/Lac_Hout-Herede2079-300x300.jpg\" width=\"300\" height=\"300\" alt=\"Lac Hount H\u00e9r\u00e8de - Petit lac situ\u00e9 \u00e0 2 079 m d\u2019altitude, ici en perspective depuis les lacs d\u2019Estibe Aute...\" srcset=\"https:\/\/versautrechose.fr\/portofolio\/wp-content\/uploads\/2015\/12\/Lac_Hout-Herede2079-300x300.jpg 300w, https:\/\/versautrechose.fr\/portofolio\/wp-content\/uploads\/2015\/12\/Lac_Hout-Herede2079-150x150.jpg 150w\" sizes=\"auto, (max-width: 300px) 100vw, 300px\" class=\"light-dropshaddow\"\/><\/a><\/div><\/div><div class=\"tcol-lg-3 tcol-md-3 tcol-sm-4 tcol-xs-6 tcol-ss-12 g_item\"><div class=\"grid_item kad_gallery_fade_in gallery_item\"><a href=\"https:\/\/versautrechose.fr\/portofolio\/wp-content\/uploads\/2015\/12\/Lac_de_Pount-Herede_versan-sud_-2.jpg\" data-rel=\"lightbox\" class=\"lightboxhover\"><img loading=\"lazy\" decoding=\"async\" src=\"https:\/\/versautrechose.fr\/portofolio\/wp-content\/uploads\/2015\/12\/Lac_de_Pount-Herede_versan-sud_-2-300x300.jpg\" width=\"300\" height=\"300\" alt=\"Lac de Hount H\u00e9r\u00e8de - Lac \u00e0 2 079 m, au pied du pic de Cestr\u00e8de ici (2 918 m)\" srcset=\"https:\/\/versautrechose.fr\/portofolio\/wp-content\/uploads\/2015\/12\/Lac_de_Pount-Herede_versan-sud_-2-300x300.jpg 300w, https:\/\/versautrechose.fr\/portofolio\/wp-content\/uploads\/2015\/12\/Lac_de_Pount-Herede_versan-sud_-2-150x150.jpg 150w\" sizes=\"auto, (max-width: 300px) 100vw, 300px\" class=\"light-dropshaddow\"\/><\/a><\/div><\/div><div class=\"tcol-lg-3 tcol-md-3 tcol-sm-4 tcol-xs-6 tcol-ss-12 g_item\"><div class=\"grid_item kad_gallery_fade_in gallery_item\"><a href=\"https:\/\/versautrechose.fr\/portofolio\/wp-content\/uploads\/2015\/12\/Lac_hount_herede.jpg\" data-rel=\"lightbox\" class=\"lightboxhover\"><img loading=\"lazy\" decoding=\"async\" src=\"https:\/\/versautrechose.fr\/portofolio\/wp-content\/uploads\/2015\/12\/Lac_hount_herede-300x300.jpg\" width=\"300\" height=\"300\" alt=\"Le lac de Hount H\u00e9r\u00e8de - Arriv\u00e9e au lac, et ses eaux limpides, vert \u00e9meraude\" srcset=\"https:\/\/versautrechose.fr\/portofolio\/wp-content\/uploads\/2015\/12\/Lac_hount_herede-300x300.jpg 300w, https:\/\/versautrechose.fr\/portofolio\/wp-content\/uploads\/2015\/12\/Lac_hount_herede-150x150.jpg 150w\" sizes=\"auto, (max-width: 300px) 100vw, 300px\" class=\"light-dropshaddow\"\/><\/a><\/div><\/div><div class=\"tcol-lg-3 tcol-md-3 tcol-sm-4 tcol-xs-6 tcol-ss-12 g_item\"><div class=\"grid_item kad_gallery_fade_in gallery_item\"><a href=\"https:\/\/versautrechose.fr\/portofolio\/wp-content\/uploads\/2015\/12\/L-_H-_Herede-Tuc_de_Pebignau2703_.jpg\" data-rel=\"lightbox\" class=\"lightboxhover\"><img loading=\"lazy\" decoding=\"async\" src=\"https:\/\/versautrechose.fr\/portofolio\/wp-content\/uploads\/2015\/12\/L-_H-_Herede-Tuc_de_Pebignau2703_-300x300.jpg\" width=\"300\" height=\"300\" alt=\"Tuc de Pebignau 2 703 m - Le lac de Hount H\u00e9r\u00e8de, au pied du Tuc de Pebignau sur la rive sud\" srcset=\"https:\/\/versautrechose.fr\/portofolio\/wp-content\/uploads\/2015\/12\/L-_H-_Herede-Tuc_de_Pebignau2703_-300x300.jpg 300w, https:\/\/versautrechose.fr\/portofolio\/wp-content\/uploads\/2015\/12\/L-_H-_Herede-Tuc_de_Pebignau2703_-150x150.jpg 150w\" sizes=\"auto, (max-width: 300px) 100vw, 300px\" class=\"light-dropshaddow\"\/><\/a><\/div><\/div><div class=\"tcol-lg-3 tcol-md-3 tcol-sm-4 tcol-xs-6 tcol-ss-12 g_item\"><div class=\"grid_item kad_gallery_fade_in gallery_item\"><a href=\"https:\/\/versautrechose.fr\/portofolio\/wp-content\/uploads\/2015\/12\/Lac_de_H-_H.jpg\" data-rel=\"lightbox\" class=\"lightboxhover\"><img loading=\"lazy\" decoding=\"async\" src=\"https:\/\/versautrechose.fr\/portofolio\/wp-content\/uploads\/2015\/12\/Lac_de_H-_H-300x300.jpg\" width=\"300\" height=\"300\" alt=\"Lac de Hount H\u00e9r\u00e8de - Le c\u00f4t\u00e9 ouest par o\u00f9 arrive le sentier du lac d\u2019Estom\" srcset=\"https:\/\/versautrechose.fr\/portofolio\/wp-content\/uploads\/2015\/12\/Lac_de_H-_H-300x300.jpg 300w, https:\/\/versautrechose.fr\/portofolio\/wp-content\/uploads\/2015\/12\/Lac_de_H-_H-150x150.jpg 150w\" sizes=\"auto, (max-width: 300px) 100vw, 300px\" class=\"light-dropshaddow\"\/><\/a><\/div><\/div><div class=\"tcol-lg-3 tcol-md-3 tcol-sm-4 tcol-xs-6 tcol-ss-12 g_item\"><div class=\"grid_item kad_gallery_fade_in gallery_item\"><a href=\"https:\/\/versautrechose.fr\/portofolio\/wp-content\/uploads\/2015\/12\/Estom-S-_Pics_Labas_La_Sede_2977_.jpg\" data-rel=\"lightbox\" class=\"lightboxhover\"><img loading=\"lazy\" decoding=\"async\" src=\"https:\/\/versautrechose.fr\/portofolio\/wp-content\/uploads\/2015\/12\/Estom-S-_Pics_Labas_La_Sede_2977_-300x300.jpg\" width=\"300\" height=\"300\" alt=\"Lever... Premiers rayons de soleil sur l\u2019Estom Soubiran et les pics de Labas et La Sede (2 977 m)\" srcset=\"https:\/\/versautrechose.fr\/portofolio\/wp-content\/uploads\/2015\/12\/Estom-S-_Pics_Labas_La_Sede_2977_-300x300.jpg 300w, https:\/\/versautrechose.fr\/portofolio\/wp-content\/uploads\/2015\/12\/Estom-S-_Pics_Labas_La_Sede_2977_-150x150.jpg 150w\" sizes=\"auto, (max-width: 300px) 100vw, 300px\" class=\"light-dropshaddow\"\/><\/a><\/div><\/div><div class=\"tcol-lg-3 tcol-md-3 tcol-sm-4 tcol-xs-6 tcol-ss-12 g_item\"><div class=\"grid_item kad_gallery_fade_in gallery_item\"><a href=\"https:\/\/versautrechose.fr\/portofolio\/wp-content\/uploads\/2015\/12\/L-_H-H-Pic_Cestrede-2947.jpg\" data-rel=\"lightbox\" class=\"lightboxhover\"><img loading=\"lazy\" decoding=\"async\" src=\"https:\/\/versautrechose.fr\/portofolio\/wp-content\/uploads\/2015\/12\/L-_H-H-Pic_Cestrede-2947-300x300.jpg\" width=\"300\" height=\"300\" alt=\"Le Pic de Cestr\u00e8de - \u00c0 l\u2019est, au pied du Pic Cestr\u00e8de (2 947 m), le lac de Hount H\u00e9r\u00e8de (prise de vue d\u2019Estibe Aute)\" srcset=\"https:\/\/versautrechose.fr\/portofolio\/wp-content\/uploads\/2015\/12\/L-_H-H-Pic_Cestrede-2947-300x300.jpg 300w, https:\/\/versautrechose.fr\/portofolio\/wp-content\/uploads\/2015\/12\/L-_H-H-Pic_Cestrede-2947-150x150.jpg 150w\" sizes=\"auto, (max-width: 300px) 100vw, 300px\" class=\"light-dropshaddow\"\/><\/a><\/div><\/div><div class=\"tcol-lg-3 tcol-md-3 tcol-sm-4 tcol-xs-6 tcol-ss-12 g_item\"><div class=\"grid_item kad_gallery_fade_in gallery_item\"><a href=\"https:\/\/versautrechose.fr\/portofolio\/wp-content\/uploads\/2015\/12\/L-_Estom-P-_Cestrede.jpg\" data-rel=\"lightbox\" class=\"lightboxhover\"><img loading=\"lazy\" decoding=\"async\" src=\"https:\/\/versautrechose.fr\/portofolio\/wp-content\/uploads\/2015\/12\/L-_Estom-P-_Cestrede-300x300.jpg\" width=\"300\" height=\"300\" alt=\"Lac d\u2019Estom... Pic de Cestr\u00e8de - D\u00e9part \u00e0 l\u2019aube du refuge d\u2019Estom, vue du sentier des lacs\" srcset=\"https:\/\/versautrechose.fr\/portofolio\/wp-content\/uploads\/2015\/12\/L-_Estom-P-_Cestrede-300x300.jpg 300w, https:\/\/versautrechose.fr\/portofolio\/wp-content\/uploads\/2015\/12\/L-_Estom-P-_Cestrede-150x150.jpg 150w\" sizes=\"auto, (max-width: 300px) 100vw, 300px\" class=\"light-dropshaddow\"\/><\/a><\/div><\/div><div class=\"tcol-lg-3 tcol-md-3 tcol-sm-4 tcol-xs-6 tcol-ss-12 g_item\"><div class=\"grid_item kad_gallery_fade_in gallery_item\"><a href=\"https:\/\/versautrechose.fr\/portofolio\/wp-content\/uploads\/2015\/12\/Gave_Est-_Soubiran-1925.jpg\" data-rel=\"lightbox\" class=\"lightboxhover\"><img loading=\"lazy\" decoding=\"async\" src=\"https:\/\/versautrechose.fr\/portofolio\/wp-content\/uploads\/2015\/12\/Gave_Est-_Soubiran-1925-300x300.jpg\" width=\"300\" height=\"300\" alt=\"Gave d\u2019Estom Soubiran - \u00c0 1 925 m, vue du sentier au petit matin, qui m\u00e8ne au col des Gentianes\" srcset=\"https:\/\/versautrechose.fr\/portofolio\/wp-content\/uploads\/2015\/12\/Gave_Est-_Soubiran-1925-300x300.jpg 300w, https:\/\/versautrechose.fr\/portofolio\/wp-content\/uploads\/2015\/12\/Gave_Est-_Soubiran-1925-150x150.jpg 150w\" sizes=\"auto, (max-width: 300px) 100vw, 300px\" class=\"light-dropshaddow\"\/><\/a><\/div><\/div><div class=\"tcol-lg-3 tcol-md-3 tcol-sm-4 tcol-xs-6 tcol-ss-12 g_item\"><div class=\"grid_item kad_gallery_fade_in gallery_item\"><a href=\"https:\/\/versautrechose.fr\/portofolio\/wp-content\/uploads\/2015\/12\/rhododendron-L-_Estom.jpg\" data-rel=\"lightbox\" class=\"lightboxhover\"><img loading=\"lazy\" decoding=\"async\" src=\"https:\/\/versautrechose.fr\/portofolio\/wp-content\/uploads\/2015\/12\/rhododendron-L-_Estom-300x300.jpg\" width=\"300\" height=\"300\" alt=\"Le lac et les rhododendrons - Retour au soir, le gave et le lac dans la vall\u00e9e... surplomb\u00e9 par le Cestr\u00e8de\" srcset=\"https:\/\/versautrechose.fr\/portofolio\/wp-content\/uploads\/2015\/12\/rhododendron-L-_Estom-300x300.jpg 300w, https:\/\/versautrechose.fr\/portofolio\/wp-content\/uploads\/2015\/12\/rhododendron-L-_Estom-150x150.jpg 150w\" sizes=\"auto, (max-width: 300px) 100vw, 300px\" class=\"light-dropshaddow\"\/><\/a><\/div><\/div><div class=\"tcol-lg-3 tcol-md-3 tcol-sm-4 tcol-xs-6 tcol-ss-12 g_item\"><div class=\"grid_item kad_gallery_fade_in gallery_item\"><a href=\"https:\/\/versautrechose.fr\/portofolio\/wp-content\/uploads\/2015\/12\/Gave-Lac_Estom.jpg\" data-rel=\"lightbox\" class=\"lightboxhover\"><img loading=\"lazy\" decoding=\"async\" src=\"https:\/\/versautrechose.fr\/portofolio\/wp-content\/uploads\/2015\/12\/Gave-Lac_Estom-300x300.jpg\" width=\"300\" height=\"300\" alt=\"Gave et lac d\u2019Estom - De retour du sentier des lacs...\" srcset=\"https:\/\/versautrechose.fr\/portofolio\/wp-content\/uploads\/2015\/12\/Gave-Lac_Estom-300x300.jpg 300w, https:\/\/versautrechose.fr\/portofolio\/wp-content\/uploads\/2015\/12\/Gave-Lac_Estom-150x150.jpg 150w\" sizes=\"auto, (max-width: 300px) 100vw, 300px\" class=\"light-dropshaddow\"\/><\/a><\/div><\/div><div class=\"tcol-lg-3 tcol-md-3 tcol-sm-4 tcol-xs-6 tcol-ss-12 g_item\"><div class=\"grid_item kad_gallery_fade_in gallery_item\"><a href=\"https:\/\/versautrechose.fr\/portofolio\/wp-content\/uploads\/2015\/12\/rhododendron-L-_Estom_2200_.jpg\" data-rel=\"lightbox\" class=\"lightboxhover\"><img loading=\"lazy\" decoding=\"async\" src=\"https:\/\/versautrechose.fr\/portofolio\/wp-content\/uploads\/2015\/12\/rhododendron-L-_Estom_2200_-300x300.jpg\" width=\"300\" height=\"300\" alt=\"Rhododendrons - Vue sur le L. d\u2019Estom, \u00e0 2 200 m, de retour du col des Gentianes, fin juin... \" srcset=\"https:\/\/versautrechose.fr\/portofolio\/wp-content\/uploads\/2015\/12\/rhododendron-L-_Estom_2200_-300x300.jpg 300w, https:\/\/versautrechose.fr\/portofolio\/wp-content\/uploads\/2015\/12\/rhododendron-L-_Estom_2200_-150x150.jpg 150w\" sizes=\"auto, (max-width: 300px) 100vw, 300px\" class=\"light-dropshaddow\"\/><\/a><\/div><\/div><div class=\"tcol-lg-3 tcol-md-3 tcol-sm-4 tcol-xs-6 tcol-ss-12 g_item\"><div class=\"grid_item kad_gallery_fade_in gallery_item\"><a href=\"https:\/\/versautrechose.fr\/portofolio\/wp-content\/uploads\/2015\/12\/DSCN36001.jpg\" data-rel=\"lightbox\" class=\"lightboxhover\"><img loading=\"lazy\" decoding=\"async\" src=\"https:\/\/versautrechose.fr\/portofolio\/wp-content\/uploads\/2015\/12\/DSCN36001-300x300.jpg\" width=\"300\" height=\"300\" alt=\"Lac d\u2019Estom, vu du sud\" srcset=\"https:\/\/versautrechose.fr\/portofolio\/wp-content\/uploads\/2015\/12\/DSCN36001-300x300.jpg 300w, https:\/\/versautrechose.fr\/portofolio\/wp-content\/uploads\/2015\/12\/DSCN36001-150x150.jpg 150w\" sizes=\"auto, (max-width: 300px) 100vw, 300px\" class=\"light-dropshaddow\"\/><\/a><\/div><\/div><div class=\"tcol-lg-3 tcol-md-3 tcol-sm-4 tcol-xs-6 tcol-ss-12 g_item\"><div class=\"grid_item kad_gallery_fade_in gallery_item\"><a href=\"https:\/\/versautrechose.fr\/portofolio\/wp-content\/uploads\/2015\/12\/rhododendron-L-_Estom-Soubiran.jpg\" data-rel=\"lightbox\" class=\"lightboxhover\"><img loading=\"lazy\" decoding=\"async\" src=\"https:\/\/versautrechose.fr\/portofolio\/wp-content\/uploads\/2015\/12\/rhododendron-L-_Estom-Soubiran-300x300.jpg\" width=\"300\" height=\"300\" alt=\"Lac d\u2019Estom\" srcset=\"https:\/\/versautrechose.fr\/portofolio\/wp-content\/uploads\/2015\/12\/rhododendron-L-_Estom-Soubiran-300x300.jpg 300w, https:\/\/versautrechose.fr\/portofolio\/wp-content\/uploads\/2015\/12\/rhododendron-L-_Estom-Soubiran-150x150.jpg 150w\" sizes=\"auto, (max-width: 300px) 100vw, 300px\" class=\"light-dropshaddow\"\/><\/a><\/div><\/div><div class=\"tcol-lg-3 tcol-md-3 tcol-sm-4 tcol-xs-6 tcol-ss-12 g_item\"><div class=\"grid_item kad_gallery_fade_in gallery_item\"><a href=\"https:\/\/versautrechose.fr\/portofolio\/wp-content\/uploads\/2015\/12\/marmotte-L-Estom.jpg\" data-rel=\"lightbox\" class=\"lightboxhover\"><img loading=\"lazy\" decoding=\"async\" src=\"https:\/\/versautrechose.fr\/portofolio\/wp-content\/uploads\/2015\/12\/marmotte-L-Estom-300x300.jpg\" width=\"300\" height=\"300\" alt=\"Marmotte... les habitants du lieu sont l\u00e0... \" srcset=\"https:\/\/versautrechose.fr\/portofolio\/wp-content\/uploads\/2015\/12\/marmotte-L-Estom-300x300.jpg 300w, https:\/\/versautrechose.fr\/portofolio\/wp-content\/uploads\/2015\/12\/marmotte-L-Estom-150x150.jpg 150w\" sizes=\"auto, (max-width: 300px) 100vw, 300px\" class=\"light-dropshaddow\"\/><\/a><\/div><\/div><div class=\"tcol-lg-3 tcol-md-3 tcol-sm-4 tcol-xs-6 tcol-ss-12 g_item\"><div class=\"grid_item kad_gallery_fade_in gallery_item\"><a href=\"https:\/\/versautrechose.fr\/portofolio\/wp-content\/uploads\/2015\/12\/DSCN36051.jpg\" data-rel=\"lightbox\" class=\"lightboxhover\"><img loading=\"lazy\" decoding=\"async\" src=\"https:\/\/versautrechose.fr\/portofolio\/wp-content\/uploads\/2015\/12\/DSCN36051-300x300.jpg\" width=\"300\" height=\"300\" alt=\"Lac d\u2019Estom, rive sud\" srcset=\"https:\/\/versautrechose.fr\/portofolio\/wp-content\/uploads\/2015\/12\/DSCN36051-300x300.jpg 300w, https:\/\/versautrechose.fr\/portofolio\/wp-content\/uploads\/2015\/12\/DSCN36051-150x150.jpg 150w\" sizes=\"auto, (max-width: 300px) 100vw, 300px\" class=\"light-dropshaddow\"\/><\/a><\/div><\/div><div class=\"tcol-lg-3 tcol-md-3 tcol-sm-4 tcol-xs-6 tcol-ss-12 g_item\"><div class=\"grid_item kad_gallery_fade_in gallery_item\"><a href=\"https:\/\/versautrechose.fr\/portofolio\/wp-content\/uploads\/2015\/12\/marmotte-5.jpg\" data-rel=\"lightbox\" class=\"lightboxhover\"><img loading=\"lazy\" decoding=\"async\" src=\"https:\/\/versautrechose.fr\/portofolio\/wp-content\/uploads\/2015\/12\/marmotte-5-300x300.jpg\" width=\"300\" height=\"300\" alt=\"Au soleil du soir... alors ! on ne peut plus \u00eatre tranquille... ! \" srcset=\"https:\/\/versautrechose.fr\/portofolio\/wp-content\/uploads\/2015\/12\/marmotte-5-300x300.jpg 300w, https:\/\/versautrechose.fr\/portofolio\/wp-content\/uploads\/2015\/12\/marmotte-5-150x150.jpg 150w\" sizes=\"auto, (max-width: 300px) 100vw, 300px\" class=\"light-dropshaddow\"\/><\/a><\/div><\/div><div class=\"tcol-lg-3 tcol-md-3 tcol-sm-4 tcol-xs-6 tcol-ss-12 g_item\"><div class=\"grid_item kad_gallery_fade_in gallery_item\"><a href=\"https:\/\/versautrechose.fr\/portofolio\/wp-content\/uploads\/2015\/12\/L-_Estom-ch-Estibe.jpg\" data-rel=\"lightbox\" class=\"lightboxhover\"><img loading=\"lazy\" decoding=\"async\" src=\"https:\/\/versautrechose.fr\/portofolio\/wp-content\/uploads\/2015\/12\/L-_Estom-ch-Estibe-300x300.jpg\" width=\"300\" height=\"300\" alt=\"Reflets... D\u00e9part \u00e0 l\u2019aube sur le sentier du refuge d\u2019Estom vers les lacs d\u2019Estibe Aute...\" srcset=\"https:\/\/versautrechose.fr\/portofolio\/wp-content\/uploads\/2015\/12\/L-_Estom-ch-Estibe-300x300.jpg 300w, https:\/\/versautrechose.fr\/portofolio\/wp-content\/uploads\/2015\/12\/L-_Estom-ch-Estibe-150x150.jpg 150w\" sizes=\"auto, (max-width: 300px) 100vw, 300px\" class=\"light-dropshaddow\"\/><\/a><\/div><\/div><div class=\"tcol-lg-3 tcol-md-3 tcol-sm-4 tcol-xs-6 tcol-ss-12 g_item\"><div class=\"grid_item kad_gallery_fade_in gallery_item\"><a href=\"https:\/\/versautrechose.fr\/portofolio\/wp-content\/uploads\/2015\/12\/L-_Estom_ch-Estibe.jpg\" data-rel=\"lightbox\" class=\"lightboxhover\"><img loading=\"lazy\" decoding=\"async\" src=\"https:\/\/versautrechose.fr\/portofolio\/wp-content\/uploads\/2015\/12\/L-_Estom_ch-Estibe-300x300.jpg\" width=\"300\" height=\"300\" alt=\"Sur le sentier vers Estibe Aute\" srcset=\"https:\/\/versautrechose.fr\/portofolio\/wp-content\/uploads\/2015\/12\/L-_Estom_ch-Estibe-300x300.jpg 300w, https:\/\/versautrechose.fr\/portofolio\/wp-content\/uploads\/2015\/12\/L-_Estom_ch-Estibe-150x150.jpg 150w\" sizes=\"auto, (max-width: 300px) 100vw, 300px\" class=\"light-dropshaddow\"\/><\/a><\/div><\/div><div class=\"tcol-lg-3 tcol-md-3 tcol-sm-4 tcol-xs-6 tcol-ss-12 g_item\"><div class=\"grid_item kad_gallery_fade_in gallery_item\"><a href=\"https:\/\/versautrechose.fr\/portofolio\/wp-content\/uploads\/2015\/12\/Gave_Lutour-vers_1500.jpg\" data-rel=\"lightbox\" class=\"lightboxhover\"><img loading=\"lazy\" decoding=\"async\" src=\"https:\/\/versautrechose.fr\/portofolio\/wp-content\/uploads\/2015\/12\/Gave_Lutour-vers_1500-300x300.jpg\" width=\"300\" height=\"300\" alt=\"Le Gave de Lutour - Cascade vers 1 500 m, \u00e0 la tomb\u00e9e du jour\" srcset=\"https:\/\/versautrechose.fr\/portofolio\/wp-content\/uploads\/2015\/12\/Gave_Lutour-vers_1500-300x300.jpg 300w, https:\/\/versautrechose.fr\/portofolio\/wp-content\/uploads\/2015\/12\/Gave_Lutour-vers_1500-150x150.jpg 150w\" sizes=\"auto, (max-width: 300px) 100vw, 300px\" class=\"light-dropshaddow\"\/><\/a><\/div><\/div><div class=\"tcol-lg-3 tcol-md-3 tcol-sm-4 tcol-xs-6 tcol-ss-12 g_item\"><div class=\"grid_item kad_gallery_fade_in gallery_item\"><a href=\"https:\/\/versautrechose.fr\/portofolio\/wp-content\/uploads\/2015\/12\/plante_Gave.jpg\" data-rel=\"lightbox\" class=\"lightboxhover\"><img loading=\"lazy\" decoding=\"async\" src=\"https:\/\/versautrechose.fr\/portofolio\/wp-content\/uploads\/2015\/12\/plante_Gave-300x300.jpg\" width=\"300\" height=\"300\" alt=\"Saxifrage - Sur les berges du Gave de Lutour au d\u00e9but de l\u2019\u00e9t\u00e9 (vers 1 550 m)\" srcset=\"https:\/\/versautrechose.fr\/portofolio\/wp-content\/uploads\/2015\/12\/plante_Gave-300x300.jpg 300w, https:\/\/versautrechose.fr\/portofolio\/wp-content\/uploads\/2015\/12\/plante_Gave-150x150.jpg 150w\" sizes=\"auto, (max-width: 300px) 100vw, 300px\" class=\"light-dropshaddow\"\/><\/a><\/div><\/div><div class=\"tcol-lg-3 tcol-md-3 tcol-sm-4 tcol-xs-6 tcol-ss-12 g_item\"><div class=\"grid_item kad_gallery_fade_in gallery_item\"><a href=\"https:\/\/versautrechose.fr\/portofolio\/wp-content\/uploads\/2015\/12\/Pic_Cestrede2947-val-_Lutour.jpg\" data-rel=\"lightbox\" class=\"lightboxhover\"><img loading=\"lazy\" decoding=\"async\" src=\"https:\/\/versautrechose.fr\/portofolio\/wp-content\/uploads\/2015\/12\/Pic_Cestrede2947-val-_Lutour-300x300.jpg\" width=\"300\" height=\"300\" alt=\"Le Pic Cestr\u00e8de au couchant... Le soir dans la vall\u00e9e... \" srcset=\"https:\/\/versautrechose.fr\/portofolio\/wp-content\/uploads\/2015\/12\/Pic_Cestrede2947-val-_Lutour-300x300.jpg 300w, https:\/\/versautrechose.fr\/portofolio\/wp-content\/uploads\/2015\/12\/Pic_Cestrede2947-val-_Lutour-150x150.jpg 150w\" sizes=\"auto, (max-width: 300px) 100vw, 300px\" class=\"light-dropshaddow\"\/><\/a><\/div><\/div><div class=\"tcol-lg-3 tcol-md-3 tcol-sm-4 tcol-xs-6 tcol-ss-12 g_item\"><div class=\"grid_item kad_gallery_fade_in gallery_item\"><a href=\"https:\/\/versautrechose.fr\/portofolio\/wp-content\/uploads\/2015\/12\/Soubiran-Pics_Cestrede_Chanchou_2829_Ardiden_.jpg\" data-rel=\"lightbox\" class=\"lightboxhover\"><img loading=\"lazy\" decoding=\"async\" src=\"https:\/\/versautrechose.fr\/portofolio\/wp-content\/uploads\/2015\/12\/Soubiran-Pics_Cestrede_Chanchou_2829_Ardiden_-300x300.jpg\" width=\"300\" height=\"300\" alt=\"Retour au cr\u00e9puscule - De droite \u00e0 gauche le Soubiran et les pics Cestr\u00e8de Chanchou (2 829 m) et Ardiden (2 897 m)\" srcset=\"https:\/\/versautrechose.fr\/portofolio\/wp-content\/uploads\/2015\/12\/Soubiran-Pics_Cestrede_Chanchou_2829_Ardiden_-300x300.jpg 300w, https:\/\/versautrechose.fr\/portofolio\/wp-content\/uploads\/2015\/12\/Soubiran-Pics_Cestrede_Chanchou_2829_Ardiden_-150x150.jpg 150w\" sizes=\"auto, (max-width: 300px) 100vw, 300px\" class=\"light-dropshaddow\"\/><\/a><\/div><\/div><div class=\"tcol-lg-3 tcol-md-3 tcol-sm-4 tcol-xs-6 tcol-ss-12 g_item\"><div class=\"grid_item kad_gallery_fade_in gallery_item\"><a href=\"https:\/\/versautrechose.fr\/portofolio\/wp-content\/uploads\/2015\/12\/Reflets.jpg\" data-rel=\"lightbox\" class=\"lightboxhover\"><img loading=\"lazy\" decoding=\"async\" src=\"https:\/\/versautrechose.fr\/portofolio\/wp-content\/uploads\/2015\/12\/Reflets-300x300.jpg\" width=\"300\" height=\"300\" alt=\"Reflets... Cr\u00e9puscule sur le lac d\u2019Estom... \" srcset=\"https:\/\/versautrechose.fr\/portofolio\/wp-content\/uploads\/2015\/12\/Reflets-300x300.jpg 300w, https:\/\/versautrechose.fr\/portofolio\/wp-content\/uploads\/2015\/12\/Reflets-150x150.jpg 150w\" sizes=\"auto, (max-width: 300px) 100vw, 300px\" class=\"light-dropshaddow\"\/><\/a><\/div><\/div><div class=\"tcol-lg-3 tcol-md-3 tcol-sm-4 tcol-xs-6 tcol-ss-12 g_item\"><div class=\"grid_item kad_gallery_fade_in gallery_item\"><a href=\"https:\/\/versautrechose.fr\/portofolio\/wp-content\/uploads\/2015\/12\/Reflets_Estom.jpg\" data-rel=\"lightbox\" class=\"lightboxhover\"><img loading=\"lazy\" decoding=\"async\" src=\"https:\/\/versautrechose.fr\/portofolio\/wp-content\/uploads\/2015\/12\/Reflets_Estom-300x300.jpg\" width=\"300\" height=\"300\" alt=\"Cr\u00e9puscule sur le lac - L\u2019Estom Soubiran et le Labas dans le miroir des eaux claires\" srcset=\"https:\/\/versautrechose.fr\/portofolio\/wp-content\/uploads\/2015\/12\/Reflets_Estom-300x300.jpg 300w, https:\/\/versautrechose.fr\/portofolio\/wp-content\/uploads\/2015\/12\/Reflets_Estom-150x150.jpg 150w\" sizes=\"auto, (max-width: 300px) 100vw, 300px\" class=\"light-dropshaddow\"\/><\/a><\/div><\/div><div class=\"tcol-lg-3 tcol-md-3 tcol-sm-4 tcol-xs-6 tcol-ss-12 g_item\"><div class=\"grid_item kad_gallery_fade_in gallery_item\"><a href=\"https:\/\/versautrechose.fr\/portofolio\/wp-content\/uploads\/2015\/12\/EstomSoubiran_et_les_Pics_de_Labas_et_La_Sede.jpg\" data-rel=\"lightbox\" class=\"lightboxhover\"><img loading=\"lazy\" decoding=\"async\" src=\"https:\/\/versautrechose.fr\/portofolio\/wp-content\/uploads\/2015\/12\/EstomSoubiran_et_les_Pics_de_Labas_et_La_Sede-300x300.jpg\" width=\"300\" height=\"300\" alt=\"Cr\u00e9puscule... Derniers rayons de soleil sur l\u2019Estom Soubiran, les pics de Labas et de La Sede... \" srcset=\"https:\/\/versautrechose.fr\/portofolio\/wp-content\/uploads\/2015\/12\/EstomSoubiran_et_les_Pics_de_Labas_et_La_Sede-300x300.jpg 300w, https:\/\/versautrechose.fr\/portofolio\/wp-content\/uploads\/2015\/12\/EstomSoubiran_et_les_Pics_de_Labas_et_La_Sede-150x150.jpg 150w\" sizes=\"auto, (max-width: 300px) 100vw, 300px\" class=\"light-dropshaddow\"\/><\/a><\/div><\/div><div class=\"tcol-lg-3 tcol-md-3 tcol-sm-4 tcol-xs-6 tcol-ss-12 g_item\"><div class=\"grid_item kad_gallery_fade_in gallery_item\"><a href=\"https:\/\/versautrechose.fr\/portofolio\/wp-content\/uploads\/2015\/12\/Pics_Cestre_de_Ardiden.jpg\" data-rel=\"lightbox\" class=\"lightboxhover\"><img loading=\"lazy\" decoding=\"async\" src=\"https:\/\/versautrechose.fr\/portofolio\/wp-content\/uploads\/2015\/12\/Pics_Cestre_de_Ardiden-300x300.jpg\" width=\"300\" height=\"300\" alt=\"Vall\u00e9e de Lutour - Le soir, la vue du refuge du lac d\u2019Estom vers le nord, les brumes dans la vall\u00e9e, derniers rayons sur les pics Cestr\u00e8de et Ardiden\" srcset=\"https:\/\/versautrechose.fr\/portofolio\/wp-content\/uploads\/2015\/12\/Pics_Cestre_de_Ardiden-300x300.jpg 300w, https:\/\/versautrechose.fr\/portofolio\/wp-content\/uploads\/2015\/12\/Pics_Cestre_de_Ardiden-150x150.jpg 150w\" sizes=\"auto, (max-width: 300px) 100vw, 300px\" class=\"light-dropshaddow\"\/><\/a><\/div><\/div><div class=\"tcol-lg-3 tcol-md-3 tcol-sm-4 tcol-xs-6 tcol-ss-12 g_item\"><div class=\"grid_item kad_gallery_fade_in gallery_item\"><a href=\"https:\/\/versautrechose.fr\/portofolio\/wp-content\/uploads\/2015\/12\/Brumes.jpg\" data-rel=\"lightbox\" class=\"lightboxhover\"><img loading=\"lazy\" decoding=\"async\" src=\"https:\/\/versautrechose.fr\/portofolio\/wp-content\/uploads\/2015\/12\/Brumes-300x300.jpg\" width=\"300\" height=\"300\" alt=\"Brumes dans la vall\u00e9e...\" srcset=\"https:\/\/versautrechose.fr\/portofolio\/wp-content\/uploads\/2015\/12\/Brumes-300x300.jpg 300w, https:\/\/versautrechose.fr\/portofolio\/wp-content\/uploads\/2015\/12\/Brumes-150x150.jpg 150w\" sizes=\"auto, (max-width: 300px) 100vw, 300px\" class=\"light-dropshaddow\"\/><\/a><\/div><\/div><div class=\"tcol-lg-3 tcol-md-3 tcol-sm-4 tcol-xs-6 tcol-ss-12 g_item\"><div class=\"grid_item kad_gallery_fade_in gallery_item\"><a href=\"https:\/\/versautrechose.fr\/portofolio\/wp-content\/uploads\/2015\/12\/she-wolf-2.jpg\" data-rel=\"lightbox\" class=\"lightboxhover\"><img loading=\"lazy\" decoding=\"async\" src=\"https:\/\/versautrechose.fr\/portofolio\/wp-content\/uploads\/2015\/12\/she-wolf-2-300x300.jpg\" width=\"300\" height=\"300\" alt=\"She-wolf... \u00c9tait-il vraiment n\u00e9cessaire de les exterminer partout en notre beau pays... ? \" srcset=\"https:\/\/versautrechose.fr\/portofolio\/wp-content\/uploads\/2015\/12\/she-wolf-2-300x300.jpg 300w, https:\/\/versautrechose.fr\/portofolio\/wp-content\/uploads\/2015\/12\/she-wolf-2-150x150.jpg 150w\" sizes=\"auto, (max-width: 300px) 100vw, 300px\" class=\"light-dropshaddow\"\/><\/a><\/div><\/div><div class=\"tcol-lg-3 tcol-md-3 tcol-sm-4 tcol-xs-6 tcol-ss-12 g_item\"><div class=\"grid_item kad_gallery_fade_in gallery_item\"><a href=\"https:\/\/versautrechose.fr\/portofolio\/wp-content\/uploads\/2015\/12\/she-wolf-21.jpg\" data-rel=\"lightbox\" class=\"lightboxhover\"><img loading=\"lazy\" decoding=\"async\" src=\"https:\/\/versautrechose.fr\/portofolio\/wp-content\/uploads\/2015\/12\/she-wolf-21-300x300.jpg\" width=\"300\" height=\"300\" alt=\"Wolf ... pour ne plus les rencontrer que dans des parcs, aussi bien trait\u00e9s qu\u2019ils puissent \u00eatre... \" srcset=\"https:\/\/versautrechose.fr\/portofolio\/wp-content\/uploads\/2015\/12\/she-wolf-21-300x300.jpg 300w, https:\/\/versautrechose.fr\/portofolio\/wp-content\/uploads\/2015\/12\/she-wolf-21-150x150.jpg 150w\" sizes=\"auto, (max-width: 300px) 100vw, 300px\" class=\"light-dropshaddow\"\/><\/a><\/div><\/div><\/div>\n<p>&nbsp;<\/p>\n<p>&nbsp;<\/p>\n<p>&nbsp;<\/p>\n","protected":false},"excerpt":{"rendered":"<p>&nbsp; &nbsp; &nbsp; &nbsp; &nbsp;<\/p>\n","protected":false},"author":1,"featured_media":0,"comment_status":"open","ping_status":"open","sticky":false,"template":"","format":"standard","meta":{"kt_blocks_editor_width":"","footnotes":""},"categories":[1],"tags":[],"class_list":["post-913","post","type-post","status-publish","format-standard","hentry","category-non-classe"],"_links":{"self":[{"href":"https:\/\/versautrechose.fr\/portofolio\/index.php\/wp-json\/wp\/v2\/posts\/913","targetHints":{"allow":["GET"]}}],"collection":[{"href":"https:\/\/versautrechose.fr\/portofolio\/index.php\/wp-json\/wp\/v2\/posts"}],"about":[{"href":"https:\/\/versautrechose.fr\/portofolio\/index.php\/wp-json\/wp\/v2\/types\/post"}],"author":[{"embeddable":true,"href":"https:\/\/versautrechose.fr\/portofolio\/index.php\/wp-json\/wp\/v2\/users\/1"}],"replies":[{"embeddable":true,"href":"https:\/\/versautrechose.fr\/portofolio\/index.php\/wp-json\/wp\/v2\/comments?post=913"}],"version-history":[{"count":12,"href":"https:\/\/versautrechose.fr\/portofolio\/index.php\/wp-json\/wp\/v2\/posts\/913\/revisions"}],"predecessor-version":[{"id":4317,"href":"https:\/\/versautrechose.fr\/portofolio\/index.php\/wp-json\/wp\/v2\/posts\/913\/revisions\/4317"}],"wp:attachment":[{"href":"https:\/\/versautrechose.fr\/portofolio\/index.php\/wp-json\/wp\/v2\/media?parent=913"}],"wp:term":[{"taxonomy":"category","embeddable":true,"href":"https:\/\/versautrechose.fr\/portofolio\/index.php\/wp-json\/wp\/v2\/categories?post=913"},{"taxonomy":"post_tag","embeddable":true,"href":"https:\/\/versautrechose.fr\/portofolio\/index.php\/wp-json\/wp\/v2\/tags?post=913"}],"curies":[{"name":"wp","href":"https:\/\/api.w.org\/{rel}","templated":true}]}}